{"id":11721,"date":"2018-10-19T07:44:39","date_gmt":"2018-10-19T07:44:39","guid":{"rendered":"http:\/\/historiografija.hr\/?p=11721"},"modified":"2018-10-19T07:45:30","modified_gmt":"2018-10-19T07:45:30","slug":"program-centra-za-studij-demokracije-i-ljudskih-prava","status":"publish","type":"post","link":"https:\/\/historiografija.hr\/?p=11721","title":{"rendered":"Program Centra za studij demokracije i ljudskih prava"},"content":{"rendered":"<p>Savez antifa\u0161isti\u010dkih boraca i antifa\u0161ista RH pokrenuo je Centar za studij demokracije i ljudskih prava (voditelj povjesni\u010dar Dragan Markovina). Otvorene su prijave za program \u2018Historijski antifa\u0161izam i temelji hrvatske dr\u017eave, stvaranje neovisne Hrvatske\u2019 koji \u0107e trajati od 10. studenog do 8. prosinca 2018. godine.<\/p>\n<p>&nbsp;<\/p>\n<p>&#8212;<\/p>\n<p><strong>\u00a0<\/strong><\/p>\n<p><strong><em>Novosti<\/em><\/strong><\/p>\n<p><strong>\u00a0<\/strong><\/p>\n<p><strong>Pokrenut Centar za studij demokracije i ljudskih prava<\/strong><\/p>\n<p><strong>\u00a0<\/strong><\/p>\n<p><em>Savez antifa\u0161isti\u010dkih boraca i antifa\u0161ista RH pokrenuo je Centar za studij demokracije i ljudskih prava, \u010diji je voditelj povjesni\u010dar Dragan Markovina. Ovogodi\u0161nji program po\u010dinje 10. studenog, a prijave su u toku<\/em><\/p>\n<p>&nbsp;<\/p>\n<p>Savez antifa\u0161isti\u010dkih boraca i antifa\u0161ista Republike Hrvatske pokrenuo je Centar za studij demokracije i ljudskih prava. \u2018Dru\u0161tveni i politi\u010dki trenutak u kojem pokre\u0107emo Studij demokracije i ljudskih prava, kako u Hrvatskoj, tako i u \u010ditavoj Europi prili\u010dno je zabrinjavaju\u0107i. Op\u0107i porast populizma, ja\u010danje radikalne desnice, sveprisutni historijski revizionizam te pojava tzv. neliberalnih demokracija, koja otvoreno kr\u0161e demokratske standarde i dokidaju dostignute standarde ljudskih prava predstavljaju njegova temeljna obilje\u017eja\u2019, navodi se u pozivu na prijave za upis u prvu generaciju polaznika studija, \u010diji je voditelj povjesni\u010dar Dragan Markovina.<\/p>\n<p>\u2018Iako su dana\u0161nja Europa i Hrvatska utemeljene na vrijednostima antifa\u0161izma i pobjedi antifa\u0161isti\u010dke koalicije u Drugom svjetskom ratu, svjedoci smo potpune razgradnje spomenutih vrijednosti na prakti\u010dno cijelom europskom prostoru. O razlozima za\u0161to je tome tako, mogli bismo ispisati \u010ditave studije, no da takva vrsta povijesnog revizionizma kao \u010dinjenica i fenomen postoji, jasno je manje-vi\u0161e svim gra\u0111anima. S obzirom da spomenuti povijesni revizionizam svoje motive pronalazi u aktualnoj dru\u0161tvenoj i politi\u010dkoj situaciji, nastoje\u0107i razgradnjom antifa\u0161isti\u010dkog narativa, ovladati sada\u0161njo\u0161\u0107u i budu\u0107no\u0161\u0107u dru\u0161tva, a tek potom i pro\u0161lo\u0161\u0107u, jasno je kako je rije\u010d o fenomenu kojem se treba suprostaviti na svim razinama. Tim vi\u0161e \u0161to je sustavnim izno\u0161enjem frizirane ili otvoreno la\u017ene slike pro\u0161losti i falsificiranjem karaktera usta\u0161ke dr\u017eave, ali i antifa\u0161isti\u010dke borbe, taj diskurs do te mjere prodro u javnost, zadobiv\u0161i potporu \u010dak i nekih najvi\u0161ih du\u017enosnika vlasti, da ga je mogu\u0107e zaustaviti isklju\u010divo sistemati\u010dnim i kvalitetnim obrazovnim radom. U tu svrhu, pokretanje Centra za studije demokracije i ljudskih prava bi s jedne strane omogu\u0107ilo takvu vrstu sustavnog obrazovanja, primarno za \u010dlanove SABH-a i zainteresirane studente dru\u0161tveno-humanisti\u010dkih fakulteta, ali ne samo za njih, dok bi s druge strane koncentriralo najkvalitetnije znanstvenike, novinare, pisce i intelektualce, poznate po jasnom zastupanju antifa\u0161isti\u010dkih stavova u javnosti i borbi za ljudska prava, omogu\u0107ilo vo\u0111enje suvislog dijaloga me\u0111u njima, kao i izme\u0111u njih i polaznika\u2019, stoji u pozivu.<\/p>\n<p>Prvi modul pod naslovom \u2018Historijski antifa\u0161izam i temelji hrvatske dr\u017eave, stvaranje neovisne Hrvatske\u2019, odr\u017eat \u0107e se od 10. studenog do 8. prosinca 2018. Uvod u studije antifa\u0161izma, demokracije i ljudskih prava bavit \u0107e se povijesnim pojavama totalitarnih nacisti\u010dkih i fa\u0161isti\u010dkih re\u017eima, kako u Europi tako i na prostoru Kraljevine Jugoslavije. Taj uvid omogu\u0107it \u0107e razumijevanja na\u010dina na koji je ideolo\u0161ki aparat funkcionirao u tim re\u017eimima i na koji se odnosio prema svim vrstama manjina, ali i prema lijevom pokretu. Slijedom toga u modulu \u0107e biti obra\u0111ene i strategije borbe protiv fa\u0161izma, ali i odnos politi\u010dkih pokreta prema njemu. Poseban naglasak stavit \u0107e se na pitanje \u0161panjolskog gra\u0111anskog rata i pojavu antifa\u0161isti\u010dke internacionale. U kona\u010dnici, program \u0107e se baviti antifa\u0161isti\u010dkim pokretom u Hrvatskoj i Jugoslaviji, koji je uspio u gotovo nemogu\u0107im uvjetima poraziti fa\u0161izam te iznova izgraditi povjerenje me\u0111u jugoslavenskim narodima, otvaraju\u0107i ujedno i pitanja aktivne uloge \u017eena u dru\u0161tvu, \u010dija istinska emancipacija po\u010dinje upravo za vrijeme antifa\u0161isti\u010dke borbe.<\/p>\n<p>Drugi modul \u2018Antifa\u0161izam danas i borba za demokraciju i ljudska prava\u2019 odr\u017eat \u0107e se u proljetnim mjesecima 2019. godine. Pored Dragana Markovine, predava\u010di Studija demokracije i ljudskih prava su Zoran Pusi\u0107, Dra\u017een Lali\u0107, Vjeran Pavlakovi\u0107, Tvrtko Jakovina, Hrvoje Klasi\u0107, Snje\u017eana Koren, Stjepan Mesi\u0107, Vuk Peri\u0161i\u0107, Boris Paveli\u0107, Ivo Josipovi\u0107, Ivana Dragi\u010devi\u0107 i Aleksandra Zhelez, a prijaviti se mo\u017eete na mail: saba.centar@gmail.com. Vi\u0161e o programu mo\u017eete saznati <a href=\"https:\/\/www.scribd.com\/document\/391117777\/Informacije-o-Programu\">na ovom linku<\/a>.<\/p>\n<p>&nbsp;<\/p>\n<p>Izvor:<\/p>\n<p>&nbsp;<\/p>\n<p><a href=\"https:\/\/www.portalnovosti.com\/pokrenut-centar-za-studij-demokracije-i-ljudskih-prava\">https:\/\/www.portalnovosti.com\/pokrenut-centar-za-studij-demokracije-i-ljudskih-prava<\/a><\/p>\n<p>&nbsp;<\/p>\n<p>&nbsp;<\/p>\n<p>&nbsp;<\/p>\n<p>&nbsp;<\/p>\n","protected":false},"excerpt":{"rendered":"","protected":false},"author":2,"featured_media":11722,"comment_status":"open","ping_status":"open","sticky":false,"template":"","format":"standard","meta":{"_acf_changed":false,"jetpack_post_was_ever_published":false,"_jetpack_newsletter_access":"","_jetpack_dont_email_post_to_subs":false,"_jetpack_newsletter_tier_id":0,"_jetpack_memberships_contains_paywalled_content":false,"_jetpack_memberships_contains_paid_content":false,"footnotes":"","jetpack_publicize_message":"","jetpack_publicize_feature_enabled":true,"jetpack_social_post_already_shared":true,"jetpack_social_options":{"image_generator_settings":{"template":"highway","default_image_id":0,"font":"","enabled":false},"version":2}},"categories":[3],"tags":[],"class_list":["post-11721","post","type-post","status-publish","format-standard","has-post-thumbnail","hentry","category-novosti"],"acf":{"facebook_opis":""},"jetpack_publicize_connections":[],"jetpack_featured_media_url":"https:\/\/i0.wp.com\/historiografija.hr\/wp-content\/uploads\/2018\/10\/saba.jpg?fit=1200%2C750&ssl=1","jetpack_sharing_enabled":true,"jetpack-related-posts":[{"id":52628,"url":"https:\/\/historiografija.hr\/?p=52628","url_meta":{"origin":11721,"position":0},"title":"Predavanje dopisnog \u010dlana HAZU Alaina Finkielkrauta Izrael, Europa, antisemitizam","author":"Branimir Jankovi\u0107","date":"23. travnja 2026.","format":false,"excerpt":"Francuski filozof Alain Finkielkraut, redoviti \u010dlan Francuske akademije i dopisni \u010dlan HAZU, odr\u017eat \u0107e predavanje\u00a0Izrael, Europa, antisemitizam u utorak 28. travnja 2026. u 13 sati u Knji\u017enici HAZU,\u00a0Strossmayerov trg 14 u Zagrebu. Uvodne rije\u010di odr\u017eat \u0107e\u00a0akademkinja \u017deljka \u010corak i\u00a0akademik Dra\u017een Katunari\u0107. Predavanje \u0107e se odr\u017eati na francuskom jeziku uz konsekutivno\u2026","rel":"","context":"U &quot;Novosti&quot;","block_context":{"text":"Novosti","link":"https:\/\/historiografija.hr\/?cat=3"},"img":{"alt_text":"","src":"https:\/\/i0.wp.com\/historiografija.hr\/wp-content\/uploads\/2026\/04\/Alain_Finkielkraut.jpg?fit=350%2C407&ssl=1&resize=350%2C200","width":350,"height":200},"classes":[]},{"id":52666,"url":"https:\/\/historiografija.hr\/?p=52666","url_meta":{"origin":11721,"position":1},"title":"Najava programa Festivala povijesti Kliofest (5-8. V. 2026)","author":"Branimir Jankovi\u0107","date":"24. travnja 2026.","format":false,"excerpt":"Po trinaesti put odr\u017eava se Festival povijesti Kliofest! Do petka \u0107emo odr\u017eati osam okruglih stolova i dva kolokvija te niz predstavljanja knjiga i projekata razli\u010dite tematike, od antike do suvremenosti. Bit \u0107e predstavljeno i nekoliko izlo\u017ebi te odr\u017ean jedan povijesni kviz. Prikazat \u0107emo i jedan film \u2013 o generalu Boroevi\u0107u.\u2026","rel":"","context":"U &quot;Novosti&quot;","block_context":{"text":"Novosti","link":"https:\/\/historiografija.hr\/?cat=3"},"img":{"alt_text":"","src":"https:\/\/i0.wp.com\/historiografija.hr\/wp-content\/uploads\/2026\/04\/Kliofest-2026.jpg?fit=526%2C526&ssl=1&resize=350%2C200","width":350,"height":200,"srcset":"https:\/\/i0.wp.com\/historiografija.hr\/wp-content\/uploads\/2026\/04\/Kliofest-2026.jpg?fit=526%2C526&ssl=1&resize=350%2C200 1x, https:\/\/i0.wp.com\/historiografija.hr\/wp-content\/uploads\/2026\/04\/Kliofest-2026.jpg?fit=526%2C526&ssl=1&resize=525%2C300 1.5x"},"classes":[]},{"id":52616,"url":"https:\/\/historiografija.hr\/?p=52616","url_meta":{"origin":11721,"position":2},"title":"No\u0107 knjige 2026.","author":"Branimir Jankovi\u0107","date":"22. travnja 2026.","format":false,"excerpt":"Slavljeni\u010dka 15. No\u0107 knjige odr\u017eat \u0107e se 23. travnja diljem Hrvatske u povodu Svjetskog dana knjige i autorskih prava te Dana hrvatske knjige. S vi\u0161e od 1.000 prijavljenih programa i akcija s pravom nosi epitet najmasovnije doma\u0107e kulturne manifestacije, a ove \u0107e godine prote\u0107i u znaku mira, razumijevanja, tolerancije, srodnosti\u2026","rel":"","context":"U &quot;Novosti&quot;","block_context":{"text":"Novosti","link":"https:\/\/historiografija.hr\/?cat=3"},"img":{"alt_text":"","src":"https:\/\/i0.wp.com\/historiografija.hr\/wp-content\/uploads\/2026\/04\/noc_knjige_2026.jpg?fit=680%2C276&ssl=1&resize=350%2C200","width":350,"height":200,"srcset":"https:\/\/i0.wp.com\/historiografija.hr\/wp-content\/uploads\/2026\/04\/noc_knjige_2026.jpg?fit=680%2C276&ssl=1&resize=350%2C200 1x, https:\/\/i0.wp.com\/historiografija.hr\/wp-content\/uploads\/2026\/04\/noc_knjige_2026.jpg?fit=680%2C276&ssl=1&resize=525%2C300 1.5x"},"classes":[]},{"id":52502,"url":"https:\/\/historiografija.hr\/?p=52502","url_meta":{"origin":11721,"position":3},"title":"Novi znanstveni projekt Hrvatskog instituta za povijest: \u201c\u017drtve ratova i dr\u017eavnog\/politi\u010dkog nasilja u hrvatskoj povijesti 20. stolje\u0107a\u201d","author":"Branimir Jankovi\u0107","date":"17. travnja 2026.","format":false,"excerpt":"Na redovitoj sjednici Vlade RH, 16. travnja 2026., donijet je Zaklju\u010dak kojim se pokre\u0107e znanstveni projekt \u201c\u017drtve ratova i dr\u017eavnog\/politi\u010dkog nasilja u hrvatskoj povijesti 20. stolje\u0107a\u201d. Projekt \u0107e provoditi i koordinirati Hrvatski institut za povijest u razdoblju trajanja projekta od pet godina. Zakljucak Vlade RH Iz teksta projektnog prijedloga: Problematika\u2026","rel":"","context":"U &quot;Novosti&quot;","block_context":{"text":"Novosti","link":"https:\/\/historiografija.hr\/?cat=3"},"img":{"alt_text":"","src":"https:\/\/i0.wp.com\/historiografija.hr\/wp-content\/uploads\/2026\/04\/Vlada-RH.jpg?fit=1200%2C557&ssl=1&resize=350%2C200","width":350,"height":200,"srcset":"https:\/\/i0.wp.com\/historiografija.hr\/wp-content\/uploads\/2026\/04\/Vlada-RH.jpg?fit=1200%2C557&ssl=1&resize=350%2C200 1x, https:\/\/i0.wp.com\/historiografija.hr\/wp-content\/uploads\/2026\/04\/Vlada-RH.jpg?fit=1200%2C557&ssl=1&resize=525%2C300 1.5x, https:\/\/i0.wp.com\/historiografija.hr\/wp-content\/uploads\/2026\/04\/Vlada-RH.jpg?fit=1200%2C557&ssl=1&resize=700%2C400 2x, https:\/\/i0.wp.com\/historiografija.hr\/wp-content\/uploads\/2026\/04\/Vlada-RH.jpg?fit=1200%2C557&ssl=1&resize=1050%2C600 3x"},"classes":[]},{"id":52505,"url":"https:\/\/historiografija.hr\/?p=52505","url_meta":{"origin":11721,"position":4},"title":"Izlo\u017eba &#8220;Eschenstock \/ Jasenov prut&#8221;","author":"Branimir Jankovi\u0107","date":"17. travnja 2026.","format":false,"excerpt":"Srpsko narodno vije\u0107e (SNV) i Vizura aperta postavljaju izlo\u017ebu \u0161vicarskog slikara Velimira Ili\u0161evi\u0107a: Eschenstock \/ Jasenov prut. Izlo\u017eba se uz prisustvo autora otvara povodom 81. godi\u0161njice proboja logora\u0161a iz usta\u0161kog logora smrti Jasenovac 22. aprila 2026. u 19 sati u Srpskom kulturnom centru (SKC) u Preradovi\u0107evoj ulici 21 u Zagrebu.\u2026","rel":"","context":"U &quot;Izlo\u017ebe&quot;","block_context":{"text":"Izlo\u017ebe","link":"https:\/\/historiografija.hr\/?cat=10"},"img":{"alt_text":"","src":"https:\/\/i0.wp.com\/historiografija.hr\/wp-content\/uploads\/2026\/04\/Jasenov_prut.jpg?fit=1024%2C640&ssl=1&resize=350%2C200","width":350,"height":200,"srcset":"https:\/\/i0.wp.com\/historiografija.hr\/wp-content\/uploads\/2026\/04\/Jasenov_prut.jpg?fit=1024%2C640&ssl=1&resize=350%2C200 1x, https:\/\/i0.wp.com\/historiografija.hr\/wp-content\/uploads\/2026\/04\/Jasenov_prut.jpg?fit=1024%2C640&ssl=1&resize=525%2C300 1.5x, https:\/\/i0.wp.com\/historiografija.hr\/wp-content\/uploads\/2026\/04\/Jasenov_prut.jpg?fit=1024%2C640&ssl=1&resize=700%2C400 2x"},"classes":[]},{"id":52499,"url":"https:\/\/historiografija.hr\/?p=52499","url_meta":{"origin":11721,"position":5},"title":"POTPISAN UGOVOR O ZNANSTVENO-ISTRA\u017dIVA\u010cKOJ SURADNJI: PROJEKT \u201eTEMELJI HRVATSKE SAMOSTALNOSTI\u201d","author":"Branimir Jankovi\u0107","date":"17. travnja 2026.","format":false,"excerpt":"Hrvatski institut za povijest, Sveu\u010dili\u0161te obrane i sigurnosti \u201eDr. Franjo Tu\u0111man\u201d, Institut dru\u0161tvenih znanosti Ivo Pilar i Hrvatski dr\u017eavni arhiv\u00a0potpisali su 23. o\u017eujka 2026.\u00a0Ugovor o znanstveno-istra\u017eiva\u010dkoj suradnji s ciljem provedbe projekta \u201eTemelji hrvatske samostalnosti\u201d. Tim projektom obuhva\u0107a se istra\u017eivanje arhivskoga gradiva, priprema znanstvenih publikacija, digitalizacija i javna prezentacija rezultata istra\u017eivanja\u2026","rel":"","context":"U &quot;Novosti&quot;","block_context":{"text":"Novosti","link":"https:\/\/historiografija.hr\/?cat=3"},"img":{"alt_text":"","src":"https:\/\/i0.wp.com\/historiografija.hr\/wp-content\/uploads\/2026\/04\/THS_sporazum.jpg?fit=1200%2C583&ssl=1&resize=350%2C200","width":350,"height":200,"srcset":"https:\/\/i0.wp.com\/historiografija.hr\/wp-content\/uploads\/2026\/04\/THS_sporazum.jpg?fit=1200%2C583&ssl=1&resize=350%2C200 1x, https:\/\/i0.wp.com\/historiografija.hr\/wp-content\/uploads\/2026\/04\/THS_sporazum.jpg?fit=1200%2C583&ssl=1&resize=525%2C300 1.5x, https:\/\/i0.wp.com\/historiografija.hr\/wp-content\/uploads\/2026\/04\/THS_sporazum.jpg?fit=1200%2C583&ssl=1&resize=700%2C400 2x, https:\/\/i0.wp.com\/historiografija.hr\/wp-content\/uploads\/2026\/04\/THS_sporazum.jpg?fit=1200%2C583&ssl=1&resize=1050%2C600 3x"},"classes":[]}],"_links":{"self":[{"href":"https:\/\/historiografija.hr\/index.php?rest_route=\/wp\/v2\/posts\/11721","targetHints":{"allow":["GET"]}}],"collection":[{"href":"https:\/\/historiografija.hr\/index.php?rest_route=\/wp\/v2\/posts"}],"about":[{"href":"https:\/\/historiografija.hr\/index.php?rest_route=\/wp\/v2\/types\/post"}],"author":[{"embeddable":true,"href":"https:\/\/historiografija.hr\/index.php?rest_route=\/wp\/v2\/users\/2"}],"replies":[{"embeddable":true,"href":"https:\/\/historiografija.hr\/index.php?rest_route=%2Fwp%2Fv2%2Fcomments&post=11721"}],"version-history":[{"count":2,"href":"https:\/\/historiografija.hr\/index.php?rest_route=\/wp\/v2\/posts\/11721\/revisions"}],"predecessor-version":[{"id":11724,"href":"https:\/\/historiografija.hr\/index.php?rest_route=\/wp\/v2\/posts\/11721\/revisions\/11724"}],"wp:featuredmedia":[{"embeddable":true,"href":"https:\/\/historiografija.hr\/index.php?rest_route=\/wp\/v2\/media\/11722"}],"wp:attachment":[{"href":"https:\/\/historiografija.hr\/index.php?rest_route=%2Fwp%2Fv2%2Fmedia&parent=11721"}],"wp:term":[{"taxonomy":"category","embeddable":true,"href":"https:\/\/historiografija.hr\/index.php?rest_route=%2Fwp%2Fv2%2Fcategories&post=11721"},{"taxonomy":"post_tag","embeddable":true,"href":"https:\/\/historiografija.hr\/index.php?rest_route=%2Fwp%2Fv2%2Ftags&post=11721"}],"curies":[{"name":"wp","href":"https:\/\/api.w.org\/{rel}","templated":true}]}}