{"id":11647,"date":"2018-10-15T15:39:51","date_gmt":"2018-10-15T15:39:51","guid":{"rendered":"http:\/\/historiografija.hr\/?p=11647"},"modified":"2018-10-15T15:39:51","modified_gmt":"2018-10-15T15:39:51","slug":"rat-prije-rata-arhitekti-hrvatske-neovisnosti","status":"publish","type":"post","link":"https:\/\/historiografija.hr\/?p=11647","title":{"rendered":"\u201cRat prije rata\u201d: Arhitekti hrvatske neovisnosti"},"content":{"rendered":"<p>U ponedjeljak, 15. listopada 2018. u 20.05 na HRT1 prikazuje se 5. epizoda igrano-dokumentarne serije \u201eRat prije rata\u201c: Arhitekti hrvatske neovisnosti.<\/p>\n<p>&nbsp;<\/p>\n<p>&#8212;<\/p>\n<p>&nbsp;<\/p>\n<p>Igrano-dokumentarna serija &#8220;Rat prije rata&#8221; obra\u0111uje raspad Jugoslavije, najdramati\u010dnije razdoblje nakon Drugog svjetskog rata, koje je okon\u010dano posljednjim ratom u Europi.<\/p>\n<p>&nbsp;<\/p>\n<p>Arhivska i memoarska gra\u0111a nedvojbeno otkriva da je prekrajanje Jugoslavije pomno planirano, ba\u0161 kao i rat bez kojeg se prekrajanje nije moglo provesti. Osvaja\u010dkim planovima srpskih unitarista prethodile su i obavje\u0161tajno-politi\u010dke pripreme koje su intenzivno trajale \u010ditavo desetlje\u0107e.<\/p>\n<p>&nbsp;<\/p>\n<p>Brojni politi\u010dki procesi i doga\u0111aji iz tog razdoblja ostali su nerasvijetljeni, zbog ratova koji su kasnije uslijedili. Serija &#8220;Rat prije rata&#8221; rasvjetljava te doga\u0111aje.<\/p>\n<p>&nbsp;<\/p>\n<p>Serija sna\u017eno nagla\u0161enih dramatur\u0161kih elemenata na trenutke ima obilje\u017eja politi\u010dkog trilera. Serija se ne bavi samo evidentiranjem klju\u010dnih doga\u0111aja, od kojih su neki postali i povijesni, nego nastoji rasvijetliti pozadinu politi\u010dkih, diplomatskih, obavje\u0161tajno-operativnih, policijskih i vojnih aktivnosti.<\/p>\n<p>&nbsp;<\/p>\n<p>U 10 epizoda vidjet \u0107emo i dvadesetak filmskih rekonstrukcija doga\u0111aja. Sudionike doga\u0111aja, od kojih su mnogi povijesne osobe, tuma\u010di sedamdesetak poznatih hrvatskih glumaca. U dokumentarnom dijelu serije pojavljuje se i pribli\u017eno toliko sugovornika &#8211; neposrednih sudionika, istra\u017eiva\u010da, znanstvenika i publicista.<\/p>\n<p>&nbsp;<\/p>\n<p>Neke od tema koje su filmski rekonstruirane: uz \u010diju je pomo\u0107 Tu\u0111man putovao Europom s la\u017enom putovnicom; je li HDZ osnovan na Ple\u0161ivici, a ne u NK Borcu na Jarunu; kako je Ivica Ra\u010dan odbio prijedlog generala JNA da la\u017eira izbore i uvede izvanredno stanje; kako je Josip Perkovi\u0107 izbjegao KOS-ovu zamku i uvezao prvi kontingent oru\u017eja u Hrvatsku; za\u0161to je Branimir Glava\u0161 u zadnji \u010das predlo\u017eio Tu\u0111mana, a ne \u0160eksa za \u0161efa HDZ-a; kako je hrvatska slu\u017eba uo\u010di izbora 1990. tra\u017eila od Beograda da silom obra\u010duna s oporbom; kako je elitna postrojba iz Lu\u010dkog otela generala JNA bez znanja nadre\u0111enih; za\u0161to je zaustavljen proboj za Vukovar i tko je \u017duti Mrav koji je u\u0161ao u napu\u0161tene Marince; sadr\u017eaj plana \u010diji je cilj potpuno poraziti Hrvatsku vojsku, a dr\u017eavni vrh na prihva\u0107anje uvjeta.<\/p>\n<p>&nbsp;<\/p>\n<p>&#8212;<\/p>\n<p>&nbsp;<\/p>\n<p>HTV1 15.10.2018. 20.05<\/p>\n<p>&nbsp;<\/p>\n<p>5. epizoda:<strong> Arhitekti hrvatske neovisnosti<\/strong><\/p>\n<p>&nbsp;<\/p>\n<p>Po\u010detkom velja\u010de 1989. Tu\u0111man pi\u0161e svoj program. Toga dana u svom \u0107e Dnevniku zapisati: &#8220;Moram opet sam&#8221;. Tu ve\u010der stao je na \u010delo svog pokreta, gdje \u0107e ostati idu\u0107ih deset godina, sve do smrti. U imenu organizacije izbjegava termin stranka i koristi ime Hrvatski demokratski zbor. Istodobno, svoj program pi\u0161e i aDra\u017een Budi\u0161, vo\u0111a studentskog pokreta &#8217;71. Nazvat \u0107e ga Osnove programa Saveza za Hrvatsku. Tih dana u Tu\u0111manov dom dolaze Drago Stipac, Marko Veselica, Dalibor Brozovi\u0107, Slavko Goldstein, Tomislav Ladan, Josip Manoli\u0107&#8230; Znaju da su pod nadzorom slu\u017ebe. Svi deklarativno prihva\u0107aju Tu\u0111manov program, osim Dra\u017eena Budi\u0161e, koji se protivi spominjanju Tita.<\/p>\n<p>&nbsp;<\/p>\n<p>Uslijedit \u0107e i formalno okupljanje. Tra\u017ee se potpisi na inicijativu. Premda su na Ple\u0161ivici dogovorili zajedni\u010dko djelovanje, me\u0111u domoljubima po\u010dinju sukobi. Saznanja o frakcijskim borbama disidenata slu\u017eba redovito \u0161alje partijskom vrhu. U jednom od svojih izvje\u0161\u0107a Udba \u0107e Partiji predlo\u017eiti &#8220;aktivnosti Slu\u017ebe, s ciljem daljnjeg produbljivanja jaza unutar hrvatskih nacionalista&#8221;. Istoga dana kada su predstavljene programske osnove HDZ-a, u Kninu je odr\u017ean skup potpore politici Slobodana Milo\u0161evi\u0107a. Partija Tu\u0111manovim prista\u0161ama zabranjuje javni skup na kojem bi osnovali stranku, pa se oni okupljaju u tajnosti. Klju\u010deve Tu\u0111manovog izbora za predsjednika dr\u017ee Slavonci. Glava\u0161, kako danas tvrdi, u \u0161ali predla\u017ee \u0160eksu da njega izglasaju za predsjednika. Koliko je u Glava\u0161evom prijedlogu \u0160eksu bilo \u0161ale, a koliko istine? Slu\u017eba dr\u017eavne sigurnosti je znala za tajni skup u NK Borcu. Veseli\u010dina frakcija isti dan oda\u0161ilje priop\u0107enje &#8211; osporava legitimitet skup\u0161tine.<\/p>\n<p>&nbsp;<\/p>\n<p>U svojoj memoarskoj gra\u0111i jedan od osniva\u010da HDZ-a Josip Manoli\u0107 iznosi spoznaje da je ideja o dolasku nove politi\u010dke snage okupljene oko Franje Tu\u0111mana bila je \u0160piljkova, ali i Steve Kraja\u010di\u0107a i Ivice Ra\u010dana. Svoje tvrdnje temelji na, kako ka\u017ee, tajnom susretu Tu\u0111mana i \u0160piljka, istog tog lipnja 1989. kada je u tajnosti osnovan HDZ. Tada je, tvrdi, \u0160piljak Tu\u0111manu na stol stavio ponudu. Za demokratske promjene u Hrvatskoj, tvrdi Manoli\u0107, najzaslu\u017enije su lijeve snage. Zanimljivo je vidjeti \u0161to o tome govore arhivski dokumenti koji su tek odnedavno dostupni istra\u017eiva\u010dima. Ponajprije Informacija 1351 Slu\u017ebe dr\u017eavne sigurnosti Zagreb.<\/p>\n<p>&nbsp;<\/p>\n<p>11. prosinca 1989. Partija bira novog predsjednika. No prije izbora novog vodstva pred trinaestoricom \u010dlanova starog predsjedni\u0161tva Centralnog komiteta je povijesna odluka o uvo\u0111enju vi\u0161estrana\u010dja. Jugoslavenski ministar obrane, general Veljko Kadijevi\u0107, dolazi pred hrvatski partijski vrh s prijete\u0107om porukom. Na kraju je tijesnom ve\u0107inom za novog predsjednika Saveza komunista Hrvatske izabran Ivica Ra\u010dan. Klju\u010dnu ulogu u uvo\u0111enju vi\u0161estrana\u010dja i pobjedi reformske struje odigrala su dvojica mladih reformista. Nakon Ra\u010danove pobjede dodatno je oja\u010dala reformska struja. Hrvatski komunisti uskoro \u0107e zajedno sa slovenskima napustiti Kongres jugoslavenske partije.<\/p>\n<p>&nbsp;<\/p>\n<p>S druge strane, uo\u010di prvih vi\u0161estrana\u010dkih izbora, Tu\u0111man poku\u0161ava okupiti \u0161to \u0161ire domoljubne snage. Savki Dab\u010devi\u0107 Ku\u010dar, partijskoj reformatorici iz &#8217;71., ponudio je mjesto predsjednice parlamenta, a njezinom najbli\u017eem suradniku iz &#8217;71., Miki Tripalu, mjesto premijera. Oni su to odbili. Dolaskom na \u010delo partije i sam Ra\u010dan postaje cilj KOS-ove agenturne mre\u017ee. Kasnija memoarska gra\u0111a otkrit \u0107e da je uvo\u0111enje izvanrednog stanja ve\u0107 bilo spremno. Armija je \u010dekala jo\u0161 samo jedan potez, ali ga nije do\u010dekala.<\/p>\n<p>&nbsp;<\/p>\n<p>Scenarist i redatelj igrano-dokumentarna serije je Miljenko Manjkas. Produkcija: Intermedia grupa.<\/p>\n<p>&nbsp;<\/p>\n<p>Izvor:<\/p>\n<p>&nbsp;<\/p>\n<p><a href=\"https:\/\/raspored.hrt.hr\/\">https:\/\/raspored.hrt.hr\/<\/a><\/p>\n<p>&nbsp;<\/p>\n<p><a href=\"https:\/\/hrtprikazuje.hrt.hr\/465994\/rat-prije-rata-arhitekti-hrvatske-neovisnosti\">https:\/\/hrtprikazuje.hrt.hr\/465994\/rat-prije-rata-arhitekti-hrvatske-neovisnosti<\/a><\/p>\n<p>&nbsp;<\/p>\n","protected":false},"excerpt":{"rendered":"","protected":false},"author":2,"featured_media":11648,"comment_status":"open","ping_status":"open","sticky":false,"template":"","format":"standard","meta":{"_acf_changed":false,"jetpack_post_was_ever_published":false,"_jetpack_newsletter_access":"","_jetpack_dont_email_post_to_subs":false,"_jetpack_newsletter_tier_id":0,"_jetpack_memberships_contains_paywalled_content":false,"_jetpack_memberships_contains_paid_content":false,"footnotes":"","jetpack_publicize_message":"","jetpack_publicize_feature_enabled":true,"jetpack_social_post_already_shared":true,"jetpack_social_options":{"image_generator_settings":{"template":"highway","default_image_id":0,"font":"","enabled":false},"version":2}},"categories":[13,3],"tags":[],"class_list":["post-11647","post","type-post","status-publish","format-standard","has-post-thumbnail","hentry","category-filmovi-i-serije","category-novosti"],"acf":{"facebook_opis":""},"jetpack_publicize_connections":[],"jetpack_featured_media_url":"https:\/\/i0.wp.com\/historiografija.hr\/wp-content\/uploads\/2018\/10\/RAT_PRIJE_RATA_ep_05.jpg?fit=688%2C388&ssl=1","jetpack_sharing_enabled":true,"jetpack-related-posts":[{"id":52631,"url":"https:\/\/historiografija.hr\/?p=52631","url_meta":{"origin":11647,"position":0},"title":"Predavanje Ivana Tepe\u0161a: Djelovanje hrvatske politi\u010dke emigracije","author":"Branimir Jankovi\u0107","date":"23. travnja 2026.","format":false,"excerpt":"Odjel za me\u0111unarodnu suradnju i iseljeni\u0161tvo Matice hrvatske Predavanje Ivana Tepe\u0161a: Djelovanje hrvatske politi\u010dke emigracije Utorak, 28. travnja 2026. u 18:00 sati, Dvorana Ljudevita Jonkea (Mala dvorana MH), Strossmayerov trg 4, Zagreb dr. sc. Ivan Tepe\u0161, Institut za istra\u017eivanje migracija Hrvatska politi\u010dka emigracija obilje\u017eila je polustoljetnu hrvatsku povijest u drugoj\u2026","rel":"","context":"U &quot;Novosti&quot;","block_context":{"text":"Novosti","link":"https:\/\/historiografija.hr\/?cat=3"},"img":{"alt_text":"","src":"","width":0,"height":0},"classes":[]},{"id":52704,"url":"https:\/\/historiografija.hr\/?p=52704","url_meta":{"origin":11647,"position":1},"title":"Predstavljanje knjige &#8220;Vladimir Vasiljevi\u0107: Moji do\u017eivljaji. Dnevni\u010dki zapisi iz Prvoga svjetskog rata i poratnoga vremena&#8221;","author":"Filip \u0160imunjak","date":"29. travnja 2026.","format":false,"excerpt":"Doga\u0111anja ovogodi\u0161njega Festivala povijesti Kliofest zapo\u010dinjemo ve\u0107 i prije samoga slu\u017ebenog otvaranja, predstavljanjem knjige \u201eMoji do\u017eivljaji. Dnevni\u010dki zapisi iz Prvoga svjetskog rata i poratnoga vremena\u201d Vladimira Vasiljevi\u0107a, koju su priredili Karlo Rukavina i Damir Agi\u010di\u0107. Pozivamo Vas na predstavljanje koje \u0107e se odr\u017eati u ponedjeljak 4. svibnja, s po\u010detkom u\u2026","rel":"","context":"U &quot;Knjige&quot;","block_context":{"text":"Knjige","link":"https:\/\/historiografija.hr\/?cat=8"},"img":{"alt_text":"","src":"https:\/\/i0.wp.com\/historiografija.hr\/wp-content\/uploads\/2026\/04\/Naslovna-V.-Vasiljevic.webp?fit=1200%2C600&ssl=1&resize=350%2C200","width":350,"height":200,"srcset":"https:\/\/i0.wp.com\/historiografija.hr\/wp-content\/uploads\/2026\/04\/Naslovna-V.-Vasiljevic.webp?fit=1200%2C600&ssl=1&resize=350%2C200 1x, https:\/\/i0.wp.com\/historiografija.hr\/wp-content\/uploads\/2026\/04\/Naslovna-V.-Vasiljevic.webp?fit=1200%2C600&ssl=1&resize=525%2C300 1.5x, https:\/\/i0.wp.com\/historiografija.hr\/wp-content\/uploads\/2026\/04\/Naslovna-V.-Vasiljevic.webp?fit=1200%2C600&ssl=1&resize=700%2C400 2x, https:\/\/i0.wp.com\/historiografija.hr\/wp-content\/uploads\/2026\/04\/Naslovna-V.-Vasiljevic.webp?fit=1200%2C600&ssl=1&resize=1050%2C600 3x"},"classes":[]},{"id":52505,"url":"https:\/\/historiografija.hr\/?p=52505","url_meta":{"origin":11647,"position":2},"title":"Izlo\u017eba &#8220;Eschenstock \/ Jasenov prut&#8221;","author":"Branimir Jankovi\u0107","date":"17. travnja 2026.","format":false,"excerpt":"Srpsko narodno vije\u0107e (SNV) i Vizura aperta postavljaju izlo\u017ebu \u0161vicarskog slikara Velimira Ili\u0161evi\u0107a: Eschenstock \/ Jasenov prut. Izlo\u017eba se uz prisustvo autora otvara povodom 81. godi\u0161njice proboja logora\u0161a iz usta\u0161kog logora smrti Jasenovac 22. aprila 2026. u 19 sati u Srpskom kulturnom centru (SKC) u Preradovi\u0107evoj ulici 21 u Zagrebu.\u2026","rel":"","context":"U &quot;Izlo\u017ebe&quot;","block_context":{"text":"Izlo\u017ebe","link":"https:\/\/historiografija.hr\/?cat=10"},"img":{"alt_text":"","src":"https:\/\/i0.wp.com\/historiografija.hr\/wp-content\/uploads\/2026\/04\/Jasenov_prut.jpg?fit=1024%2C640&ssl=1&resize=350%2C200","width":350,"height":200,"srcset":"https:\/\/i0.wp.com\/historiografija.hr\/wp-content\/uploads\/2026\/04\/Jasenov_prut.jpg?fit=1024%2C640&ssl=1&resize=350%2C200 1x, https:\/\/i0.wp.com\/historiografija.hr\/wp-content\/uploads\/2026\/04\/Jasenov_prut.jpg?fit=1024%2C640&ssl=1&resize=525%2C300 1.5x, https:\/\/i0.wp.com\/historiografija.hr\/wp-content\/uploads\/2026\/04\/Jasenov_prut.jpg?fit=1024%2C640&ssl=1&resize=700%2C400 2x"},"classes":[]},{"id":52502,"url":"https:\/\/historiografija.hr\/?p=52502","url_meta":{"origin":11647,"position":3},"title":"Novi znanstveni projekt Hrvatskog instituta za povijest: \u201c\u017drtve ratova i dr\u017eavnog\/politi\u010dkog nasilja u hrvatskoj povijesti 20. stolje\u0107a\u201d","author":"Branimir Jankovi\u0107","date":"17. travnja 2026.","format":false,"excerpt":"Na redovitoj sjednici Vlade RH, 16. travnja 2026., donijet je Zaklju\u010dak kojim se pokre\u0107e znanstveni projekt \u201c\u017drtve ratova i dr\u017eavnog\/politi\u010dkog nasilja u hrvatskoj povijesti 20. stolje\u0107a\u201d. Projekt \u0107e provoditi i koordinirati Hrvatski institut za povijest u razdoblju trajanja projekta od pet godina. Zakljucak Vlade RH Iz teksta projektnog prijedloga: Problematika\u2026","rel":"","context":"U &quot;Novosti&quot;","block_context":{"text":"Novosti","link":"https:\/\/historiografija.hr\/?cat=3"},"img":{"alt_text":"","src":"https:\/\/i0.wp.com\/historiografija.hr\/wp-content\/uploads\/2026\/04\/Vlada-RH.jpg?fit=1200%2C557&ssl=1&resize=350%2C200","width":350,"height":200,"srcset":"https:\/\/i0.wp.com\/historiografija.hr\/wp-content\/uploads\/2026\/04\/Vlada-RH.jpg?fit=1200%2C557&ssl=1&resize=350%2C200 1x, https:\/\/i0.wp.com\/historiografija.hr\/wp-content\/uploads\/2026\/04\/Vlada-RH.jpg?fit=1200%2C557&ssl=1&resize=525%2C300 1.5x, https:\/\/i0.wp.com\/historiografija.hr\/wp-content\/uploads\/2026\/04\/Vlada-RH.jpg?fit=1200%2C557&ssl=1&resize=700%2C400 2x, https:\/\/i0.wp.com\/historiografija.hr\/wp-content\/uploads\/2026\/04\/Vlada-RH.jpg?fit=1200%2C557&ssl=1&resize=1050%2C600 3x"},"classes":[]},{"id":52657,"url":"https:\/\/historiografija.hr\/?p=52657","url_meta":{"origin":11647,"position":4},"title":"[Predavanje] Jezik i drugost u (post)socijalisti\u010dkoj Srbiji: diskurzivne politike identiteta (YugoLab)","author":"Branimir Jankovi\u0107","date":"24. travnja 2026.","format":false,"excerpt":"U sklopu projekta Prizma \/ IMAGINATION (\u201eZami\u0161ljanje nacije: srpski nacionalni narativi u sporu (XX\u2013XXI vek)\u201c), koji se realizuje na Institutu za filozofiju i dru\u0161tvenu teoriju Univerziteta u Beogradu (2024\u20132027) uz finansijsku podr\u0161ku Fonda za nauku Republike Srbije, organizuje se serija predavanja na kojoj istra\u017eiva\u010di i istra\u017eiva\u010dice projekta predstavljaju rezultate svojih\u2026","rel":"","context":"U &quot;Novosti&quot;","block_context":{"text":"Novosti","link":"https:\/\/historiografija.hr\/?cat=3"},"img":{"alt_text":"","src":"https:\/\/i0.wp.com\/historiografija.hr\/wp-content\/uploads\/2026\/04\/IFDT_28_IV.png?fit=1200%2C675&ssl=1&resize=350%2C200","width":350,"height":200,"srcset":"https:\/\/i0.wp.com\/historiografija.hr\/wp-content\/uploads\/2026\/04\/IFDT_28_IV.png?fit=1200%2C675&ssl=1&resize=350%2C200 1x, https:\/\/i0.wp.com\/historiografija.hr\/wp-content\/uploads\/2026\/04\/IFDT_28_IV.png?fit=1200%2C675&ssl=1&resize=525%2C300 1.5x, https:\/\/i0.wp.com\/historiografija.hr\/wp-content\/uploads\/2026\/04\/IFDT_28_IV.png?fit=1200%2C675&ssl=1&resize=700%2C400 2x, https:\/\/i0.wp.com\/historiografija.hr\/wp-content\/uploads\/2026\/04\/IFDT_28_IV.png?fit=1200%2C675&ssl=1&resize=1050%2C600 3x"},"classes":[]},{"id":52607,"url":"https:\/\/historiografija.hr\/?p=52607","url_meta":{"origin":11647,"position":5},"title":"No\u0107 knjige: Kako je prije 410 godina smr\u0107u Shakespearea i Cervantesa zavr\u0161ilo razdoblje renesanse u knji\u017eevnosti","author":"Branimir Jankovi\u0107","date":"22. travnja 2026.","format":false,"excerpt":"\u010cetvrtak, 23. travnja 2026. u 18:00 sati, Knji\u017eara Matice hrvatske, Ulica Matice hrvatske 2, Zagreb Uvodna rije\u010d: dr. sc.\u00a0Dubravka Brezak Stama\u0107, pro\u010delnica Odjela za knji\u017eevnost Matice hrvatske Prof. dr. sc. Ivan Lupi\u0107, redoviti profesor u Odsjeku za anglistiku i Odsjeku za kroatistiku Sveu\u010dili\u0161ta u RijeciShakespeare, kazali\u0161te, glazbaKada se susre\u0107emo sa\u2026","rel":"","context":"U &quot;Novosti&quot;","block_context":{"text":"Novosti","link":"https:\/\/historiografija.hr\/?cat=3"},"img":{"alt_text":"","src":"https:\/\/i0.wp.com\/historiografija.hr\/wp-content\/uploads\/2026\/04\/noc_knjige_2026.jpg?fit=680%2C276&ssl=1&resize=350%2C200","width":350,"height":200,"srcset":"https:\/\/i0.wp.com\/historiografija.hr\/wp-content\/uploads\/2026\/04\/noc_knjige_2026.jpg?fit=680%2C276&ssl=1&resize=350%2C200 1x, https:\/\/i0.wp.com\/historiografija.hr\/wp-content\/uploads\/2026\/04\/noc_knjige_2026.jpg?fit=680%2C276&ssl=1&resize=525%2C300 1.5x"},"classes":[]}],"_links":{"self":[{"href":"https:\/\/historiografija.hr\/index.php?rest_route=\/wp\/v2\/posts\/11647","targetHints":{"allow":["GET"]}}],"collection":[{"href":"https:\/\/historiografija.hr\/index.php?rest_route=\/wp\/v2\/posts"}],"about":[{"href":"https:\/\/historiografija.hr\/index.php?rest_route=\/wp\/v2\/types\/post"}],"author":[{"embeddable":true,"href":"https:\/\/historiografija.hr\/index.php?rest_route=\/wp\/v2\/users\/2"}],"replies":[{"embeddable":true,"href":"https:\/\/historiografija.hr\/index.php?rest_route=%2Fwp%2Fv2%2Fcomments&post=11647"}],"version-history":[{"count":1,"href":"https:\/\/historiografija.hr\/index.php?rest_route=\/wp\/v2\/posts\/11647\/revisions"}],"predecessor-version":[{"id":11649,"href":"https:\/\/historiografija.hr\/index.php?rest_route=\/wp\/v2\/posts\/11647\/revisions\/11649"}],"wp:featuredmedia":[{"embeddable":true,"href":"https:\/\/historiografija.hr\/index.php?rest_route=\/wp\/v2\/media\/11648"}],"wp:attachment":[{"href":"https:\/\/historiografija.hr\/index.php?rest_route=%2Fwp%2Fv2%2Fmedia&parent=11647"}],"wp:term":[{"taxonomy":"category","embeddable":true,"href":"https:\/\/historiografija.hr\/index.php?rest_route=%2Fwp%2Fv2%2Fcategories&post=11647"},{"taxonomy":"post_tag","embeddable":true,"href":"https:\/\/historiografija.hr\/index.php?rest_route=%2Fwp%2Fv2%2Ftags&post=11647"}],"curies":[{"name":"wp","href":"https:\/\/api.w.org\/{rel}","templated":true}]}}