{"id":11580,"date":"2018-10-10T11:50:55","date_gmt":"2018-10-10T11:50:55","guid":{"rendered":"http:\/\/historiografija.hr\/?p=11580"},"modified":"2018-10-10T11:52:42","modified_gmt":"2018-10-10T11:52:42","slug":"21es-rendez-vous-de-lhistoire-blois","status":"publish","type":"post","link":"https:\/\/historiografija.hr\/?p=11580","title":{"rendered":"21es Rendez-vous de l\u2019Histoire \u2013 Blois"},"content":{"rendered":"<p>Od 10. do 14. listopada 2018. odr\u017eava se veliki 21. festival povijesti u Bloisu u Francuskoj. Sredi\u0161nja tema ovogodi\u0161njeg festivala je mo\u0107 slika, a program sadr\u017ei brojne okrugle stolove i predavanja, sajam knjiga i projekcije filmova, dodjeljivanje nagrada autorima i knjigama te mnoga druga doga\u0111anja.<\/p>\n<p>&nbsp;<\/p>\n<p>&#8212;<\/p>\n<p>&nbsp;<\/p>\n<p><strong>La puissance des images<\/strong><\/p>\n<p>&nbsp;<\/p>\n<p>21\u00e8mes Rendez-vous de l&#8217;Histoire du 10 au 14 octobre 2018 \u00e0 Blois.<\/p>\n<p>&nbsp;<\/p>\n<p><a href=\"http:\/\/www.rdv-histoire.com\/\">http:\/\/www.rdv-histoire.com\/<\/a><\/p>\n<p>&nbsp;<\/p>\n<p>&nbsp;<\/p>\n<p>Programme 2018<\/p>\n<p>&nbsp;<\/p>\n<p><a href=\"https:\/\/historiografija.hr\/wp-content\/uploads\/2018\/10\/prog_2018web.pdf\">prog_2018web<\/a><\/p>\n<p>&nbsp;<\/p>\n<p>&nbsp;<\/p>\n<p><strong>\u00c0 propos du festival <\/strong><\/p>\n<p><strong>\u00a0<\/strong><\/p>\n<p><strong>Un lieu d\u2019\u00e9changes<\/strong><\/p>\n<p>Il s\u2019agit de cr\u00e9er un lieu de rencontre privil\u00e9gi\u00e9 o\u00f9 chaque ann\u00e9e les historiens peuvent se retrouver afin d\u2019exposer l\u2019\u00e9tat de leurs r\u00e9flexions, de pr\u00e9senter leurs travaux et de confronter leurs points de vue dans le but de concourir au progr\u00e8s de la recherche et de la connaissance historique. Il importe \u00e9galement que les Rendez-vous de l\u2019histoire soient une manifestation populaire. Il faut que chacun puisse assouvir sa curiosit\u00e9, trouver mati\u00e8re \u00e0 s\u2019instruire mais aussi \u00e0 se divertir. Ainsi, les Rendez-vous de l\u2019histoire ont pour vocation de devenir un lieu unique et privil\u00e9gi\u00e9 d\u2019\u00e9changes, de discussions, et de divertissement entre les historiens et le grand public.<\/p>\n<p><strong>Rigueur et coh\u00e9rence scientifique<\/strong><\/p>\n<p>Un Comit\u00e9 scientifique, compos\u00e9 d\u2019\u00e9minentes personnalit\u00e9s, veille \u00e0 la coh\u00e9rence et \u00e0 la rigueur du festival. Il choisit chaque ann\u00e9e le th\u00e8me g\u00e9n\u00e9ral de la manifestation, le fil rouge qui orientera d\u00e9bats et conf\u00e9rences. Ce th\u00e8me doit \u00eatre f\u00e9d\u00e9rateur et concerner toutes les p\u00e9riodes de l\u2019histoire. Il doit rencontrer les pr\u00e9occupations des chercheurs ou des enseignants, et int\u00e9resser le grand public.<\/p>\n<p><strong>Une manifestation populaire accueillant 40 000 personnes soucieuses de mieux comprendre le monde<\/strong><\/p>\n<p>Ce forum de l\u2019histoire entend mettre \u00e0 la port\u00e9e de tous les connaissances historiques les plus r\u00e9centes, dans une authentique d\u00e9marche d\u00e9mocratique. Il r\u00e9pond ainsi \u00e0 un besoin permanent d\u2019\u00e9clairer le pr\u00e9sent \u00e0 la lumi\u00e8re du pass\u00e9, et de comprendre la construction des m\u00e9moires historiques qui structurent les identit\u00e9s sociales et culturelles. Il repr\u00e9sente aussi pour les enseignants un fructueux moment de formation continue salu\u00e9 par l\u2019Education nationale.<\/p>\n<p>&nbsp;<\/p>\n<p><strong>Les Rendez-vous de l\u2019histoire ce sont pendant quatre jours :<\/strong><\/p>\n<p><strong>\u00a0<\/strong><\/p>\n<p><strong>Un grand salon du livre d\u2019histoire<\/strong><\/p>\n<p>Gigantesque librairie enti\u00e8rement consacr\u00e9e \u00e0 l\u2019histoire, l\u2019occasion de d\u00e9couvrir, gr\u00e2ce \u00e0 la pr\u00e9sence de plus de 200 \u00e9diteurs, toute l\u2019actualit\u00e9 du livre d\u2019histoire et la richesse des parutions : de la biographie au roman historique, du multim\u00e9dia au livre ancien, de l\u2019Antiquit\u00e9 \u00e0 l\u2019histoire contemporaine, de l\u2019histoire locale aux \u00e9v\u00e9nements internationaux, toute l\u2019histoire et tous les sujets sont pr\u00e9sents. Plus de 300 auteurs viennent y d\u00e9dicacer leurs ouvrages et rencontrer leurs lecteurs.<\/p>\n<p><strong>Plus de 400 d\u00e9bats et conf\u00e9rences<\/strong><\/p>\n<p>1000 intellectuels et intervenants de renom croisent leurs points de vue et r\u00e9pondent aux interpellations du public. Une formidable occasion de rencontrer ceux qui, au quotidien, \u00e9crivent et commentent l\u2019histoire.<\/p>\n<p><strong>Un cycle cin\u00e9ma<\/strong><\/p>\n<p>Une cinquantaine de films, fictions et documentaires, du patrimoine comme de la production r\u00e9cente, archives filmiques et audiovisuelles. De nombreuses s\u00e9ances accompagn\u00e9es de d\u00e9bats en pr\u00e9sence de r\u00e9alisateurs, critiques et historiens.<\/p>\n<p><strong>Une Histoire autrement<\/strong><\/p>\n<p>Des formes d\u2019expression plus inattendues et moins conventionnelles : expositions, Caf\u00e9s historiques, d\u00e9couvertes gastronomiques (d\u00eeners historiques), spectacles.<\/p>\n<p>Pour plus d\u2019informations, rendez-vous sur notre page contacts, dans la rubrique Infos pratiques et naviguez sur le site pour conna\u00eetre les d\u00e9tails de la programmation. Retrouvez \u00e9galement les ambiances des \u00e9ditions pr\u00e9c\u00e9dentes et nos conf\u00e9rences en ligne !<\/p>\n<p>&nbsp;<\/p>\n<p>&nbsp;<\/p>\n","protected":false},"excerpt":{"rendered":"","protected":false},"author":2,"featured_media":11582,"comment_status":"open","ping_status":"open","sticky":false,"template":"","format":"standard","meta":{"_acf_changed":false,"jetpack_post_was_ever_published":false,"_jetpack_newsletter_access":"","_jetpack_dont_email_post_to_subs":false,"_jetpack_newsletter_tier_id":0,"_jetpack_memberships_contains_paywalled_content":false,"_jetpack_memberships_contains_paid_content":false,"footnotes":"","jetpack_publicize_message":"","jetpack_publicize_feature_enabled":true,"jetpack_social_post_already_shared":true,"jetpack_social_options":{"image_generator_settings":{"template":"highway","default_image_id":0,"font":"","enabled":false},"version":2}},"categories":[3],"tags":[],"class_list":["post-11580","post","type-post","status-publish","format-standard","has-post-thumbnail","hentry","category-novosti"],"acf":{"facebook_opis":""},"jetpack_publicize_connections":[],"jetpack_featured_media_url":"https:\/\/i0.wp.com\/historiografija.hr\/wp-content\/uploads\/2018\/10\/habillage-2018-h.jpg?fit=1440%2C400&ssl=1","jetpack_sharing_enabled":true,"jetpack-related-posts":[{"id":52681,"url":"https:\/\/historiografija.hr\/?p=52681","url_meta":{"origin":11580,"position":0},"title":"XIII. Festival povijesti Kliofest 2026.","author":"Branimir Jankovi\u0107","date":"27. travnja 2026.","format":false,"excerpt":"Trinaesti Festival povijesti Kliofest odr\u017eava se od 5. do 8. svibnja 2026. u Nacionalnoj i sveu\u010dili\u0161noj knji\u017enici u Zagrebu, kao i na nekoliko drugih lokacija u gradu. Cjelokupni program nalazi se u programskoj knji\u017eici u nastavku. Kliofest 2026 - ProgramPreuzmi","rel":"","context":"U &quot;Prikazi i osvrti&quot;","block_context":{"text":"Prikazi i osvrti","link":"https:\/\/historiografija.hr\/?cat=4"},"img":{"alt_text":"","src":"","width":0,"height":0},"classes":[]},{"id":52646,"url":"https:\/\/historiografija.hr\/?p=52646","url_meta":{"origin":11580,"position":1},"title":"5. MALI FESTIVAL POVIJESTI U LASTOVU","author":"Branimir Jankovi\u0107","date":"24. travnja 2026.","format":false,"excerpt":"Peti Mali festival povijesti odr\u017eava se od 25. do 27. travnja 2026. na Lastovu, u suradnji Zavoda za povijesne znanosti HAZU u Dubrovniku, Op\u0107ine Lastovo i Turisti\u010dke zajednice te uz potporu Dubrova\u010dko-neretvanske \u017eupanije. Predavanja: Dr. sc. Jasna \u010capo \u201eKu\u0107a kao zalog budu\u0107nosti i most izme\u0111u iseljenika i domovine\u201c Dr. sc.\u2026","rel":"","context":"U &quot;Novosti&quot;","block_context":{"text":"Novosti","link":"https:\/\/historiografija.hr\/?cat=3"},"img":{"alt_text":"","src":"https:\/\/i0.wp.com\/historiografija.hr\/wp-content\/uploads\/2026\/04\/Lastovo.jpg?fit=1200%2C700&ssl=1&resize=350%2C200","width":350,"height":200,"srcset":"https:\/\/i0.wp.com\/historiografija.hr\/wp-content\/uploads\/2026\/04\/Lastovo.jpg?fit=1200%2C700&ssl=1&resize=350%2C200 1x, https:\/\/i0.wp.com\/historiografija.hr\/wp-content\/uploads\/2026\/04\/Lastovo.jpg?fit=1200%2C700&ssl=1&resize=525%2C300 1.5x, https:\/\/i0.wp.com\/historiografija.hr\/wp-content\/uploads\/2026\/04\/Lastovo.jpg?fit=1200%2C700&ssl=1&resize=700%2C400 2x, https:\/\/i0.wp.com\/historiografija.hr\/wp-content\/uploads\/2026\/04\/Lastovo.jpg?fit=1200%2C700&ssl=1&resize=1050%2C600 3x"},"classes":[]},{"id":52666,"url":"https:\/\/historiografija.hr\/?p=52666","url_meta":{"origin":11580,"position":2},"title":"Najava programa Festivala povijesti Kliofest (5-8. V. 2026)","author":"Branimir Jankovi\u0107","date":"24. travnja 2026.","format":false,"excerpt":"Po trinaesti put odr\u017eava se Festival povijesti Kliofest! Do petka \u0107emo odr\u017eati osam okruglih stolova i dva kolokvija te niz predstavljanja knjiga i projekata razli\u010dite tematike, od antike do suvremenosti. Bit \u0107e predstavljeno i nekoliko izlo\u017ebi te odr\u017ean jedan povijesni kviz. Prikazat \u0107emo i jedan film \u2013 o generalu Boroevi\u0107u.\u2026","rel":"","context":"U &quot;Novosti&quot;","block_context":{"text":"Novosti","link":"https:\/\/historiografija.hr\/?cat=3"},"img":{"alt_text":"","src":"https:\/\/i0.wp.com\/historiografija.hr\/wp-content\/uploads\/2026\/04\/Kliofest-2026.jpg?fit=526%2C526&ssl=1&resize=350%2C200","width":350,"height":200,"srcset":"https:\/\/i0.wp.com\/historiografija.hr\/wp-content\/uploads\/2026\/04\/Kliofest-2026.jpg?fit=526%2C526&ssl=1&resize=350%2C200 1x, https:\/\/i0.wp.com\/historiografija.hr\/wp-content\/uploads\/2026\/04\/Kliofest-2026.jpg?fit=526%2C526&ssl=1&resize=525%2C300 1.5x"},"classes":[]},{"id":52628,"url":"https:\/\/historiografija.hr\/?p=52628","url_meta":{"origin":11580,"position":3},"title":"Predavanje dopisnog \u010dlana HAZU Alaina Finkielkrauta Izrael, Europa, antisemitizam","author":"Branimir Jankovi\u0107","date":"23. travnja 2026.","format":false,"excerpt":"Francuski filozof Alain Finkielkraut, redoviti \u010dlan Francuske akademije i dopisni \u010dlan HAZU, odr\u017eat \u0107e predavanje\u00a0Izrael, Europa, antisemitizam u utorak 28. travnja 2026. u 13 sati u Knji\u017enici HAZU,\u00a0Strossmayerov trg 14 u Zagrebu. Uvodne rije\u010di odr\u017eat \u0107e\u00a0akademkinja \u017deljka \u010corak i\u00a0akademik Dra\u017een Katunari\u0107. Predavanje \u0107e se odr\u017eati na francuskom jeziku uz konsekutivno\u2026","rel":"","context":"U &quot;Novosti&quot;","block_context":{"text":"Novosti","link":"https:\/\/historiografija.hr\/?cat=3"},"img":{"alt_text":"","src":"https:\/\/i0.wp.com\/historiografija.hr\/wp-content\/uploads\/2026\/04\/Alain_Finkielkraut.jpg?fit=350%2C407&ssl=1&resize=350%2C200","width":350,"height":200},"classes":[]},{"id":52556,"url":"https:\/\/historiografija.hr\/?p=52556","url_meta":{"origin":11580,"position":4},"title":"ZagrebDox 2026.","author":"Branimir Jankovi\u0107","date":"20. travnja 2026.","format":false,"excerpt":"Me\u0111unarodni festival dokumentarnog filma 19. - 26. travnja 2026. Kaptol Boutique Cinema, Zagreb Program i dodatne obavijesti: https:\/\/zagrebdox.net\/hr","rel":"","context":"U &quot;Filmovi i serije&quot;","block_context":{"text":"Filmovi i serije","link":"https:\/\/historiografija.hr\/?cat=13"},"img":{"alt_text":"","src":"https:\/\/i0.wp.com\/historiografija.hr\/wp-content\/uploads\/2026\/04\/DOX-logo.jpg?fit=600%2C600&ssl=1&resize=350%2C200","width":350,"height":200,"srcset":"https:\/\/i0.wp.com\/historiografija.hr\/wp-content\/uploads\/2026\/04\/DOX-logo.jpg?fit=600%2C600&ssl=1&resize=350%2C200 1x, https:\/\/i0.wp.com\/historiografija.hr\/wp-content\/uploads\/2026\/04\/DOX-logo.jpg?fit=600%2C600&ssl=1&resize=525%2C300 1.5x"},"classes":[]},{"id":52613,"url":"https:\/\/historiografija.hr\/?p=52613","url_meta":{"origin":11580,"position":5},"title":"No\u0107 knjige u Hrvatskom dr\u017eavnom arhivu","author":"Branimir Jankovi\u0107","date":"22. travnja 2026.","format":false,"excerpt":"Predstavljanje knjige Rajke Bu\u0107in \u201dLije\u010denje i zbrinjavanje \u017didova u Bolnici sestara milosrdnica u Zagrebu 1941. \u2013 1945.\u201d u \u010detvrtak, 23. travnja 2026. u 13 sati u Hrvatskom dr\u017eavnom arhivu u Zagrebu. Izvor: https:\/\/www.arhiv.hr\/hr-hr\/Kulturno-prosvjetne-aktivnosti\/ArticleId\/1986\/oamid\/1633","rel":"","context":"U &quot;Novosti&quot;","block_context":{"text":"Novosti","link":"https:\/\/historiografija.hr\/?cat=3"},"img":{"alt_text":"","src":"https:\/\/i0.wp.com\/historiografija.hr\/wp-content\/uploads\/2026\/04\/noc_knjige_2026.jpg?fit=680%2C276&ssl=1&resize=350%2C200","width":350,"height":200,"srcset":"https:\/\/i0.wp.com\/historiografija.hr\/wp-content\/uploads\/2026\/04\/noc_knjige_2026.jpg?fit=680%2C276&ssl=1&resize=350%2C200 1x, https:\/\/i0.wp.com\/historiografija.hr\/wp-content\/uploads\/2026\/04\/noc_knjige_2026.jpg?fit=680%2C276&ssl=1&resize=525%2C300 1.5x"},"classes":[]}],"_links":{"self":[{"href":"https:\/\/historiografija.hr\/index.php?rest_route=\/wp\/v2\/posts\/11580","targetHints":{"allow":["GET"]}}],"collection":[{"href":"https:\/\/historiografija.hr\/index.php?rest_route=\/wp\/v2\/posts"}],"about":[{"href":"https:\/\/historiografija.hr\/index.php?rest_route=\/wp\/v2\/types\/post"}],"author":[{"embeddable":true,"href":"https:\/\/historiografija.hr\/index.php?rest_route=\/wp\/v2\/users\/2"}],"replies":[{"embeddable":true,"href":"https:\/\/historiografija.hr\/index.php?rest_route=%2Fwp%2Fv2%2Fcomments&post=11580"}],"version-history":[{"count":2,"href":"https:\/\/historiografija.hr\/index.php?rest_route=\/wp\/v2\/posts\/11580\/revisions"}],"predecessor-version":[{"id":11584,"href":"https:\/\/historiografija.hr\/index.php?rest_route=\/wp\/v2\/posts\/11580\/revisions\/11584"}],"wp:featuredmedia":[{"embeddable":true,"href":"https:\/\/historiografija.hr\/index.php?rest_route=\/wp\/v2\/media\/11582"}],"wp:attachment":[{"href":"https:\/\/historiografija.hr\/index.php?rest_route=%2Fwp%2Fv2%2Fmedia&parent=11580"}],"wp:term":[{"taxonomy":"category","embeddable":true,"href":"https:\/\/historiografija.hr\/index.php?rest_route=%2Fwp%2Fv2%2Fcategories&post=11580"},{"taxonomy":"post_tag","embeddable":true,"href":"https:\/\/historiografija.hr\/index.php?rest_route=%2Fwp%2Fv2%2Ftags&post=11580"}],"curies":[{"name":"wp","href":"https:\/\/api.w.org\/{rel}","templated":true}]}}