{"id":11519,"date":"2018-10-03T10:07:52","date_gmt":"2018-10-03T10:07:52","guid":{"rendered":"http:\/\/historiografija.hr\/?p=11519"},"modified":"2018-10-03T10:07:52","modified_gmt":"2018-10-03T10:07:52","slug":"francois-hartog-partir-pour-la-grece-pourquoi-nous-avons-toujours-besoin-des-anciens","status":"publish","type":"post","link":"https:\/\/historiografija.hr\/?p=11519","title":{"rendered":"Fran\u00e7ois Hartog, \u00ab Partir pour la Gr\u00e8ce : Pourquoi nous avons toujours besoin des Anciens \u00bb"},"content":{"rendered":"<p>Upravo je objavljeno novo, dopunjeno izdanje knjige povjesni\u010dara Fran\u00e7oisa Hartoga koja govori o tome za\u0161to uvijek imamo potrebu za anti\u010dkom Gr\u010dkom i kako se zapadna misao kroz \u010ditavu povijest, od Rima do danas, pozivala na staru Gr\u010dku.<\/p>\n<p>&nbsp;<\/p>\n<p>&#8212;<\/p>\n<p>&nbsp;<\/p>\n<p>Fran\u00e7ois Hartog<\/p>\n<p><strong>\u00a0<\/strong><\/p>\n<p><strong>Partir pour la Gr\u00e8ce <\/strong><\/p>\n<p><strong>Pourquoi nous avons toujours besoin des Anciens<\/strong><\/p>\n<p>&nbsp;<\/p>\n<p>Nouvelle \u00e9dition revue et augment\u00e9e<\/p>\n<p>&nbsp;<\/p>\n<p>\u00abLa Gr\u00e8ce antique est la plus belle invention des temps modernes\u00bb, \u00e9crivait Paul Val\u00e9ry. Son h\u00e9ritage, si longtemps plac\u00e9 au c\u0153ur de la culture europ\u00e9enne, est fait de multiples voyages vers un objet fa\u00e7onn\u00e9 et refa\u00e7onn\u00e9 au fil des si\u00e8cles. De quelles significations la Gr\u00e8ce a-t-elle \u00e9t\u00e9 successivement porteuse, \u00e0 Rome, au Moyen \u00c2ge, \u00e0 la Renaissance et depuis la R\u00e9volution fran\u00e7aise? De quelles mani\u00e8res a-t-elle aid\u00e9 \u00e0 d\u00e9finir les identit\u00e9s culturelles ou nationales, la d\u00e9mocratie, l\u2019histoire? Et quel sens peut-il y avoir, aujourd\u2019hui encore, \u00e0 \u00abpartir pour la Gr\u00e8ce\u00bb?<\/p>\n<p>Par une r\u00e9flexion lumineuse qui nous conduit d\u2019H\u00e9rodote \u00e0 Jean-Pierre Vernant, en passant notamment par Plutarque, Montaigne ou Fustel de Coulanges, Fran\u00e7ois Hartog permet de comprendre l\u2019\u00e9mergence et les transformations de ce rep\u00e8re majeur de la pens\u00e9e occidentale qu\u2019on appelle la Gr\u00e8ce.<\/p>\n<p>&nbsp;<\/p>\n<p>Flammarion<\/p>\n<p>Champs histoire<\/p>\n<p>Paru le 03\/10\/2018<\/p>\n<p>Genre : Histoire<\/p>\n<p>304 pages<\/p>\n<p>&nbsp;<\/p>\n<p>&nbsp;<\/p>\n<p><a href=\"https:\/\/editions.flammarion.com\/Catalogue\/champs-histoire\/partir-pour-la-grece\">https:\/\/editions.flammarion.com\/Catalogue\/champs-histoire\/partir-pour-la-grece<\/a><\/p>\n<p>&nbsp;<\/p>\n<p>&nbsp;<\/p>\n","protected":false},"excerpt":{"rendered":"","protected":false},"author":2,"featured_media":11520,"comment_status":"open","ping_status":"open","sticky":false,"template":"","format":"standard","meta":{"_acf_changed":false,"jetpack_post_was_ever_published":false,"_jetpack_newsletter_access":"","_jetpack_dont_email_post_to_subs":false,"_jetpack_newsletter_tier_id":0,"_jetpack_memberships_contains_paywalled_content":false,"_jetpack_memberships_contains_paid_content":false,"footnotes":"","jetpack_publicize_message":"","jetpack_publicize_feature_enabled":true,"jetpack_social_post_already_shared":true,"jetpack_social_options":{"image_generator_settings":{"template":"highway","default_image_id":0,"font":"","enabled":false},"version":2}},"categories":[8,3],"tags":[],"class_list":["post-11519","post","type-post","status-publish","format-standard","has-post-thumbnail","hentry","category-knjige","category-novosti"],"acf":{"facebook_opis":""},"jetpack_publicize_connections":[],"jetpack_featured_media_url":"https:\/\/i0.wp.com\/historiografija.hr\/wp-content\/uploads\/2018\/10\/Hartog.jpg?fit=277%2C456&ssl=1","jetpack_sharing_enabled":true,"jetpack-related-posts":[{"id":52628,"url":"https:\/\/historiografija.hr\/?p=52628","url_meta":{"origin":11519,"position":0},"title":"Predavanje dopisnog \u010dlana HAZU Alaina Finkielkrauta Izrael, Europa, antisemitizam","author":"Branimir Jankovi\u0107","date":"23. travnja 2026.","format":false,"excerpt":"Francuski filozof Alain Finkielkraut, redoviti \u010dlan Francuske akademije i dopisni \u010dlan HAZU, odr\u017eat \u0107e predavanje\u00a0Izrael, Europa, antisemitizam u utorak 28. travnja 2026. u 13 sati u Knji\u017enici HAZU,\u00a0Strossmayerov trg 14 u Zagrebu. Uvodne rije\u010di odr\u017eat \u0107e\u00a0akademkinja \u017deljka \u010corak i\u00a0akademik Dra\u017een Katunari\u0107. Predavanje \u0107e se odr\u017eati na francuskom jeziku uz konsekutivno\u2026","rel":"","context":"U &quot;Novosti&quot;","block_context":{"text":"Novosti","link":"https:\/\/historiografija.hr\/?cat=3"},"img":{"alt_text":"","src":"https:\/\/i0.wp.com\/historiografija.hr\/wp-content\/uploads\/2026\/04\/Alain_Finkielkraut.jpg?fit=350%2C407&ssl=1&resize=350%2C200","width":350,"height":200},"classes":[]}],"_links":{"self":[{"href":"https:\/\/historiografija.hr\/index.php?rest_route=\/wp\/v2\/posts\/11519","targetHints":{"allow":["GET"]}}],"collection":[{"href":"https:\/\/historiografija.hr\/index.php?rest_route=\/wp\/v2\/posts"}],"about":[{"href":"https:\/\/historiografija.hr\/index.php?rest_route=\/wp\/v2\/types\/post"}],"author":[{"embeddable":true,"href":"https:\/\/historiografija.hr\/index.php?rest_route=\/wp\/v2\/users\/2"}],"replies":[{"embeddable":true,"href":"https:\/\/historiografija.hr\/index.php?rest_route=%2Fwp%2Fv2%2Fcomments&post=11519"}],"version-history":[{"count":1,"href":"https:\/\/historiografija.hr\/index.php?rest_route=\/wp\/v2\/posts\/11519\/revisions"}],"predecessor-version":[{"id":11521,"href":"https:\/\/historiografija.hr\/index.php?rest_route=\/wp\/v2\/posts\/11519\/revisions\/11521"}],"wp:featuredmedia":[{"embeddable":true,"href":"https:\/\/historiografija.hr\/index.php?rest_route=\/wp\/v2\/media\/11520"}],"wp:attachment":[{"href":"https:\/\/historiografija.hr\/index.php?rest_route=%2Fwp%2Fv2%2Fmedia&parent=11519"}],"wp:term":[{"taxonomy":"category","embeddable":true,"href":"https:\/\/historiografija.hr\/index.php?rest_route=%2Fwp%2Fv2%2Fcategories&post=11519"},{"taxonomy":"post_tag","embeddable":true,"href":"https:\/\/historiografija.hr\/index.php?rest_route=%2Fwp%2Fv2%2Ftags&post=11519"}],"curies":[{"name":"wp","href":"https:\/\/api.w.org\/{rel}","templated":true}]}}