{"id":11516,"date":"2018-10-03T08:19:53","date_gmt":"2018-10-03T08:19:53","guid":{"rendered":"http:\/\/historiografija.hr\/?p=11516"},"modified":"2018-10-03T08:19:53","modified_gmt":"2018-10-03T08:19:53","slug":"predstavljen-novopronadeni-ulomak-lumbarajske-psefizme","status":"publish","type":"post","link":"https:\/\/historiografija.hr\/?p=11516","title":{"rendered":"Predstavljen novoprona\u0111eni ulomak Lumbarajske psefizme"},"content":{"rendered":"<p>Novoprona\u0111eni ulomak Lumbarajske psefizme, monumentalnog starogr\u010dkog kamenog natpisa iz 3. stolje\u0107a koji dokumentira osnivanje gr\u010dke kolonije na Kor\u010duli i jedan od najzna\u010dajnijih spomenika gr\u010dke civilizacije u Hrvatskoj, predstavljen je u utorak u zagreba\u010dkom Arheolo\u0161kom muzeju u kojemu se taj vrijedni pronalazak \u010duva.<\/p>\n<p>U sklopu istra\u017eivanja koja od 2007. provodi <strong>Hrvoje Potrebica<\/strong> ove godine prona\u0111en je novi ulomak natpisa koji je, s obzirom da je rije\u010d o dijelu postoje\u0107eg spomenika, predan Arheolo\u0161kom muzeju, s namjerom da se integrira u cjeloviti spomenik. Psefizma sadr\u017ei odluku kojom se reguliraju imovinski odnosi gr\u010dkih naseljenika na Kor\u010duli i popis naseljenika.<\/p>\n<p>&#8220;Arheolo\u0161ka istra\u017eivanja na tom podru\u010dju po\u010dela su prije vi\u0161e od jednog stolje\u0107a upravo pronalascima prvih ulomaka psefizme, a jednu od va\u017enih uloga imao je i Arheolo\u0161ki muzej u Zagrebu&#8221;, rekao je Potrebica prigodom sve\u010dane primopredaje tog spomenika od nacionalne i svjetske va\u017enosti.<\/p>\n<p>Dodao je kako Lumbarda posjeduje golemi arheolo\u0161ki potencijal u smislu za\u0161tite kulturne ba\u0161tine i u smislu istra\u017eiva\u010dke komponente. &#8220;Radimo evidenciju ba\u0161tine na tom podru\u010dju, shvatili smo da istra\u017eivanje nalazi\u0161te po nalazi\u0161te nema smisla, ve\u0107 smo po\u010deli promatrati prostor onako kako ga promatra moderna arheolo\u0161ka znanost, kao arheolo\u0161ki krajolik&#8221;, napomenuo je.<\/p>\n<p>Potrebica smatra kako se treba napraviti za\u0161tita i prezentacija helenisti\u010dke cisterne u Lumbardi u kojoj su prona\u0111eni dijelovi psefizme i koja svjedo\u010di i o tome koliku je va\u017enost imala za tada\u0161nje stanovni\u0161tvo.<\/p>\n<p>Novosti aktualnog otkri\u0107a, desnog ugla spomenika koji sadr\u017ei zavr\u0161etke prvih desetak redaka teksta u kojemu se nalaze va\u017eni povijesni podaci, predstavila je <strong>Jelena Marohni\u0107<\/strong>, docentica na Odsjeku za povijest Filozofskog fakulteta Sveu\u010dili\u0161ta u Zagrebu.<\/p>\n<p>Iako su \u010ditanja tog dijela spomenika jo\u0161 u tijeku, jasno je da su se dosada\u0161nje spoznaje promijenile. &#8220;Novi ulomak spaja se s malim ulomkom objavljenim 2005., povr\u0161ina mu je jako o\u0161te\u0107ena te je pri \u010ditanju va\u017eno 3D modeliranje koje omogu\u0107uje da se pro\u010dita i ono \u0161to se ne vidi golim okom&#8221;, rekla je.<\/p>\n<p>&#8220;Op\u0107e je poznato da se na po\u010detku teksta zaziva sre\u0107a, da se dokument datira po hijeromnamonu, a nakon prve lakune se spominju Isejci, no na novom ulomku se \u010dita rije\u010d arhegeti, osniva\u010di&#8221;, ustvrdila je Marohni\u0107.<\/p>\n<p>Novost je i da prvi naseljenici nisu dobili samo po tri pletra poljoprivrednog zemlji\u0161ta kako se mislilo ranije, nego po pletar i tri susjedna, a otkrilo se i da se spominje nacrt u koji se upisuje gdje je svaki naseljenik dobio zemlju.<\/p>\n<p>&#8220;Lumbarajska psefizma nije samo izniman arheolo\u0161ki spomenik, nego i pravni, s obzirom da je to dekret narodne skup\u0161tine o utemeljenju nove kolonije i podjeli zemlje, ali to je ujedno i simbol koji danas spaja Gr\u010dku i Hrvatskoj&#8221;, rekao je <strong>Sanjin Miheli\u0107<\/strong>, ravnatelj Arheolo\u0161kog muzeja u Zagrebu u prigodi sve\u010dane primopredaje psefizme.<\/p>\n<p>Najavio je da \u0107e se tijekom idu\u0107e godine u tom muzeju odr\u017eati najmanje desetak predavanja i doga\u0111anja znanstveno-popularnog programa posve\u0107enog Lumbarajskoj psefizmi, a ona \u0107e biti i jedna od tema na Me\u0111unarodnoj konferenciji o arheolo\u0161kom turizmu u svibnju 2019.\u00a0 u Zagrebu.<\/p>\n<p>Izaslanik ministrice kulture Republike Hrvatske <strong>Zoran Wiewegh<\/strong> podsjetio je na dobru kulturnu suradnju s Gr\u010dkom proteklih godina, a o\u010dekuje da \u0107e broj programa u skorije vrijeme biti jo\u0161 ve\u0107i.<\/p>\n<p>Ve\u0107 u prvoj polovici 2020. organizirat \u0107e se razmjene arheolo\u0161kih izlo\u017ebi dviju dr\u017eava, a nositelji programa su nacionalni arheolo\u0161ki muzeji u Ateni i u Zagrebu. Prva izlo\u017eba odr\u017eat \u0107e se u Hrvatskoj.<\/p>\n<p>&#8220;S obzirom da je cilj prikazati arheolo\u0161ku ba\u0161tinu i bogatstvo gr\u010dke civilizacije u zapadnom svijetu u tom svjetlu je i nalaz Lumbarajske psefizme od iznimnog zna\u010daja&#8221;, naglasio je, obe\u0107av\u0161i tim arheolo\u0161kim istra\u017eivanjima daljnju potporu Ministarstva kulture.<\/p>\n<p><strong>Stavros Tsiepas<\/strong>, gr\u010dki veleposlanik u Hrvatskoj, pohvalio je dobru kulturnu suradnju dviju zemalja, izraziv\u0161i nadu da \u0107e ona jo\u0161 ja\u010dati.<\/p>\n<p>&#8220;Napravili smo prve kontakte, a ovisi o birokraciji kako \u0107e se nastaviti i pro\u0161iriti suradnja koja \u0107e biti jedinstvena s obzirom da je Hrvatska jedna od rijetkih zemalja u Europskoj uniji gdje nalazi\u0161ta gr\u010dke ba\u0161tine nisu pokradena&#8221;, rekao je.<\/p>\n<p>&#8220;Impresionirala me i jako visoka kvaliteta arheologa i sveu\u010dili\u0161nih profesora u Hrvatskoj koji se bave rimskom i gr\u010dkom arheologijom, \u0161to je temelj za realizaciju dobrih programa&#8221;, ustvrdio je.<\/p>\n<p>&nbsp;<\/p>\n<p>1877. mje\u0161tanin na\u0161ao prvi ulomak natpisa<\/p>\n<p>&nbsp;<\/p>\n<p>Op\u0107ina Lumbarda zainteresirana je za za\u0161titu i prezentaciju tog lokaliteta, potencijalne kulturno-turisti\u010dke atrakcije. &#8220;Lumbarda je krajem 19. stolje\u0107a, kada je otkriven segment psefizme, na velika vrata u\u0161la u svijet arheologije, a u 141 godini otkad je na\u0161 mje\u0161tanin <strong>Bo\u017eo Kr\u0161ini\u0107<\/strong> otkrio prve komade psefizme nikad kao u zadnjih deset godina nije bilo tako ozbiljnog istra\u017eivanja&#8221;, ocijenio je <strong>Igor Kr\u0161ini\u0107<\/strong>, na\u010delnik Op\u0107ine Lumbarda.<\/p>\n<p>Kr\u0161ini\u0107 je zadovoljan suradnjom lokalne samouprave s timom arheologa te je obe\u0107ao daljnju potporu, pozvav\u0161i Ministarstvo kulture i druge institucije da izdvoje \u0161to vi\u0161e sredstava za istra\u017eivanja u budu\u0107em razdoblju.<\/p>\n<p>Prvi ulomci Lumbarajske psefizme prona\u0111eni su 1877. na bre\u017euljku Koludrtu u ru\u0161evinama srednjovjekovne crkve. Spomenik se sastoji od dva dijela &#8211; zaklju\u010dka kojim je narodna skup\u0161tina utemeljila koloniju i podijelila zemlju doseljenicima te popisa oko dvije stotine kolonista koji su razvrstanih u trima dorskim plemenima Dimanima, Hilima i Pamfilima.<\/p>\n<p>&nbsp;<\/p>\n<p>Izvor:<\/p>\n<p>&nbsp;<\/p>\n<p>HINA<\/p>\n<p>&nbsp;<\/p>\n<p><a href=\"https:\/\/www.jutarnji.hr\/kultura\/top\/lumbarajska-psefizma-predstavljen-novopronadeni-ulomak-kamenog-natpisa-iz-3-stoljeca-dokument-osnivanja-drevne-grcke-kolonije-na-korculi\/7897347\/\">https:\/\/www.jutarnji.hr\/kultura\/top\/lumbarajska-psefizma-predstavljen-novopronadeni-ulomak-kamenog-natpisa-iz-3-stoljeca-dokument-osnivanja-drevne-grcke-kolonije-na-korculi\/7897347\/<\/a><\/p>\n<p>&nbsp;<\/p>\n<p><a href=\"https:\/\/www.culturenet.hr\/default.aspx?id=86695\">https:\/\/www.culturenet.hr\/default.aspx?id=86695<\/a><\/p>\n<p>&nbsp;<\/p>\n<p><span class=\"embed-youtube\" style=\"text-align:center; display: block;\"><iframe loading=\"lazy\" class=\"youtube-player\" width=\"860\" height=\"484\" src=\"https:\/\/www.youtube.com\/embed\/I1rw1o4axiI?version=3&#038;rel=1&#038;showsearch=0&#038;showinfo=1&#038;iv_load_policy=1&#038;fs=1&#038;hl=hr&#038;autohide=2&#038;wmode=transparent\" allowfullscreen=\"true\" style=\"border:0;\" sandbox=\"allow-scripts allow-same-origin allow-popups allow-presentation allow-popups-to-escape-sandbox\"><\/iframe><\/span><\/p>\n<p>&nbsp;<\/p>\n<p>&nbsp;<\/p>\n","protected":false},"excerpt":{"rendered":"","protected":false},"author":2,"featured_media":11517,"comment_status":"open","ping_status":"open","sticky":false,"template":"","format":"standard","meta":{"_acf_changed":false,"jetpack_post_was_ever_published":false,"_jetpack_newsletter_access":"","_jetpack_dont_email_post_to_subs":false,"_jetpack_newsletter_tier_id":0,"_jetpack_memberships_contains_paywalled_content":false,"_jetpack_memberships_contains_paid_content":false,"footnotes":"","jetpack_publicize_message":"","jetpack_publicize_feature_enabled":true,"jetpack_social_post_already_shared":true,"jetpack_social_options":{"image_generator_settings":{"template":"highway","default_image_id":0,"font":"","enabled":false},"version":2}},"categories":[3],"tags":[],"class_list":["post-11516","post","type-post","status-publish","format-standard","has-post-thumbnail","hentry","category-novosti"],"acf":{"facebook_opis":""},"jetpack_publicize_connections":[],"jetpack_featured_media_url":"https:\/\/i0.wp.com\/historiografija.hr\/wp-content\/uploads\/2018\/10\/Damjan-Tadic-HANZA-MEDIA.jpg?fit=780%2C462&ssl=1","jetpack_sharing_enabled":true,"jetpack-related-posts":[{"id":52502,"url":"https:\/\/historiografija.hr\/?p=52502","url_meta":{"origin":11516,"position":0},"title":"Novi znanstveni projekt Hrvatskog instituta za povijest: \u201c\u017drtve ratova i dr\u017eavnog\/politi\u010dkog nasilja u hrvatskoj povijesti 20. stolje\u0107a\u201d","author":"Branimir Jankovi\u0107","date":"17. travnja 2026.","format":false,"excerpt":"Na redovitoj sjednici Vlade RH, 16. travnja 2026., donijet je Zaklju\u010dak kojim se pokre\u0107e znanstveni projekt \u201c\u017drtve ratova i dr\u017eavnog\/politi\u010dkog nasilja u hrvatskoj povijesti 20. stolje\u0107a\u201d. Projekt \u0107e provoditi i koordinirati Hrvatski institut za povijest u razdoblju trajanja projekta od pet godina. Zakljucak Vlade RH Iz teksta projektnog prijedloga: Problematika\u2026","rel":"","context":"U &quot;Novosti&quot;","block_context":{"text":"Novosti","link":"https:\/\/historiografija.hr\/?cat=3"},"img":{"alt_text":"","src":"https:\/\/i0.wp.com\/historiografija.hr\/wp-content\/uploads\/2026\/04\/Vlada-RH.jpg?fit=1200%2C557&ssl=1&resize=350%2C200","width":350,"height":200,"srcset":"https:\/\/i0.wp.com\/historiografija.hr\/wp-content\/uploads\/2026\/04\/Vlada-RH.jpg?fit=1200%2C557&ssl=1&resize=350%2C200 1x, https:\/\/i0.wp.com\/historiografija.hr\/wp-content\/uploads\/2026\/04\/Vlada-RH.jpg?fit=1200%2C557&ssl=1&resize=525%2C300 1.5x, https:\/\/i0.wp.com\/historiografija.hr\/wp-content\/uploads\/2026\/04\/Vlada-RH.jpg?fit=1200%2C557&ssl=1&resize=700%2C400 2x, https:\/\/i0.wp.com\/historiografija.hr\/wp-content\/uploads\/2026\/04\/Vlada-RH.jpg?fit=1200%2C557&ssl=1&resize=1050%2C600 3x"},"classes":[]},{"id":52539,"url":"https:\/\/historiografija.hr\/?p=52539","url_meta":{"origin":11516,"position":1},"title":"Drugi po redu studentski simpozij &#8220;In fonte veritas&#8221;","author":"Branimir Jankovi\u0107","date":"20. travnja 2026.","format":false,"excerpt":"U srijedu, 22. travnja 2026. godine, u dvorani C 0.4 na Hrvatskom katoli\u010dkom sveu\u010dili\u0161tu odr\u017eat \u0107e se drugi studentski simpozij \u201eIn fonte veritas\". Ovogodi\u0161nja sredi\u0161nja tema simpozija je Papinstvo. Kroz istra\u017eiva\u010dko suo\u010davanje s povijesnim izvorima deset \u0107e studenata predstaviti rezultate svojih istra\u017eivanja o instituciji koja je stolje\u0107ima oblikovala europsku i\u2026","rel":"","context":"U &quot;Novosti&quot;","block_context":{"text":"Novosti","link":"https:\/\/historiografija.hr\/?cat=3"},"img":{"alt_text":"","src":"https:\/\/i0.wp.com\/historiografija.hr\/wp-content\/uploads\/2026\/04\/Papinstvo.png?fit=1024%2C500&ssl=1&resize=350%2C200","width":350,"height":200,"srcset":"https:\/\/i0.wp.com\/historiografija.hr\/wp-content\/uploads\/2026\/04\/Papinstvo.png?fit=1024%2C500&ssl=1&resize=350%2C200 1x, https:\/\/i0.wp.com\/historiografija.hr\/wp-content\/uploads\/2026\/04\/Papinstvo.png?fit=1024%2C500&ssl=1&resize=525%2C300 1.5x, https:\/\/i0.wp.com\/historiografija.hr\/wp-content\/uploads\/2026\/04\/Papinstvo.png?fit=1024%2C500&ssl=1&resize=700%2C400 2x"},"classes":[]},{"id":52592,"url":"https:\/\/historiografija.hr\/?p=52592","url_meta":{"origin":11516,"position":2},"title":"Predstavljanje knjige &#8220;Turska ku\u0107a u Rijeci&#8221; u Zagrebu","author":"Branimir Jankovi\u0107","date":"22. travnja 2026.","format":false,"excerpt":"U prostorijama Turskog kulturnog centra Yunus Emre u Zagrebu, u utorak 21. travnja 2026. godine, odr\u017eano je sve\u010dano predstavljanje dopunjenog izdanja knjige Turska ku\u0107a u Rijeci, u organizaciji Hrvatsko-turskog dru\u0161tva Rijeka i partnerstvu sa Skupinom prijateljstva Hrvatska-Turska Hrvatskog sabora, Veleposlanstvom Republike Turske u Republici Hrvatskoj te Turskim kulturnim centrom Yunus\u2026","rel":"","context":"U &quot;Novosti&quot;","block_context":{"text":"Novosti","link":"https:\/\/historiografija.hr\/?cat=3"},"img":{"alt_text":"","src":"https:\/\/i0.wp.com\/historiografija.hr\/wp-content\/uploads\/2026\/04\/Turska-kuca-ZG.jpg?fit=1200%2C800&ssl=1&resize=350%2C200","width":350,"height":200,"srcset":"https:\/\/i0.wp.com\/historiografija.hr\/wp-content\/uploads\/2026\/04\/Turska-kuca-ZG.jpg?fit=1200%2C800&ssl=1&resize=350%2C200 1x, https:\/\/i0.wp.com\/historiografija.hr\/wp-content\/uploads\/2026\/04\/Turska-kuca-ZG.jpg?fit=1200%2C800&ssl=1&resize=525%2C300 1.5x, https:\/\/i0.wp.com\/historiografija.hr\/wp-content\/uploads\/2026\/04\/Turska-kuca-ZG.jpg?fit=1200%2C800&ssl=1&resize=700%2C400 2x, https:\/\/i0.wp.com\/historiografija.hr\/wp-content\/uploads\/2026\/04\/Turska-kuca-ZG.jpg?fit=1200%2C800&ssl=1&resize=1050%2C600 3x"},"classes":[]},{"id":52733,"url":"https:\/\/historiografija.hr\/?p=52733","url_meta":{"origin":11516,"position":3},"title":"Vlado Raji\u0107 \u201eGranica na kraju stolje\u0107a\u201c","author":"Filip \u0160imunjak","date":"29. travnja 2026.","format":false,"excerpt":"U suizdanju Durieuxa i Beletre objavljena je 2025. godine knjiga Granica na kraju stolje\u0107a autora Vlade Raji\u0107a.\u00a0 O knjizi\u00a0 Romansirana biografija Vladimira Iblera mnogo je vi\u0161e od zanimljive pri\u010de o privatnom \u017eivotu i impresivnoj profesionalnoj karijeri istaknutog stru\u010dnjaka za me\u0111unarodno pravo i dugo\u00adgodi\u0161njeg profesora na zagreba\u010dkom Pravnom fakultetu, akademika, koji\u2026","rel":"","context":"U &quot;Knjige&quot;","block_context":{"text":"Knjige","link":"https:\/\/historiografija.hr\/?cat=8"},"img":{"alt_text":"","src":"https:\/\/i0.wp.com\/historiografija.hr\/wp-content\/uploads\/2026\/04\/VLADO-RAJIC-GRANICA-NA-KRAJU-STOLJECA.jpg?fit=450%2C650&ssl=1&resize=350%2C200","width":350,"height":200},"classes":[]},{"id":52657,"url":"https:\/\/historiografija.hr\/?p=52657","url_meta":{"origin":11516,"position":4},"title":"[Predavanje] Jezik i drugost u (post)socijalisti\u010dkoj Srbiji: diskurzivne politike identiteta (YugoLab)","author":"Branimir Jankovi\u0107","date":"24. travnja 2026.","format":false,"excerpt":"U sklopu projekta Prizma \/ IMAGINATION (\u201eZami\u0161ljanje nacije: srpski nacionalni narativi u sporu (XX\u2013XXI vek)\u201c), koji se realizuje na Institutu za filozofiju i dru\u0161tvenu teoriju Univerziteta u Beogradu (2024\u20132027) uz finansijsku podr\u0161ku Fonda za nauku Republike Srbije, organizuje se serija predavanja na kojoj istra\u017eiva\u010di i istra\u017eiva\u010dice projekta predstavljaju rezultate svojih\u2026","rel":"","context":"U &quot;Novosti&quot;","block_context":{"text":"Novosti","link":"https:\/\/historiografija.hr\/?cat=3"},"img":{"alt_text":"","src":"https:\/\/i0.wp.com\/historiografija.hr\/wp-content\/uploads\/2026\/04\/IFDT_28_IV.png?fit=1200%2C675&ssl=1&resize=350%2C200","width":350,"height":200,"srcset":"https:\/\/i0.wp.com\/historiografija.hr\/wp-content\/uploads\/2026\/04\/IFDT_28_IV.png?fit=1200%2C675&ssl=1&resize=350%2C200 1x, https:\/\/i0.wp.com\/historiografija.hr\/wp-content\/uploads\/2026\/04\/IFDT_28_IV.png?fit=1200%2C675&ssl=1&resize=525%2C300 1.5x, https:\/\/i0.wp.com\/historiografija.hr\/wp-content\/uploads\/2026\/04\/IFDT_28_IV.png?fit=1200%2C675&ssl=1&resize=700%2C400 2x, https:\/\/i0.wp.com\/historiografija.hr\/wp-content\/uploads\/2026\/04\/IFDT_28_IV.png?fit=1200%2C675&ssl=1&resize=1050%2C600 3x"},"classes":[]},{"id":52499,"url":"https:\/\/historiografija.hr\/?p=52499","url_meta":{"origin":11516,"position":5},"title":"POTPISAN UGOVOR O ZNANSTVENO-ISTRA\u017dIVA\u010cKOJ SURADNJI: PROJEKT \u201eTEMELJI HRVATSKE SAMOSTALNOSTI\u201d","author":"Branimir Jankovi\u0107","date":"17. travnja 2026.","format":false,"excerpt":"Hrvatski institut za povijest, Sveu\u010dili\u0161te obrane i sigurnosti \u201eDr. Franjo Tu\u0111man\u201d, Institut dru\u0161tvenih znanosti Ivo Pilar i Hrvatski dr\u017eavni arhiv\u00a0potpisali su 23. o\u017eujka 2026.\u00a0Ugovor o znanstveno-istra\u017eiva\u010dkoj suradnji s ciljem provedbe projekta \u201eTemelji hrvatske samostalnosti\u201d. Tim projektom obuhva\u0107a se istra\u017eivanje arhivskoga gradiva, priprema znanstvenih publikacija, digitalizacija i javna prezentacija rezultata istra\u017eivanja\u2026","rel":"","context":"U &quot;Novosti&quot;","block_context":{"text":"Novosti","link":"https:\/\/historiografija.hr\/?cat=3"},"img":{"alt_text":"","src":"https:\/\/i0.wp.com\/historiografija.hr\/wp-content\/uploads\/2026\/04\/THS_sporazum.jpg?fit=1200%2C583&ssl=1&resize=350%2C200","width":350,"height":200,"srcset":"https:\/\/i0.wp.com\/historiografija.hr\/wp-content\/uploads\/2026\/04\/THS_sporazum.jpg?fit=1200%2C583&ssl=1&resize=350%2C200 1x, https:\/\/i0.wp.com\/historiografija.hr\/wp-content\/uploads\/2026\/04\/THS_sporazum.jpg?fit=1200%2C583&ssl=1&resize=525%2C300 1.5x, https:\/\/i0.wp.com\/historiografija.hr\/wp-content\/uploads\/2026\/04\/THS_sporazum.jpg?fit=1200%2C583&ssl=1&resize=700%2C400 2x, https:\/\/i0.wp.com\/historiografija.hr\/wp-content\/uploads\/2026\/04\/THS_sporazum.jpg?fit=1200%2C583&ssl=1&resize=1050%2C600 3x"},"classes":[]}],"_links":{"self":[{"href":"https:\/\/historiografija.hr\/index.php?rest_route=\/wp\/v2\/posts\/11516","targetHints":{"allow":["GET"]}}],"collection":[{"href":"https:\/\/historiografija.hr\/index.php?rest_route=\/wp\/v2\/posts"}],"about":[{"href":"https:\/\/historiografija.hr\/index.php?rest_route=\/wp\/v2\/types\/post"}],"author":[{"embeddable":true,"href":"https:\/\/historiografija.hr\/index.php?rest_route=\/wp\/v2\/users\/2"}],"replies":[{"embeddable":true,"href":"https:\/\/historiografija.hr\/index.php?rest_route=%2Fwp%2Fv2%2Fcomments&post=11516"}],"version-history":[{"count":1,"href":"https:\/\/historiografija.hr\/index.php?rest_route=\/wp\/v2\/posts\/11516\/revisions"}],"predecessor-version":[{"id":11518,"href":"https:\/\/historiografija.hr\/index.php?rest_route=\/wp\/v2\/posts\/11516\/revisions\/11518"}],"wp:featuredmedia":[{"embeddable":true,"href":"https:\/\/historiografija.hr\/index.php?rest_route=\/wp\/v2\/media\/11517"}],"wp:attachment":[{"href":"https:\/\/historiografija.hr\/index.php?rest_route=%2Fwp%2Fv2%2Fmedia&parent=11516"}],"wp:term":[{"taxonomy":"category","embeddable":true,"href":"https:\/\/historiografija.hr\/index.php?rest_route=%2Fwp%2Fv2%2Fcategories&post=11516"},{"taxonomy":"post_tag","embeddable":true,"href":"https:\/\/historiografija.hr\/index.php?rest_route=%2Fwp%2Fv2%2Ftags&post=11516"}],"curies":[{"name":"wp","href":"https:\/\/api.w.org\/{rel}","templated":true}]}}