{"id":11507,"date":"2018-10-02T10:56:54","date_gmt":"2018-10-02T10:56:54","guid":{"rendered":"http:\/\/historiografija.hr\/?p=11507"},"modified":"2018-10-02T11:03:13","modified_gmt":"2018-10-02T11:03:13","slug":"france-culture-notre-besoin-dhistoire","status":"publish","type":"post","link":"https:\/\/historiografija.hr\/?p=11507","title":{"rendered":"France Culture: \u00ab Notre besoin d&#8217;histoire \u00bb"},"content":{"rendered":"<p>Na Francuskom radiju (kulturnom programu) nama dobro poznati povjesni\u010dar Patrick Boucheron vodio je pro\u0161li tjedan seriju emisija \u00ab\u00a0Notre besoin d&#8217;histoire\u00a0\u00bb o na\u0161oj potrebi za povije\u0161\u0107u. U jednoj od njih povjesni\u010dar\u00a0obrazovanja Beno\u00eet Falaize isti\u010de da je va\u017enost podu\u010davanja povijesti u tome kako bi se izbjeglo ono najgore \u0161to kao isku\u0161enje postoji u svim narodima te da bi se mladima pokazalo \u0161to se dogodilo i naglasilo da imaju izbor u\u010diniti ne\u0161to druga\u010dije.<\/p>\n<p>&nbsp;<\/p>\n<p>&#8212;<\/p>\n<p>&nbsp;<\/p>\n<p><strong>France Culture<\/strong><\/p>\n<p>&nbsp;<\/p>\n<p>Savoirs<\/p>\n<p>&nbsp;<\/p>\n<p><em>Mati\u00e8res \u00e0 penser<\/em> par <strong>Patrick Boucheron<\/strong><\/p>\n<p>&nbsp;<\/p>\n<p>du lundi au vendredi\u2009de\u200922h15\u2009\u00e0\u200923h<\/p>\n<p>&nbsp;<\/p>\n<p>&nbsp;<\/p>\n<p><strong>Notre besoin d&#8217;histoire<\/strong> (1\/5)<\/p>\n<p>&nbsp;<\/p>\n<p>L\u2019historienne en sa maison<\/p>\n<p>&nbsp;<\/p>\n<p>24\/09\/2018<\/p>\n<p>&nbsp;<\/p>\n<p>Comment dire notre besoin d\u2019histoire ? Pour cette premi\u00e8re semaine o\u00f9 l\u2019histoire est donn\u00e9e comme une mati\u00e8re \u00e0 penser, on a voulu composer un ensemble de portraits de voix. Nous entamons cette s\u00e9rie avec Michelle Perrot.<\/p>\n<p>&nbsp;<\/p>\n<p><a href=\"https:\/\/www.franceculture.fr\/emissions\/matieres-a-penser\/matieres-a-penser-du-lundi-24-septembre-2018\">https:\/\/www.franceculture.fr\/emissions\/matieres-a-penser\/matieres-a-penser-du-lundi-24-septembre-2018<\/a><\/p>\n<p>&nbsp;<\/p>\n<p>&#8212;<\/p>\n<p><strong>\u00a0<\/strong><\/p>\n<p><strong>Notre besoin d&#8217;histoire<\/strong> (2\/5)<\/p>\n<p>&nbsp;<\/p>\n<p>Le r\u00eave colonial de Louis-Gustave Binger<\/p>\n<p>&nbsp;<\/p>\n<p>25\/09\/2018<\/p>\n<p>&nbsp;<\/p>\n<p>Comment dire notre besoin d\u2019histoire ? Pour cette premi\u00e8re semaine o\u00f9 l\u2019histoire est donn\u00e9e comme une mati\u00e8re \u00e0 penser, on a voulu composer un ensemble de portraits de voix. Rencontre avec le romancier Gauz.<\/p>\n<p>&nbsp;<\/p>\n<p><a href=\"https:\/\/www.franceculture.fr\/emissions\/matieres-a-penser\/matieres-a-penser-du-mardi-25-septembre-2018\">https:\/\/www.franceculture.fr\/emissions\/matieres-a-penser\/matieres-a-penser-du-mardi-25-septembre-2018<\/a><\/p>\n<p>&nbsp;<\/p>\n<p>&#8212;<\/p>\n<p>&nbsp;<\/p>\n<p><strong>Notre besoin d&#8217;histoire<\/strong> (3\/5)<\/p>\n<p>&nbsp;<\/p>\n<p>L\u2019\u00e9cole, la nation et la joie d&#8217;enseigner<\/p>\n<p>&nbsp;<\/p>\n<p>26\/09\/2018<\/p>\n<p>&nbsp;<\/p>\n<p>Comment dire notre besoin d\u2019histoire ? Pour cette premi\u00e8re semaine o\u00f9 l\u2019histoire est donn\u00e9e comme une mati\u00e8re \u00e0 penser, on a voulu composer un ensemble de portraits de voix. Rencontre avec Beno\u00eet Falaize, historien de l&#8217;\u00e9cole, chercheur correspondant au Centre d&#8217;histoire de Sciences Po.<\/p>\n<p>&nbsp;<\/p>\n<p><em>A quoi \u00e7a sert d\u2019enseigner l\u2019histoire ? (\u2026) C\u2019est \u00e9viter le pire. Il y a cette tentation du pire aujourd\u2019hui dans tous les peuples et aucun r\u00e9gime d\u00e9mocratique ne peut dire qu\u2019il y est soustrait. Il faut pouvoir enseigner \u00e0 la jeunesse, lui faire confiance, la regarder convenablement et s\u2019adresser \u00e0 elle en disant : &#8220;Voil\u00e0 ce qu\u2019il s\u2019est pass\u00e9, et c\u2019est toi qui feras les choix&#8221;. (Beno\u00eet Falaize)<\/em><\/p>\n<p>&nbsp;<\/p>\n<p><a href=\"https:\/\/www.franceculture.fr\/emissions\/matieres-a-penser\/notre-besoin-dhistoire-35-lecole-la-nation-et-la-joie-denseigner\">https:\/\/www.franceculture.fr\/emissions\/matieres-a-penser\/notre-besoin-dhistoire-35-lecole-la-nation-et-la-joie-denseigner<\/a><\/p>\n<p>&nbsp;<\/p>\n<p>&#8212;<\/p>\n<p>&nbsp;<\/p>\n<p><strong>Notre besoin d&#8217;histoire<\/strong> (4\/5)<\/p>\n<p>&nbsp;<\/p>\n<p>De la d\u00e9couverte en histoire<\/p>\n<p>&nbsp;<\/p>\n<p>27\/09\/2018<\/p>\n<p>&nbsp;<\/p>\n<p>Comment dire notre besoin d\u2019histoire ? Pour cette premi\u00e8re semaine o\u00f9 l\u2019histoire est donn\u00e9e comme une mati\u00e8re \u00e0 penser, on a voulu composer un ensemble de portraits de voix. Rencontre avec \u00c9l\u00e9onore Cellard, post-doctorante au Coll\u00e8ge de France.<\/p>\n<p>&nbsp;<\/p>\n<p><a href=\"https:\/\/www.franceculture.fr\/emissions\/matieres-a-penser\/notre-besoin-dhistoire-45-de-la-decouverte-en-histoire\">https:\/\/www.franceculture.fr\/emissions\/matieres-a-penser\/notre-besoin-dhistoire-45-de-la-decouverte-en-histoire<\/a><\/p>\n<p>&nbsp;<\/p>\n<p>&#8212;<\/p>\n<p>&nbsp;<\/p>\n<p><strong>Notre besoin d&#8217;histoire<\/strong> (5\/5)<\/p>\n<p>&nbsp;<\/p>\n<p>L\u2019avenir du pass\u00e9<\/p>\n<p>&nbsp;<\/p>\n<p>28\/09\/2018<\/p>\n<p>&nbsp;<\/p>\n<p>Comment dire notre besoin d\u2019histoire ? Pour cette premi\u00e8re semaine o\u00f9 l\u2019histoire est donn\u00e9e comme une mati\u00e8re \u00e0 penser, on a voulu composer un ensemble de portraits de voix. Rencontre avec Fr\u00e9d\u00e9ric Kaplan, professeur d\u2019humanit\u00e9s num\u00e9riques \u00e0 l\u2019\u00c9cole Polytechnique F\u00e9d\u00e9rale de Lausanne.<\/p>\n<p>&nbsp;<\/p>\n<p><a href=\"https:\/\/www.franceculture.fr\/emissions\/matieres-a-penser\/notre-besoin-dhistoire-55-lavenir-du-passe\">https:\/\/www.franceculture.fr\/emissions\/matieres-a-penser\/notre-besoin-dhistoire-55-lavenir-du-passe<\/a><\/p>\n<p>&nbsp;<\/p>\n<p>&nbsp;<\/p>\n","protected":false},"excerpt":{"rendered":"","protected":false},"author":2,"featured_media":11510,"comment_status":"open","ping_status":"open","sticky":false,"template":"","format":"standard","meta":{"_acf_changed":false,"jetpack_post_was_ever_published":false,"_jetpack_newsletter_access":"","_jetpack_dont_email_post_to_subs":false,"_jetpack_newsletter_tier_id":0,"_jetpack_memberships_contains_paywalled_content":false,"_jetpack_memberships_contains_paid_content":false,"footnotes":"","jetpack_publicize_message":"","jetpack_publicize_feature_enabled":true,"jetpack_social_post_already_shared":true,"jetpack_social_options":{"image_generator_settings":{"template":"highway","default_image_id":0,"font":"","enabled":false},"version":2}},"categories":[3,17],"tags":[],"class_list":["post-11507","post","type-post","status-publish","format-standard","has-post-thumbnail","hentry","category-novosti","category-rasprave"],"acf":{"facebook_opis":""},"jetpack_publicize_connections":[],"jetpack_featured_media_url":"https:\/\/i0.wp.com\/historiografija.hr\/wp-content\/uploads\/2018\/10\/Etudiants.jpg?fit=724%2C483&ssl=1","jetpack_sharing_enabled":true,"jetpack-related-posts":[{"id":52536,"url":"https:\/\/historiografija.hr\/?p=52536","url_meta":{"origin":11507,"position":0},"title":"Kader Abdolah, \u201ePrije nego \u0161to bude kasno\u201c","author":"Branimir Jankovi\u0107","date":"20. travnja 2026.","format":false,"excerpt":"Kader Abdolah \u017eeli se vratiti ku\u0107i. Ali povratak je nemogu\u0107: u Iranu bi bio uhap\u0161en. Pod la\u017enim imenom i s krivotvorenim paso\u0161em ipak uspijeva u\u0107i u domovinu i sti\u017ee do roditeljske ku\u0107e, visoko u planinama. Majka ga ne prepoznaje, otac je mrtav, a sve \u0161to je tra\u017eio izmi\u010de mu pred\u2026","rel":"","context":"U &quot;Novosti&quot;","block_context":{"text":"Novosti","link":"https:\/\/historiografija.hr\/?cat=3"},"img":{"alt_text":"","src":"https:\/\/i0.wp.com\/historiografija.hr\/wp-content\/uploads\/2026\/04\/Prije-nego-sto-bude-kasno.webp?fit=566%2C872&ssl=1&resize=350%2C200","width":350,"height":200,"srcset":"https:\/\/i0.wp.com\/historiografija.hr\/wp-content\/uploads\/2026\/04\/Prije-nego-sto-bude-kasno.webp?fit=566%2C872&ssl=1&resize=350%2C200 1x, https:\/\/i0.wp.com\/historiografija.hr\/wp-content\/uploads\/2026\/04\/Prije-nego-sto-bude-kasno.webp?fit=566%2C872&ssl=1&resize=525%2C300 1.5x"},"classes":[]},{"id":52654,"url":"https:\/\/historiografija.hr\/?p=52654","url_meta":{"origin":11507,"position":1},"title":"Gostuju\u0107e predavanje &#8211; Danijel D\u017eino \u201eKasnoanti\u010dke i ranosrednjovjekovne gra\u0111evine u Brezi: Spomenici nepotpune biografije\u201c","author":"Branimir Jankovi\u0107","date":"24. travnja 2026.","format":false,"excerpt":"Doktorski studij predmoderne povijesti poziva na predavanje \"Kasnoanti\u010dke i ranosrednjovjekovne gra\u0111evine u Brezi: Spomenici nepotpune biografije\u201d koje \u0107e odr\u017eati profesor Danijel D\u017eino sa Sveu\u010dili\u0161ta Macquarie u Sydneyu u\u00a0utorak 28. travnja 2026. u 17h u Konferencijskoj dvorani Knji\u017enice Filozofskog fakulteta u Zagrebu. Predavanje \u0107e predo\u010diti nova saznanja dobivena kroz arhivsko-dokumentarna istra\u017eivanja\u2026","rel":"","context":"U &quot;Novosti&quot;","block_context":{"text":"Novosti","link":"https:\/\/historiografija.hr\/?cat=3"},"img":{"alt_text":"","src":"https:\/\/i0.wp.com\/historiografija.hr\/wp-content\/uploads\/2026\/04\/Dzino.jpg?fit=980%2C819&ssl=1&resize=350%2C200","width":350,"height":200,"srcset":"https:\/\/i0.wp.com\/historiografija.hr\/wp-content\/uploads\/2026\/04\/Dzino.jpg?fit=980%2C819&ssl=1&resize=350%2C200 1x, https:\/\/i0.wp.com\/historiografija.hr\/wp-content\/uploads\/2026\/04\/Dzino.jpg?fit=980%2C819&ssl=1&resize=525%2C300 1.5x, https:\/\/i0.wp.com\/historiografija.hr\/wp-content\/uploads\/2026\/04\/Dzino.jpg?fit=980%2C819&ssl=1&resize=700%2C400 2x"},"classes":[]},{"id":52502,"url":"https:\/\/historiografija.hr\/?p=52502","url_meta":{"origin":11507,"position":2},"title":"Novi znanstveni projekt Hrvatskog instituta za povijest: \u201c\u017drtve ratova i dr\u017eavnog\/politi\u010dkog nasilja u hrvatskoj povijesti 20. stolje\u0107a\u201d","author":"Branimir Jankovi\u0107","date":"17. travnja 2026.","format":false,"excerpt":"Na redovitoj sjednici Vlade RH, 16. travnja 2026., donijet je Zaklju\u010dak kojim se pokre\u0107e znanstveni projekt \u201c\u017drtve ratova i dr\u017eavnog\/politi\u010dkog nasilja u hrvatskoj povijesti 20. stolje\u0107a\u201d. Projekt \u0107e provoditi i koordinirati Hrvatski institut za povijest u razdoblju trajanja projekta od pet godina. Zakljucak Vlade RH Iz teksta projektnog prijedloga: Problematika\u2026","rel":"","context":"U &quot;Novosti&quot;","block_context":{"text":"Novosti","link":"https:\/\/historiografija.hr\/?cat=3"},"img":{"alt_text":"","src":"https:\/\/i0.wp.com\/historiografija.hr\/wp-content\/uploads\/2026\/04\/Vlada-RH.jpg?fit=1200%2C557&ssl=1&resize=350%2C200","width":350,"height":200,"srcset":"https:\/\/i0.wp.com\/historiografija.hr\/wp-content\/uploads\/2026\/04\/Vlada-RH.jpg?fit=1200%2C557&ssl=1&resize=350%2C200 1x, https:\/\/i0.wp.com\/historiografija.hr\/wp-content\/uploads\/2026\/04\/Vlada-RH.jpg?fit=1200%2C557&ssl=1&resize=525%2C300 1.5x, https:\/\/i0.wp.com\/historiografija.hr\/wp-content\/uploads\/2026\/04\/Vlada-RH.jpg?fit=1200%2C557&ssl=1&resize=700%2C400 2x, https:\/\/i0.wp.com\/historiografija.hr\/wp-content\/uploads\/2026\/04\/Vlada-RH.jpg?fit=1200%2C557&ssl=1&resize=1050%2C600 3x"},"classes":[]},{"id":52552,"url":"https:\/\/historiografija.hr\/?p=52552","url_meta":{"origin":11507,"position":3},"title":"Besplatni glazbeni antikvarijat","author":"Branimir Jankovi\u0107","date":"20. travnja 2026.","format":false,"excerpt":"Muzi\u010dka akademija Sveu\u010dili\u0161ta u Zagrebu 23. travnja 2026. od 10 do 17 sati Pozivamo Vas na Besplatni glazbeni antikvarijat, koji u sklopu manifestacije No\u0107 knjige 2026. organizira Hrvatska udruga muzi\u010dkih knji\u017enica, arhiva i dokumentacijskih centara (HUMKAD). Antikvarijat \u0107e se odr\u017eati na Svjetski dan knjige \u2013 u \u010detvrtak 23. travnja 2026.\u2026","rel":"","context":"U &quot;Novosti&quot;","block_context":{"text":"Novosti","link":"https:\/\/historiografija.hr\/?cat=3"},"img":{"alt_text":"","src":"https:\/\/i0.wp.com\/historiografija.hr\/wp-content\/uploads\/2026\/04\/Besplatni-glazbeni-antikvarijat-23.-4.-2026.jpg?fit=1200%2C848&ssl=1&resize=350%2C200","width":350,"height":200,"srcset":"https:\/\/i0.wp.com\/historiografija.hr\/wp-content\/uploads\/2026\/04\/Besplatni-glazbeni-antikvarijat-23.-4.-2026.jpg?fit=1200%2C848&ssl=1&resize=350%2C200 1x, https:\/\/i0.wp.com\/historiografija.hr\/wp-content\/uploads\/2026\/04\/Besplatni-glazbeni-antikvarijat-23.-4.-2026.jpg?fit=1200%2C848&ssl=1&resize=525%2C300 1.5x, https:\/\/i0.wp.com\/historiografija.hr\/wp-content\/uploads\/2026\/04\/Besplatni-glazbeni-antikvarijat-23.-4.-2026.jpg?fit=1200%2C848&ssl=1&resize=700%2C400 2x, https:\/\/i0.wp.com\/historiografija.hr\/wp-content\/uploads\/2026\/04\/Besplatni-glazbeni-antikvarijat-23.-4.-2026.jpg?fit=1200%2C848&ssl=1&resize=1050%2C600 3x"},"classes":[]},{"id":52592,"url":"https:\/\/historiografija.hr\/?p=52592","url_meta":{"origin":11507,"position":4},"title":"Predstavljanje knjige &#8220;Turska ku\u0107a u Rijeci&#8221; u Zagrebu","author":"Branimir Jankovi\u0107","date":"22. travnja 2026.","format":false,"excerpt":"U prostorijama Turskog kulturnog centra Yunus Emre u Zagrebu, u utorak 21. travnja 2026. godine, odr\u017eano je sve\u010dano predstavljanje dopunjenog izdanja knjige Turska ku\u0107a u Rijeci, u organizaciji Hrvatsko-turskog dru\u0161tva Rijeka i partnerstvu sa Skupinom prijateljstva Hrvatska-Turska Hrvatskog sabora, Veleposlanstvom Republike Turske u Republici Hrvatskoj te Turskim kulturnim centrom Yunus\u2026","rel":"","context":"U &quot;Novosti&quot;","block_context":{"text":"Novosti","link":"https:\/\/historiografija.hr\/?cat=3"},"img":{"alt_text":"","src":"https:\/\/i0.wp.com\/historiografija.hr\/wp-content\/uploads\/2026\/04\/Turska-kuca-ZG.jpg?fit=1200%2C800&ssl=1&resize=350%2C200","width":350,"height":200,"srcset":"https:\/\/i0.wp.com\/historiografija.hr\/wp-content\/uploads\/2026\/04\/Turska-kuca-ZG.jpg?fit=1200%2C800&ssl=1&resize=350%2C200 1x, https:\/\/i0.wp.com\/historiografija.hr\/wp-content\/uploads\/2026\/04\/Turska-kuca-ZG.jpg?fit=1200%2C800&ssl=1&resize=525%2C300 1.5x, https:\/\/i0.wp.com\/historiografija.hr\/wp-content\/uploads\/2026\/04\/Turska-kuca-ZG.jpg?fit=1200%2C800&ssl=1&resize=700%2C400 2x, https:\/\/i0.wp.com\/historiografija.hr\/wp-content\/uploads\/2026\/04\/Turska-kuca-ZG.jpg?fit=1200%2C800&ssl=1&resize=1050%2C600 3x"},"classes":[]},{"id":52148,"url":"https:\/\/historiografija.hr\/?p=52148","url_meta":{"origin":11507,"position":5},"title":"Poziv za prijavu na me\u0111unarodnu znanstvenu konferenciju \u201eGranice (ne)slobode: Zadarski krug 1966. Intelektualna opozicija u totalitarnom dru\u0161tvu\u201c","author":"Branimir Jankovi\u0107","date":"27. o\u017eujka 2026.","format":false,"excerpt":"\u00a0\u00a0\u00a0\u00a0 Povodom \u0161ezdesete obljetnice poku\u0161aja osnivanja \u010dasopisa Slobodan glas u Zadru 1966. godine, pozivamo vas na znanstvenu konferenciju posve\u0107enu istra\u017eivanju disidentstva, intelektualne opozicije i granica divergentnog mi\u0161ljenja nasuprot slu\u017ebenoj ideologiji u komunisti\u010dkoj Jugoslaviji. Ideja konferencije je analizirati konkretan fenomen zadarskog slu\u010daja razloge i okolnosti njegove pojave, ali uz otvaranje komparativnih\u2026","rel":"","context":"U &quot;Novosti&quot;","block_context":{"text":"Novosti","link":"https:\/\/historiografija.hr\/?cat=3"},"img":{"alt_text":"","src":"https:\/\/i0.wp.com\/historiografija.hr\/wp-content\/uploads\/2026\/03\/Poziv-konferencija-Zadar.jpg?fit=1200%2C509&ssl=1&resize=350%2C200","width":350,"height":200,"srcset":"https:\/\/i0.wp.com\/historiografija.hr\/wp-content\/uploads\/2026\/03\/Poziv-konferencija-Zadar.jpg?fit=1200%2C509&ssl=1&resize=350%2C200 1x, https:\/\/i0.wp.com\/historiografija.hr\/wp-content\/uploads\/2026\/03\/Poziv-konferencija-Zadar.jpg?fit=1200%2C509&ssl=1&resize=525%2C300 1.5x, https:\/\/i0.wp.com\/historiografija.hr\/wp-content\/uploads\/2026\/03\/Poziv-konferencija-Zadar.jpg?fit=1200%2C509&ssl=1&resize=700%2C400 2x, https:\/\/i0.wp.com\/historiografija.hr\/wp-content\/uploads\/2026\/03\/Poziv-konferencija-Zadar.jpg?fit=1200%2C509&ssl=1&resize=1050%2C600 3x"},"classes":[]}],"_links":{"self":[{"href":"https:\/\/historiografija.hr\/index.php?rest_route=\/wp\/v2\/posts\/11507","targetHints":{"allow":["GET"]}}],"collection":[{"href":"https:\/\/historiografija.hr\/index.php?rest_route=\/wp\/v2\/posts"}],"about":[{"href":"https:\/\/historiografija.hr\/index.php?rest_route=\/wp\/v2\/types\/post"}],"author":[{"embeddable":true,"href":"https:\/\/historiografija.hr\/index.php?rest_route=\/wp\/v2\/users\/2"}],"replies":[{"embeddable":true,"href":"https:\/\/historiografija.hr\/index.php?rest_route=%2Fwp%2Fv2%2Fcomments&post=11507"}],"version-history":[{"count":3,"href":"https:\/\/historiografija.hr\/index.php?rest_route=\/wp\/v2\/posts\/11507\/revisions"}],"predecessor-version":[{"id":11512,"href":"https:\/\/historiografija.hr\/index.php?rest_route=\/wp\/v2\/posts\/11507\/revisions\/11512"}],"wp:featuredmedia":[{"embeddable":true,"href":"https:\/\/historiografija.hr\/index.php?rest_route=\/wp\/v2\/media\/11510"}],"wp:attachment":[{"href":"https:\/\/historiografija.hr\/index.php?rest_route=%2Fwp%2Fv2%2Fmedia&parent=11507"}],"wp:term":[{"taxonomy":"category","embeddable":true,"href":"https:\/\/historiografija.hr\/index.php?rest_route=%2Fwp%2Fv2%2Fcategories&post=11507"},{"taxonomy":"post_tag","embeddable":true,"href":"https:\/\/historiografija.hr\/index.php?rest_route=%2Fwp%2Fv2%2Ftags&post=11507"}],"curies":[{"name":"wp","href":"https:\/\/api.w.org\/{rel}","templated":true}]}}