{"id":11488,"date":"2018-10-01T16:14:26","date_gmt":"2018-10-01T16:14:26","guid":{"rendered":"http:\/\/historiografija.hr\/?p=11488"},"modified":"2018-10-01T16:16:05","modified_gmt":"2018-10-01T16:16:05","slug":"rat-prije-rata-hrvatska-sutnja-i-pomirba","status":"publish","type":"post","link":"https:\/\/historiografija.hr\/?p=11488","title":{"rendered":"\u201eRat prije rata\u201c: Hrvatska \u0161utnja i pomirba"},"content":{"rendered":"<p>U ponedjeljak, 1. listopada 2018. u 20.05 na HRT1 prikazuje se 3. epizoda\u00a0igrano-dokumentarne serije \u201eRat prije rata\u201c: Hrvatska \u0161utnja i pomirba.<\/p>\n<p>&nbsp;<\/p>\n<p>&#8212;<\/p>\n<p>&nbsp;<\/p>\n<p>Igrano-dokumentarna serija &#8220;Rat prije rata&#8221; obra\u0111uje raspad Jugoslavije, najdramati\u010dnije razdoblje nakon Drugog svjetskog rata, koje je okon\u010dano posljednjim ratom u Europi.<\/p>\n<p>Arhivska i memoarska gra\u0111a nedvojbeno otkriva da je prekrajanje Jugoslavije pomno planirano, ba\u0161 kao i rat bez kojeg se prekrajanje nije moglo provesti. Osvaja\u010dkim planovima srpskih unitarista prethodile su i obavje\u0161tajno-politi\u010dke pripreme koje su intenzivno trajale \u010ditavo desetlje\u0107e.<\/p>\n<p>Brojni politi\u010dki procesi i doga\u0111aji iz tog razdoblja ostali su nerasvijetljeni, zbog ratova koji su kasnije uslijedili. Serija &#8220;Rat prije rata&#8221; rasvjetljava te doga\u0111aje.<\/p>\n<p>Serija sna\u017eno nagla\u0161enih dramatur\u0161kih elemenata na trenutke ima obilje\u017eja politi\u010dkog trilera. Serija se ne bavi samo evidentiranjem klju\u010dnih doga\u0111aja, od kojih su neki postali i povijesni, nego nastoji rasvijetliti pozadinu politi\u010dkih, diplomatskih, obavje\u0161tajno-operativnih, policijskih i vojnih aktivnosti.<\/p>\n<p>U 10 epizoda vidjet \u0107emo i dvadesetak filmskih rekonstrukcija doga\u0111aja. Sudionike doga\u0111aja, od kojih su mnogi povijesne osobe, tuma\u010di sedamdesetak poznatih hrvatskih glumaca. U dokumentarnom dijelu serije pojavljuje se i pribli\u017eno toliko sugovornika &#8211; neposrednih sudionika, istra\u017eiva\u010da, znanstvenika i publicista.<\/p>\n<p>Neke od tema koje su filmski rekonstruirane: uz \u010diju je pomo\u0107 Tu\u0111man putovao Europom s la\u017enom putovnicom; je li HDZ osnovan na Ple\u0161ivici, a ne u NK Borcu na Jarunu; kako je Ivica Ra\u010dan odbio prijedlog generala JNA da la\u017eira izbore i uvede izvanredno stanje; kako je Josip Perkovi\u0107 izbjegao KOS-ovu zamku i uvezao prvi kontingent oru\u017eja u Hrvatsku; za\u0161to je Branimir Glava\u0161 u zadnji \u010das predlo\u017eio Tu\u0111mana, a ne \u0160eksa za \u0161efa HDZ-a; kako je hrvatska slu\u017eba uo\u010di izbora 1990. tra\u017eila od Beograda da silom obra\u010duna s oporbom; kako je elitna postrojba iz Lu\u010dkog otela generala JNA bez znanja nadre\u0111enih; za\u0161to je zaustavljen proboj za Vukovar i tko je \u017duti Mrav koji je u\u0161ao u napu\u0161tene Marince; sadr\u017eaj plana \u010diji je cilj potpuno poraziti Hrvatsku vojsku, a dr\u017eavni vrh na prihva\u0107anje uvjeta.<\/p>\n<p>&nbsp;<\/p>\n<p>Scenarist i redatelj igrano-dokumentarna serije je Miljenko Manjkas. Produkcija: Intermedia grupa.<\/p>\n<p>&nbsp;<\/p>\n<p>&#8212;<\/p>\n<p>&nbsp;<\/p>\n<p>HTV1 \u00a001.10.2018. \u00a020.05<\/p>\n<p>&nbsp;<\/p>\n<p>3. epizoda: <strong><em>Hrvatska \u0161utnja i pomirba<\/em><\/strong><\/p>\n<p><strong><em>\u00a0<\/em><\/strong><\/p>\n<p><strong><em><br \/>\n<\/em><\/strong>Prva polovica osamdesetih. Nakon smrti Tita u Srbiji je sve \u0161iri konsenzus za ru\u0161enje federalnog ustava. Teorije ugro\u017eenosti dose\u017eu neslu\u0107ene razmjere. Cilj: opteretiti hrvatski narod kolektivnom krivnjom za zlo\u010dine iz Drugog svjetskog rata. Dok velikosrpski ideolog Dobrica \u0106osi\u0107 najavljuje povijesno poravnavanje ra\u010duna, najopasniji hrvatski disident, Franjo Tu\u0111man, u najstro\u017eoj tajnosti, organizira ilegalan odlazak na zapad. Ilegalne putovnice djelo su \u0161vedske ekipe. Unato\u010d upozorenju, Tu\u0111man se susreo s prijateljem Brunom Bu\u0161i\u0107em. To ilegalno putovanje Europom dr\u017eano je u najstro\u017eoj tajnosti jo\u0161 dugo nakon pada komunizma, a kad je iza\u0161lo u javnost, izazvalo je \u017eestoke prijepore.<\/p>\n<p>Savezni savjet za za\u0161titu ustavnog poretka ubrzo \u0107e donijeti odluku o likvidaciji Brune Bu\u0161i\u0107a. Podaci iz istrage i motiv ubojstva ukazuju na mogu\u0107nost da je operacija izvedena u dosluhu s pojedinim stranim slu\u017ebama. Sredinom osamdesetih KOS dodatno intenzivira svoje aktivnosti ne bi li pro\u0161irio utjecaj. Kriminal na visokoj politi\u010dkoj razini iskoristit \u0107e za preuzimanje nadzora nad privrednim centrima mo\u0107i u Hrvatskoj. Po\u010dinje dramati\u010dno razdoblje puzaju\u0107e okupacije. Nekada\u0161nji na\u010delnik Udbe &#8211; Centar Zagreb, Franjo Vugrinec, u svom elaboratu o Ini zapisao je: &#8220;Ina od 1986. postupno postaje ekspoziturom II. uprave G\u0160 JNA&#8221;.<\/p>\n<p>Optere\u0107en istragom u Ini, sumnji\u010dav prema dijelu tajne policije, ucijenjen od KOS-a, novi \u0161ef republi\u010dke partije Mika \u0160piljak pri svom kabinetu formira vlastitu &#8220;analiti\u010dku jezgru&#8221;. U godinama koje slijede KOS-ova agenturna mre\u017ea operirat \u0107e hrvatskim partijskim vrhom. Cilj: nadzirati i usmjeravati cjelokupni politi\u010dki i dru\u0161tveni \u017eivot u Hrvatskoj. Vrijeme \u0107e pokazati da je to bila tek priprema. Uslijedit \u0107e radikalni armijski preustroj. Zapadna granica prve i najve\u0107e vojne oblasti sa sjedi\u0161tem u Beogradu poklapa se s granicom Velike Srbije. \u010cetiri godine poslije srpski dr\u017eavni vrh u sprezi s Armijom krenut \u0107e u rat ne bi li okupirali Hrvatsku i stvorili Veliku Srbiju.<\/p>\n<p>&nbsp;<\/p>\n<p>Izvor:<\/p>\n<p><a href=\"https:\/\/raspored.hrt.hr\/\">https:\/\/raspored.hrt.hr\/<\/a><\/p>\n<p><a href=\"https:\/\/hrtprikazuje.hrt.hr\/463520\/rat-prije-rata-hrvatska-sutnja-i-pomirba\">https:\/\/hrtprikazuje.hrt.hr\/463520\/rat-prije-rata-hrvatska-sutnja-i-pomirba<\/a><\/p>\n<p>&nbsp;<\/p>\n<p>&nbsp;<\/p>\n<p>&nbsp;<\/p>\n","protected":false},"excerpt":{"rendered":"","protected":false},"author":2,"featured_media":11489,"comment_status":"open","ping_status":"open","sticky":false,"template":"","format":"standard","meta":{"_acf_changed":false,"jetpack_post_was_ever_published":false,"_jetpack_newsletter_access":"","_jetpack_dont_email_post_to_subs":false,"_jetpack_newsletter_tier_id":0,"_jetpack_memberships_contains_paywalled_content":false,"_jetpack_memberships_contains_paid_content":false,"footnotes":"","jetpack_publicize_message":"","jetpack_publicize_feature_enabled":true,"jetpack_social_post_already_shared":true,"jetpack_social_options":{"image_generator_settings":{"template":"highway","default_image_id":0,"font":"","enabled":false},"version":2}},"categories":[13,3],"tags":[],"class_list":["post-11488","post","type-post","status-publish","format-standard","has-post-thumbnail","hentry","category-filmovi-i-serije","category-novosti"],"acf":{"facebook_opis":""},"jetpack_publicize_connections":[],"jetpack_featured_media_url":"https:\/\/i0.wp.com\/historiografija.hr\/wp-content\/uploads\/2018\/10\/RAT_PRIJE_RATA_ep_03.jpg?fit=688%2C388&ssl=1","jetpack_sharing_enabled":true,"jetpack-related-posts":[{"id":52704,"url":"https:\/\/historiografija.hr\/?p=52704","url_meta":{"origin":11488,"position":0},"title":"Predstavljanje knjige &#8220;Vladimir Vasiljevi\u0107: Moji do\u017eivljaji. Dnevni\u010dki zapisi iz Prvoga svjetskog rata i poratnoga vremena&#8221;","author":"Filip \u0160imunjak","date":"29. travnja 2026.","format":false,"excerpt":"Doga\u0111anja ovogodi\u0161njega Festivala povijesti Kliofest zapo\u010dinjemo ve\u0107 i prije samoga slu\u017ebenog otvaranja, predstavljanjem knjige \u201eMoji do\u017eivljaji. Dnevni\u010dki zapisi iz Prvoga svjetskog rata i poratnoga vremena\u201d Vladimira Vasiljevi\u0107a, koju su priredili Karlo Rukavina i Damir Agi\u010di\u0107. Pozivamo Vas na predstavljanje koje \u0107e se odr\u017eati u ponedjeljak 4. svibnja, s po\u010detkom u\u2026","rel":"","context":"U &quot;Knjige&quot;","block_context":{"text":"Knjige","link":"https:\/\/historiografija.hr\/?cat=8"},"img":{"alt_text":"","src":"https:\/\/i0.wp.com\/historiografija.hr\/wp-content\/uploads\/2026\/04\/Naslovna-V.-Vasiljevic.webp?fit=1200%2C600&ssl=1&resize=350%2C200","width":350,"height":200,"srcset":"https:\/\/i0.wp.com\/historiografija.hr\/wp-content\/uploads\/2026\/04\/Naslovna-V.-Vasiljevic.webp?fit=1200%2C600&ssl=1&resize=350%2C200 1x, https:\/\/i0.wp.com\/historiografija.hr\/wp-content\/uploads\/2026\/04\/Naslovna-V.-Vasiljevic.webp?fit=1200%2C600&ssl=1&resize=525%2C300 1.5x, https:\/\/i0.wp.com\/historiografija.hr\/wp-content\/uploads\/2026\/04\/Naslovna-V.-Vasiljevic.webp?fit=1200%2C600&ssl=1&resize=700%2C400 2x, https:\/\/i0.wp.com\/historiografija.hr\/wp-content\/uploads\/2026\/04\/Naslovna-V.-Vasiljevic.webp?fit=1200%2C600&ssl=1&resize=1050%2C600 3x"},"classes":[]},{"id":52657,"url":"https:\/\/historiografija.hr\/?p=52657","url_meta":{"origin":11488,"position":1},"title":"[Predavanje] Jezik i drugost u (post)socijalisti\u010dkoj Srbiji: diskurzivne politike identiteta (YugoLab)","author":"Branimir Jankovi\u0107","date":"24. travnja 2026.","format":false,"excerpt":"U sklopu projekta Prizma \/ IMAGINATION (\u201eZami\u0161ljanje nacije: srpski nacionalni narativi u sporu (XX\u2013XXI vek)\u201c), koji se realizuje na Institutu za filozofiju i dru\u0161tvenu teoriju Univerziteta u Beogradu (2024\u20132027) uz finansijsku podr\u0161ku Fonda za nauku Republike Srbije, organizuje se serija predavanja na kojoj istra\u017eiva\u010di i istra\u017eiva\u010dice projekta predstavljaju rezultate svojih\u2026","rel":"","context":"U &quot;Novosti&quot;","block_context":{"text":"Novosti","link":"https:\/\/historiografija.hr\/?cat=3"},"img":{"alt_text":"","src":"https:\/\/i0.wp.com\/historiografija.hr\/wp-content\/uploads\/2026\/04\/IFDT_28_IV.png?fit=1200%2C675&ssl=1&resize=350%2C200","width":350,"height":200,"srcset":"https:\/\/i0.wp.com\/historiografija.hr\/wp-content\/uploads\/2026\/04\/IFDT_28_IV.png?fit=1200%2C675&ssl=1&resize=350%2C200 1x, https:\/\/i0.wp.com\/historiografija.hr\/wp-content\/uploads\/2026\/04\/IFDT_28_IV.png?fit=1200%2C675&ssl=1&resize=525%2C300 1.5x, https:\/\/i0.wp.com\/historiografija.hr\/wp-content\/uploads\/2026\/04\/IFDT_28_IV.png?fit=1200%2C675&ssl=1&resize=700%2C400 2x, https:\/\/i0.wp.com\/historiografija.hr\/wp-content\/uploads\/2026\/04\/IFDT_28_IV.png?fit=1200%2C675&ssl=1&resize=1050%2C600 3x"},"classes":[]},{"id":52631,"url":"https:\/\/historiografija.hr\/?p=52631","url_meta":{"origin":11488,"position":2},"title":"Predavanje Ivana Tepe\u0161a: Djelovanje hrvatske politi\u010dke emigracije","author":"Branimir Jankovi\u0107","date":"23. travnja 2026.","format":false,"excerpt":"Odjel za me\u0111unarodnu suradnju i iseljeni\u0161tvo Matice hrvatske Predavanje Ivana Tepe\u0161a: Djelovanje hrvatske politi\u010dke emigracije Utorak, 28. travnja 2026. u 18:00 sati, Dvorana Ljudevita Jonkea (Mala dvorana MH), Strossmayerov trg 4, Zagreb dr. sc. Ivan Tepe\u0161, Institut za istra\u017eivanje migracija Hrvatska politi\u010dka emigracija obilje\u017eila je polustoljetnu hrvatsku povijest u drugoj\u2026","rel":"","context":"U &quot;Novosti&quot;","block_context":{"text":"Novosti","link":"https:\/\/historiografija.hr\/?cat=3"},"img":{"alt_text":"","src":"","width":0,"height":0},"classes":[]},{"id":52505,"url":"https:\/\/historiografija.hr\/?p=52505","url_meta":{"origin":11488,"position":3},"title":"Izlo\u017eba &#8220;Eschenstock \/ Jasenov prut&#8221;","author":"Branimir Jankovi\u0107","date":"17. travnja 2026.","format":false,"excerpt":"Srpsko narodno vije\u0107e (SNV) i Vizura aperta postavljaju izlo\u017ebu \u0161vicarskog slikara Velimira Ili\u0161evi\u0107a: Eschenstock \/ Jasenov prut. Izlo\u017eba se uz prisustvo autora otvara povodom 81. godi\u0161njice proboja logora\u0161a iz usta\u0161kog logora smrti Jasenovac 22. aprila 2026. u 19 sati u Srpskom kulturnom centru (SKC) u Preradovi\u0107evoj ulici 21 u Zagrebu.\u2026","rel":"","context":"U &quot;Izlo\u017ebe&quot;","block_context":{"text":"Izlo\u017ebe","link":"https:\/\/historiografija.hr\/?cat=10"},"img":{"alt_text":"","src":"https:\/\/i0.wp.com\/historiografija.hr\/wp-content\/uploads\/2026\/04\/Jasenov_prut.jpg?fit=1024%2C640&ssl=1&resize=350%2C200","width":350,"height":200,"srcset":"https:\/\/i0.wp.com\/historiografija.hr\/wp-content\/uploads\/2026\/04\/Jasenov_prut.jpg?fit=1024%2C640&ssl=1&resize=350%2C200 1x, https:\/\/i0.wp.com\/historiografija.hr\/wp-content\/uploads\/2026\/04\/Jasenov_prut.jpg?fit=1024%2C640&ssl=1&resize=525%2C300 1.5x, https:\/\/i0.wp.com\/historiografija.hr\/wp-content\/uploads\/2026\/04\/Jasenov_prut.jpg?fit=1024%2C640&ssl=1&resize=700%2C400 2x"},"classes":[]},{"id":52502,"url":"https:\/\/historiografija.hr\/?p=52502","url_meta":{"origin":11488,"position":4},"title":"Novi znanstveni projekt Hrvatskog instituta za povijest: \u201c\u017drtve ratova i dr\u017eavnog\/politi\u010dkog nasilja u hrvatskoj povijesti 20. stolje\u0107a\u201d","author":"Branimir Jankovi\u0107","date":"17. travnja 2026.","format":false,"excerpt":"Na redovitoj sjednici Vlade RH, 16. travnja 2026., donijet je Zaklju\u010dak kojim se pokre\u0107e znanstveni projekt \u201c\u017drtve ratova i dr\u017eavnog\/politi\u010dkog nasilja u hrvatskoj povijesti 20. stolje\u0107a\u201d. Projekt \u0107e provoditi i koordinirati Hrvatski institut za povijest u razdoblju trajanja projekta od pet godina. Zakljucak Vlade RH Iz teksta projektnog prijedloga: Problematika\u2026","rel":"","context":"U &quot;Novosti&quot;","block_context":{"text":"Novosti","link":"https:\/\/historiografija.hr\/?cat=3"},"img":{"alt_text":"","src":"https:\/\/i0.wp.com\/historiografija.hr\/wp-content\/uploads\/2026\/04\/Vlada-RH.jpg?fit=1200%2C557&ssl=1&resize=350%2C200","width":350,"height":200,"srcset":"https:\/\/i0.wp.com\/historiografija.hr\/wp-content\/uploads\/2026\/04\/Vlada-RH.jpg?fit=1200%2C557&ssl=1&resize=350%2C200 1x, https:\/\/i0.wp.com\/historiografija.hr\/wp-content\/uploads\/2026\/04\/Vlada-RH.jpg?fit=1200%2C557&ssl=1&resize=525%2C300 1.5x, https:\/\/i0.wp.com\/historiografija.hr\/wp-content\/uploads\/2026\/04\/Vlada-RH.jpg?fit=1200%2C557&ssl=1&resize=700%2C400 2x, https:\/\/i0.wp.com\/historiografija.hr\/wp-content\/uploads\/2026\/04\/Vlada-RH.jpg?fit=1200%2C557&ssl=1&resize=1050%2C600 3x"},"classes":[]},{"id":52589,"url":"https:\/\/historiografija.hr\/?p=52589","url_meta":{"origin":11488,"position":5},"title":"Predstavljena knjiga Miomira \u017du\u017eula &#8220;Dayton: Diplomacija &#8211; druga strana rata&#8221;","author":"Branimir Jankovi\u0107","date":"22. travnja 2026.","format":false,"excerpt":"Knjiga Miomira \u017du\u017eula \u201eDayton: Diplomacija \u2013 druga strana rata\u201d predstavljena je u srijedu, 22. travnja 2026. godine u foajeu Hrvatskoga narodnog kazali\u0161ta u Zagrebu. Op\u0161irnije: https:\/\/vijesti.hrt.hr\/hrvatska\/predstavljena-knjiga-miomira-zuzula-dayton-diplomacija-druga-strana-rata-12683259 https:\/\/www.vecernji.ba\/amp\/vijesti\/zuzulova-knjiga-o-daytonu-predstavljena-u-zagrebu-diplomacija-kao-druga-strana-rata-1953700 https:\/\/www.tportal.hr\/vijesti\/clanak\/bivsi-sanaderov-ministar-odrzao-promociju-evo-tko-je-sve-dosao-na-predstavljanje-knjige-miomira-zuzula-foto-20260422 https:\/\/direktno.hr\/zivot\/kultura\/zuzul-otkrio-sve-o-drugoj-strani-rata-za-hrvatsku-se-nije-libio-povuci-nekoga-i-za-kosu-395042 https:\/\/www.24sata.hr\/news\/miomir-zuzul-predstavio-je-knjigu-o-daytonu-diplomacija-je-bila-druga-strana-rata-1123152 https:\/\/www.vecernji.hr\/kultura\/kolinda-grabar-kitarovic-otvoreno-miomir-zuzul-nije-vukao-samo-za-rukav-nego-i-za-kosu-1953722 https:\/\/www.vecernji.hr\/kultura\/i-papa-lav-xiv-eksplicitno-je-daytonski-sporazum-istaknuo-kao-primjer-uspjesna-rjesavanja-sukoba-1952215","rel":"","context":"U &quot;Novosti&quot;","block_context":{"text":"Novosti","link":"https:\/\/historiografija.hr\/?cat=3"},"img":{"alt_text":"","src":"https:\/\/i0.wp.com\/historiografija.hr\/wp-content\/uploads\/2026\/04\/Dayton.jpg?fit=1024%2C683&ssl=1&resize=350%2C200","width":350,"height":200,"srcset":"https:\/\/i0.wp.com\/historiografija.hr\/wp-content\/uploads\/2026\/04\/Dayton.jpg?fit=1024%2C683&ssl=1&resize=350%2C200 1x, https:\/\/i0.wp.com\/historiografija.hr\/wp-content\/uploads\/2026\/04\/Dayton.jpg?fit=1024%2C683&ssl=1&resize=525%2C300 1.5x, https:\/\/i0.wp.com\/historiografija.hr\/wp-content\/uploads\/2026\/04\/Dayton.jpg?fit=1024%2C683&ssl=1&resize=700%2C400 2x"},"classes":[]}],"_links":{"self":[{"href":"https:\/\/historiografija.hr\/index.php?rest_route=\/wp\/v2\/posts\/11488","targetHints":{"allow":["GET"]}}],"collection":[{"href":"https:\/\/historiografija.hr\/index.php?rest_route=\/wp\/v2\/posts"}],"about":[{"href":"https:\/\/historiografija.hr\/index.php?rest_route=\/wp\/v2\/types\/post"}],"author":[{"embeddable":true,"href":"https:\/\/historiografija.hr\/index.php?rest_route=\/wp\/v2\/users\/2"}],"replies":[{"embeddable":true,"href":"https:\/\/historiografija.hr\/index.php?rest_route=%2Fwp%2Fv2%2Fcomments&post=11488"}],"version-history":[{"count":3,"href":"https:\/\/historiografija.hr\/index.php?rest_route=\/wp\/v2\/posts\/11488\/revisions"}],"predecessor-version":[{"id":11492,"href":"https:\/\/historiografija.hr\/index.php?rest_route=\/wp\/v2\/posts\/11488\/revisions\/11492"}],"wp:featuredmedia":[{"embeddable":true,"href":"https:\/\/historiografija.hr\/index.php?rest_route=\/wp\/v2\/media\/11489"}],"wp:attachment":[{"href":"https:\/\/historiografija.hr\/index.php?rest_route=%2Fwp%2Fv2%2Fmedia&parent=11488"}],"wp:term":[{"taxonomy":"category","embeddable":true,"href":"https:\/\/historiografija.hr\/index.php?rest_route=%2Fwp%2Fv2%2Fcategories&post=11488"},{"taxonomy":"post_tag","embeddable":true,"href":"https:\/\/historiografija.hr\/index.php?rest_route=%2Fwp%2Fv2%2Ftags&post=11488"}],"curies":[{"name":"wp","href":"https:\/\/api.w.org\/{rel}","templated":true}]}}