{"id":11461,"date":"2018-09-29T22:16:44","date_gmt":"2018-09-29T22:16:44","guid":{"rendered":"http:\/\/historiografija.hr\/?p=11461"},"modified":"2018-09-29T22:48:40","modified_gmt":"2018-09-29T22:48:40","slug":"ivo-banac-polemicki-o-knjizi-jugoslavija-u-istorijskoj-perspektivi","status":"publish","type":"post","link":"https:\/\/historiografija.hr\/?p=11461","title":{"rendered":"Ivo Banac polemi\u010dki o knjizi &#8220;Jugoslavija u istorijskoj perspektivi&#8221;"},"content":{"rendered":"<p>Prenosimo polemi\u010dki osvrt povjesni\u010dara Ive Banca\u00a0o knjizi &#8220;Jugoslavija u istorijskoj perspektivi&#8221; (Beograd 2017) objavljen\u00a0na portalu\u00a0\u010dasopisa &#8220;Behar&#8221;, uz komentar Branimira Jankovi\u0107a.<\/p>\n<p>&nbsp;<\/p>\n<p>&#8212;<\/p>\n<p>&nbsp;<\/p>\n<p>Behar<\/p>\n<p>&nbsp;<\/p>\n<p><strong>Jo\u0161 jednom o Jugoslaviji<\/strong><\/p>\n<p>&nbsp;<\/p>\n<p>Pi\u0161e: <strong>Ivo Banac<\/strong><\/p>\n<p>&nbsp;<\/p>\n<p>Latinka Perovi\u0107 i dr., ur. <em>Jugoslavija u istorijskoj perspektivi<\/em>. Helsin\u0161ki odbor za ljudska prava u Srbiji, Beograd, 2017.<\/p>\n<p>&nbsp;<\/p>\n<p>Zbirka pred nama, za koju je odgovorno \u0161esnaestero autora, petero urednika, troje recenzenata, jedna (rastresena) lektorica, jedno ministarstvo vanjskih poslova (BRD) i jedna civilna udruga, gotovo je savr\u0161ena preslika same Jugoslavije: zasnovana na dvojbenim predajama, potaknuta stvarnim interesima i propalim nadama, lo\u0161e projektirana, razli\u010dito protuma\u010dena od sudionika, sklepana od uradaka raznovrsnih autora posve nejednakih u znanju, nastojanju i op\u0107em intelektualnom dometu, neure\u0111ena i pomalo zapu\u0161tena, ukratko ne\u0161to bez naro\u010ditih izgleda \u2012 poput Jugoslavije. Pored svega, na Jugoslaviju bi se doista moglo gledati u \u201eistorijskoj perspektivi\u201c da na putu nema razmjerno mnogo dokaza kako je ovdje ponajvi\u0161e ipak rije\u010d o perspektivi, od koje se mnogo o\u010dekuje.<\/p>\n<p>&nbsp;<\/p>\n<p><strong>Cijeli tekst dostupan je na poveznici:<\/strong><\/p>\n<p>&nbsp;<\/p>\n<p><a href=\"https:\/\/behar.hr\/jos-jednom-o-jugoslaviji\/\">https:\/\/behar.hr\/jos-jednom-o-jugoslaviji\/<\/a><\/p>\n<p>&nbsp;<\/p>\n<p>&#8212;<\/p>\n<p>&nbsp;<\/p>\n<p>Tekst je prenesen i na sljede\u0107im portalima:<\/p>\n<p>&nbsp;<\/p>\n<p><a href=\"https:\/\/direktno.hr\/direkt\/banac-o-knjizi-srpskog-hho-a-u-kojoj-je-i-goldsteinov-tekst-da-sam-jugoslaven-bolje-bih-jugoslaviju-znao-braniti-134049\/\">https:\/\/direktno.hr\/direkt\/banac-o-knjizi-srpskog-hho-a-u-kojoj-je-i-goldsteinov-tekst-da-sam-jugoslaven-bolje-bih-jugoslaviju-znao-braniti-134049\/<\/a><\/p>\n<p>&nbsp;<\/p>\n<p><a href=\"https:\/\/www.zurnalist.online\/blog\/salon\/jos-jednom-o-jugoslaviji\/2902\/\">https:\/\/www.zurnalist.online\/blog\/salon\/jos-jednom-o-jugoslaviji\/2902\/<\/a><\/p>\n<p>&nbsp;<\/p>\n<p>&#8212;<\/p>\n<p>&nbsp;<\/p>\n<p><strong>Komentar<\/strong><\/p>\n<p>&nbsp;<\/p>\n<p>Va\u017eno je naravno \u0161to je Ivo Banac \u2013 specijalist za povijest Jugoslavije i povjesni\u010dar \u0161irokog znanja, kriti\u010dkih sudova i precizno elaboriranih teza \u2013 kriti\u010dki komentirao odre\u0111ene teze i tvrdnje u pojedinim \u010dlancima te uredni\u010dko prire\u0111ivanje i \u0161ire zna\u010denje zbornika <em>Jugoslavija u istorijskoj perspektivi<\/em>. Komentirao bih tom prigodom uglavnom nekoliko op\u0107ih napomena koje bitno odre\u0111uju \u010ditav Ban\u010dev osvrt.<\/p>\n<p>&nbsp;<\/p>\n<p>Banac uvodno smatra da se ideologija nacionalizma nedovoljno slojevito prikazuje u knjizi i da ga se dr\u017ei glavnim ideolo\u0161kim neprijateljem (iako su npr. \u201cnacionalizam i liberalizam u modernosti funkcionirali gotovo kao blizanci\u201d itd.). No jasno je da se u slu\u010daju povijesti Jugoslavije govori o suvremenom nacionalizmu koji se kod nas odavno odvojio od liberalizma te koji iza sebe ima iskustvo ekstremnog nacionalizma i me\u0111usobno sukobljenih etni\u010dkih nacionalizama tijekom Drugog svjetskog rata i ratova 1990-ih godina. I da op\u0107enito prema ideologiji nacionalizma prete\u017eno izostaje kriti\u010dki odmak u historiografiji, javnosti, politici. Banac kriti\u010dki navodi i da \u201cnacionalizam\u201d funkcionira kao rije\u010d \u010dije imenovanje zna\u010di odmah i presu\u0111ivanje, ali sli\u010dno ve\u0107 dugo funkcionira i rije\u010d \u201cJugoslavija\u201d, ni\u0161ta manje na\u017ealost ni kod Banca u cijelom njegovom osvrtu.<\/p>\n<p>&nbsp;<\/p>\n<p>O tome posebno svjedo\u010di Ban\u010dev zvu\u010dni zaklju\u010dak \u201cda sam Jugoslaven, bolje bih Jugoslaviju znao braniti\u201d. Tu smo dakako ne samo na terenu ozna\u010davanja koje je kritizirao kod upotrebe pojma nacionalizam nego na\u017ealost i etiketiranja, \u0161to ga je primjerice portal Direktno.hr preuzeo zatim kao izravno diskreditiranje u vidu naslova \u201e<a href=\"https:\/\/direktno.hr\/direkt\/banac-o-knjizi-srpskog-hho-a-u-kojoj-je-i-goldsteinov-tekst-da-sam-jugoslaven-bolje-bih-jugoslaviju-znao-braniti-134049\/\">Banac o knjizi srpskog HHO-a u kojoj je i Goldsteinov tekst: Da sam Jugoslaven, bolje bih Jugoslaviju znao braniti<\/a>\u201c.<\/p>\n<p>&nbsp;<\/p>\n<p>Tako intonirani kriti\u010dki komentari ne odlikuju mnoge rasprave o povijesti Jugoslavije u kojima je Banac prethodno sudjelovao (npr. \u201e<a href=\"https:\/\/www.slobodnaevropa.org\/a\/1045353.html\">Latinka Perovi\u0107, Ivo Banac, Dubravko Lovrenovi\u0107: O raspadu Jugoslavije<\/a>\u201c) te ih iz toga razloga vi\u0161e preporu\u010dujem zainteresiranim \u010ditateljima. Nije problem u me\u0111uvremenu promijenjenim stavovima i pozicijama nego u intoniranju rasprave u kojoj argumentiranje nekih kriti\u010dkih sudova postaje manje va\u017eno ili jednostavno ne uzima u obzir sve \u0161to je relevantno.<\/p>\n<p>&nbsp;<\/p>\n<p>Osim na spomenutom primjeru ocjene nacionalizma, sli\u010dno vrijedi i za sljede\u0107i Ban\u010dev kriti\u010dki sud: \u201eNjemu je po\u017eeljno osporiti teleolo\u0161ke argumente \u201enacionalnih historiografija\u201c kako se jugoslavenska zajednica morala raspasti. To je ve\u0107 te\u017ee, jer se Jugoslavija (koliko znamo) doista raspala.\u201c Napomenu da nacionalne historiografije teleolo\u0161ki tuma\u010de da se Jugoslavija morala raspasti Banac lakonski odbija, sugeriraju\u0107i \u010ditateljima katkad implicitno katkad eksplicitno da je rije\u010d o apologiji Jugoslavije, jugonostalgiji ili nekoj drugoj imaginarnoj jugoslavenskoj poziciji (\u0161to je ina\u010de provodna nit Ban\u010deva osvrta), a ne uobi\u010dajeni historiografski naputak. Izricali su ga primjerice Hannes Grandits i Holm Sundhaussen u \u010dlanku \u201e<a href=\"https:\/\/historiografija.hr\/?p=9958\">Jugoslavija \u0161ezdesetih godina: protiv teleolo\u0161kog pristupa u istra\u017eivanju<\/a>\u201c.<\/p>\n<p>&nbsp;<\/p>\n<p>Ironiziranje i izrugivanje, prisutno kroz \u010ditav osvrt, usmjerava se na vi\u0161e mjesta i na namjeru, izre\u010denu u uvodu zbornika, za pru\u017eanjem \u201eprvenstveno mladim generacijama dovoljno informacija i analiza da naprave uvid u \u0161iri kontekst od onog koji im se nudi\u201c, potpuno prelaze\u0107i preko toga da je rije\u010d o tome da se o povijesti Jugoslavije iznesu informacije i konteksti, analize i tuma\u010denja koji ne dolaze samo iz mononacionalne perspektive.<\/p>\n<p>&nbsp;<\/p>\n<p>Osim toga, Banac iznosi kritike pojedinih re\u010denica, tvrdnji i teza naj\u010de\u0161\u0107e neovisno od cjeline odre\u0111enog \u010dlanka, stoga ni za one \u010dlanke za koje izrijekom ka\u017ee da su \u201erelativno uspje\u0161ni\u201c ili ulaze \u201eme\u0111u bolja ostvarenja\u201c, odnosno \u201enisu nezanimljivi\u201c, uglavnom ne navodi zbog \u010dega su takvi. Postavlja se me\u0111utim pitanje da li bi takvo navo\u0111enje onda nu\u017eno utjecalo i na modificiranje negativne ocjene zbornika.<\/p>\n<p>&nbsp;<\/p>\n<p>Ne \u017eelim nikako re\u0107i da ne stoje odre\u0111ene Ban\u010deve kritike. Osobno mislim da je primjerice na\u010delno to\u010dna kriti\u010dka napomena da je re\u017eim \u201esvaki put kad je zemlja bila na rubu sistemske preobrazbe stisnuo ko\u010dnicu, primijenio represiju i potvrdio logiku jednopartijske diktature\u201c. Ili pak da su \u010dlanci u zborniku tehni\u010dki mogli biti ujedna\u010deniji.<\/p>\n<p>&nbsp;<\/p>\n<p>No uz uvijek dobrodo\u0161lu stru\u010dnu kritiku ovdje je ipak vi\u0161e rije\u010d o tome da se zbornik i autore u njemu unaprijed ozna\u010di kao projugoslavenske, \u0161to je u znatnom dijelu javnosti klju\u010dni argument za daljnje etiketiranje i diskreditiranje. Stoga za zainteresirane stru\u010dne \u010ditatelje \u2013 koji \u017eele razviti vlastito cjelovitije kriti\u010dko vrednovanje zbornika i \u010dlanaka u njemu \u2013 Ban\u010dev osvrt nikako ne bi trebao biti zadnja rije\u010d u tome.<\/p>\n<p>&nbsp;<\/p>\n<p>Branimir Jankovi\u0107<\/p>\n<p>Urednik portala Historiografija.hr<\/p>\n<p>&nbsp;<\/p>\n<p>&nbsp;<\/p>\n","protected":false},"excerpt":{"rendered":"","protected":false},"author":2,"featured_media":8233,"comment_status":"open","ping_status":"open","sticky":false,"template":"","format":"standard","meta":{"_acf_changed":false,"jetpack_post_was_ever_published":false,"_jetpack_newsletter_access":"","_jetpack_dont_email_post_to_subs":false,"_jetpack_newsletter_tier_id":0,"_jetpack_memberships_contains_paywalled_content":false,"_jetpack_memberships_contains_paid_content":false,"footnotes":"","jetpack_publicize_message":"","jetpack_publicize_feature_enabled":true,"jetpack_social_post_already_shared":true,"jetpack_social_options":{"image_generator_settings":{"template":"highway","default_image_id":0,"font":"","enabled":false},"version":2}},"categories":[3,17],"tags":[],"class_list":["post-11461","post","type-post","status-publish","format-standard","has-post-thumbnail","hentry","category-novosti","category-rasprave"],"acf":{"facebook_opis":""},"jetpack_publicize_connections":[],"jetpack_featured_media_url":"https:\/\/i0.wp.com\/historiografija.hr\/wp-content\/uploads\/2018\/02\/Jugoslavija-u-istorijskoj.jpg?fit=652%2C423&ssl=1","jetpack_sharing_enabled":true,"jetpack-related-posts":[{"id":52520,"url":"https:\/\/historiografija.hr\/?p=52520","url_meta":{"origin":11461,"position":0},"title":"Predstavljanje knjige &#8220;Socialist Economics in Yugoslavia: A Critical History&#8221; u Zagrebu","author":"Branimir Jankovi\u0107","date":"17. travnja 2026.","format":false,"excerpt":"Pozivamo vas na predstavljanje knjige \"Socialist Economics in Yugoslavia: A Critical History\", autora Mislava \u00a0\u017ditka i Marka Grde\u0161i\u0107a (Routledge, 2026). Na predstavljanju \u0107e govoriti Branko Milanovi\u0107 (CUNY), Milica Uvali\u0107 (EUI), Zdravko Petak (FPZG) te autori.\u00a0 Predstavljanje \u0107e se odr\u017eati u srijedu 22. travnja u 16:00 sati na Fakultetu politi\u010dkih znanosti\u2026","rel":"","context":"U &quot;Novosti&quot;","block_context":{"text":"Novosti","link":"https:\/\/historiografija.hr\/?cat=3"},"img":{"alt_text":"","src":"https:\/\/i0.wp.com\/historiografija.hr\/wp-content\/uploads\/2026\/04\/Poziv-na-predstavljanje.png?fit=800%2C652&ssl=1&resize=350%2C200","width":350,"height":200,"srcset":"https:\/\/i0.wp.com\/historiografija.hr\/wp-content\/uploads\/2026\/04\/Poziv-na-predstavljanje.png?fit=800%2C652&ssl=1&resize=350%2C200 1x, https:\/\/i0.wp.com\/historiografija.hr\/wp-content\/uploads\/2026\/04\/Poziv-na-predstavljanje.png?fit=800%2C652&ssl=1&resize=525%2C300 1.5x, https:\/\/i0.wp.com\/historiografija.hr\/wp-content\/uploads\/2026\/04\/Poziv-na-predstavljanje.png?fit=800%2C652&ssl=1&resize=700%2C400 2x"},"classes":[]},{"id":52528,"url":"https:\/\/historiografija.hr\/?p=52528","url_meta":{"origin":11461,"position":1},"title":"[Promocija knjige] Banja Luka u ratu: Etnopolitika i svakodnevica (1990\u20131995) (ActiveLab, YugoLab)","author":"Branimir Jankovi\u0107","date":"17. travnja 2026.","format":false,"excerpt":"Institut za filozofiju i dru\u0161tvenu teoriju i O\u0161tra Nula organizuju promociju knjige Banja Luka u ratu: Etnopolitika i svakodnevica (1990\u20131995) autorke Armine Galija\u0161, koja \u0107e se odr\u017eati 20. aprila 2026. u 12.00 sati u prostorijama Instituta (Kraljice Natalije 45, Beograd). Re\u010d je o prvom nau\u010dno utemeljenom i sistematskom radu koji\u2026","rel":"","context":"U &quot;Novosti&quot;","block_context":{"text":"Novosti","link":"https:\/\/historiografija.hr\/?cat=3"},"img":{"alt_text":"","src":"https:\/\/i0.wp.com\/historiografija.hr\/wp-content\/uploads\/2026\/04\/20-april-RS.jpg?fit=1200%2C675&ssl=1&resize=350%2C200","width":350,"height":200,"srcset":"https:\/\/i0.wp.com\/historiografija.hr\/wp-content\/uploads\/2026\/04\/20-april-RS.jpg?fit=1200%2C675&ssl=1&resize=350%2C200 1x, https:\/\/i0.wp.com\/historiografija.hr\/wp-content\/uploads\/2026\/04\/20-april-RS.jpg?fit=1200%2C675&ssl=1&resize=525%2C300 1.5x, https:\/\/i0.wp.com\/historiografija.hr\/wp-content\/uploads\/2026\/04\/20-april-RS.jpg?fit=1200%2C675&ssl=1&resize=700%2C400 2x, https:\/\/i0.wp.com\/historiografija.hr\/wp-content\/uploads\/2026\/04\/20-april-RS.jpg?fit=1200%2C675&ssl=1&resize=1050%2C600 3x"},"classes":[]},{"id":52569,"url":"https:\/\/historiografija.hr\/?p=52569","url_meta":{"origin":11461,"position":2},"title":"[Predavanje] Ne \u010dekaju\u0107i inspiraciju \u2013 anga\u017eovane intelektualne, kulturalne i umetni\u010dke prakse u me\u0111uratnom periodu: teorija i praksa kriti\u010dke levice u jugoslovenskoj kulturi (YugoLab)","author":"Branimir Jankovi\u0107","date":"21. travnja 2026.","format":false,"excerpt":"U vreme agresivnog ja\u010danja globalne desnice, (pro)fa\u0161isti\u010dkih, rasisti\u010dkih i imperijalisti\u010dkih politika, dok je istovremeno globalna levica izrazito slaba, a progresivni pokreti atomizirani i fragmentisani, va\u017eno je iz savremene perspektive vratiti se revolucionarnim i emancipatorskim zbivanjima u jugoslovenskom (ali i s njima u vezi internacionalnim de\u0161avanjima), kao i dru\u0161tvenoj ulozi kulturalnih\u2026","rel":"","context":"U &quot;Novosti&quot;","block_context":{"text":"Novosti","link":"https:\/\/historiografija.hr\/?cat=3"},"img":{"alt_text":"","src":"","width":0,"height":0},"classes":[]},{"id":52657,"url":"https:\/\/historiografija.hr\/?p=52657","url_meta":{"origin":11461,"position":3},"title":"[Predavanje] Jezik i drugost u (post)socijalisti\u010dkoj Srbiji: diskurzivne politike identiteta (YugoLab)","author":"Branimir Jankovi\u0107","date":"24. travnja 2026.","format":false,"excerpt":"U sklopu projekta Prizma \/ IMAGINATION (\u201eZami\u0161ljanje nacije: srpski nacionalni narativi u sporu (XX\u2013XXI vek)\u201c), koji se realizuje na Institutu za filozofiju i dru\u0161tvenu teoriju Univerziteta u Beogradu (2024\u20132027) uz finansijsku podr\u0161ku Fonda za nauku Republike Srbije, organizuje se serija predavanja na kojoj istra\u017eiva\u010di i istra\u017eiva\u010dice projekta predstavljaju rezultate svojih\u2026","rel":"","context":"U &quot;Novosti&quot;","block_context":{"text":"Novosti","link":"https:\/\/historiografija.hr\/?cat=3"},"img":{"alt_text":"","src":"https:\/\/i0.wp.com\/historiografija.hr\/wp-content\/uploads\/2026\/04\/IFDT_28_IV.png?fit=1200%2C675&ssl=1&resize=350%2C200","width":350,"height":200,"srcset":"https:\/\/i0.wp.com\/historiografija.hr\/wp-content\/uploads\/2026\/04\/IFDT_28_IV.png?fit=1200%2C675&ssl=1&resize=350%2C200 1x, https:\/\/i0.wp.com\/historiografija.hr\/wp-content\/uploads\/2026\/04\/IFDT_28_IV.png?fit=1200%2C675&ssl=1&resize=525%2C300 1.5x, https:\/\/i0.wp.com\/historiografija.hr\/wp-content\/uploads\/2026\/04\/IFDT_28_IV.png?fit=1200%2C675&ssl=1&resize=700%2C400 2x, https:\/\/i0.wp.com\/historiografija.hr\/wp-content\/uploads\/2026\/04\/IFDT_28_IV.png?fit=1200%2C675&ssl=1&resize=1050%2C600 3x"},"classes":[]},{"id":52666,"url":"https:\/\/historiografija.hr\/?p=52666","url_meta":{"origin":11461,"position":4},"title":"Najava programa Festivala povijesti Kliofest (5-8. V. 2026)","author":"Branimir Jankovi\u0107","date":"24. travnja 2026.","format":false,"excerpt":"Po trinaesti put odr\u017eava se Festival povijesti Kliofest! Do petka \u0107emo odr\u017eati osam okruglih stolova i dva kolokvija te niz predstavljanja knjiga i projekata razli\u010dite tematike, od antike do suvremenosti. Bit \u0107e predstavljeno i nekoliko izlo\u017ebi te odr\u017ean jedan povijesni kviz. Prikazat \u0107emo i jedan film \u2013 o generalu Boroevi\u0107u.\u2026","rel":"","context":"U &quot;Novosti&quot;","block_context":{"text":"Novosti","link":"https:\/\/historiografija.hr\/?cat=3"},"img":{"alt_text":"","src":"https:\/\/i0.wp.com\/historiografija.hr\/wp-content\/uploads\/2026\/04\/Kliofest-2026.jpg?fit=526%2C526&ssl=1&resize=350%2C200","width":350,"height":200,"srcset":"https:\/\/i0.wp.com\/historiografija.hr\/wp-content\/uploads\/2026\/04\/Kliofest-2026.jpg?fit=526%2C526&ssl=1&resize=350%2C200 1x, https:\/\/i0.wp.com\/historiografija.hr\/wp-content\/uploads\/2026\/04\/Kliofest-2026.jpg?fit=526%2C526&ssl=1&resize=525%2C300 1.5x"},"classes":[]},{"id":52499,"url":"https:\/\/historiografija.hr\/?p=52499","url_meta":{"origin":11461,"position":5},"title":"POTPISAN UGOVOR O ZNANSTVENO-ISTRA\u017dIVA\u010cKOJ SURADNJI: PROJEKT \u201eTEMELJI HRVATSKE SAMOSTALNOSTI\u201d","author":"Branimir Jankovi\u0107","date":"17. travnja 2026.","format":false,"excerpt":"Hrvatski institut za povijest, Sveu\u010dili\u0161te obrane i sigurnosti \u201eDr. Franjo Tu\u0111man\u201d, Institut dru\u0161tvenih znanosti Ivo Pilar i Hrvatski dr\u017eavni arhiv\u00a0potpisali su 23. o\u017eujka 2026.\u00a0Ugovor o znanstveno-istra\u017eiva\u010dkoj suradnji s ciljem provedbe projekta \u201eTemelji hrvatske samostalnosti\u201d. Tim projektom obuhva\u0107a se istra\u017eivanje arhivskoga gradiva, priprema znanstvenih publikacija, digitalizacija i javna prezentacija rezultata istra\u017eivanja\u2026","rel":"","context":"U &quot;Novosti&quot;","block_context":{"text":"Novosti","link":"https:\/\/historiografija.hr\/?cat=3"},"img":{"alt_text":"","src":"https:\/\/i0.wp.com\/historiografija.hr\/wp-content\/uploads\/2026\/04\/THS_sporazum.jpg?fit=1200%2C583&ssl=1&resize=350%2C200","width":350,"height":200,"srcset":"https:\/\/i0.wp.com\/historiografija.hr\/wp-content\/uploads\/2026\/04\/THS_sporazum.jpg?fit=1200%2C583&ssl=1&resize=350%2C200 1x, https:\/\/i0.wp.com\/historiografija.hr\/wp-content\/uploads\/2026\/04\/THS_sporazum.jpg?fit=1200%2C583&ssl=1&resize=525%2C300 1.5x, https:\/\/i0.wp.com\/historiografija.hr\/wp-content\/uploads\/2026\/04\/THS_sporazum.jpg?fit=1200%2C583&ssl=1&resize=700%2C400 2x, https:\/\/i0.wp.com\/historiografija.hr\/wp-content\/uploads\/2026\/04\/THS_sporazum.jpg?fit=1200%2C583&ssl=1&resize=1050%2C600 3x"},"classes":[]}],"_links":{"self":[{"href":"https:\/\/historiografija.hr\/index.php?rest_route=\/wp\/v2\/posts\/11461","targetHints":{"allow":["GET"]}}],"collection":[{"href":"https:\/\/historiografija.hr\/index.php?rest_route=\/wp\/v2\/posts"}],"about":[{"href":"https:\/\/historiografija.hr\/index.php?rest_route=\/wp\/v2\/types\/post"}],"author":[{"embeddable":true,"href":"https:\/\/historiografija.hr\/index.php?rest_route=\/wp\/v2\/users\/2"}],"replies":[{"embeddable":true,"href":"https:\/\/historiografija.hr\/index.php?rest_route=%2Fwp%2Fv2%2Fcomments&post=11461"}],"version-history":[{"count":6,"href":"https:\/\/historiografija.hr\/index.php?rest_route=\/wp\/v2\/posts\/11461\/revisions"}],"predecessor-version":[{"id":11475,"href":"https:\/\/historiografija.hr\/index.php?rest_route=\/wp\/v2\/posts\/11461\/revisions\/11475"}],"wp:featuredmedia":[{"embeddable":true,"href":"https:\/\/historiografija.hr\/index.php?rest_route=\/wp\/v2\/media\/8233"}],"wp:attachment":[{"href":"https:\/\/historiografija.hr\/index.php?rest_route=%2Fwp%2Fv2%2Fmedia&parent=11461"}],"wp:term":[{"taxonomy":"category","embeddable":true,"href":"https:\/\/historiografija.hr\/index.php?rest_route=%2Fwp%2Fv2%2Fcategories&post=11461"},{"taxonomy":"post_tag","embeddable":true,"href":"https:\/\/historiografija.hr\/index.php?rest_route=%2Fwp%2Fv2%2Ftags&post=11461"}],"curies":[{"name":"wp","href":"https:\/\/api.w.org\/{rel}","templated":true}]}}