{"id":11455,"date":"2018-09-29T22:07:57","date_gmt":"2018-09-29T22:07:57","guid":{"rendered":"http:\/\/historiografija.hr\/?p=11455"},"modified":"2018-09-29T22:08:20","modified_gmt":"2018-09-29T22:08:20","slug":"polemika-snjezane-kordic-i-borisa-budena-o-jeziku","status":"publish","type":"post","link":"https:\/\/historiografija.hr\/?p=11455","title":{"rendered":"Polemika Snje\u017eane Kordi\u0107 i Borisa Budena o jeziku"},"content":{"rendered":"<p>Na portalu Slobodni Filozofski povodom Deklaracije o zajedni\u010dkom jeziku polemiziraju lingvistkinja Snje\u017eana Kordi\u0107 i filozof i publicist Boris Buden.<\/p>\n<p><strong>\u00a0<\/strong><\/p>\n<p><strong>&#8212;<\/strong><\/p>\n<p><strong>\u00a0<\/strong><\/p>\n<p><strong>SLOBODNI FILOZOFSKI<\/strong><\/p>\n<p><strong>\u00a0<\/strong><\/p>\n<p><strong>Boris Buden\u00a0\u00a0\u00a0\u00a0\u00a0\u00a0 <\/strong><\/p>\n<p>&nbsp;<\/p>\n<ol start=\"28\">\n<li>prosinca 2017.<\/li>\n<\/ol>\n<p>&nbsp;<\/p>\n<p><strong>Padaj (jezi\u010dna) silo i nepravdo!<\/strong><\/p>\n<p><strong>Produktivni paradoks Deklaracije o zajedni\u010dkom jeziku<\/strong><\/p>\n<p>&nbsp;<\/p>\n<p>Feti\u0161 znanstvene kompetentnosti, koji imaginarni sukob \u201eznanosti\u201c i \u201epolitike\u201c izmje\u0161ta izvan realnih socioekonomskih odnosa i historijskog procesa ideolo\u0161ke naturalizacije razli\u010ditih (pa i jezi\u010dnih) praksi, svaki poziv na akciju li\u0161ava antisistemskog zahtjeva. Osvrt na ahistorijsko i depolitiziraju\u0107e polazi\u0161te Deklaracije o zajedni\u010dkom jeziku, koju je grupa lingvista\/kinja i intelektualaca\/kinja s prostora biv\u0161e Jugoslavije okupljena na projektu \u201eJezici i nacionalizmi\u201c javnosti ponudila na potpisivanje po\u010detkom ove godine, pi\u0161e Boris Buden.<\/p>\n<p>&nbsp;<\/p>\n<p><a href=\"http:\/\/slobodnifilozofski.com\/2017\/12\/padaj-jezicna-silo-nepravdo-produktivni-paradoks-deklaracije-zajednickom-jeziku.html\">http:\/\/slobodnifilozofski.com\/2017\/12\/padaj-jezicna-silo-nepravdo-produktivni-paradoks-deklaracije-zajednickom-jeziku.html<\/a><\/p>\n<p>&nbsp;<\/p>\n<p>&#8212;<\/p>\n<p>&nbsp;<\/p>\n<p><strong>Snje\u017eana Kordi\u0107\u00a0\u00a0\u00a0\u00a0\u00a0\u00a0\u00a0\u00a0\u00a0\u00a0\u00a0\u00a0\u00a0\u00a0\u00a0 <\/strong><\/p>\n<p>&nbsp;<\/p>\n<ol start=\"10\">\n<li>sije\u010dnja 2018.<\/li>\n<\/ol>\n<p>&nbsp;<\/p>\n<p><strong>Reagiranje na tekst Borisa Budena povodom Deklaracije o zajedni\u010dkom jeziku<\/strong><\/p>\n<p>&nbsp;<\/p>\n<p>Lingvistkinja i autorica knjige Jezik i nacionalizam (2010.) te \u010dlanica radne grupe koja je u sklopu regionalnog projekta \u201eJezici i nacionalizmi\u201c sudjelovala u sastavljanju Deklaracije o zajedni\u010dkom jeziku, Snje\u017eana Kordi\u0107, obratila nam se s reagiranjem na tekst Borisa Budena \u201ePadaj (jezi\u010dna) silo i nepravdo! Produktivni paradoks Deklaracije o zajedni\u010dkom jeziku\u201c, koji smo na na\u0161im stranicama objavili 28. prosinca 2017. godine. Njezino reagiranje prenosimo u cijelosti, bez korekcija i intervencija.<\/p>\n<p>&nbsp;<\/p>\n<p><a href=\"http:\/\/slobodnifilozofski.com\/2018\/01\/reagiranje-na-tekst-borisa-budena-povodom-deklaracije-zajednickom-jeziku.html\">http:\/\/slobodnifilozofski.com\/2018\/01\/reagiranje-na-tekst-borisa-budena-povodom-deklaracije-zajednickom-jeziku.html<\/a><\/p>\n<p>&nbsp;<\/p>\n<p>&#8212;<\/p>\n<p>&nbsp;<\/p>\n<p><strong>Boris Buden\u00a0\u00a0\u00a0\u00a0\u00a0\u00a0 <\/strong><\/p>\n<p>&nbsp;<\/p>\n<ol start=\"8\">\n<li>kolovoza 2018.<\/li>\n<\/ol>\n<p>&nbsp;<\/p>\n<p><strong>\u0160amar, letva, kamen, znanost, jezik<\/strong><\/p>\n<p><strong>Odgovor Snje\u017eani Kordi\u0107<\/strong><\/p>\n<p>&nbsp;<\/p>\n<p>Donosimo nastavak polemike o Deklaraciji o zajedni\u010dkom jeziku. O \u201eznanstvenosti\u201c polazi\u0161ta Deklaracije i (ne)politi\u010dnosti njezine temeljne pozicije, pro\u010ditajte u odgovoru Borisa Budena na reagiranje Snje\u017eane Kordi\u0107 na tekst u kojem autor spor oko jezika pozicionira unutar konkretnih politi\u010dkih, historijskih i ideolo\u0161kih procesa, a izvan konteksta tzv. znanstvenog polja.<\/p>\n<p>&nbsp;<\/p>\n<p><a href=\"http:\/\/slobodnifilozofski.com\/2018\/08\/samar-letva-kamen-znanost-jezik.html\">http:\/\/slobodnifilozofski.com\/2018\/08\/samar-letva-kamen-znanost-jezik.html<\/a><\/p>\n<p>&nbsp;<\/p>\n<p>&#8212;<\/p>\n<p>&nbsp;<\/p>\n<p><strong>Snje\u017eana Kordi\u0107\u00a0\u00a0\u00a0\u00a0\u00a0\u00a0\u00a0\u00a0\u00a0\u00a0\u00a0\u00a0\u00a0\u00a0\u00a0 <\/strong><\/p>\n<p>&nbsp;<\/p>\n<ol start=\"24\">\n<li>kolovoza 2018.<\/li>\n<\/ol>\n<p>&nbsp;<\/p>\n<p><strong>Kratke noge la\u017ei (odgovor Borisu Budenu)<\/strong><\/p>\n<p>&nbsp;<\/p>\n<p>Donosimo novi prilog raspravi o jeziku, potaknutoj Deklaracijom o zajedni\u010dkom jeziku. Lingvistkinja Snje\u017eana Kordi\u0107 odgovara filozofu i publicistu Borisu Budenu na njegov posljednji tekst \u201e\u0160amar, letva, kamen, znanost, jezik \/ Odgovor Snje\u017eani Kordi\u0107\u201c. Odgovor prenosimo u cijelosti, bez korekcija i intervencija.<\/p>\n<p>&nbsp;<\/p>\n<p><a href=\"http:\/\/slobodnifilozofski.com\/2018\/08\/kratke-noge-lazi-odgovor-borisu-budenu.html\">http:\/\/slobodnifilozofski.com\/2018\/08\/kratke-noge-lazi-odgovor-borisu-budenu.html<\/a><\/p>\n<p>&nbsp;<\/p>\n<p>&nbsp;<\/p>\n","protected":false},"excerpt":{"rendered":"","protected":false},"author":2,"featured_media":11456,"comment_status":"open","ping_status":"open","sticky":false,"template":"","format":"standard","meta":{"_acf_changed":false,"jetpack_post_was_ever_published":false,"_jetpack_newsletter_access":"","_jetpack_dont_email_post_to_subs":false,"_jetpack_newsletter_tier_id":0,"_jetpack_memberships_contains_paywalled_content":false,"_jetpack_memberships_contains_paid_content":false,"footnotes":"","jetpack_publicize_message":"","jetpack_publicize_feature_enabled":true,"jetpack_social_post_already_shared":true,"jetpack_social_options":{"image_generator_settings":{"template":"highway","default_image_id":0,"font":"","enabled":false},"version":2}},"categories":[3,17],"tags":[],"class_list":["post-11455","post","type-post","status-publish","format-standard","has-post-thumbnail","hentry","category-novosti","category-rasprave"],"acf":{"facebook_opis":""},"jetpack_publicize_connections":[],"jetpack_featured_media_url":"https:\/\/i0.wp.com\/historiografija.hr\/wp-content\/uploads\/2018\/09\/Jezik_i_nacionalizam_wikipedia.org_.jpg?fit=900%2C600&ssl=1","jetpack_sharing_enabled":true,"jetpack-related-posts":[{"id":52148,"url":"https:\/\/historiografija.hr\/?p=52148","url_meta":{"origin":11455,"position":0},"title":"Poziv za prijavu na me\u0111unarodnu znanstvenu konferenciju \u201eGranice (ne)slobode: Zadarski krug 1966. Intelektualna opozicija u totalitarnom dru\u0161tvu\u201c","author":"Branimir Jankovi\u0107","date":"27. o\u017eujka 2026.","format":false,"excerpt":"\u00a0\u00a0\u00a0\u00a0 Povodom \u0161ezdesete obljetnice poku\u0161aja osnivanja \u010dasopisa Slobodan glas u Zadru 1966. godine, pozivamo vas na znanstvenu konferenciju posve\u0107enu istra\u017eivanju disidentstva, intelektualne opozicije i granica divergentnog mi\u0161ljenja nasuprot slu\u017ebenoj ideologiji u komunisti\u010dkoj Jugoslaviji. Ideja konferencije je analizirati konkretan fenomen zadarskog slu\u010daja razloge i okolnosti njegove pojave, ali uz otvaranje komparativnih\u2026","rel":"","context":"U &quot;Novosti&quot;","block_context":{"text":"Novosti","link":"https:\/\/historiografija.hr\/?cat=3"},"img":{"alt_text":"","src":"https:\/\/i0.wp.com\/historiografija.hr\/wp-content\/uploads\/2026\/03\/Poziv-konferencija-Zadar.jpg?fit=1200%2C509&ssl=1&resize=350%2C200","width":350,"height":200,"srcset":"https:\/\/i0.wp.com\/historiografija.hr\/wp-content\/uploads\/2026\/03\/Poziv-konferencija-Zadar.jpg?fit=1200%2C509&ssl=1&resize=350%2C200 1x, https:\/\/i0.wp.com\/historiografija.hr\/wp-content\/uploads\/2026\/03\/Poziv-konferencija-Zadar.jpg?fit=1200%2C509&ssl=1&resize=525%2C300 1.5x, https:\/\/i0.wp.com\/historiografija.hr\/wp-content\/uploads\/2026\/03\/Poziv-konferencija-Zadar.jpg?fit=1200%2C509&ssl=1&resize=700%2C400 2x, https:\/\/i0.wp.com\/historiografija.hr\/wp-content\/uploads\/2026\/03\/Poziv-konferencija-Zadar.jpg?fit=1200%2C509&ssl=1&resize=1050%2C600 3x"},"classes":[]},{"id":52628,"url":"https:\/\/historiografija.hr\/?p=52628","url_meta":{"origin":11455,"position":1},"title":"Predavanje dopisnog \u010dlana HAZU Alaina Finkielkrauta Izrael, Europa, antisemitizam","author":"Branimir Jankovi\u0107","date":"23. travnja 2026.","format":false,"excerpt":"Francuski filozof Alain Finkielkraut, redoviti \u010dlan Francuske akademije i dopisni \u010dlan HAZU, odr\u017eat \u0107e predavanje\u00a0Izrael, Europa, antisemitizam u utorak 28. travnja 2026. u 13 sati u Knji\u017enici HAZU,\u00a0Strossmayerov trg 14 u Zagrebu. Uvodne rije\u010di odr\u017eat \u0107e\u00a0akademkinja \u017deljka \u010corak i\u00a0akademik Dra\u017een Katunari\u0107. Predavanje \u0107e se odr\u017eati na francuskom jeziku uz konsekutivno\u2026","rel":"","context":"U &quot;Novosti&quot;","block_context":{"text":"Novosti","link":"https:\/\/historiografija.hr\/?cat=3"},"img":{"alt_text":"","src":"https:\/\/i0.wp.com\/historiografija.hr\/wp-content\/uploads\/2026\/04\/Alain_Finkielkraut.jpg?fit=350%2C407&ssl=1&resize=350%2C200","width":350,"height":200},"classes":[]}],"_links":{"self":[{"href":"https:\/\/historiografija.hr\/index.php?rest_route=\/wp\/v2\/posts\/11455","targetHints":{"allow":["GET"]}}],"collection":[{"href":"https:\/\/historiografija.hr\/index.php?rest_route=\/wp\/v2\/posts"}],"about":[{"href":"https:\/\/historiografija.hr\/index.php?rest_route=\/wp\/v2\/types\/post"}],"author":[{"embeddable":true,"href":"https:\/\/historiografija.hr\/index.php?rest_route=\/wp\/v2\/users\/2"}],"replies":[{"embeddable":true,"href":"https:\/\/historiografija.hr\/index.php?rest_route=%2Fwp%2Fv2%2Fcomments&post=11455"}],"version-history":[{"count":1,"href":"https:\/\/historiografija.hr\/index.php?rest_route=\/wp\/v2\/posts\/11455\/revisions"}],"predecessor-version":[{"id":11457,"href":"https:\/\/historiografija.hr\/index.php?rest_route=\/wp\/v2\/posts\/11455\/revisions\/11457"}],"wp:featuredmedia":[{"embeddable":true,"href":"https:\/\/historiografija.hr\/index.php?rest_route=\/wp\/v2\/media\/11456"}],"wp:attachment":[{"href":"https:\/\/historiografija.hr\/index.php?rest_route=%2Fwp%2Fv2%2Fmedia&parent=11455"}],"wp:term":[{"taxonomy":"category","embeddable":true,"href":"https:\/\/historiografija.hr\/index.php?rest_route=%2Fwp%2Fv2%2Fcategories&post=11455"},{"taxonomy":"post_tag","embeddable":true,"href":"https:\/\/historiografija.hr\/index.php?rest_route=%2Fwp%2Fv2%2Ftags&post=11455"}],"curies":[{"name":"wp","href":"https:\/\/api.w.org\/{rel}","templated":true}]}}