{"id":11437,"date":"2018-09-28T08:27:33","date_gmt":"2018-09-28T08:27:33","guid":{"rendered":"http:\/\/historiografija.hr\/?p=11437"},"modified":"2018-09-28T08:29:11","modified_gmt":"2018-09-28T08:29:11","slug":"ciklus-tribina-sto-godina-od-osnivanja-jugoslavije-raspad-jugoslavije","status":"publish","type":"post","link":"https:\/\/historiografija.hr\/?p=11437","title":{"rendered":"Ciklus tribina \u201cSto godina od osnivanja Jugoslavije\u201d: Raspad Jugoslavije"},"content":{"rendered":"<p>U sklopu ciklusa tribina \u201cSto godina od osnivanja Jugoslavije\u201d odr\u017eat \u0107e 2. listopada 2018. u Beogradu tribina \u201cRaspad Jugoslavije\u201d na kojoj sudjeluju Ivan \u0110or\u0111evi\u0107, Vladimir Petrovi\u0107, Jovo Baki\u0107 i Igor \u0160tiks, a moderira Sanja Petrovi\u0107 Todosijevi\u0107.<\/p>\n<p>&nbsp;<\/p>\n<p>&#8212;<\/p>\n<p>&nbsp;<\/p>\n<p><strong>Cejus : Centar za jugoslovenske studije <\/strong><\/p>\n<p>&nbsp;<\/p>\n<p>Tribina Raspad Jugoslavije<\/p>\n<p>&nbsp;<\/p>\n<p>Dom Omladine Beograda<\/p>\n<p>&nbsp;<\/p>\n<p>U\u010desnici:<\/p>\n<p>Ivan \u0110or\u0111evi\u0107, Etnografski institut SANU<\/p>\n<p>Vladimir Petrovi\u0107, Institut za savremenu istoriju<\/p>\n<p>Jovo Baki\u0107, Filozofski fakultet Univerziteta u Beogradu<\/p>\n<p>Igor \u0160tiks, Fakultet za medije i komunikacije Univerziteta Singidunum<\/p>\n<p>(moderatorka: Sanja Petrovi\u0107 Todosijevi\u0107, Institut za noviju istoriju Srbije\/Cejus)<\/p>\n<p>&nbsp;<\/p>\n<p>Tribinom pod nazivom Raspad Jugoslavije Centar za jugoslovenske studije i Dom omladine Beograd privode kraju razgovore na temu Sto godina od osnivanja Jugoslavije. U\u010desnici pretposlednje tribine u okviru tribinskog programa koji je imao za cilj da kanali\u0161e brojne \u201e\u017eive\u201c rasprave koje se vode o pitanjima vezanim za postojanje i nasle\u0111e jugoslovenske dr\u017eave, kako u okvirima nau\u010dne zajednice tako i u okviru \u0161ire javnosti, medijima, koji vi\u0161e nego ikada ranije igraju zna\u010dajnu ulogu u procesu konstruisanja se\u0107anja na Jugoslaviju i njene simbole, na prostoru svih dr\u017eava naslednica Jugoslavije pa i u Republici Srbiji, fokusira\u0107e se na analizu onih \u010dinioca koji su doveli do raspada Jugoslavije pa samim tim i do izbijanja rata na prostoru biv\u0161e Jugoslavije kao i na analizu fenomena koji pripadaju post-jugoslovenskom nasle\u0111u. U\u010desnici tribine Raspad Jugoslavije poku\u0161a\u0107e da uka\u017eu na doga\u0111aje koji su predhodili definitivnom raspadu SFRJ odnosno one koji su predstavljali simboli\u010dku predigru brojnih scena nasilja koje \u0107e postati deo svakodnevice tokom devedesetih godina 20. veka. Tako je, recimo, kao posledica tih procesa, jedna potkultura poput navija\u010dke postala relevantan politi\u010dki faktor a njeni pripadnici neupitni nosioci \u201epatriotskog kapitala\u201c.Gosti Centra za jugoslovenske studije i Doma omladine ukaza\u0107e na klju\u010dne etape Raspada i ozna\u010diti njegove glavne aktere posebno skre\u0107u\u0107i pa\u017enju na me\u0111unarodne okolnosti i prilike koje su svedo\u010dile nastanku ali i \u201cnestanku\u201d jugoslovenske dr\u017eave. Tribina pod nazivom Raspad Jugoslavijeskrenu\u0107e pa\u017enju i na samu raspravu o \u201cpropasti\u201d jugoslovenske dr\u017eave, na, ponekad, opsesivnu potragu za uzrocima raspada Jugoslavije koja se zna svesti na izno\u0161enje neobi\u010dnih i komi\u010dnih argumenata. Posebnu pa\u017enju, u\u010desnici tribine Raspad Jugoslavije poku\u0161a\u0107e da skrenu na aktuelnu dinamiku jugoslovenskog prostora koja nas dovodi i do, mo\u017eda klju\u010dnog pitanja \u2013 ima li Jugoslavije posle njenog raspada?<\/p>\n<p>&nbsp;<\/p>\n<p>O u\u010desnicama tribine:<\/p>\n<p>Ivan \u0110or\u0111evi\u0107 (1977)je nau\u010dni saradnik Etnografskog instituta SANU. Prevashodno se interesuje za antropologiju sporta, politi\u010dku antropologiju i marginalizovane zajednice. Kao rezultat usredsre\u0111enosti na ispitivanje dru\u0161tvene uloge sporta, objavio je knjigu Antropolog me\u0111u navija\u010dima (2015).<\/p>\n<p>&nbsp;<\/p>\n<p>Vladimir Petrovi\u0107 (1979) je vi\u0161i nau\u010dni saradnik Instituta za savremenu istoriju i gostuju\u0107i predava\u010d na Centralnoevropskom univerzitetu u Budimpe\u0161ti i Bostonskom univerzitetu. Autor je monografija: Jugoslavija stupa na Bliski istok (2006), Titova li\u010dna diplomatija (2010) i The Emergence of Historical Forensic Expertise: Clio takes the Stand (2016). U Institutu za savremenu istoriju ure\u0111uje ediciju istorijskih izvora Kraj Jugoslavije.<\/p>\n<p>&nbsp;<\/p>\n<p>Jovo Baki\u0107 (1970) je docent na Odeljenju za sociologiju Filozofskog fakulteta Univerziteta u Beogradu. Stru\u010dno se usavr\u0161avao na Univerzitetima u: Oksfordu, Helsinkiju i na Univerzitetu Masa\u010dusets u Amherstu. Predavao je po pozivu na Karlovom univerzitetu u Pragu. Posebno je zainteresovan za istorijsku sociologiju politike, sociologiju saznanja, teorije nacije i nacionalizma, razli\u010dite ideologije, biv\u0161u Jugoslaviju i njene dr\u017eave-naslednice. Autor je monografija: Jugoslavija: razaranje i njegovi tuma\u010di (2011) i Ideologije jugoslovenstva izme\u0111u srpskog i hrvatskog nacionalizma1918-1941 (2004). U najavi je njegova monografija pod nazivom Krajnja desnica u starim evropskim oligarhijama 1945-2018.<\/p>\n<p>&nbsp;<\/p>\n<p>Igor \u0160tiks(1977) je redovni profesor Fakulteta za medije i komunikacije Univerziteta Singidunum.Predavao je na univerzitetima u Edinburgu, Gracu, Ljubljani i Sarajevu. Osnovne oblasti istra\u017eivanja su mu: politi\u010dke nauke, kulturne studije, politi\u010dka teorija, dru\u0161tveni pokreti i umetnost. Objavio je monografiju Nations and Citizens in Yugoslavia and the Post-Yugoslav States: One Hundred Years of Citizenship (2015) koja je pod naslovom Dr\u017eavljanin, gra\u0111anin, stranac, neprijatelj: jedna povijest Jugoslavije i postjugoslavenskih dr\u017eava objavljena i kod nas(2016). Sa Sre\u0107kom Horvatom objavio je knjigu Pravo na pobunu (2010) i uredio zbornik Dobro do\u0161li u pustinju postsocijalizma (englesko izdanje Verso, 2015; Fraktura, 2015). Sa Jo Shaw uredio je zbornike Citizenship after Yugoslavia (2012) i Citizenship Rights (2013). Autor je dva nagra\u0111ivana romana, Dvorac u Romagni (2000) i Elijahova stolica(2006) koja su do danas prevedena na 15 jezika, kao i romana Rezali\u0161te (2017). U Jugoslovenskom dramskom pozori\u0161tu predstava Elijahova stolica, u re\u017eiji Borisa Lije\u0161evi\u0107a, osvojila je Grand Prix BITEF-a 2011. Njegova prva drama Bra\u0161no u venama(2016) je dobila nekoliko regionalnih nagrada za najbolji tekst, dok je njegov komad Zrenjanin premijerno izveden u Narodnom pozori\u0161tu u Zrenjaninu 2017. Za svoj knji\u017eevni, intelektualni i javni rad dobio je francusko odlikovanje Chevalier des Arts et des Lettres.<\/p>\n<p>&nbsp;<\/p>\n<p>O moderatorki:<\/p>\n<p>Sanja Petrovi\u0107 Todosijevi\u0107 (1977) je nau\u010dna saradnica Instituta za noviju istoriju Srbije i jedna od osniva\u010dica Centra za jugoslovenske studije. Bavi se du\u0161tvenom istorijom Srbije i Jugoslavije u periodu posle Drugog svetskog rata s posebnim akcentom na istoriju detinjstva i istoriju obrazovanja kao i istorijom Drugog svetskog rata s posebnim osvrtom na Holokaust i nema\u010dko okupaciono podru\u010dje u Srbiji. Autorka je monografije Za bezimene. Delatnost UNICEF-a u Federativnoj Narodnoj Republici Jugoslaviji 1947-1954 (2008). Priredila je rukopis Grigorija Babovi\u0107a, Letopis \u0160apca 1933-1944 (2010). Jedna je od autorki izlo\u017ebe Poslednje odredi\u0161te Au\u0161vic (Istorijski muzej Srbije, 2015). U \u0161tampi je njena monografija Ote\u0107emo svetlost bu\u010dnom vodopadu. Reforma osnovno\u0161kolskog sistema u Srbiji 1944-1959.<\/p>\n<p>&nbsp;<\/p>\n<p>Izvor:<\/p>\n<p>&nbsp;<\/p>\n<p><a href=\"https:\/\/www.facebook.com\/events\/2066710580030387\/\">https:\/\/www.facebook.com\/events\/2066710580030387\/<\/a><\/p>\n<p>&nbsp;<\/p>\n<p><a href=\"https:\/\/www.facebook.com\/cejus.jus\/\">https:\/\/www.facebook.com\/cejus.jus\/<\/a><\/p>\n<p>&nbsp;<\/p>\n<p>&nbsp;<\/p>\n","protected":false},"excerpt":{"rendered":"","protected":false},"author":2,"featured_media":11438,"comment_status":"open","ping_status":"open","sticky":false,"template":"","format":"standard","meta":{"_acf_changed":false,"jetpack_post_was_ever_published":false,"_jetpack_newsletter_access":"","_jetpack_dont_email_post_to_subs":false,"_jetpack_newsletter_tier_id":0,"_jetpack_memberships_contains_paywalled_content":false,"_jetpack_memberships_contains_paid_content":false,"footnotes":"","jetpack_publicize_message":"","jetpack_publicize_feature_enabled":true,"jetpack_social_post_already_shared":true,"jetpack_social_options":{"image_generator_settings":{"template":"highway","default_image_id":0,"font":"","enabled":false},"version":2}},"categories":[3],"tags":[],"class_list":["post-11437","post","type-post","status-publish","format-standard","has-post-thumbnail","hentry","category-novosti"],"acf":{"facebook_opis":""},"jetpack_publicize_connections":[],"jetpack_featured_media_url":"https:\/\/i0.wp.com\/historiografija.hr\/wp-content\/uploads\/2018\/09\/Tribina-raspad-YU.jpg?fit=1200%2C757&ssl=1","jetpack_sharing_enabled":true,"jetpack-related-posts":[{"id":52657,"url":"https:\/\/historiografija.hr\/?p=52657","url_meta":{"origin":11437,"position":0},"title":"[Predavanje] Jezik i drugost u (post)socijalisti\u010dkoj Srbiji: diskurzivne politike identiteta (YugoLab)","author":"Branimir Jankovi\u0107","date":"24. travnja 2026.","format":false,"excerpt":"U sklopu projekta Prizma \/ IMAGINATION (\u201eZami\u0161ljanje nacije: srpski nacionalni narativi u sporu (XX\u2013XXI vek)\u201c), koji se realizuje na Institutu za filozofiju i dru\u0161tvenu teoriju Univerziteta u Beogradu (2024\u20132027) uz finansijsku podr\u0161ku Fonda za nauku Republike Srbije, organizuje se serija predavanja na kojoj istra\u017eiva\u010di i istra\u017eiva\u010dice projekta predstavljaju rezultate svojih\u2026","rel":"","context":"U &quot;Novosti&quot;","block_context":{"text":"Novosti","link":"https:\/\/historiografija.hr\/?cat=3"},"img":{"alt_text":"","src":"https:\/\/i0.wp.com\/historiografija.hr\/wp-content\/uploads\/2026\/04\/IFDT_28_IV.png?fit=1200%2C675&ssl=1&resize=350%2C200","width":350,"height":200,"srcset":"https:\/\/i0.wp.com\/historiografija.hr\/wp-content\/uploads\/2026\/04\/IFDT_28_IV.png?fit=1200%2C675&ssl=1&resize=350%2C200 1x, https:\/\/i0.wp.com\/historiografija.hr\/wp-content\/uploads\/2026\/04\/IFDT_28_IV.png?fit=1200%2C675&ssl=1&resize=525%2C300 1.5x, https:\/\/i0.wp.com\/historiografija.hr\/wp-content\/uploads\/2026\/04\/IFDT_28_IV.png?fit=1200%2C675&ssl=1&resize=700%2C400 2x, https:\/\/i0.wp.com\/historiografija.hr\/wp-content\/uploads\/2026\/04\/IFDT_28_IV.png?fit=1200%2C675&ssl=1&resize=1050%2C600 3x"},"classes":[]},{"id":52631,"url":"https:\/\/historiografija.hr\/?p=52631","url_meta":{"origin":11437,"position":1},"title":"Predavanje Ivana Tepe\u0161a: Djelovanje hrvatske politi\u010dke emigracije","author":"Branimir Jankovi\u0107","date":"23. travnja 2026.","format":false,"excerpt":"Odjel za me\u0111unarodnu suradnju i iseljeni\u0161tvo Matice hrvatske Predavanje Ivana Tepe\u0161a: Djelovanje hrvatske politi\u010dke emigracije Utorak, 28. travnja 2026. u 18:00 sati, Dvorana Ljudevita Jonkea (Mala dvorana MH), Strossmayerov trg 4, Zagreb dr. sc. Ivan Tepe\u0161, Institut za istra\u017eivanje migracija Hrvatska politi\u010dka emigracija obilje\u017eila je polustoljetnu hrvatsku povijest u drugoj\u2026","rel":"","context":"U &quot;Novosti&quot;","block_context":{"text":"Novosti","link":"https:\/\/historiografija.hr\/?cat=3"},"img":{"alt_text":"","src":"","width":0,"height":0},"classes":[]},{"id":52502,"url":"https:\/\/historiografija.hr\/?p=52502","url_meta":{"origin":11437,"position":2},"title":"Novi znanstveni projekt Hrvatskog instituta za povijest: \u201c\u017drtve ratova i dr\u017eavnog\/politi\u010dkog nasilja u hrvatskoj povijesti 20. stolje\u0107a\u201d","author":"Branimir Jankovi\u0107","date":"17. travnja 2026.","format":false,"excerpt":"Na redovitoj sjednici Vlade RH, 16. travnja 2026., donijet je Zaklju\u010dak kojim se pokre\u0107e znanstveni projekt \u201c\u017drtve ratova i dr\u017eavnog\/politi\u010dkog nasilja u hrvatskoj povijesti 20. stolje\u0107a\u201d. Projekt \u0107e provoditi i koordinirati Hrvatski institut za povijest u razdoblju trajanja projekta od pet godina. Zakljucak Vlade RH Iz teksta projektnog prijedloga: Problematika\u2026","rel":"","context":"U &quot;Novosti&quot;","block_context":{"text":"Novosti","link":"https:\/\/historiografija.hr\/?cat=3"},"img":{"alt_text":"","src":"https:\/\/i0.wp.com\/historiografija.hr\/wp-content\/uploads\/2026\/04\/Vlada-RH.jpg?fit=1200%2C557&ssl=1&resize=350%2C200","width":350,"height":200,"srcset":"https:\/\/i0.wp.com\/historiografija.hr\/wp-content\/uploads\/2026\/04\/Vlada-RH.jpg?fit=1200%2C557&ssl=1&resize=350%2C200 1x, https:\/\/i0.wp.com\/historiografija.hr\/wp-content\/uploads\/2026\/04\/Vlada-RH.jpg?fit=1200%2C557&ssl=1&resize=525%2C300 1.5x, https:\/\/i0.wp.com\/historiografija.hr\/wp-content\/uploads\/2026\/04\/Vlada-RH.jpg?fit=1200%2C557&ssl=1&resize=700%2C400 2x, https:\/\/i0.wp.com\/historiografija.hr\/wp-content\/uploads\/2026\/04\/Vlada-RH.jpg?fit=1200%2C557&ssl=1&resize=1050%2C600 3x"},"classes":[]},{"id":52669,"url":"https:\/\/historiografija.hr\/?p=52669","url_meta":{"origin":11437,"position":3},"title":"Predavanje Igora Dude &#8220;Odmor kao \u017eivotna potreba: o slobodnom vremenu u socijalisti\u010dkoj Jugoslaviji&#8221;","author":"Branimir Jankovi\u0107","date":"27. travnja 2026.","format":false,"excerpt":"U sklopu proljetnog ciklusa programa\u00a0Kriti\u010dka dramaturgija: pauza, u\u00a0subotu, 25. travnja 2026. u 19 sati\u00a0u prostoru Udru\u017eenja hrvatskih arhitekata povjesni\u010dar Igor Duda\u00a0odr\u017eao je predavanje naslovljeno\u00a0Odmor kao \u017eivotna potreba: o slobodnom vremenu u socijalisti\u010dkoj Jugoslaviji. Industrijalizacija i urbanizacija dru\u0161tava u povijesti su zna\u010dile i prelazak s predindustrijskog na industrijsko shva\u0107anje vremena. Ono\u2026","rel":"","context":"U &quot;Novosti&quot;","block_context":{"text":"Novosti","link":"https:\/\/historiografija.hr\/?cat=3"},"img":{"alt_text":"","src":"https:\/\/i0.wp.com\/historiografija.hr\/wp-content\/uploads\/2026\/04\/Duda.png?fit=1200%2C628&ssl=1&resize=350%2C200","width":350,"height":200,"srcset":"https:\/\/i0.wp.com\/historiografija.hr\/wp-content\/uploads\/2026\/04\/Duda.png?fit=1200%2C628&ssl=1&resize=350%2C200 1x, https:\/\/i0.wp.com\/historiografija.hr\/wp-content\/uploads\/2026\/04\/Duda.png?fit=1200%2C628&ssl=1&resize=525%2C300 1.5x, https:\/\/i0.wp.com\/historiografija.hr\/wp-content\/uploads\/2026\/04\/Duda.png?fit=1200%2C628&ssl=1&resize=700%2C400 2x, https:\/\/i0.wp.com\/historiografija.hr\/wp-content\/uploads\/2026\/04\/Duda.png?fit=1200%2C628&ssl=1&resize=1050%2C600 3x"},"classes":[]},{"id":52569,"url":"https:\/\/historiografija.hr\/?p=52569","url_meta":{"origin":11437,"position":4},"title":"[Predavanje] Ne \u010dekaju\u0107i inspiraciju \u2013 anga\u017eovane intelektualne, kulturalne i umetni\u010dke prakse u me\u0111uratnom periodu: teorija i praksa kriti\u010dke levice u jugoslovenskoj kulturi (YugoLab)","author":"Branimir Jankovi\u0107","date":"21. travnja 2026.","format":false,"excerpt":"U vreme agresivnog ja\u010danja globalne desnice, (pro)fa\u0161isti\u010dkih, rasisti\u010dkih i imperijalisti\u010dkih politika, dok je istovremeno globalna levica izrazito slaba, a progresivni pokreti atomizirani i fragmentisani, va\u017eno je iz savremene perspektive vratiti se revolucionarnim i emancipatorskim zbivanjima u jugoslovenskom (ali i s njima u vezi internacionalnim de\u0161avanjima), kao i dru\u0161tvenoj ulozi kulturalnih\u2026","rel":"","context":"U &quot;Novosti&quot;","block_context":{"text":"Novosti","link":"https:\/\/historiografija.hr\/?cat=3"},"img":{"alt_text":"","src":"","width":0,"height":0},"classes":[]},{"id":52536,"url":"https:\/\/historiografija.hr\/?p=52536","url_meta":{"origin":11437,"position":5},"title":"Kader Abdolah, \u201ePrije nego \u0161to bude kasno\u201c","author":"Branimir Jankovi\u0107","date":"20. travnja 2026.","format":false,"excerpt":"Kader Abdolah \u017eeli se vratiti ku\u0107i. Ali povratak je nemogu\u0107: u Iranu bi bio uhap\u0161en. Pod la\u017enim imenom i s krivotvorenim paso\u0161em ipak uspijeva u\u0107i u domovinu i sti\u017ee do roditeljske ku\u0107e, visoko u planinama. Majka ga ne prepoznaje, otac je mrtav, a sve \u0161to je tra\u017eio izmi\u010de mu pred\u2026","rel":"","context":"U &quot;Novosti&quot;","block_context":{"text":"Novosti","link":"https:\/\/historiografija.hr\/?cat=3"},"img":{"alt_text":"","src":"https:\/\/i0.wp.com\/historiografija.hr\/wp-content\/uploads\/2026\/04\/Prije-nego-sto-bude-kasno.webp?fit=566%2C872&ssl=1&resize=350%2C200","width":350,"height":200,"srcset":"https:\/\/i0.wp.com\/historiografija.hr\/wp-content\/uploads\/2026\/04\/Prije-nego-sto-bude-kasno.webp?fit=566%2C872&ssl=1&resize=350%2C200 1x, https:\/\/i0.wp.com\/historiografija.hr\/wp-content\/uploads\/2026\/04\/Prije-nego-sto-bude-kasno.webp?fit=566%2C872&ssl=1&resize=525%2C300 1.5x"},"classes":[]}],"_links":{"self":[{"href":"https:\/\/historiografija.hr\/index.php?rest_route=\/wp\/v2\/posts\/11437","targetHints":{"allow":["GET"]}}],"collection":[{"href":"https:\/\/historiografija.hr\/index.php?rest_route=\/wp\/v2\/posts"}],"about":[{"href":"https:\/\/historiografija.hr\/index.php?rest_route=\/wp\/v2\/types\/post"}],"author":[{"embeddable":true,"href":"https:\/\/historiografija.hr\/index.php?rest_route=\/wp\/v2\/users\/2"}],"replies":[{"embeddable":true,"href":"https:\/\/historiografija.hr\/index.php?rest_route=%2Fwp%2Fv2%2Fcomments&post=11437"}],"version-history":[{"count":3,"href":"https:\/\/historiografija.hr\/index.php?rest_route=\/wp\/v2\/posts\/11437\/revisions"}],"predecessor-version":[{"id":11441,"href":"https:\/\/historiografija.hr\/index.php?rest_route=\/wp\/v2\/posts\/11437\/revisions\/11441"}],"wp:featuredmedia":[{"embeddable":true,"href":"https:\/\/historiografija.hr\/index.php?rest_route=\/wp\/v2\/media\/11438"}],"wp:attachment":[{"href":"https:\/\/historiografija.hr\/index.php?rest_route=%2Fwp%2Fv2%2Fmedia&parent=11437"}],"wp:term":[{"taxonomy":"category","embeddable":true,"href":"https:\/\/historiografija.hr\/index.php?rest_route=%2Fwp%2Fv2%2Fcategories&post=11437"},{"taxonomy":"post_tag","embeddable":true,"href":"https:\/\/historiografija.hr\/index.php?rest_route=%2Fwp%2Fv2%2Ftags&post=11437"}],"curies":[{"name":"wp","href":"https:\/\/api.w.org\/{rel}","templated":true}]}}