{"id":11380,"date":"2018-09-24T08:56:48","date_gmt":"2018-09-24T08:56:48","guid":{"rendered":"http:\/\/historiografija.hr\/?p=11380"},"modified":"2018-09-24T09:07:46","modified_gmt":"2018-09-24T09:07:46","slug":"migration-integration-and-connectivity-on-the-southeastern-frontier-of-the-carolingian-empire-edited-by-ante-milosevic-danijel-dzino-trpimir-vedris","status":"publish","type":"post","link":"https:\/\/historiografija.hr\/?p=11380","title":{"rendered":"Migration, Integration and Connectivity on the Southeastern Frontier of the Carolingian Empire. Edited by Danijel Dzino \u2013 Ante Milo\u0161evi\u0107 \u2013 Trpimir Vedri\u0161"},"content":{"rendered":"<p>Izdava\u010d Brill ovih \u0107e dana objaviti zbornik \u201cMigration, Integration and Connectivity on the Southeastern Frontier of the Carolingian Empire\u201d koji su uredili Danijel Dzino, Ante Milo\u0161evi\u0107 i Trpimir Vedri\u0161.<\/p>\n<p>&nbsp;<\/p>\n<p>&#8212;<\/p>\n<p>&nbsp;<\/p>\n<p><strong>Migration, Integration and Connectivity on the Southeastern Frontier of the Carolingian Empire<\/strong><\/p>\n<p>&nbsp;<\/p>\n<p>Editors: Danijel Dzino, Ante Milo\u0161evi\u0107 and Trpimir Vedri\u0161<\/p>\n<p>&nbsp;<\/p>\n<p><strong>BRILL<\/strong><\/p>\n<p>&nbsp;<\/p>\n<p>Series:<\/p>\n<p>East Central and Eastern Europe in the Middle Ages, 450-1450, Volume: 50<\/p>\n<p>&nbsp;<\/p>\n<p><strong>2018<\/strong><\/p>\n<p>&nbsp;<\/p>\n<p>The collection <em>Migration, Integration and Connectivity on the Southeastern Frontier of the Carolingian Empire<\/em> offers insights into the Carolingian southeastern frontier-zone from historical, art-historical and archaeological perspectives.<\/p>\n<p>Chapters in this volume discuss the significance of the early medieval period for scholarly and public discourses in the Western Balkans and Central Europe, and the transfer of knowledge between local scholarship and macro-narratives of Mediterranean and Western history. Other essays explore the ways local communities around the Adriatic (Istria, Dalmatia, Dalmatian hinterland, southern Pannonia) established and maintained social networks and integrated foreign cultural templates into their existing cultural habitus.<\/p>\n<p>Contributors are Mladen An\u010di\u0107, Ivan Basi\u0107, Goran Bilogrivi\u0107, Neven Budak, Florin Curta, Danijel Dzino, Kre\u0161imir Filipec, Richard Hodges, Nikola Jak\u0161i\u0107, Miljenko Jurkovi\u0107, Ante Milo\u0161evi\u0107, Marko Petrak, Peter \u0160tih, Trpimir Vedri\u0161.<\/p>\n<p>&nbsp;<\/p>\n<p><strong>Table of contents<\/strong><\/p>\n<p>Preface<br \/>\nList of Figures<br \/>\nNotes on Contributors<\/p>\n<p>&nbsp;<\/p>\n<p>1 A View from the Carolingian Frontier Zone<br \/>\n<em>Danijel Dzino, Ante Milo\u0161evi\u0107 and Trpimir Vedri\u0161<\/em><\/p>\n<p>&nbsp;<\/p>\n<p>Part 1: Historiography<\/p>\n<p><strong><br \/>\n<\/strong>2 From Byzantium to the West: \u2018Croats and Carolingians\u2019 as a Paradigm-Change in the Research of Early Medieval Dalmatia<br \/>\n<em>Danijel Dzino<\/em><\/p>\n<p>3 Carolingian Renaissance or Renaissance of the 9th Century on the Eastern Adriatic?<br \/>\n<em>Neven Budak<\/em><\/p>\n<p>&nbsp;<\/p>\n<p>Part 2: Migrations<\/p>\n<p><strong><br \/>\n<\/strong>4 Migration or Transformation: The Roots of the Early Medieval Croatian Polity<br \/>\n<em>Mladen An\u010di\u0107<\/em><\/p>\n<p>5 The Products of the \u2018Tetgis Style\u2019 from the Eastern Adriatic Hinterland<br \/>\n<em>Ante Milo\u0161evi\u0107<\/em><\/p>\n<p>6 Carolingian Weapons and the Problem of Croat Migration and Ethnogenesis<br \/>\n<em>Goran Bilogrivi\u0107<\/em><\/p>\n<p>&nbsp;<\/p>\n<p>Part 3: Integration<\/p>\n<p><strong><br \/>\n<\/strong>7 Integration on the Fringes of the Frankish Empire. The Case of the Carantanians and their Neighbours<br \/>\n<em>Peter \u0160tih<\/em><\/p>\n<p>8 Istria under the Carolingian Rule<br \/>\n<em>Miljenko Jurkovi\u0107<\/em><\/p>\n<p>9 The Collapse and Integration into the Empire: Carolingian-Age Lower Pannonia in the Material Record<br \/>\n<em>Kre\u0161imir Filipec<\/em><\/p>\n<p>10 Imperium and Regnum in Gottschalk\u2019s Description of Dalmatia<br \/>\n<em>Ivan Basi\u0107<\/em><\/p>\n<p>&nbsp;<\/p>\n<p>Part 4: Networks<\/p>\n<p><strong><br \/>\n<\/strong>11 Liber Methodius between the Byzantium and the West: Traces of the Oldest Slavonic Legal Collection in Medieval Croatia<br \/>\n<em>Marko Petrak<\/em><\/p>\n<p>12 The Installation of the Patron Saints of Zadar as a Result of Carolingian Adriatic Politics<br \/>\n<em>Nikola Jak\u0161i\u0107<\/em><\/p>\n<p>13 Church, Churchyard, and Children in the Early Medieval Balkans: A Comparative Perspective<br \/>\n<em>Florin Curta<\/em><\/p>\n<p>14 Trade and Culture Process at a 9th-Century Mediterranean Monastic Statelet: San Vincenzo al Volturno<br \/>\n<em>Richard Hodges<\/em><\/p>\n<p>15 Afterword. \u2018Croats and Carolingians\u2019: Triumph of a New Historiographic Paradigm or Ideologically Charged Project?<br \/>\n<em>Trpimir Vedri\u0161<\/em><\/p>\n<p>&nbsp;<\/p>\n<p>Bibliography<br \/>\nIndex<\/p>\n<p>&nbsp;<\/p>\n<p>&nbsp;<\/p>\n<p><strong>Biographical Note<\/strong><\/p>\n<p>&nbsp;<\/p>\n<p><strong>Danijel Dzino<\/strong>, Ph.D. (2006), University of Adelaide, is Lecturer in Ancient History and International Studies (Croatian studies) at Macquarie University, Sydney. He has published monographs and articles on ancient and medieval history and the archaeology of Dalmatia.<\/p>\n<p>&nbsp;<\/p>\n<p><strong>Ante Milo\u0161evi\u0107<\/strong>, Ph.D. (2005), University of Zadar, is Director of Museum of Croatian Archaeological Monuments in Split. He has published monographs and articles in all areas of archaeology and art history, especially in field of Croatian medieval archaeology.<\/p>\n<p>&nbsp;<\/p>\n<p><strong>Trpimir Vedri\u0161<\/strong>, Ph.D. (2009, University of Zagreb), Ph.D. (2015, Central European University), is Senior Lecturer at Department of History, University of Zagreb. He has (co)edited number of volumes and published extensively on medieval hagiography and cult of the saints in the Adriatic.<\/p>\n<p>&nbsp;<\/p>\n<p><a href=\"https:\/\/brill.com\/abstract\/title\/35111\">https:\/\/brill.com\/abstract\/title\/35111<\/a><\/p>\n<p>&nbsp;<\/p>\n<p>&nbsp;<\/p>\n","protected":false},"excerpt":{"rendered":"","protected":false},"author":2,"featured_media":11381,"comment_status":"open","ping_status":"open","sticky":false,"template":"","format":"standard","meta":{"_acf_changed":false,"jetpack_post_was_ever_published":false,"_jetpack_newsletter_access":"","_jetpack_dont_email_post_to_subs":false,"_jetpack_newsletter_tier_id":0,"_jetpack_memberships_contains_paywalled_content":false,"_jetpack_memberships_contains_paid_content":false,"footnotes":"","jetpack_publicize_message":"","jetpack_publicize_feature_enabled":true,"jetpack_social_post_already_shared":true,"jetpack_social_options":{"image_generator_settings":{"template":"highway","default_image_id":0,"font":"","enabled":false},"version":2}},"categories":[8,3],"tags":[],"class_list":["post-11380","post","type-post","status-publish","format-standard","has-post-thumbnail","hentry","category-knjige","category-novosti"],"acf":{"facebook_opis":""},"jetpack_publicize_connections":[],"jetpack_featured_media_url":"https:\/\/i0.wp.com\/historiografija.hr\/wp-content\/uploads\/2018\/09\/brill.jpg?fit=300%2C452&ssl=1","jetpack_sharing_enabled":true,"jetpack-related-posts":[{"id":52654,"url":"https:\/\/historiografija.hr\/?p=52654","url_meta":{"origin":11380,"position":0},"title":"Gostuju\u0107e predavanje &#8211; Danijel D\u017eino \u201eKasnoanti\u010dke i ranosrednjovjekovne gra\u0111evine u Brezi: Spomenici nepotpune biografije\u201c","author":"Branimir Jankovi\u0107","date":"24. travnja 2026.","format":false,"excerpt":"Doktorski studij predmoderne povijesti poziva na predavanje \"Kasnoanti\u010dke i ranosrednjovjekovne gra\u0111evine u Brezi: Spomenici nepotpune biografije\u201d koje \u0107e odr\u017eati profesor Danijel D\u017eino sa Sveu\u010dili\u0161ta Macquarie u Sydneyu u\u00a0utorak 28. travnja 2026. u 17h u Konferencijskoj dvorani Knji\u017enice Filozofskog fakulteta u Zagrebu. Predavanje \u0107e predo\u010diti nova saznanja dobivena kroz arhivsko-dokumentarna istra\u017eivanja\u2026","rel":"","context":"U &quot;Novosti&quot;","block_context":{"text":"Novosti","link":"https:\/\/historiografija.hr\/?cat=3"},"img":{"alt_text":"","src":"https:\/\/i0.wp.com\/historiografija.hr\/wp-content\/uploads\/2026\/04\/Dzino.jpg?fit=980%2C819&ssl=1&resize=350%2C200","width":350,"height":200,"srcset":"https:\/\/i0.wp.com\/historiografija.hr\/wp-content\/uploads\/2026\/04\/Dzino.jpg?fit=980%2C819&ssl=1&resize=350%2C200 1x, https:\/\/i0.wp.com\/historiografija.hr\/wp-content\/uploads\/2026\/04\/Dzino.jpg?fit=980%2C819&ssl=1&resize=525%2C300 1.5x, https:\/\/i0.wp.com\/historiografija.hr\/wp-content\/uploads\/2026\/04\/Dzino.jpg?fit=980%2C819&ssl=1&resize=700%2C400 2x"},"classes":[]},{"id":52643,"url":"https:\/\/historiografija.hr\/?p=52643","url_meta":{"origin":11380,"position":1},"title":"BRACEWELL TRAVELLING SCHOLARSHIP\u202fFOR PHD STUDENTS (DEADLINE: 30TH APRIL 2026)","author":"Branimir Jankovi\u0107","date":"24. travnja 2026.","format":false,"excerpt":"The Bracewell Travelling Scholarship\u202fis funded by a gift from SSEES Emeritus Professor of History Wendy Bracewell, whose research examines South Slav history, and travel writing in eastern Europe. The Scholarship honours the long tradition of mutual curiosity between the UK and eastern, central and southeastern Europe by supporting PhD students\u2026","rel":"","context":"U &quot;Novosti&quot;","block_context":{"text":"Novosti","link":"https:\/\/historiografija.hr\/?cat=3"},"img":{"alt_text":"","src":"https:\/\/i0.wp.com\/historiografija.hr\/wp-content\/uploads\/2026\/04\/Bracewell-Travelling-Scholarship-.webp?fit=980%2C700&ssl=1&resize=350%2C200","width":350,"height":200,"srcset":"https:\/\/i0.wp.com\/historiografija.hr\/wp-content\/uploads\/2026\/04\/Bracewell-Travelling-Scholarship-.webp?fit=980%2C700&ssl=1&resize=350%2C200 1x, https:\/\/i0.wp.com\/historiografija.hr\/wp-content\/uploads\/2026\/04\/Bracewell-Travelling-Scholarship-.webp?fit=980%2C700&ssl=1&resize=525%2C300 1.5x, https:\/\/i0.wp.com\/historiografija.hr\/wp-content\/uploads\/2026\/04\/Bracewell-Travelling-Scholarship-.webp?fit=980%2C700&ssl=1&resize=700%2C400 2x"},"classes":[]},{"id":52586,"url":"https:\/\/historiografija.hr\/?p=52586","url_meta":{"origin":11380,"position":2},"title":"Aur\u00e9lie Daher, \u201eHezbollah: Mobilisation and Power\u201c","author":"Branimir Jankovi\u0107","date":"22. travnja 2026.","format":false,"excerpt":"Morning Star \u2018Book of the Year\u2019 Social movement, liberation party or terrorist group? With Hezbollah\u2019s growing involvement in the war in Syria, this study of its impact on Lebanon, drawing heavily on first-hand interviews, could not be more timely. Description Almost forty years after its foundation, Hezbollah remains an enigma.\u2026","rel":"","context":"U &quot;Knjige&quot;","block_context":{"text":"Knjige","link":"https:\/\/historiografija.hr\/?cat=8"},"img":{"alt_text":"","src":"https:\/\/i0.wp.com\/historiografija.hr\/wp-content\/uploads\/2026\/04\/Daher-Hezbollah.jpg?fit=600%2C931&ssl=1&resize=350%2C200","width":350,"height":200,"srcset":"https:\/\/i0.wp.com\/historiografija.hr\/wp-content\/uploads\/2026\/04\/Daher-Hezbollah.jpg?fit=600%2C931&ssl=1&resize=350%2C200 1x, https:\/\/i0.wp.com\/historiografija.hr\/wp-content\/uploads\/2026\/04\/Daher-Hezbollah.jpg?fit=600%2C931&ssl=1&resize=525%2C300 1.5x"},"classes":[]},{"id":52664,"url":"https:\/\/historiografija.hr\/?p=52664","url_meta":{"origin":11380,"position":3},"title":"CfP: CONFERENCE OF THE HISTORY OF CONCEPTS GROUP, HELSINKI, 19TH\u201321ST AUGUST 2026 (DEADLINE: 30TH APRIL 2026)","author":"Branimir Jankovi\u0107","date":"24. travnja 2026.","format":false,"excerpt":"The annual conference of the History of Concepts Group is held at the University of Helsinki, 19-21 August 2026. Conference of the History of Concepts Group Conceptual history studies the use of concepts and tries to understand how historical actors have linguistically articulated views of the world. Studying concepts from\u2026","rel":"","context":"U &quot;Novosti&quot;","block_context":{"text":"Novosti","link":"https:\/\/historiografija.hr\/?cat=3"},"img":{"alt_text":"","src":"https:\/\/i0.wp.com\/historiografija.hr\/wp-content\/uploads\/2017\/10\/hsozkult.png?fit=1006%2C241&ssl=1&resize=350%2C200","width":350,"height":200,"srcset":"https:\/\/i0.wp.com\/historiografija.hr\/wp-content\/uploads\/2017\/10\/hsozkult.png?fit=1006%2C241&ssl=1&resize=350%2C200 1x, https:\/\/i0.wp.com\/historiografija.hr\/wp-content\/uploads\/2017\/10\/hsozkult.png?fit=1006%2C241&ssl=1&resize=525%2C300 1.5x, https:\/\/i0.wp.com\/historiografija.hr\/wp-content\/uploads\/2017\/10\/hsozkult.png?fit=1006%2C241&ssl=1&resize=700%2C400 2x"},"classes":[]},{"id":52641,"url":"https:\/\/historiografija.hr\/?p=52641","url_meta":{"origin":11380,"position":4},"title":"CfP: WHO OWNS THE PAST? VERNACULAR MEMORY, STATE MEMORY, AND THE POLITICS OF OWNERSHIP","author":"Branimir Jankovi\u0107","date":"24. travnja 2026.","format":false,"excerpt":"VIENNA, 31ST AUGUST\u20133RD SEPTEMBER 2026 (DEADLINE: 24TH APRIL 2026) The Center for Austrian Studies at the European Forum at the Hebrew University and the Austrian Academy of Sciences\/Institute of Culture Studies invite early postdocs, PhD candidates, and advanced Master\u2019s students from the Hebrew University of Jerusalem and universities and academic\u2026","rel":"","context":"U &quot;Novosti&quot;","block_context":{"text":"Novosti","link":"https:\/\/historiografija.hr\/?cat=3"},"img":{"alt_text":"","src":"https:\/\/i0.wp.com\/historiografija.hr\/wp-content\/uploads\/2017\/10\/hsozkult.png?fit=1006%2C241&ssl=1&resize=350%2C200","width":350,"height":200,"srcset":"https:\/\/i0.wp.com\/historiografija.hr\/wp-content\/uploads\/2017\/10\/hsozkult.png?fit=1006%2C241&ssl=1&resize=350%2C200 1x, https:\/\/i0.wp.com\/historiografija.hr\/wp-content\/uploads\/2017\/10\/hsozkult.png?fit=1006%2C241&ssl=1&resize=525%2C300 1.5x, https:\/\/i0.wp.com\/historiografija.hr\/wp-content\/uploads\/2017\/10\/hsozkult.png?fit=1006%2C241&ssl=1&resize=700%2C400 2x"},"classes":[]},{"id":52516,"url":"https:\/\/historiografija.hr\/?p=52516","url_meta":{"origin":11380,"position":5},"title":"Marko Grde\u0161i\u0107, Mislav \u017ditko, \u201eSocialist Economics in Yugoslavia: A Critical History\u201c","author":"Branimir Jankovi\u0107","date":"17. travnja 2026.","format":false,"excerpt":"This book presents a critical history of Yugoslav socialist economics, from its inception in the late 1940s to its dissolution in the late 1980s. After the dramatic break with the Soviet Union in 1948, Yugoslavia found itself in urgent need of a third way: A socialist trajectory which would not\u2026","rel":"","context":"U &quot;Knjige&quot;","block_context":{"text":"Knjige","link":"https:\/\/historiografija.hr\/?cat=8"},"img":{"alt_text":"","src":"https:\/\/i0.wp.com\/historiografija.hr\/wp-content\/uploads\/2026\/04\/Zitko_Grdesic.jpg?fit=350%2C535&ssl=1&resize=350%2C200","width":350,"height":200},"classes":[]}],"_links":{"self":[{"href":"https:\/\/historiografija.hr\/index.php?rest_route=\/wp\/v2\/posts\/11380","targetHints":{"allow":["GET"]}}],"collection":[{"href":"https:\/\/historiografija.hr\/index.php?rest_route=\/wp\/v2\/posts"}],"about":[{"href":"https:\/\/historiografija.hr\/index.php?rest_route=\/wp\/v2\/types\/post"}],"author":[{"embeddable":true,"href":"https:\/\/historiografija.hr\/index.php?rest_route=\/wp\/v2\/users\/2"}],"replies":[{"embeddable":true,"href":"https:\/\/historiografija.hr\/index.php?rest_route=%2Fwp%2Fv2%2Fcomments&post=11380"}],"version-history":[{"count":5,"href":"https:\/\/historiografija.hr\/index.php?rest_route=\/wp\/v2\/posts\/11380\/revisions"}],"predecessor-version":[{"id":11386,"href":"https:\/\/historiografija.hr\/index.php?rest_route=\/wp\/v2\/posts\/11380\/revisions\/11386"}],"wp:featuredmedia":[{"embeddable":true,"href":"https:\/\/historiografija.hr\/index.php?rest_route=\/wp\/v2\/media\/11381"}],"wp:attachment":[{"href":"https:\/\/historiografija.hr\/index.php?rest_route=%2Fwp%2Fv2%2Fmedia&parent=11380"}],"wp:term":[{"taxonomy":"category","embeddable":true,"href":"https:\/\/historiografija.hr\/index.php?rest_route=%2Fwp%2Fv2%2Fcategories&post=11380"},{"taxonomy":"post_tag","embeddable":true,"href":"https:\/\/historiografija.hr\/index.php?rest_route=%2Fwp%2Fv2%2Ftags&post=11380"}],"curies":[{"name":"wp","href":"https:\/\/api.w.org\/{rel}","templated":true}]}}