{"id":11370,"date":"2018-09-24T08:08:59","date_gmt":"2018-09-24T08:08:59","guid":{"rendered":"http:\/\/historiografija.hr\/?p=11370"},"modified":"2018-09-24T08:12:19","modified_gmt":"2018-09-24T08:12:19","slug":"zasto-se-mrzimo-tribina-postoji-li-gen-mrznje","status":"publish","type":"post","link":"https:\/\/historiografija.hr\/?p=11370","title":{"rendered":"[ZA\u0160TO SE MRZIMO?] Tribina \u201cPostoji li gen mr\u017enje?\u201d"},"content":{"rendered":"<p>Centar za promicanje tolerancije i o\u010duvanje sje\u0107anja na holokaust poziva na prvu tribinu iz ciklusa \u201eZa\u0161to se mrzimo?\u201c u Knji\u017enici i \u010ditaonici Bogdana Ogrizovi\u0107a u Zagrebu u srijedu, 26. rujna 2018. u 19.30 sati pod nazivom \u201cPostoji li gen mr\u017enje?\u201d.<\/p>\n<p>&nbsp;<\/p>\n<p>&#8212;<\/p>\n<p>&nbsp;<\/p>\n<p><strong>ZA\u0160TO SE MRZIMO?<\/strong><\/p>\n<p>&nbsp;<\/p>\n<p><strong>Centar<\/strong> <strong>za<\/strong> <strong>promicanje<\/strong> <strong>tolerancije i<\/strong> <strong>o\u010duvanje<\/strong> <strong>sje\u0107anja<\/strong> <strong>na<\/strong> <strong>holokaust<\/strong><\/p>\n<p>Vas poziva na po\u010detak ciklusa od 11 razli\u010ditih tematskih javnih i dijalo\u0161kih tribina<\/p>\n<p>na kojima \u0107emo istra\u017eivati sve oblike pojavnosti i sve tajne fenomena mr\u017enje<\/p>\n<p>Na prvoj tribini u <strong>Knji\u017enici i \u010ditaonici Bogdana Ogrizovi\u0107a <\/strong><strong>26<\/strong>.\u00a0<strong>rujna 2018. ( srijeda) u 19,30 sati<\/strong><\/p>\n<p>&nbsp;<\/p>\n<p>pod nazivom<\/p>\n<p><strong>POSTOJI LI GEN MR\u017dNJE?<\/strong><\/p>\n<p>&nbsp;<\/p>\n<p>govore na\u0161i najugledniji istra\u017eiva\u010di ljudskog mozga<\/p>\n<p>akademik dr.sc. <strong>IVICA<\/strong> <strong>KOSTOVI\u0106<\/strong>, profesor emeritus, osniva\u010d i dugogodi\u0161nji ravnatelj Hrvatskog instituta za istra\u017eivanje mozga Medicinskog fakulteta u Zagrebu<\/p>\n<p>prof. dr. sc. <strong>MARIO<\/strong> <strong>VUK\u0160I\u0106<\/strong>, voditelj Laboratorija za neurohistologiju i neuroanatomiju Hrvatskog instituta za istra\u017eivanje mozga i voditelj jedinog doktorskog studija iz neuro znanosti u Hrvatskoj<\/p>\n<p>doc. dr. sc. <strong>\u0160PIRO<\/strong> <strong>JANOVI\u0106<\/strong>, specijalist psihijatar, pro\u010delnik Zavoda za hitna stanja, krizna stanja i psihotraumatologiju Klinike za psihijatriju KBC Zagreb<\/p>\n<p>&nbsp;<\/p>\n<p><strong>Pridru\u017eite<\/strong> <strong>nam<\/strong> <strong>se<\/strong> <strong>na<\/strong> <strong>putovanju<\/strong> <strong>u potrazi<\/strong> <strong>za<\/strong> <strong>tajnama<\/strong> <strong>mr\u017enje!<\/strong><\/p>\n<p>&nbsp;<\/p>\n<p>\u2014\u2013<\/p>\n<p>&nbsp;<\/p>\n<p><u>Najavljujemo Vam i dvije naredne javne tribine:<\/u><\/p>\n<p>&nbsp;<\/p>\n<ol start=\"24\">\n<li><strong><u> listopada 2018.<\/u><\/strong><u>:<\/u> <strong>RELIGIJSKE PREDRASUDE KAO POTICAJ MR\u017dNJI<\/strong><\/li>\n<\/ol>\n<p>&nbsp;<\/p>\n<p>Govore:<\/p>\n<ul>\n<li><strong>Mate Uzini\u0107, <\/strong>dubrova\u010dki biskup, predsjednik Vije\u0107a HBK za \u017divot i obitelj<\/li>\n<li><strong>Porfirije Peri\u0107, <\/strong>mitropolit zagreba\u010dko-ljubljanski Srpske pravoslavne crkve u Hrvatskoj,<\/li>\n<li><strong>Aziz <\/strong>efendija<strong> Hasanovi\u0107, <\/strong>muftija, predsjednik Me\u0161ihata Islamske zajednice u Hrvatskoj<\/li>\n<li><strong>Luciano Mo\u0161e Prelevi\u0107, <\/strong>rabin, \u017didovska op\u0107ina Zagreb<\/li>\n<\/ul>\n<p><strong>\u00a0<\/strong><\/p>\n<ol start=\"28\">\n<li><strong><u>studenoga 2018.:<\/u> ANATOMIJA HRVATSKO \u2013 SRPSKE MR\u017dNJE<\/strong><\/li>\n<\/ol>\n<p>&nbsp;<\/p>\n<p>Govore:<\/p>\n<ul>\n<li>dr. sc. <strong>Ivan \u010colovi\u0107, <\/strong>profesor emeritus, Filozofski fakultet u Beogradu, antropolog<\/li>\n<li>prof. dr. <strong>Drago<\/strong> <strong>Roksandi\u0107, <\/strong>profesor Filozofskog fakulteta u Zagrebu, povjesni\u010dar<\/li>\n<li>dr. sc. <strong>\u017deljko Kru\u0161elj, <\/strong>profesor na Sveu\u010dili\u0161tu Sjever, Koprivnica, povjesni\u010dar i publicist<\/li>\n<li>dr. sc. <strong>Renato Mati\u0107, <\/strong>profesor na Hrvatskim studijima, sociolog<\/li>\n<\/ul>\n<p><strong>\u00a0<\/strong><\/p>\n<p><strong>Pridru\u017eite nam se u istra\u017eivanju mr\u017enje u razli\u010ditim podru\u010djima svakodnevnog \u017eivota hrvatskog dru\u0161tva!<\/strong><\/p>\n<p><em>\u00a0<\/em><\/p>\n<p><em>Partner: <\/em><strong><em>JANAF d.d.<\/em><\/strong><\/p>\n<p><em>Medijski pokrovitelji: <\/em><strong><em>24 sata, Express<\/em><\/strong><\/p>\n<p><em>Za Centar za promicanje tolerancije i o\u010duvanje sje\u0107anja na holokaust,<\/em><\/p>\n<p><em>Nata\u0161a Popovi\u0107, ravnateljica<\/em><\/p>\n<p><em><u>\u00a0<\/u><\/em><\/p>\n<p><em><u>KONTAKT i INFO:<\/u><\/em><\/p>\n<p><em><a href=\"mailto:info@centartolerancije.hr\">info@centartolerancije.hr<\/a> | <a href=\"http:\/\/www.centartolerancije.hr\/\">www.centartolerancije.hr<\/a><\/em><\/p>\n<p><em>FB: <a href=\"https:\/\/web.facebook.com\/CentarZaPromicanjeTolerancije\/\">Centar tolerancije<\/a> | FB event: <a href=\"https:\/\/bit.ly\/2NLl921\">https:\/\/bit.ly\/2NLl921<\/a><\/em><\/p>\n<p><em>Vojnovi\u0107eva 15, Zagreb | 01\/ 510 12 12<\/em><\/p>\n<p>&nbsp;<\/p>\n<p>&nbsp;<\/p>\n<p>Izvor:<\/p>\n<p>&nbsp;<\/p>\n<p><a href=\"http:\/\/mef.unizg.hr\/zasto-se-mrzimo-tribina-postoji-li-gen-mrznje\">http:\/\/mef.unizg.hr\/zasto-se-mrzimo-tribina-postoji-li-gen-mrznje<\/a><\/p>\n<p>&nbsp;<\/p>\n<p><a href=\"http:\/\/www.kgz.hr\/hr\/knjiznice\/knjiznica-i-citaonica-bogdana-ogrizovica\/72\">http:\/\/www.kgz.hr\/hr\/knjiznice\/knjiznica-i-citaonica-bogdana-ogrizovica\/72<\/a><\/p>\n<p>&nbsp;<\/p>\n<p>&nbsp;<\/p>\n","protected":false},"excerpt":{"rendered":"","protected":false},"author":2,"featured_media":11372,"comment_status":"open","ping_status":"open","sticky":false,"template":"","format":"standard","meta":{"_acf_changed":false,"jetpack_post_was_ever_published":false,"_jetpack_newsletter_access":"","_jetpack_dont_email_post_to_subs":false,"_jetpack_newsletter_tier_id":0,"_jetpack_memberships_contains_paywalled_content":false,"_jetpack_memberships_contains_paid_content":false,"footnotes":"","jetpack_publicize_message":"","jetpack_publicize_feature_enabled":true,"jetpack_social_post_already_shared":true,"jetpack_social_options":{"image_generator_settings":{"template":"highway","default_image_id":0,"font":"","enabled":false},"version":2}},"categories":[3],"tags":[],"class_list":["post-11370","post","type-post","status-publish","format-standard","has-post-thumbnail","hentry","category-novosti"],"acf":{"facebook_opis":""},"jetpack_publicize_connections":[],"jetpack_featured_media_url":"https:\/\/i0.wp.com\/historiografija.hr\/wp-content\/uploads\/2018\/09\/Centar-tolerancije.jpg?fit=437%2C362&ssl=1","jetpack_sharing_enabled":true,"jetpack-related-posts":[{"id":52439,"url":"https:\/\/historiografija.hr\/?p=52439","url_meta":{"origin":11370,"position":0},"title":"Tribina &#8220;Ahmi\u0107i 33 godine kasnije: Ne u na\u0161e ime&#8221;","author":"Branimir Jankovi\u0107","date":"16. travnja 2026.","format":false,"excerpt":"U \u010detvrtak, 16. travnja 2026. u 17 sati u Knji\u017enici i \u010ditaonici Bogdana Ogrizovi\u0107a u Zagrebu odr\u017eat \u0107e se tribina pod nazivom Ahmi\u0107i 33 godine kasnije: Ne u na\u0161e ime. Na tribini \u0107e govoriti Ivica \u0110iki\u0107, novinar, Mubera Masli\u0107 \u2013 \u017ddralovi\u0107, aktivistikinja, prevoditeljica za arapski, Domagoj Fuk, student politologije, \u010dlan\u2026","rel":"","context":"U &quot;Novosti&quot;","block_context":{"text":"Novosti","link":"https:\/\/historiografija.hr\/?cat=3"},"img":{"alt_text":"","src":"https:\/\/i0.wp.com\/historiografija.hr\/wp-content\/uploads\/2026\/04\/Zagreb_2026.jpeg?fit=1200%2C900&ssl=1&resize=350%2C200","width":350,"height":200,"srcset":"https:\/\/i0.wp.com\/historiografija.hr\/wp-content\/uploads\/2026\/04\/Zagreb_2026.jpeg?fit=1200%2C900&ssl=1&resize=350%2C200 1x, https:\/\/i0.wp.com\/historiografija.hr\/wp-content\/uploads\/2026\/04\/Zagreb_2026.jpeg?fit=1200%2C900&ssl=1&resize=525%2C300 1.5x, https:\/\/i0.wp.com\/historiografija.hr\/wp-content\/uploads\/2026\/04\/Zagreb_2026.jpeg?fit=1200%2C900&ssl=1&resize=700%2C400 2x, https:\/\/i0.wp.com\/historiografija.hr\/wp-content\/uploads\/2026\/04\/Zagreb_2026.jpeg?fit=1200%2C900&ssl=1&resize=1050%2C600 3x"},"classes":[]},{"id":52704,"url":"https:\/\/historiografija.hr\/?p=52704","url_meta":{"origin":11370,"position":1},"title":"Predstavljanje knjige &#8220;Vladimir Vasiljevi\u0107: Moji do\u017eivljaji. Dnevni\u010dki zapisi iz Prvoga svjetskog rata i poratnoga vremena&#8221;","author":"Filip \u0160imunjak","date":"29. travnja 2026.","format":false,"excerpt":"Doga\u0111anja ovogodi\u0161njega Festivala povijesti Kliofest zapo\u010dinjemo ve\u0107 i prije samoga slu\u017ebenog otvaranja, predstavljanjem knjige \u201eMoji do\u017eivljaji. Dnevni\u010dki zapisi iz Prvoga svjetskog rata i poratnoga vremena\u201d Vladimira Vasiljevi\u0107a, koju su priredili Karlo Rukavina i Damir Agi\u010di\u0107. Pozivamo Vas na predstavljanje koje \u0107e se odr\u017eati u ponedjeljak 4. svibnja, s po\u010detkom u\u2026","rel":"","context":"U &quot;Knjige&quot;","block_context":{"text":"Knjige","link":"https:\/\/historiografija.hr\/?cat=8"},"img":{"alt_text":"","src":"https:\/\/i0.wp.com\/historiografija.hr\/wp-content\/uploads\/2026\/04\/Naslovna-V.-Vasiljevic.webp?fit=1200%2C600&ssl=1&resize=350%2C200","width":350,"height":200,"srcset":"https:\/\/i0.wp.com\/historiografija.hr\/wp-content\/uploads\/2026\/04\/Naslovna-V.-Vasiljevic.webp?fit=1200%2C600&ssl=1&resize=350%2C200 1x, https:\/\/i0.wp.com\/historiografija.hr\/wp-content\/uploads\/2026\/04\/Naslovna-V.-Vasiljevic.webp?fit=1200%2C600&ssl=1&resize=525%2C300 1.5x, https:\/\/i0.wp.com\/historiografija.hr\/wp-content\/uploads\/2026\/04\/Naslovna-V.-Vasiljevic.webp?fit=1200%2C600&ssl=1&resize=700%2C400 2x, https:\/\/i0.wp.com\/historiografija.hr\/wp-content\/uploads\/2026\/04\/Naslovna-V.-Vasiljevic.webp?fit=1200%2C600&ssl=1&resize=1050%2C600 3x"},"classes":[]},{"id":52666,"url":"https:\/\/historiografija.hr\/?p=52666","url_meta":{"origin":11370,"position":2},"title":"Najava programa Festivala povijesti Kliofest (5-8. V. 2026)","author":"Branimir Jankovi\u0107","date":"24. travnja 2026.","format":false,"excerpt":"Po trinaesti put odr\u017eava se Festival povijesti Kliofest! Do petka \u0107emo odr\u017eati osam okruglih stolova i dva kolokvija te niz predstavljanja knjiga i projekata razli\u010dite tematike, od antike do suvremenosti. Bit \u0107e predstavljeno i nekoliko izlo\u017ebi te odr\u017ean jedan povijesni kviz. Prikazat \u0107emo i jedan film \u2013 o generalu Boroevi\u0107u.\u2026","rel":"","context":"U &quot;Novosti&quot;","block_context":{"text":"Novosti","link":"https:\/\/historiografija.hr\/?cat=3"},"img":{"alt_text":"","src":"https:\/\/i0.wp.com\/historiografija.hr\/wp-content\/uploads\/2026\/04\/Kliofest-2026.jpg?fit=526%2C526&ssl=1&resize=350%2C200","width":350,"height":200,"srcset":"https:\/\/i0.wp.com\/historiografija.hr\/wp-content\/uploads\/2026\/04\/Kliofest-2026.jpg?fit=526%2C526&ssl=1&resize=350%2C200 1x, https:\/\/i0.wp.com\/historiografija.hr\/wp-content\/uploads\/2026\/04\/Kliofest-2026.jpg?fit=526%2C526&ssl=1&resize=525%2C300 1.5x"},"classes":[]},{"id":52651,"url":"https:\/\/historiografija.hr\/?p=52651","url_meta":{"origin":11370,"position":3},"title":"Promocija knjige Emira O. Filipovi\u0107a \u201cVite\u0161tvo u srednjovjekovnoj Bosni\u201d u Sarajevu","author":"Branimir Jankovi\u0107","date":"24. travnja 2026.","format":false,"excerpt":"Knji\u017eevni korner poziva na promociju knjige Emira O. Filipovi\u0107a \u201cVite\u0161tvo u srednjovjekovnoj Bosni\u201d koja \u0107e se odr\u017eati u srijedu, 29. aprila 2026. u 18 sati u Evropskoj ku\u0107i kulture i nacionalnih manjina (Austrijska ku\u0107a) u Sarajevu. Na promociji \u0107e govoriti Mirsad Sijari\u0107, Ema Mazrak i autor, a moderirat \u0107e Nikola\u2026","rel":"","context":"U &quot;Novosti&quot;","block_context":{"text":"Novosti","link":"https:\/\/historiografija.hr\/?cat=3"},"img":{"alt_text":"","src":"https:\/\/i0.wp.com\/historiografija.hr\/wp-content\/uploads\/2026\/04\/Vitestvo.jpg?fit=1080%2C565&ssl=1&resize=350%2C200","width":350,"height":200,"srcset":"https:\/\/i0.wp.com\/historiografija.hr\/wp-content\/uploads\/2026\/04\/Vitestvo.jpg?fit=1080%2C565&ssl=1&resize=350%2C200 1x, https:\/\/i0.wp.com\/historiografija.hr\/wp-content\/uploads\/2026\/04\/Vitestvo.jpg?fit=1080%2C565&ssl=1&resize=525%2C300 1.5x, https:\/\/i0.wp.com\/historiografija.hr\/wp-content\/uploads\/2026\/04\/Vitestvo.jpg?fit=1080%2C565&ssl=1&resize=700%2C400 2x, https:\/\/i0.wp.com\/historiografija.hr\/wp-content\/uploads\/2026\/04\/Vitestvo.jpg?fit=1080%2C565&ssl=1&resize=1050%2C600 3x"},"classes":[]},{"id":52669,"url":"https:\/\/historiografija.hr\/?p=52669","url_meta":{"origin":11370,"position":4},"title":"Predavanje Igora Dude &#8220;Odmor kao \u017eivotna potreba: o slobodnom vremenu u socijalisti\u010dkoj Jugoslaviji&#8221;","author":"Branimir Jankovi\u0107","date":"27. travnja 2026.","format":false,"excerpt":"U sklopu proljetnog ciklusa programa\u00a0Kriti\u010dka dramaturgija: pauza, u\u00a0subotu, 25. travnja 2026. u 19 sati\u00a0u prostoru Udru\u017eenja hrvatskih arhitekata povjesni\u010dar Igor Duda\u00a0odr\u017eao je predavanje naslovljeno\u00a0Odmor kao \u017eivotna potreba: o slobodnom vremenu u socijalisti\u010dkoj Jugoslaviji. Industrijalizacija i urbanizacija dru\u0161tava u povijesti su zna\u010dile i prelazak s predindustrijskog na industrijsko shva\u0107anje vremena. Ono\u2026","rel":"","context":"U &quot;Novosti&quot;","block_context":{"text":"Novosti","link":"https:\/\/historiografija.hr\/?cat=3"},"img":{"alt_text":"","src":"https:\/\/i0.wp.com\/historiografija.hr\/wp-content\/uploads\/2026\/04\/Duda.png?fit=1200%2C628&ssl=1&resize=350%2C200","width":350,"height":200,"srcset":"https:\/\/i0.wp.com\/historiografija.hr\/wp-content\/uploads\/2026\/04\/Duda.png?fit=1200%2C628&ssl=1&resize=350%2C200 1x, https:\/\/i0.wp.com\/historiografija.hr\/wp-content\/uploads\/2026\/04\/Duda.png?fit=1200%2C628&ssl=1&resize=525%2C300 1.5x, https:\/\/i0.wp.com\/historiografija.hr\/wp-content\/uploads\/2026\/04\/Duda.png?fit=1200%2C628&ssl=1&resize=700%2C400 2x, https:\/\/i0.wp.com\/historiografija.hr\/wp-content\/uploads\/2026\/04\/Duda.png?fit=1200%2C628&ssl=1&resize=1050%2C600 3x"},"classes":[]},{"id":52575,"url":"https:\/\/historiografija.hr\/?p=52575","url_meta":{"origin":11370,"position":5},"title":"Izlo\u017eba dje\u010djih radova \u201cU po\u010detku bija\u0161e crte\u017e\u2026\u201d","author":"Branimir Jankovi\u0107","date":"21. travnja 2026.","format":false,"excerpt":"U subotu, 25. travnja 2026. u 11 sati u Galeriji Klovi\u0107evi dvori sve\u010dano otvaramo izlo\u017ebu dje\u010djih radova pod nazivom U po\u010detku bija\u0161e crte\u017e\u2026 Radovi su nastali u sklopu likovnih radionica uz izlo\u017ebu U po\u010detku bija\u0161e kraljevstvo \u2013 izlo\u017eba povodom 1100 godina Hrvatskoga Kraljevstva. Na brojnim likovnim radionicama, uz \u0161kolsku djecu,\u2026","rel":"","context":"U &quot;Izlo\u017ebe&quot;","block_context":{"text":"Izlo\u017ebe","link":"https:\/\/historiografija.hr\/?cat=10"},"img":{"alt_text":"","src":"https:\/\/i0.wp.com\/historiografija.hr\/wp-content\/uploads\/2025\/10\/Klovicevi_sluzbeni-plakat.png?fit=840%2C1200&ssl=1&resize=350%2C200","width":350,"height":200,"srcset":"https:\/\/i0.wp.com\/historiografija.hr\/wp-content\/uploads\/2025\/10\/Klovicevi_sluzbeni-plakat.png?fit=840%2C1200&ssl=1&resize=350%2C200 1x, https:\/\/i0.wp.com\/historiografija.hr\/wp-content\/uploads\/2025\/10\/Klovicevi_sluzbeni-plakat.png?fit=840%2C1200&ssl=1&resize=525%2C300 1.5x, https:\/\/i0.wp.com\/historiografija.hr\/wp-content\/uploads\/2025\/10\/Klovicevi_sluzbeni-plakat.png?fit=840%2C1200&ssl=1&resize=700%2C400 2x"},"classes":[]}],"_links":{"self":[{"href":"https:\/\/historiografija.hr\/index.php?rest_route=\/wp\/v2\/posts\/11370","targetHints":{"allow":["GET"]}}],"collection":[{"href":"https:\/\/historiografija.hr\/index.php?rest_route=\/wp\/v2\/posts"}],"about":[{"href":"https:\/\/historiografija.hr\/index.php?rest_route=\/wp\/v2\/types\/post"}],"author":[{"embeddable":true,"href":"https:\/\/historiografija.hr\/index.php?rest_route=\/wp\/v2\/users\/2"}],"replies":[{"embeddable":true,"href":"https:\/\/historiografija.hr\/index.php?rest_route=%2Fwp%2Fv2%2Fcomments&post=11370"}],"version-history":[{"count":1,"href":"https:\/\/historiografija.hr\/index.php?rest_route=\/wp\/v2\/posts\/11370\/revisions"}],"predecessor-version":[{"id":11371,"href":"https:\/\/historiografija.hr\/index.php?rest_route=\/wp\/v2\/posts\/11370\/revisions\/11371"}],"wp:featuredmedia":[{"embeddable":true,"href":"https:\/\/historiografija.hr\/index.php?rest_route=\/wp\/v2\/media\/11372"}],"wp:attachment":[{"href":"https:\/\/historiografija.hr\/index.php?rest_route=%2Fwp%2Fv2%2Fmedia&parent=11370"}],"wp:term":[{"taxonomy":"category","embeddable":true,"href":"https:\/\/historiografija.hr\/index.php?rest_route=%2Fwp%2Fv2%2Fcategories&post=11370"},{"taxonomy":"post_tag","embeddable":true,"href":"https:\/\/historiografija.hr\/index.php?rest_route=%2Fwp%2Fv2%2Ftags&post=11370"}],"curies":[{"name":"wp","href":"https:\/\/api.w.org\/{rel}","templated":true}]}}