{"id":11339,"date":"2018-09-21T13:17:47","date_gmt":"2018-09-21T13:17:47","guid":{"rendered":"http:\/\/historiografija.hr\/?p=11339"},"modified":"2018-09-21T13:17:47","modified_gmt":"2018-09-21T13:17:47","slug":"diana-mishkova-beyond-balkanism-the-scholarly-politics-of-region-making","status":"publish","type":"post","link":"https:\/\/historiografija.hr\/?p=11339","title":{"rendered":"Diana Mishkova, \u201cBeyond Balkanism: The Scholarly Politics of Region Making\u201d"},"content":{"rendered":"<p>Izdava\u010d Routledge objavio je 2018. godine knjigu povjesni\u010darke Diane Mishkove \u201cBeyond Balkanism: The Scholarly Politics of Region Making\u201d.<\/p>\n<p>&nbsp;<\/p>\n<p><strong>&#8212;-<\/strong><\/p>\n<p>&nbsp;<\/p>\n<p><strong>Beyond Balkanism<\/strong><\/p>\n<p><strong>\u00a0<\/strong><\/p>\n<p><strong>The Scholarly Politics of Region Making<\/strong><\/p>\n<p>&nbsp;<\/p>\n<p>&nbsp;<\/p>\n<p>By Diana Mishkova<\/p>\n<p>&nbsp;<\/p>\n<p>Routledge<\/p>\n<p>&nbsp;<\/p>\n<p>282 pages<\/p>\n<p>&nbsp;<\/p>\n<p>&nbsp;<\/p>\n<p><strong>Description<\/strong><\/p>\n<p>In recent years, western discourse about the Balkans, or \u201cbalkanism,\u201d has risen in prominence. Characteristically, this strand of research sidelines the academic input in the production of western representations and Balkan self-understanding. Looking at the Balkans from the vantage point of \u201cbalkanism\u201d has therefore contributed to its further marginalization as an object of research and the evisceration of its agency. This book reverses the perspective and looks at the Balkans primarily inside-out, from within the Balkans towards its \u201cself\u201d and the outside world, where the west is important but not the sole referent.<\/p>\n<p>&nbsp;<\/p>\n<p>The book unravels attempts at regional identity-building and construction of regional discourses across various generations and academic subcultures, with the aim of reconstructing the conceptualizations of the Balkans that have emerged from academically embedded discursive practices and political usages. It thus seeks to reinstate the subjectivity of \u201cthe Balkans\u201d and the responsibility of the Balkan intellectual elites for the concept and the images it conveys. The book then looks beyond the Balkans, inviting us to rethink the relationship between national and transnational (self-)representation and the communication between local and exogenous \u2013 Western, Central and Eastern European \u2013 concepts and definitions more generally. It thus contributes to the ongoing debates related to the creation of space and historical regions, which feed into rethinking the premises of the \u201cnew area studies.\u201d <em>Beyond Balkanism: The Scholarly Politics of Region Making<\/em> will interest researchers and students of transnationalism, politics, historical geography, border and area studies.<\/p>\n<p>&nbsp;<\/p>\n<p><strong>Reviews<\/strong><\/p>\n<p><strong>&#8220;This long-awaited book is a ground-breaking contribution to Balkan studies and to imagology in general. It constitutes a milestone in the debate on the construction of historical regions and opens a new horizon of interpretation by radically changing the perspective: it focusses on intraregional scholarly concepts of the Balkans, a region constructed by Serbian, Romanian, Bulgarian, Albanian and Greek researchers and research institutions. It elucidates Central and Eastern European scholarship on the region that has achieved, since the second half of the 19th century, important results in fields such as history, philology, linguistics, archaeology and anthropology, and that differs considerably from more politicised and prejudice-ridden discourses in the Anglo-American world\u2026 Far from being just a negative prejudice of Western travelogues and journalists, the Balkans emerge [here] as a highly complex cultural construction. Diana Mishkova\u00b4s book will thus change our understanding of a crucial debate in cultural studies.&#8221;<\/strong> &#8212; <em>Oliver Jens Schmitt, Professor of Southeast European History, University of Vienna, and Head of the Department of Balkan Studies, Austrian Academy of Sciences, Austria<\/em><\/p>\n<p><strong>&#8220;The Balkans are crucial for an understanding of Europe\u2019s 20th century: at the beginning and at the end, the Balkans loom large in European history and provide key <em>caesuras<\/em>. Anyone wanting to understand \u2018Balkanism\u2019 and its manifold meanings over time, and anyone wishing to obtain a deeper understanding of how this region of Europe has been \u2018ticking\u2019, will have to read Diana Mishkova\u2019s entirely thrilling and path-breaking new book.&#8221; &#8212; <\/strong><em>Stefan Berger, Professor of Social History and Director of the Institute for Social Movements, Ruhr University Bochum, Germany<\/em><\/p>\n<p><strong>&#8220;Heeding Todorova&#8217;s call to attend to the Balkans as \u2018self-designation\u2019, <em>Beyond Balkanism <\/em>considers the Balkan idea from the \u2018inside-out\u2019. Focusing on the Balkans as a project of regional identity formation, Mishkova breaks new ground in her recuperation of intra-regional dynamics and local regionalizations. Restoring agency to elites (both scholars and politicians) within the region, <em>Beyond Balkanism<\/em> makes a timely and much needed contribution to the literatures on European symbolic geography.&#8221; &#8212; <\/strong><em>Pamela Ballinger, Fred Cuny Chair in the History of Human Rights Department of History, University of Michigan, USA<\/em><\/p>\n<p><strong>&#8220;Bringing together two decades of her research on the intellectual history of the Balkan idea, Diana Mishkova\u2019s book not only constitutes the most thorough recent synthesis but also situates the question brilliantly in a broader comparative context. Essential reading for all those interested in the history of regional concepts in modern Europe.&#8221; &#8212; <\/strong><em>Alex Drace-Francis, Associate Professor in European Studies, University of Amsterdam, Netherlands<\/em><\/p>\n<p><strong>&#8220;Diana Mishkova turns Maria Todorova\u2019s perspective\u2014from the outside on the Balkans\u2014around and looks from the Balkans (a) on the outside world and (b) on the Balkans [themselves]. In methodological terms, the book makes use of a vast array of both scholarly and non-scholarly publications by foreigners on the Balkans and by authors from the region on their own part of the world. That is a highly innovative approach and as such a substantial progress.&#8221; &#8212; <\/strong><em>Stefan Troebst, professor of East European Cultural History, Leipzig University, Germany<\/em><\/p>\n<p>&nbsp;<\/p>\n<p><em><strong>Table of Contents<\/strong><\/em><\/p>\n<p><em>\u00a0<\/em><\/p>\n<p><em>Acknowledgements <\/em><\/p>\n<p>Introduction<\/p>\n<ol>\n<li>A Concept with Many Names<\/li>\n<li>The Emergence of the Balkans as a Cultural-Historical Space<\/li>\n<li>The Balkans as Autospace<\/li>\n<li>The Balkans on the European Map<\/li>\n<li>Nationalism in Transnational Guise<\/li>\n<li>In the orbit of Eastern Europe<\/li>\n<li>A <em>Sonderweg<\/em> or a Metaphor?<\/li>\n<\/ol>\n<p>Conclusion<\/p>\n<p><em>References<\/em><\/p>\n<p><em>Index<\/em><\/p>\n<p>&nbsp;<\/p>\n<p><strong>About the Author<\/strong><\/p>\n<p><strong>Diana Mishkova<\/strong> is Professor of History and Director of the Centre for Advanced Study, Sofia, Bulgaria.<\/p>\n<p>&nbsp;<\/p>\n<p><a href=\"https:\/\/www.routledge.com\/Beyond-Balkanism-The-Scholarly-Politics-of-Region-Making\/Mishkova\/p\/book\/9780815376705\">https:\/\/www.routledge.com\/Beyond-Balkanism-The-Scholarly-Politics-of-Region-Making\/Mishkova\/p\/book\/9780815376705<\/a><\/p>\n<p>&nbsp;<\/p>\n<p>&nbsp;<\/p>\n","protected":false},"excerpt":{"rendered":"","protected":false},"author":2,"featured_media":11340,"comment_status":"open","ping_status":"open","sticky":false,"template":"","format":"standard","meta":{"_acf_changed":false,"jetpack_post_was_ever_published":false,"_jetpack_newsletter_access":"","_jetpack_dont_email_post_to_subs":false,"_jetpack_newsletter_tier_id":0,"_jetpack_memberships_contains_paywalled_content":false,"_jetpack_memberships_contains_paid_content":false,"footnotes":"","jetpack_publicize_message":"","jetpack_publicize_feature_enabled":true,"jetpack_social_post_already_shared":true,"jetpack_social_options":{"image_generator_settings":{"template":"highway","default_image_id":0,"font":"","enabled":false},"version":2}},"categories":[8,3],"tags":[],"class_list":["post-11339","post","type-post","status-publish","format-standard","has-post-thumbnail","hentry","category-knjige","category-novosti"],"acf":{"facebook_opis":""},"jetpack_publicize_connections":[],"jetpack_featured_media_url":"https:\/\/i0.wp.com\/historiografija.hr\/wp-content\/uploads\/2018\/09\/balkanism.png?fit=278%2C425&ssl=1","jetpack_sharing_enabled":true,"jetpack-related-posts":[{"id":52531,"url":"https:\/\/historiografija.hr\/?p=52531","url_meta":{"origin":11339,"position":0},"title":"Jonathan G. Leslie, \u201eFear and Insecurity: Israel and the Iran Threat Narrative\u201c","author":"Branimir Jankovi\u0107","date":"17. travnja 2026.","format":false,"excerpt":"Why is Israel\u2019s former ally Iran now perceived as the country\u2019s greatest threat? Description To observers of the Iran-Israel conflict, its vitriolic rhetoric might suggest an ancient hatred between Jews and Muslims\u2013a biblical feud dating back hundreds, or thousands, of years. But this rivalry is a far more modern development.\u2026","rel":"","context":"U &quot;Knjige&quot;","block_context":{"text":"Knjige","link":"https:\/\/historiografija.hr\/?cat=8"},"img":{"alt_text":"","src":"https:\/\/i0.wp.com\/historiografija.hr\/wp-content\/uploads\/2026\/04\/Leslie.jpg?fit=391%2C612&ssl=1&resize=350%2C200","width":350,"height":200},"classes":[]},{"id":52520,"url":"https:\/\/historiografija.hr\/?p=52520","url_meta":{"origin":11339,"position":1},"title":"Predstavljanje knjige &#8220;Socialist Economics in Yugoslavia: A Critical History&#8221; u Zagrebu","author":"Branimir Jankovi\u0107","date":"17. travnja 2026.","format":false,"excerpt":"Pozivamo vas na predstavljanje knjige \"Socialist Economics in Yugoslavia: A Critical History\", autora Mislava \u00a0\u017ditka i Marka Grde\u0161i\u0107a (Routledge, 2026). Na predstavljanju \u0107e govoriti Branko Milanovi\u0107 (CUNY), Milica Uvali\u0107 (EUI), Zdravko Petak (FPZG) te autori.\u00a0 Predstavljanje \u0107e se odr\u017eati u srijedu 22. travnja u 16:00 sati na Fakultetu politi\u010dkih znanosti\u2026","rel":"","context":"U &quot;Novosti&quot;","block_context":{"text":"Novosti","link":"https:\/\/historiografija.hr\/?cat=3"},"img":{"alt_text":"","src":"https:\/\/i0.wp.com\/historiografija.hr\/wp-content\/uploads\/2026\/04\/Poziv-na-predstavljanje.png?fit=800%2C652&ssl=1&resize=350%2C200","width":350,"height":200,"srcset":"https:\/\/i0.wp.com\/historiografija.hr\/wp-content\/uploads\/2026\/04\/Poziv-na-predstavljanje.png?fit=800%2C652&ssl=1&resize=350%2C200 1x, https:\/\/i0.wp.com\/historiografija.hr\/wp-content\/uploads\/2026\/04\/Poziv-na-predstavljanje.png?fit=800%2C652&ssl=1&resize=525%2C300 1.5x, https:\/\/i0.wp.com\/historiografija.hr\/wp-content\/uploads\/2026\/04\/Poziv-na-predstavljanje.png?fit=800%2C652&ssl=1&resize=700%2C400 2x"},"classes":[]},{"id":52580,"url":"https:\/\/historiografija.hr\/?p=52580","url_meta":{"origin":11339,"position":2},"title":"Conference &#8220;Living in the aftermaths: Trauma, politics and survival in Yugoslavia and successor states, 1945 \u2013 present&#8221;","author":"Branimir Jankovi\u0107","date":"21. travnja 2026.","format":false,"excerpt":"The conference aims to explore how war-related psychological distress was experienced, narrated, debated and reframed in Yugoslavia in the second half of the twentieth century. It asks how the theme of wounded psyche and wartime suffering was addressed and acknowledged in political, psychiatric and broader cultural discourses of socialist Yugoslavia,\u2026","rel":"","context":"U &quot;Novosti&quot;","block_context":{"text":"Novosti","link":"https:\/\/historiografija.hr\/?cat=3"},"img":{"alt_text":"","src":"https:\/\/i0.wp.com\/historiografija.hr\/wp-content\/uploads\/2026\/04\/Battle_of_Neretva_Picasso_poster-Conference-Living-in-the-aftermaths.webp?fit=564%2C954&ssl=1&resize=350%2C200","width":350,"height":200,"srcset":"https:\/\/i0.wp.com\/historiografija.hr\/wp-content\/uploads\/2026\/04\/Battle_of_Neretva_Picasso_poster-Conference-Living-in-the-aftermaths.webp?fit=564%2C954&ssl=1&resize=350%2C200 1x, https:\/\/i0.wp.com\/historiografija.hr\/wp-content\/uploads\/2026\/04\/Battle_of_Neretva_Picasso_poster-Conference-Living-in-the-aftermaths.webp?fit=564%2C954&ssl=1&resize=525%2C300 1.5x"},"classes":[]},{"id":52586,"url":"https:\/\/historiografija.hr\/?p=52586","url_meta":{"origin":11339,"position":3},"title":"Aur\u00e9lie Daher, \u201eHezbollah: Mobilisation and Power\u201c","author":"Branimir Jankovi\u0107","date":"22. travnja 2026.","format":false,"excerpt":"Morning Star \u2018Book of the Year\u2019 Social movement, liberation party or terrorist group? With Hezbollah\u2019s growing involvement in the war in Syria, this study of its impact on Lebanon, drawing heavily on first-hand interviews, could not be more timely. Description Almost forty years after its foundation, Hezbollah remains an enigma.\u2026","rel":"","context":"U &quot;Knjige&quot;","block_context":{"text":"Knjige","link":"https:\/\/historiografija.hr\/?cat=8"},"img":{"alt_text":"","src":"https:\/\/i0.wp.com\/historiografija.hr\/wp-content\/uploads\/2026\/04\/Daher-Hezbollah.jpg?fit=600%2C931&ssl=1&resize=350%2C200","width":350,"height":200,"srcset":"https:\/\/i0.wp.com\/historiografija.hr\/wp-content\/uploads\/2026\/04\/Daher-Hezbollah.jpg?fit=600%2C931&ssl=1&resize=350%2C200 1x, https:\/\/i0.wp.com\/historiografija.hr\/wp-content\/uploads\/2026\/04\/Daher-Hezbollah.jpg?fit=600%2C931&ssl=1&resize=525%2C300 1.5x"},"classes":[]},{"id":52643,"url":"https:\/\/historiografija.hr\/?p=52643","url_meta":{"origin":11339,"position":4},"title":"BRACEWELL TRAVELLING SCHOLARSHIP\u202fFOR PHD STUDENTS (DEADLINE: 30TH APRIL 2026)","author":"Branimir Jankovi\u0107","date":"24. travnja 2026.","format":false,"excerpt":"The Bracewell Travelling Scholarship\u202fis funded by a gift from SSEES Emeritus Professor of History Wendy Bracewell, whose research examines South Slav history, and travel writing in eastern Europe. The Scholarship honours the long tradition of mutual curiosity between the UK and eastern, central and southeastern Europe by supporting PhD students\u2026","rel":"","context":"U &quot;Novosti&quot;","block_context":{"text":"Novosti","link":"https:\/\/historiografija.hr\/?cat=3"},"img":{"alt_text":"","src":"https:\/\/i0.wp.com\/historiografija.hr\/wp-content\/uploads\/2026\/04\/Bracewell-Travelling-Scholarship-.webp?fit=980%2C700&ssl=1&resize=350%2C200","width":350,"height":200,"srcset":"https:\/\/i0.wp.com\/historiografija.hr\/wp-content\/uploads\/2026\/04\/Bracewell-Travelling-Scholarship-.webp?fit=980%2C700&ssl=1&resize=350%2C200 1x, https:\/\/i0.wp.com\/historiografija.hr\/wp-content\/uploads\/2026\/04\/Bracewell-Travelling-Scholarship-.webp?fit=980%2C700&ssl=1&resize=525%2C300 1.5x, https:\/\/i0.wp.com\/historiografija.hr\/wp-content\/uploads\/2026\/04\/Bracewell-Travelling-Scholarship-.webp?fit=980%2C700&ssl=1&resize=700%2C400 2x"},"classes":[]},{"id":52516,"url":"https:\/\/historiografija.hr\/?p=52516","url_meta":{"origin":11339,"position":5},"title":"Marko Grde\u0161i\u0107, Mislav \u017ditko, \u201eSocialist Economics in Yugoslavia: A Critical History\u201c","author":"Branimir Jankovi\u0107","date":"17. travnja 2026.","format":false,"excerpt":"This book presents a critical history of Yugoslav socialist economics, from its inception in the late 1940s to its dissolution in the late 1980s. After the dramatic break with the Soviet Union in 1948, Yugoslavia found itself in urgent need of a third way: A socialist trajectory which would not\u2026","rel":"","context":"U &quot;Knjige&quot;","block_context":{"text":"Knjige","link":"https:\/\/historiografija.hr\/?cat=8"},"img":{"alt_text":"","src":"https:\/\/i0.wp.com\/historiografija.hr\/wp-content\/uploads\/2026\/04\/Zitko_Grdesic.jpg?fit=350%2C535&ssl=1&resize=350%2C200","width":350,"height":200},"classes":[]}],"_links":{"self":[{"href":"https:\/\/historiografija.hr\/index.php?rest_route=\/wp\/v2\/posts\/11339","targetHints":{"allow":["GET"]}}],"collection":[{"href":"https:\/\/historiografija.hr\/index.php?rest_route=\/wp\/v2\/posts"}],"about":[{"href":"https:\/\/historiografija.hr\/index.php?rest_route=\/wp\/v2\/types\/post"}],"author":[{"embeddable":true,"href":"https:\/\/historiografija.hr\/index.php?rest_route=\/wp\/v2\/users\/2"}],"replies":[{"embeddable":true,"href":"https:\/\/historiografija.hr\/index.php?rest_route=%2Fwp%2Fv2%2Fcomments&post=11339"}],"version-history":[{"count":1,"href":"https:\/\/historiografija.hr\/index.php?rest_route=\/wp\/v2\/posts\/11339\/revisions"}],"predecessor-version":[{"id":11341,"href":"https:\/\/historiografija.hr\/index.php?rest_route=\/wp\/v2\/posts\/11339\/revisions\/11341"}],"wp:featuredmedia":[{"embeddable":true,"href":"https:\/\/historiografija.hr\/index.php?rest_route=\/wp\/v2\/media\/11340"}],"wp:attachment":[{"href":"https:\/\/historiografija.hr\/index.php?rest_route=%2Fwp%2Fv2%2Fmedia&parent=11339"}],"wp:term":[{"taxonomy":"category","embeddable":true,"href":"https:\/\/historiografija.hr\/index.php?rest_route=%2Fwp%2Fv2%2Fcategories&post=11339"},{"taxonomy":"post_tag","embeddable":true,"href":"https:\/\/historiografija.hr\/index.php?rest_route=%2Fwp%2Fv2%2Ftags&post=11339"}],"curies":[{"name":"wp","href":"https:\/\/api.w.org\/{rel}","templated":true}]}}