{"id":11335,"date":"2018-09-21T12:28:07","date_gmt":"2018-09-21T12:28:07","guid":{"rendered":"http:\/\/historiografija.hr\/?p=11335"},"modified":"2018-09-21T12:30:46","modified_gmt":"2018-09-21T12:30:46","slug":"trideseta-knjiga-mediterana","status":"publish","type":"post","link":"https:\/\/historiografija.hr\/?p=11335","title":{"rendered":"Trideseta Knjiga Mediterana"},"content":{"rendered":"<p>U Splitu \u0107e se od 23. do 29. rujna 2018. odr\u017eati trideseta \u201cKnjiga Mediterana\u201d na kojoj \u0107e se uz ve\u0107 spomenuti znanstveni skup &#8220;Oslobo\u0111enje Klisa 1648. godine&#8221; odr\u017eati i brojna predstavljanja knjiga i \u010dasopisa.<\/p>\n<p><strong>\u00a0<\/strong><\/p>\n<hr \/>\n<p>&nbsp;<\/p>\n<table width=\"530\">\n<tbody>\n<tr>\n<td width=\"70\"><\/td>\n<td><strong>Knjiga Mediterana 2018.<\/strong><\/p>\n<p><strong>TRIDESETA <\/strong><\/p>\n<p><strong>KNJIGA MEDITERANA <\/strong><\/p>\n<p>(23. \u2013 29. rujna 2018.)<\/p>\n<p>Pod visokim pokroviteljstvom<\/p>\n<p>Hrvatske akademije znanosti i umjetnosti, Zagreb<\/p>\n<p>&nbsp;<\/p>\n<p>Organizatori:<\/p>\n<p>KNJI\u017dEVNI KRUG SPLIT<\/p>\n<p>FILOZOFSKI FAKULTET SVEU\u010cILI\u0160TA U SPLITU<\/p>\n<p>ZAVOD ZA ZNANSTVENI I UMJETNI\u010cKI RAD<\/p>\n<p>HAZU U SPLITU<\/p>\n<p>SPLIT, 2018.<\/p>\n<p>&nbsp;<\/p>\n<p>&nbsp;<\/p>\n<p><strong>NEDJELJA, 23. RUJNA <\/strong><\/p>\n<p><em>Zavod HAZU (Trg bra\u0107e Radi\u0107a 7)<\/em><\/p>\n<p>&nbsp;<\/p>\n<p><strong>18.00 <\/strong>SVE\u010cANO OTVORENJE MANIFESTACIJE<\/p>\n<p>Pozdravna rije\u010d: Nenad Cambj<\/p>\n<p><strong>18.15 <\/strong>Uvodni esej: Mladen Machiedo, <em>Mediteran, ju\u010der i danas <\/em><\/p>\n<p><strong>18.45 <\/strong>Predstavljanje knjige:<\/p>\n<p>Ivan Mimica, <em>Di si po\u0161la lipa zvizda. Usmene i pu\u010dke pjesme moli\u0161kih Hrvata<\/em>, Knji\u017eevni krug Split, Split, 2017.<\/p>\n<p>Doma\u0107in: Nenad Cambj<\/p>\n<p>Govore: Jo\u0161ko Bo\u017eani\u0107, Jo\u0161ko Belamari\u0107 i autor<\/p>\n<p><strong>19.30 <\/strong>Predstavljanje \u010dasopisa: <em>Mogu\u0107nosti<\/em>, 1-2, 2018.,<\/p>\n<p>urednica: Katarina Dalmatin, Knji\u017eevni krug Split, Split, 2018.<\/p>\n<p>Doma\u0107in: Bratislav Lu\u010din<\/p>\n<p>Govore: Mladen Machiedo, Bratislav Lu\u010din i urednica<\/p>\n<p>&nbsp;<\/p>\n<p><strong>PONEDJELJAK, 24. RUJNA <\/strong><\/p>\n<p><em>Zavod HAZU (Trg bra\u0107e Radi\u0107a 7)<\/em><\/p>\n<p>&nbsp;<\/p>\n<p><strong>9.00 <\/strong>Po\u010detak znanstvenoga skupa OSLOBO\u0110ENJE KLISA 1648. GODINE, 370. OBLJETNICA<\/p>\n<p>Dobrodo\u0161lica: Nenad Cambj, Marko Trogrli\u0107, Tonija Andri\u0107 i Josip Vrande\u010di\u0107<\/p>\n<p>Sudionici: Nenad Cambj, Radoslav Tomi\u0107, Radoslav Bu\u017ean\u010di\u0107, Tonija Andri\u0107, Nenad Moa\u010danin, Nik\u0161a Varezi\u0107, Kre\u0161imir Ku\u017ei\u0107, Marko Trogrli\u0107, Duje Jerkovi\u0107 i Josip Vrande\u010di\u0107<\/p>\n<p><strong>15.00 <\/strong>Nastavak znanstvenoga skupa OSLOBO\u0110ENJE KLISA 1648. GODINE, 370. OBLJETNICA<\/p>\n<p>Sudionici: Stjepan Krasi\u0107, An\u0111elko Mijatovi\u0107, Ivan Bo\u0161kovi\u0107 i Ivana Od\u017ea<\/p>\n<p><strong>18.00 <\/strong>Predstavljanje knjiga:<\/p>\n<p>\u2014 Jerolim Kavanjin, <em>Povijest van\u0111elska bogatoga a nesre\u0107na Epuluna i ubogoga a \u010destita Lazara<\/em>, priredio Tomislav Bogdan, Bra\u010dki libar, Supetar, i Litteris, Zagreb, 2017.<\/p>\n<p>Doma\u0107in: Bratislav Lu\u010din<\/p>\n<p>Govore: Davor Duki\u0107 i urednik<\/p>\n<p>\u2014 <em>Splitski epik Jerolim Kavanjin. O 300. obljetnici smrti<\/em>, uredili: Bratislav Lu\u010din i Davor Duki\u0107, Knji\u017eevni krug Split, Split, 2018.<\/p>\n<p>Govore: Divna Mrde\u017ea Antonina i urednici<\/p>\n<p><strong>19.30 <\/strong>Predstavljanje knjige: Frano Baras, <em>Nadomak Atlantide<\/em>, Knji\u017eevni krug Split, Split, 2017.<\/p>\n<p>Doma\u0107in: Jo\u0161ko Belamari\u0107<\/p>\n<p>Govore: Jo\u0161ko Belamari\u0107 i autor<\/p>\n<p>&nbsp;<\/p>\n<p><strong>UTORAK, 25. RUJNA <\/strong><\/p>\n<p><em>Zavod HAZU (Trg bra\u0107e Radi\u0107a 7)<\/em><\/p>\n<p>&nbsp;<\/p>\n<p><strong>12.00 <\/strong>Predstavljanje zbornika: <em>Ivan Duknovi\u0107 i krugovi njegove djelatnosti<\/em>, uredili: Igor Fiskovi\u0107 i Radoslav Bu\u017ean\u010di\u0107, Knji\u017eevni krug Split, Split, 2018.<\/p>\n<p>Doma\u0107in: Nenad Cambj<\/p>\n<p>Govore urednici<\/p>\n<p><strong>18.00 <\/strong>Predstavljanje izdanja Matice hrvatske Zadar, 2018.<\/p>\n<p>Doma\u0107in: Nenad Cambj<\/p>\n<p>Govore: Radomir Juri\u0107, Bo\u017eo Do\u0161en, Ivan Pa\u0161tar, Ivica Vigato, Martina Drobnak i Josip Lisac<\/p>\n<p><strong>19.00 <\/strong>Predstavljanje izdanja Muzeja hrvatskih arheolo\u0161kih spomenika, Split:<\/p>\n<p>\u2014 <em>\u010casopis Starohrvatska prosvjeta<\/em>, 44-45\/2017-2018.<\/p>\n<p>i knjige iz korpusa ranosrednjovjekovne skulpture u Hrvatskoj:<\/p>\n<p>\u2014 Sun\u010dica Musta\u010d, <em>Crkva sv. Mihovila u Banjolama, kraj Peroja<\/em>, Split, 2017.<\/p>\n<p>\u2014 Ivan Josipovi\u0107, <em>Pridraga u zale\u0111u Zadra<\/em>, Split, 2018.<\/p>\n<p>\u2014 Ivan Matej\u010di\u0107, <em>Novigrad, Savudrija, Umag i Dajla<\/em>, Split, 2018.<\/p>\n<p>Doma\u0107in: Marko Trogrli\u0107<\/p>\n<p>Govore: Nikola Jak\u0161i\u0107, Ivan Basi\u0107, Ivan Matej\u010di\u0107 i Ante Milo\u0161evi\u0107<\/p>\n<p>&nbsp;<\/p>\n<p><strong>SRIJEDA, 26. RUJNA <\/strong><\/p>\n<p><em>Zavod HAZU (Trg bra\u0107e Radi\u0107a 7)<\/em><\/p>\n<p>&nbsp;<\/p>\n<p><strong>12.00 <\/strong>Predavanje: Mario Nepo Kuzmani\u0107, <em>Stara postojbina moli\u0161kih Hrvata <\/em><\/p>\n<p>Doma\u0107in: Nenad Cambj<\/p>\n<p><strong>18.00 <\/strong>Predstavljanje knjige: Faust Vran\u010di\u0107, <em>Nova logika<\/em>, uredio i preveo Luka Bor\u0161i\u0107, Gradska knji\u017enica \u00bbJuraj \u0160i\u017egori\u0107\u00ab, \u0160ibenik, i Institut za filozofiju, Zagreb, 2018.<\/p>\n<p>Doma\u0107in: Ivan Mimica<\/p>\n<p>Govore: Ivana Skuhala Karasman,<\/p>\n<p>Luka Bor\u0161i\u0107 i Vilijam Laki\u0107<\/p>\n<p><strong>19.00 <\/strong>Predstavljanje izdava\u0161tva otoka Kor\u010dule: <em>Od jematve do jematve<\/em>, Gradski muzej Kor\u010dula, 2018.<\/p>\n<p>Doma\u0107in: Nenad Cambj<\/p>\n<p>Govore: Tonko Bar\u010dot, Nikolina Male\u0161, Marija Hajdi\u0107 i Sani Sardeli\u0107<\/p>\n<p>&nbsp;<\/p>\n<p><strong>\u010cETVRTAK, 27. RUJNA <\/strong><\/p>\n<p><em>Zavod HAZU (Trg bra\u0107e Radi\u0107a 7) <\/em><\/p>\n<p>&nbsp;<\/p>\n<p><strong>12.00 <\/strong>Predavanje: Jasna Jeli\u010di\u0107 Radoni\u0107, <em>Otkrivanje anti\u010dkog Farosa <\/em><\/p>\n<p>Doma\u0107in: Nenad Cambj<\/p>\n<p><strong>18.00 <\/strong>Predstavljanje izdanja Matice hrvatske Dubrovnik:<\/p>\n<p>\u2014 \u010casopis <em>Dubrovnik<\/em>, br. 2-3\/2017, 4\/2017, 1\/2018. i 2-3\/2018.<\/p>\n<p>\u2014 Esad Kurtovi\u0107, <em>Iz povijesti dubrova\u010dkog zale\u0111a <\/em><\/p>\n<p>\u2014 Ivanka Jemo, <em>Urbana matrica grada Dubrovnika <\/em><\/p>\n<p>\u2014 Aida Cvjetkovi\u0107, <em>Dubrova\u010dki brodovlasnik Federiko Glavi\u0107 <\/em><\/p>\n<p>\u2014 <em>Zbornik radova dr. sc. Bruno \u0160i\u0161i\u0107 <\/em><\/p>\n<p>\u2014 Luko Paljetak, <em>Gorka zora <\/em><\/p>\n<p>Doma\u0107in: Ivan Mimica<\/p>\n<p>Govore: Slavica Stojan, Ivan Vi\u0111en, Rina Kralj Brassard, Jelena Obradovi\u0107 Moja\u0161 i Davor Moja\u0161<\/p>\n<p><strong>19.00 <\/strong>Ve\u010der Matice hrvatske Zagreb:<\/p>\n<p>\u2014 Predstavljanje knjige: Ivo Frange\u0161, <em>\u010citanja <\/em><\/p>\n<p>\u2014 Predstavljanje knjige: Pavao Pavli\u010di\u0107, <em>Nav i raj <\/em><\/p>\n<p>\u2014 Predstavljanje Ogranka Matice hrvatske u Splitu i \u010ditave Matice<\/p>\n<p>Doma\u0107in: Nenad Cambj<\/p>\n<p>Govore: Stipe Botica, Jo\u0161ko Kalili\u0107, Ivan Bo\u0161kovi\u0107 i Pavao Pavli\u010di\u0107<\/p>\n<p>&nbsp;<\/p>\n<p><strong>PETAK, 28. RUJNA <\/strong><\/p>\n<p><em>Zavod HAZU (Trg bra\u0107e Radi\u0107a 7) <\/em><\/p>\n<p>&nbsp;<\/p>\n<p><strong>12.00 <\/strong>Predstavljanje knjige: Marinko Petri\u0107, <em>Hvarski turisti\u010dki spomenar, Turisti\u010dki ljetopis od 1868. g. do 2017. g.<\/em>, 2. izdanje, Turisti\u010dka zajednica grada Hvara, Hvar, 2018.<\/p>\n<p>Doma\u0107in: Nenad Cambj<\/p>\n<p>Govore: Radoslav Tomi\u0107 i autor<\/p>\n<p><strong>18.30 <\/strong>Predstavljanje knjige: <em>Pagans and Christians in the Late Roman Empire<\/em>, uredili: Marianne S\u00e1ghy i Edward M. Schoolman, CEU Medievalia, Budapest, 2017.<\/p>\n<p>Doma\u0107in: Nenad Cambj<\/p>\n<p>Govore: Hrvoje Gra\u010danin i Ivan Basi\u0107<\/p>\n<p><strong>19.30 <\/strong>Predstavljanje knjige: Franko Oreb, <em>Kor\u010dulanske godine Vida Vuleti\u0107a-Vukasovi\u0107a i Frane Radi\u0107a<\/em>, Naklada Bo\u0161kovi\u0107, Split, 2018.<\/p>\n<p>Doma\u0107in: Nenad Cambj<\/p>\n<p>Govore: Zoran Bo\u0161kovi\u0107 i autor<\/p>\n<p>&nbsp;<\/p>\n<p><strong>SUBOTA, 29. RUJNA <\/strong><\/p>\n<p><em>Zavod HAZU (Trg bra\u0107e Radi\u0107a 7) <\/em><\/p>\n<p>&nbsp;<\/p>\n<p><strong>18.00 <\/strong>Predstavljanje knjige: Antonin Zaninovi\u0107, <em>Hvarske teme. Odabrani radovi<\/em>, priredili:<\/p>\n<p>Marija Zaninovi\u0107-Rumora i Jo\u0161ko Bracanovi\u0107, Knji\u017eevni krug Split, Split, 2018.<\/p>\n<p>Doma\u0107in: Nenad Cambj<\/p>\n<p>Govore prire\u0111iva\u010di<\/p>\n<p><strong>19.00 <\/strong>Predstavljanje knjige: Sanja Vuli\u0107, <em>Jedinstvo razli\u010ditosti<\/em>, Knji\u017eevni krug Split, Split, 2018.<\/p>\n<p>Doma\u0107in: Nenad Cambj<\/p>\n<p>Govore: Ljerka \u0160imunkovi\u0107 i autorica<\/p>\n<p><strong>20.00 <\/strong>Predstavljanje knjige: Josip Bratuli\u0107, <em>Svetost i \u010dovje\u010dnost<\/em>, Knji\u017eevni krug Split, Split, 2018.<\/p>\n<p>Doma\u0107in: Davorin Rudolf<\/p>\n<p>Govore: Drago \u0160imund\u017ea i autor<\/p>\n<p><strong>20.30 <\/strong>ZAVR\u0160ETAK MANIFESTACIJE<\/p>\n<p>Zaklju\u010dna rije\u010d: Nenad Cambj<\/td>\n<\/tr>\n<\/tbody>\n<\/table>\n<p>&nbsp;<\/p>\n<p>Program manifestacije u pdf-u<\/p>\n<p>Plakat manifestacije<\/p>\n<p>Plakat skupa u povodu 370. obljetnice oslobo\u0111enja Klisa<\/p>\n<p>&nbsp;<\/p>\n<p><a href=\"http:\/\/www.knjizevni-krug.hr\/novosti.asp\">http:\/\/www.knjizevni-krug.hr\/novosti.asp<\/a><\/p>\n<p>&nbsp;<\/p>\n<p>&nbsp;<\/p>\n<p>&nbsp;<\/p>\n","protected":false},"excerpt":{"rendered":"","protected":false},"author":2,"featured_media":6026,"comment_status":"open","ping_status":"open","sticky":false,"template":"","format":"standard","meta":{"_acf_changed":false,"jetpack_post_was_ever_published":false,"_jetpack_newsletter_access":"","_jetpack_dont_email_post_to_subs":false,"_jetpack_newsletter_tier_id":0,"_jetpack_memberships_contains_paywalled_content":false,"_jetpack_memberships_contains_paid_content":false,"footnotes":"","jetpack_publicize_message":"","jetpack_publicize_feature_enabled":true,"jetpack_social_post_already_shared":true,"jetpack_social_options":{"image_generator_settings":{"template":"highway","default_image_id":0,"font":"","enabled":false},"version":2}},"categories":[3],"tags":[],"class_list":["post-11335","post","type-post","status-publish","format-standard","has-post-thumbnail","hentry","category-novosti"],"acf":{"facebook_opis":""},"jetpack_publicize_connections":[],"jetpack_featured_media_url":"https:\/\/i0.wp.com\/historiografija.hr\/wp-content\/uploads\/2017\/09\/KK.jpg?fit=960%2C552&ssl=1","jetpack_sharing_enabled":true,"jetpack-related-posts":[{"id":52563,"url":"https:\/\/historiografija.hr\/?p=52563","url_meta":{"origin":11335,"position":0},"title":"Predavanje Nenada Fabijani\u0107a o stadionu Poljud u Splitu","author":"Branimir Jankovi\u0107","date":"21. travnja 2026.","format":false,"excerpt":"Znanstveno vije\u0107e za arhitekturu, urbanizam i ure\u0111enje prostora Hrvatske akademije znanosti i umjetnosti organizira predavanje \u201cPo Poljudu\u201d koje \u0107e u srijedu 22. travnja 2026. s po\u010detkom u 14 sati u Knji\u017enici HAZU, Strossmayerov trg 14 u Zagrebu, odr\u017eati\u00a0prof. emerit. dr. art. Nenad Fabijani\u0107,\u00a0\u010dlan suradnik HAZU. Predavanje \u201ePo Poljudu\u201c (Projekt obnove)\u2026","rel":"","context":"U &quot;Novosti&quot;","block_context":{"text":"Novosti","link":"https:\/\/historiografija.hr\/?cat=3"},"img":{"alt_text":"","src":"https:\/\/i0.wp.com\/historiografija.hr\/wp-content\/uploads\/2026\/04\/Poljud-scaled.jpeg?fit=1200%2C800&ssl=1&resize=350%2C200","width":350,"height":200,"srcset":"https:\/\/i0.wp.com\/historiografija.hr\/wp-content\/uploads\/2026\/04\/Poljud-scaled.jpeg?fit=1200%2C800&ssl=1&resize=350%2C200 1x, https:\/\/i0.wp.com\/historiografija.hr\/wp-content\/uploads\/2026\/04\/Poljud-scaled.jpeg?fit=1200%2C800&ssl=1&resize=525%2C300 1.5x, https:\/\/i0.wp.com\/historiografija.hr\/wp-content\/uploads\/2026\/04\/Poljud-scaled.jpeg?fit=1200%2C800&ssl=1&resize=700%2C400 2x, https:\/\/i0.wp.com\/historiografija.hr\/wp-content\/uploads\/2026\/04\/Poljud-scaled.jpeg?fit=1200%2C800&ssl=1&resize=1050%2C600 3x"},"classes":[]},{"id":52628,"url":"https:\/\/historiografija.hr\/?p=52628","url_meta":{"origin":11335,"position":1},"title":"Predavanje dopisnog \u010dlana HAZU Alaina Finkielkrauta Izrael, Europa, antisemitizam","author":"Branimir Jankovi\u0107","date":"23. travnja 2026.","format":false,"excerpt":"Francuski filozof Alain Finkielkraut, redoviti \u010dlan Francuske akademije i dopisni \u010dlan HAZU, odr\u017eat \u0107e predavanje\u00a0Izrael, Europa, antisemitizam u utorak 28. travnja 2026. u 13 sati u Knji\u017enici HAZU,\u00a0Strossmayerov trg 14 u Zagrebu. Uvodne rije\u010di odr\u017eat \u0107e\u00a0akademkinja \u017deljka \u010corak i\u00a0akademik Dra\u017een Katunari\u0107. Predavanje \u0107e se odr\u017eati na francuskom jeziku uz konsekutivno\u2026","rel":"","context":"U &quot;Novosti&quot;","block_context":{"text":"Novosti","link":"https:\/\/historiografija.hr\/?cat=3"},"img":{"alt_text":"","src":"https:\/\/i0.wp.com\/historiografija.hr\/wp-content\/uploads\/2026\/04\/Alain_Finkielkraut.jpg?fit=350%2C407&ssl=1&resize=350%2C200","width":350,"height":200},"classes":[]},{"id":52666,"url":"https:\/\/historiografija.hr\/?p=52666","url_meta":{"origin":11335,"position":2},"title":"Najava programa Festivala povijesti Kliofest (5-8. V. 2026)","author":"Branimir Jankovi\u0107","date":"24. travnja 2026.","format":false,"excerpt":"Po trinaesti put odr\u017eava se Festival povijesti Kliofest! Do petka \u0107emo odr\u017eati osam okruglih stolova i dva kolokvija te niz predstavljanja knjiga i projekata razli\u010dite tematike, od antike do suvremenosti. Bit \u0107e predstavljeno i nekoliko izlo\u017ebi te odr\u017ean jedan povijesni kviz. Prikazat \u0107emo i jedan film \u2013 o generalu Boroevi\u0107u.\u2026","rel":"","context":"U &quot;Novosti&quot;","block_context":{"text":"Novosti","link":"https:\/\/historiografija.hr\/?cat=3"},"img":{"alt_text":"","src":"https:\/\/i0.wp.com\/historiografija.hr\/wp-content\/uploads\/2026\/04\/Kliofest-2026.jpg?fit=526%2C526&ssl=1&resize=350%2C200","width":350,"height":200,"srcset":"https:\/\/i0.wp.com\/historiografija.hr\/wp-content\/uploads\/2026\/04\/Kliofest-2026.jpg?fit=526%2C526&ssl=1&resize=350%2C200 1x, https:\/\/i0.wp.com\/historiografija.hr\/wp-content\/uploads\/2026\/04\/Kliofest-2026.jpg?fit=526%2C526&ssl=1&resize=525%2C300 1.5x"},"classes":[]},{"id":52552,"url":"https:\/\/historiografija.hr\/?p=52552","url_meta":{"origin":11335,"position":3},"title":"Besplatni glazbeni antikvarijat","author":"Branimir Jankovi\u0107","date":"20. travnja 2026.","format":false,"excerpt":"Muzi\u010dka akademija Sveu\u010dili\u0161ta u Zagrebu 23. travnja 2026. od 10 do 17 sati Pozivamo Vas na Besplatni glazbeni antikvarijat, koji u sklopu manifestacije No\u0107 knjige 2026. organizira Hrvatska udruga muzi\u010dkih knji\u017enica, arhiva i dokumentacijskih centara (HUMKAD). Antikvarijat \u0107e se odr\u017eati na Svjetski dan knjige \u2013 u \u010detvrtak 23. travnja 2026.\u2026","rel":"","context":"U &quot;Novosti&quot;","block_context":{"text":"Novosti","link":"https:\/\/historiografija.hr\/?cat=3"},"img":{"alt_text":"","src":"https:\/\/i0.wp.com\/historiografija.hr\/wp-content\/uploads\/2026\/04\/Besplatni-glazbeni-antikvarijat-23.-4.-2026.jpg?fit=1200%2C848&ssl=1&resize=350%2C200","width":350,"height":200,"srcset":"https:\/\/i0.wp.com\/historiografija.hr\/wp-content\/uploads\/2026\/04\/Besplatni-glazbeni-antikvarijat-23.-4.-2026.jpg?fit=1200%2C848&ssl=1&resize=350%2C200 1x, https:\/\/i0.wp.com\/historiografija.hr\/wp-content\/uploads\/2026\/04\/Besplatni-glazbeni-antikvarijat-23.-4.-2026.jpg?fit=1200%2C848&ssl=1&resize=525%2C300 1.5x, https:\/\/i0.wp.com\/historiografija.hr\/wp-content\/uploads\/2026\/04\/Besplatni-glazbeni-antikvarijat-23.-4.-2026.jpg?fit=1200%2C848&ssl=1&resize=700%2C400 2x, https:\/\/i0.wp.com\/historiografija.hr\/wp-content\/uploads\/2026\/04\/Besplatni-glazbeni-antikvarijat-23.-4.-2026.jpg?fit=1200%2C848&ssl=1&resize=1050%2C600 3x"},"classes":[]},{"id":52528,"url":"https:\/\/historiografija.hr\/?p=52528","url_meta":{"origin":11335,"position":4},"title":"[Promocija knjige] Banja Luka u ratu: Etnopolitika i svakodnevica (1990\u20131995) (ActiveLab, YugoLab)","author":"Branimir Jankovi\u0107","date":"17. travnja 2026.","format":false,"excerpt":"Institut za filozofiju i dru\u0161tvenu teoriju i O\u0161tra Nula organizuju promociju knjige Banja Luka u ratu: Etnopolitika i svakodnevica (1990\u20131995) autorke Armine Galija\u0161, koja \u0107e se odr\u017eati 20. aprila 2026. u 12.00 sati u prostorijama Instituta (Kraljice Natalije 45, Beograd). Re\u010d je o prvom nau\u010dno utemeljenom i sistematskom radu koji\u2026","rel":"","context":"U &quot;Novosti&quot;","block_context":{"text":"Novosti","link":"https:\/\/historiografija.hr\/?cat=3"},"img":{"alt_text":"","src":"https:\/\/i0.wp.com\/historiografija.hr\/wp-content\/uploads\/2026\/04\/20-april-RS.jpg?fit=1200%2C675&ssl=1&resize=350%2C200","width":350,"height":200,"srcset":"https:\/\/i0.wp.com\/historiografija.hr\/wp-content\/uploads\/2026\/04\/20-april-RS.jpg?fit=1200%2C675&ssl=1&resize=350%2C200 1x, https:\/\/i0.wp.com\/historiografija.hr\/wp-content\/uploads\/2026\/04\/20-april-RS.jpg?fit=1200%2C675&ssl=1&resize=525%2C300 1.5x, https:\/\/i0.wp.com\/historiografija.hr\/wp-content\/uploads\/2026\/04\/20-april-RS.jpg?fit=1200%2C675&ssl=1&resize=700%2C400 2x, https:\/\/i0.wp.com\/historiografija.hr\/wp-content\/uploads\/2026\/04\/20-april-RS.jpg?fit=1200%2C675&ssl=1&resize=1050%2C600 3x"},"classes":[]},{"id":52589,"url":"https:\/\/historiografija.hr\/?p=52589","url_meta":{"origin":11335,"position":5},"title":"Predstavljena knjiga Miomira \u017du\u017eula &#8220;Dayton: Diplomacija &#8211; druga strana rata&#8221;","author":"Branimir Jankovi\u0107","date":"22. travnja 2026.","format":false,"excerpt":"Knjiga Miomira \u017du\u017eula \u201eDayton: Diplomacija \u2013 druga strana rata\u201d predstavljena je u srijedu, 22. travnja 2026. godine u foajeu Hrvatskoga narodnog kazali\u0161ta u Zagrebu. Op\u0161irnije: https:\/\/vijesti.hrt.hr\/hrvatska\/predstavljena-knjiga-miomira-zuzula-dayton-diplomacija-druga-strana-rata-12683259 https:\/\/www.vecernji.ba\/amp\/vijesti\/zuzulova-knjiga-o-daytonu-predstavljena-u-zagrebu-diplomacija-kao-druga-strana-rata-1953700 https:\/\/www.tportal.hr\/vijesti\/clanak\/bivsi-sanaderov-ministar-odrzao-promociju-evo-tko-je-sve-dosao-na-predstavljanje-knjige-miomira-zuzula-foto-20260422 https:\/\/direktno.hr\/zivot\/kultura\/zuzul-otkrio-sve-o-drugoj-strani-rata-za-hrvatsku-se-nije-libio-povuci-nekoga-i-za-kosu-395042 https:\/\/www.24sata.hr\/news\/miomir-zuzul-predstavio-je-knjigu-o-daytonu-diplomacija-je-bila-druga-strana-rata-1123152 https:\/\/www.vecernji.hr\/kultura\/kolinda-grabar-kitarovic-otvoreno-miomir-zuzul-nije-vukao-samo-za-rukav-nego-i-za-kosu-1953722 https:\/\/www.vecernji.hr\/kultura\/i-papa-lav-xiv-eksplicitno-je-daytonski-sporazum-istaknuo-kao-primjer-uspjesna-rjesavanja-sukoba-1952215","rel":"","context":"U &quot;Novosti&quot;","block_context":{"text":"Novosti","link":"https:\/\/historiografija.hr\/?cat=3"},"img":{"alt_text":"","src":"https:\/\/i0.wp.com\/historiografija.hr\/wp-content\/uploads\/2026\/04\/Dayton.jpg?fit=1024%2C683&ssl=1&resize=350%2C200","width":350,"height":200,"srcset":"https:\/\/i0.wp.com\/historiografija.hr\/wp-content\/uploads\/2026\/04\/Dayton.jpg?fit=1024%2C683&ssl=1&resize=350%2C200 1x, https:\/\/i0.wp.com\/historiografija.hr\/wp-content\/uploads\/2026\/04\/Dayton.jpg?fit=1024%2C683&ssl=1&resize=525%2C300 1.5x, https:\/\/i0.wp.com\/historiografija.hr\/wp-content\/uploads\/2026\/04\/Dayton.jpg?fit=1024%2C683&ssl=1&resize=700%2C400 2x"},"classes":[]}],"_links":{"self":[{"href":"https:\/\/historiografija.hr\/index.php?rest_route=\/wp\/v2\/posts\/11335","targetHints":{"allow":["GET"]}}],"collection":[{"href":"https:\/\/historiografija.hr\/index.php?rest_route=\/wp\/v2\/posts"}],"about":[{"href":"https:\/\/historiografija.hr\/index.php?rest_route=\/wp\/v2\/types\/post"}],"author":[{"embeddable":true,"href":"https:\/\/historiografija.hr\/index.php?rest_route=\/wp\/v2\/users\/2"}],"replies":[{"embeddable":true,"href":"https:\/\/historiografija.hr\/index.php?rest_route=%2Fwp%2Fv2%2Fcomments&post=11335"}],"version-history":[{"count":3,"href":"https:\/\/historiografija.hr\/index.php?rest_route=\/wp\/v2\/posts\/11335\/revisions"}],"predecessor-version":[{"id":11338,"href":"https:\/\/historiografija.hr\/index.php?rest_route=\/wp\/v2\/posts\/11335\/revisions\/11338"}],"wp:featuredmedia":[{"embeddable":true,"href":"https:\/\/historiografija.hr\/index.php?rest_route=\/wp\/v2\/media\/6026"}],"wp:attachment":[{"href":"https:\/\/historiografija.hr\/index.php?rest_route=%2Fwp%2Fv2%2Fmedia&parent=11335"}],"wp:term":[{"taxonomy":"category","embeddable":true,"href":"https:\/\/historiografija.hr\/index.php?rest_route=%2Fwp%2Fv2%2Fcategories&post=11335"},{"taxonomy":"post_tag","embeddable":true,"href":"https:\/\/historiografija.hr\/index.php?rest_route=%2Fwp%2Fv2%2Ftags&post=11335"}],"curies":[{"name":"wp","href":"https:\/\/api.w.org\/{rel}","templated":true}]}}