{"id":11312,"date":"2018-09-19T15:09:05","date_gmt":"2018-09-19T15:09:05","guid":{"rendered":"http:\/\/historiografija.hr\/?p=11312"},"modified":"2018-09-19T15:09:05","modified_gmt":"2018-09-19T15:09:05","slug":"izlozba-fotografija-nade-males-o-tvornici-dalmatinka","status":"publish","type":"post","link":"https:\/\/historiografija.hr\/?p=11312","title":{"rendered":"Izlo\u017eba fotografija Nade Male\u0161 o tvornici Dalmatinka"},"content":{"rendered":"<p>Zahvaljuju\u0107i velikoj pozornosti koju je slu\u010daj Dalmatinka dobio u posljednjih nekoliko godina (posebice na izlo\u017ebi \u0160to je nama na\u0161a Dalmatinka dala, Galerija Sikirica, Sinj, 2017.), pri\u010du o tvornici i ulozi koju je imala u modernizaciji, izgradnji i generalnoj proliferaciji grada Sinja nije potrebno posebno predstavljati. Ipak, u svjetlu recentnih zbivanja koja su dovela u pitanje opstojanje tvorni\u010dkog kompleksa, treba naglasiti kako je ovo zdanje jo\u0161 uvijek indikativno po pitanju grada na ekonomskoj i dru\u0161tvenoj razini. Iako mo\u017eda posljednji dokument koji bilje\u017ei autenti\u010dno stanje, fotografije Nade Male\u0161 nisu isklju\u010divo direktan izvje\u0161taj o suvremenoj situaciji &#8211; stanju nesigurnosti, nedore\u010denosti, svojevrsni reality check &#8211; nego bez sumnje posjeduju odre\u0111eni emocionalni naboj i uspostavljaju dijalog sa kategorijama sje\u0107anja odnosno zaborava.<\/p>\n<p>&nbsp;<\/p>\n<p>Arhitektonski elementi i interijer koji su u sredi\u0161tu fotografskog ciklusa, sjajan su (bili) primjer poslijeratnog ostvarenja arhitekta Lavoslava Horvata, pa \u010dinjenica da je ta simboli\u010dki izuzetno bremenita arhitektura danas prepu\u0161tena propadanju i lebdi u podijeljenom vlasni\u0161tvu, djeluje paradoksalno. No, ako razmotrimo da su kriza i posljedi\u010dno zatvaranje tvornice zapo\u010deti sada, ve\u0107 uznapredovali proces ekonomskog i demografskog rastakanja grada, inercija po pitanju zbrinjavanja industrijskih reliquiae reliquiarum postaje mnogo jasnija. Na kraju krajeva, urbane ruine danas su ne\u0161to poput endemske vrste; ti rudimenti nekog pro\u0161log vremena integrirani u gradsko tkivo \u010ditaju se kao \u201eutjelovljenja modernih paradoksa\u201c, ali i estetski objekti.<\/p>\n<p>&nbsp;<\/p>\n<p>Na tom tragu, i Nada svoj kreativni proces u slu\u010daju Dalmatinke tuma\u010di kao za\u010dudno iskustvo u kojem je i sama bila fascinirana estetskom vrijedno\u0161\u0107u derutnog interijera. Me\u0111utim, refleksija sudbine gra\u0111evine nije primarna agenda ovog vizualnog eseja. Prodorna odsutnost ljudskog lika na fotografijama predstavlja najve\u0107i otklon u odnosu na povijesne prikaze Dalmatinke. Prostor koji je nagla\u0161eno postindustrijski, postranzicijski, pa i post-ljudski emanira neku vrstu estetike i\u0161\u010deznu\u0107a. Emancipatorna tendencija postaje jasnija promotrimo li specifi\u010dne motive. S pijetetom prema \u017eivotima i radu koji su upisani u tvorni\u010dki prostor, Nada svoj objektiv okre\u0107e prema fragmentima poput gomile neupotrijebljenog konca i prediva, detalja pra\u0161njavih strojeva, natpisa koji datiraju godinama unazad, potpuno prerazmje\u0161tenog tvorni\u010dkog restorana, sata zaustavljeog na 10:30, crvene termosice na stolu \u2013 koji svi djeluju kao relikti nekada\u0161nje ljudske prisutnosti. Na taj na\u010din prostor je rehumaniziran, a nedore\u010deni trenutci barem djelomice restaurirani; suo\u010dena s protokom vremena i poraznom statistikom, autorica u istom afirmira pro\u0161lost i poziva na propitivanje budu\u0107nosti.<\/p>\n<p>&nbsp;<\/p>\n<p>Nada Male\u0161 je zavr\u0161ila preddiplomski studij Dizajna vizualnih komunikacija na Umjetni\u010dkoj akademiji u Splitu, a posljednji semestar provela je u Peter Brehens School of Arts u D\u00fcsseldorfu pod mentorstvom Mareike Foecking. Prolaze\u0107i kroz razne kreativne i dizajnerske prakse kroz studij, na koncu se posve\u0107uje fotografiji kao primarnom mediju. 2014. po\u010dinje sustavno raditi na seriji portreta koja smje\u0161ta pojedinca u ono \u0161to se poima kao tradicionalan ambijent ruralne sredine, istra\u017euju\u0107i pritom svakodnevne transformacije protagonist\u0101. Od tada se prvenstveno bavi dokumentarnom fotografijom i temama identiteta pojedinca i zajednice te procesa \u017eivljenja i (ne)stalnih promjena. Trenutno \u017eivi i radi u D\u00fcsseldorfu.<\/p>\n<p>&nbsp;<\/p>\n<p>Kustosica ove izlo\u017ebe je Jozefina \u0106urkovi\u0107, kustosice ciklusa NMG@PRAKTIKA su Natasha Kadin, Tina Vukasovi\u0107 \u0110akovi\u0107 i Ivana Vuku\u0161i\u0107, postav i dokumentaciju radi Tihana Mandu\u0161i\u0107, a dizajn Nikola Kri\u017eanac. Program NMG@PRAKTIKA podr\u017ean je od strane Ministarstva kulture, Grada Splita i \u017dupanije splitsko-dalmatinske, a udrugu MAVENA podr\u017eava Zaklada Kultura nova.<\/p>\n<p>&nbsp;<\/p>\n<p>NMG \u2014 Novomedijska galerija me\u0111unarodna je kustoska platforma usmjerena na istra\u017eiva\u010dke projekte vezane uz problematike aktivnog sudjelovanja u suvremenom dru\u0161tvu koji rezultiraju kustoskim konceptima, intermedijskim doga\u0111anjima, me\u0111unarodnim novomedijskim suradnjama te kreiranjem novih medijskih projekata. Unutar platforme realizira se program NMG@PRAKTIKA. Ciklus je to samostalnih izlo\u017ebi mladih umjetnika iz Hrvatske i inozemstva u Galeriji Praktika u Domu mladih u Splitu. Ovo je \u0161esta godina ciklusa kroz koji je dosad realizirano vi\u0161e od \u010detrdeset samostalnih i skupnih izlo\u017ebi mladih umjetnika. Kroz nove medije i eksperimentiranje s razli\u010ditim formama umjetni\u010dkog izra\u017eaja izlo\u017ebe problematiziraju aktualne teme suvremenog dru\u0161tva. Ovaj ciklus izlo\u017ebi tako ne samo da pru\u017ea uvid u najnovije umjetni\u010dke prakse, ve\u0107 i odabirom autora aktivno sudjeluje u pozicioniranju suvremene umjetnosti kao kriti\u010dkog faktora naspram dru\u0161tvene stvarnosti.<\/p>\n<p>&nbsp;<\/p>\n<p>&nbsp;<\/p>\n<p>Nada Male\u0161<\/p>\n<p>&nbsp;<\/p>\n<p><strong><em>Dalmatinka<\/em><\/strong><\/p>\n<p>&nbsp;<\/p>\n<p>Klub Kocka, Dom mladih Split, Ulica slobode 28<\/p>\n<p>&nbsp;<\/p>\n<p>10-20.09.2018.<\/p>\n<p>&nbsp;<\/p>\n<p><a href=\"https:\/\/www.facebook.com\/mavena36\/\">https:\/\/www.facebook.com\/mavena36\/<\/a><\/p>\n<p>&nbsp;<\/p>\n<p>&nbsp;<\/p>\n","protected":false},"excerpt":{"rendered":"","protected":false},"author":2,"featured_media":11313,"comment_status":"open","ping_status":"open","sticky":false,"template":"","format":"standard","meta":{"_acf_changed":false,"jetpack_post_was_ever_published":false,"_jetpack_newsletter_access":"","_jetpack_dont_email_post_to_subs":false,"_jetpack_newsletter_tier_id":0,"_jetpack_memberships_contains_paywalled_content":false,"_jetpack_memberships_contains_paid_content":false,"footnotes":"","jetpack_publicize_message":"","jetpack_publicize_feature_enabled":true,"jetpack_social_post_already_shared":true,"jetpack_social_options":{"image_generator_settings":{"template":"highway","default_image_id":0,"font":"","enabled":false},"version":2}},"categories":[10,3],"tags":[],"class_list":["post-11312","post","type-post","status-publish","format-standard","has-post-thumbnail","hentry","category-izlozbe","category-novosti"],"acf":{"facebook_opis":""},"jetpack_publicize_connections":[],"jetpack_featured_media_url":"https:\/\/i0.wp.com\/historiografija.hr\/wp-content\/uploads\/2018\/09\/Nada-Dalmatinka.jpg?fit=600%2C400&ssl=1","jetpack_sharing_enabled":true,"jetpack-related-posts":[{"id":52511,"url":"https:\/\/historiografija.hr\/?p=52511","url_meta":{"origin":11312,"position":0},"title":"Izlo\u017eba &#8220;Lica Sljemena&#8221;","author":"Branimir Jankovi\u0107","date":"17. travnja 2026.","format":false,"excerpt":"Srda\u010dno vas pozivamo na otvorenje izlo\u017ebe Lica Sljemena koje \u0107e se odr\u017eati u srijedu 22. travnja 2026. u 18 h ispred Muzeja Prigorja (Trg Dragutina Domjani\u0107a 5, Sesvete). Izlo\u017eba proizlazi iz istra\u017eivanja Nevene \u0160krbi\u0107 Alempijevi\u0107, Petre Kelemen i Sanje Potkonjak te intervjua sa Sljemena\u0161icama i Sljemena\u0161ima, koji su provedeni u\u2026","rel":"","context":"U &quot;Izlo\u017ebe&quot;","block_context":{"text":"Izlo\u017ebe","link":"https:\/\/historiografija.hr\/?cat=10"},"img":{"alt_text":"","src":"https:\/\/i0.wp.com\/historiografija.hr\/wp-content\/uploads\/2026\/04\/Izlozba-Lica-Sljemena.png?fit=1080%2C686&ssl=1&resize=350%2C200","width":350,"height":200,"srcset":"https:\/\/i0.wp.com\/historiografija.hr\/wp-content\/uploads\/2026\/04\/Izlozba-Lica-Sljemena.png?fit=1080%2C686&ssl=1&resize=350%2C200 1x, https:\/\/i0.wp.com\/historiografija.hr\/wp-content\/uploads\/2026\/04\/Izlozba-Lica-Sljemena.png?fit=1080%2C686&ssl=1&resize=525%2C300 1.5x, https:\/\/i0.wp.com\/historiografija.hr\/wp-content\/uploads\/2026\/04\/Izlozba-Lica-Sljemena.png?fit=1080%2C686&ssl=1&resize=700%2C400 2x, https:\/\/i0.wp.com\/historiografija.hr\/wp-content\/uploads\/2026\/04\/Izlozba-Lica-Sljemena.png?fit=1080%2C686&ssl=1&resize=1050%2C600 3x"},"classes":[]},{"id":52578,"url":"https:\/\/historiografija.hr\/?p=52578","url_meta":{"origin":11312,"position":1},"title":"Poziv za sudjelovanje: XXII. Dani Julija Bene\u0161i\u0107a u Iloku","author":"Branimir Jankovi\u0107","date":"21. travnja 2026.","format":false,"excerpt":"Zavod za lingvisti\u010dka istra\u017eivanja Hrvatske akademije znanosti i umjetnosti, zajedno s Muzejom grada Iloka, organizira XXII. Dane Julija Bene\u0161i\u0107a, koji \u0107e se odr\u017eati od 28. do 30. listopada 2026. u Iloku.\u00a0Teme ovogodi\u0161njih Dana podijeljene su u dvije cjeline: Knji\u017eevno-jezikoslovni d\u00ecv\u0101n s Bene\u0161i\u0107em te Ilok i Srijem u povijesnim stalnicama i\u2026","rel":"","context":"U &quot;Novosti&quot;","block_context":{"text":"Novosti","link":"https:\/\/historiografija.hr\/?cat=3"},"img":{"alt_text":"","src":"https:\/\/i0.wp.com\/historiografija.hr\/wp-content\/uploads\/2019\/10\/HE2_Benesic.jpg?fit=413%2C591&ssl=1&resize=350%2C200","width":350,"height":200},"classes":[]},{"id":52528,"url":"https:\/\/historiografija.hr\/?p=52528","url_meta":{"origin":11312,"position":2},"title":"[Promocija knjige] Banja Luka u ratu: Etnopolitika i svakodnevica (1990\u20131995) (ActiveLab, YugoLab)","author":"Branimir Jankovi\u0107","date":"17. travnja 2026.","format":false,"excerpt":"Institut za filozofiju i dru\u0161tvenu teoriju i O\u0161tra Nula organizuju promociju knjige Banja Luka u ratu: Etnopolitika i svakodnevica (1990\u20131995) autorke Armine Galija\u0161, koja \u0107e se odr\u017eati 20. aprila 2026. u 12.00 sati u prostorijama Instituta (Kraljice Natalije 45, Beograd). Re\u010d je o prvom nau\u010dno utemeljenom i sistematskom radu koji\u2026","rel":"","context":"U &quot;Novosti&quot;","block_context":{"text":"Novosti","link":"https:\/\/historiografija.hr\/?cat=3"},"img":{"alt_text":"","src":"https:\/\/i0.wp.com\/historiografija.hr\/wp-content\/uploads\/2026\/04\/20-april-RS.jpg?fit=1200%2C675&ssl=1&resize=350%2C200","width":350,"height":200,"srcset":"https:\/\/i0.wp.com\/historiografija.hr\/wp-content\/uploads\/2026\/04\/20-april-RS.jpg?fit=1200%2C675&ssl=1&resize=350%2C200 1x, https:\/\/i0.wp.com\/historiografija.hr\/wp-content\/uploads\/2026\/04\/20-april-RS.jpg?fit=1200%2C675&ssl=1&resize=525%2C300 1.5x, https:\/\/i0.wp.com\/historiografija.hr\/wp-content\/uploads\/2026\/04\/20-april-RS.jpg?fit=1200%2C675&ssl=1&resize=700%2C400 2x, https:\/\/i0.wp.com\/historiografija.hr\/wp-content\/uploads\/2026\/04\/20-april-RS.jpg?fit=1200%2C675&ssl=1&resize=1050%2C600 3x"},"classes":[]},{"id":52669,"url":"https:\/\/historiografija.hr\/?p=52669","url_meta":{"origin":11312,"position":3},"title":"Predavanje Igora Dude &#8220;Odmor kao \u017eivotna potreba: o slobodnom vremenu u socijalisti\u010dkoj Jugoslaviji&#8221;","author":"Branimir Jankovi\u0107","date":"27. travnja 2026.","format":false,"excerpt":"U sklopu proljetnog ciklusa programa\u00a0Kriti\u010dka dramaturgija: pauza, u\u00a0subotu, 25. travnja 2026. u 19 sati\u00a0u prostoru Udru\u017eenja hrvatskih arhitekata povjesni\u010dar Igor Duda\u00a0odr\u017eao je predavanje naslovljeno\u00a0Odmor kao \u017eivotna potreba: o slobodnom vremenu u socijalisti\u010dkoj Jugoslaviji. Industrijalizacija i urbanizacija dru\u0161tava u povijesti su zna\u010dile i prelazak s predindustrijskog na industrijsko shva\u0107anje vremena. Ono\u2026","rel":"","context":"U &quot;Novosti&quot;","block_context":{"text":"Novosti","link":"https:\/\/historiografija.hr\/?cat=3"},"img":{"alt_text":"","src":"https:\/\/i0.wp.com\/historiografija.hr\/wp-content\/uploads\/2026\/04\/Duda.png?fit=1200%2C628&ssl=1&resize=350%2C200","width":350,"height":200,"srcset":"https:\/\/i0.wp.com\/historiografija.hr\/wp-content\/uploads\/2026\/04\/Duda.png?fit=1200%2C628&ssl=1&resize=350%2C200 1x, https:\/\/i0.wp.com\/historiografija.hr\/wp-content\/uploads\/2026\/04\/Duda.png?fit=1200%2C628&ssl=1&resize=525%2C300 1.5x, https:\/\/i0.wp.com\/historiografija.hr\/wp-content\/uploads\/2026\/04\/Duda.png?fit=1200%2C628&ssl=1&resize=700%2C400 2x, https:\/\/i0.wp.com\/historiografija.hr\/wp-content\/uploads\/2026\/04\/Duda.png?fit=1200%2C628&ssl=1&resize=1050%2C600 3x"},"classes":[]},{"id":52633,"url":"https:\/\/historiografija.hr\/?p=52633","url_meta":{"origin":11312,"position":4},"title":"POVIJEST TRE\u0160NJEVA\u010cKE GLAZBE: prikupljanje virtualnog fundusa Muzeja susjedstva Tre\u0161njevka","author":"Branimir Jankovi\u0107","date":"23. travnja 2026.","format":false,"excerpt":"utorak 28. 4. 2026. 14 - 18 h Nova BAZA, Nova cesta 66, Zagreb Prvi su dani ljeta 1957. godine. Bo\u017eica Kalafati\u0107 poha\u0111a drugi razred Osnovne \u0161kole Bratstvo i jedinstvo, danas kralja Tomislava, a ide i na muzi\u010dke satove u Mo\u0161\u0107eni\u010dkoj ulici. Na fotografiji s harmonikom u rukama stoji u\u2026","rel":"","context":"U &quot;Novosti&quot;","block_context":{"text":"Novosti","link":"https:\/\/historiografija.hr\/?cat=3"},"img":{"alt_text":"","src":"https:\/\/i0.wp.com\/historiografija.hr\/wp-content\/uploads\/2026\/04\/MST_prikupljanje.jpg?fit=380%2C475&ssl=1&resize=350%2C200","width":350,"height":200},"classes":[]},{"id":52543,"url":"https:\/\/historiografija.hr\/?p=52543","url_meta":{"origin":11312,"position":5},"title":"Znanstveno-stru\u010dni skup \u201eOto\u010dne pu\u010dke pobo\u017enosti: kontinuiteti i transformacije\u201c","author":"Branimir Jankovi\u0107","date":"20. travnja 2026.","format":false,"excerpt":"Najavljujemo\u00a0znanstveno-stru\u010dni skup \u201eOto\u010dne pu\u010dke pobo\u017enosti: kontinuiteti i transformacije\u201c,\u00a0koji \u0107e se odr\u017eati\u00a0u Rabu od 24. do 26. travnja 2026.,\u00a0u organizaciji i uz potporu\u00a0Instituta za etnologiju i folkloristiku, Zagreb, \u00a0Grada Raba, Pu\u010dkog otvorenog u\u010dili\u0161ta Rab i Centra za istra\u017eivanje srednjovjekovne ba\u0161tine Jadrana RIMAH. Skup okuplja vode\u0107e doma\u0107e stru\u010dnjake koji \u0107e kroz niz\u2026","rel":"","context":"U &quot;Novosti&quot;","block_context":{"text":"Novosti","link":"https:\/\/historiografija.hr\/?cat=3"},"img":{"alt_text":"","src":"https:\/\/i0.wp.com\/historiografija.hr\/wp-content\/uploads\/2026\/04\/Skup_Rab.jpg?fit=848%2C1200&ssl=1&resize=350%2C200","width":350,"height":200,"srcset":"https:\/\/i0.wp.com\/historiografija.hr\/wp-content\/uploads\/2026\/04\/Skup_Rab.jpg?fit=848%2C1200&ssl=1&resize=350%2C200 1x, https:\/\/i0.wp.com\/historiografija.hr\/wp-content\/uploads\/2026\/04\/Skup_Rab.jpg?fit=848%2C1200&ssl=1&resize=525%2C300 1.5x, https:\/\/i0.wp.com\/historiografija.hr\/wp-content\/uploads\/2026\/04\/Skup_Rab.jpg?fit=848%2C1200&ssl=1&resize=700%2C400 2x"},"classes":[]}],"_links":{"self":[{"href":"https:\/\/historiografija.hr\/index.php?rest_route=\/wp\/v2\/posts\/11312","targetHints":{"allow":["GET"]}}],"collection":[{"href":"https:\/\/historiografija.hr\/index.php?rest_route=\/wp\/v2\/posts"}],"about":[{"href":"https:\/\/historiografija.hr\/index.php?rest_route=\/wp\/v2\/types\/post"}],"author":[{"embeddable":true,"href":"https:\/\/historiografija.hr\/index.php?rest_route=\/wp\/v2\/users\/2"}],"replies":[{"embeddable":true,"href":"https:\/\/historiografija.hr\/index.php?rest_route=%2Fwp%2Fv2%2Fcomments&post=11312"}],"version-history":[{"count":1,"href":"https:\/\/historiografija.hr\/index.php?rest_route=\/wp\/v2\/posts\/11312\/revisions"}],"predecessor-version":[{"id":11314,"href":"https:\/\/historiografija.hr\/index.php?rest_route=\/wp\/v2\/posts\/11312\/revisions\/11314"}],"wp:featuredmedia":[{"embeddable":true,"href":"https:\/\/historiografija.hr\/index.php?rest_route=\/wp\/v2\/media\/11313"}],"wp:attachment":[{"href":"https:\/\/historiografija.hr\/index.php?rest_route=%2Fwp%2Fv2%2Fmedia&parent=11312"}],"wp:term":[{"taxonomy":"category","embeddable":true,"href":"https:\/\/historiografija.hr\/index.php?rest_route=%2Fwp%2Fv2%2Fcategories&post=11312"},{"taxonomy":"post_tag","embeddable":true,"href":"https:\/\/historiografija.hr\/index.php?rest_route=%2Fwp%2Fv2%2Ftags&post=11312"}],"curies":[{"name":"wp","href":"https:\/\/api.w.org\/{rel}","templated":true}]}}