{"id":11268,"date":"2018-09-17T16:36:07","date_gmt":"2018-09-17T16:36:07","guid":{"rendered":"http:\/\/historiografija.hr\/?p=11268"},"modified":"2018-09-17T17:09:03","modified_gmt":"2018-09-17T17:09:03","slug":"igrano-dokumentarna-serija-rat-prije-rata","status":"publish","type":"post","link":"https:\/\/historiografija.hr\/?p=11268","title":{"rendered":"Igrano-dokumentarna serija &#8220;Rat prije rata&#8221;"},"content":{"rendered":"<p>U ponedjeljak, 17. rujna 2018. u 20.05 na HRT1 zapo\u010dinje prikazivanje desetodijelne igrano-dokumentarne serije &#8220;Rat prije rata&#8221; koja obra\u0111uje raspad Jugoslavije. U igranom dijelu serije bit \u0107e rekonstruirani povijesni doga\u0111aji, a povijesne osobe tuma\u010dit \u0107e glumci, dok \u0107e u dokumentarnom dijelu sugovornici biti sudionici zbivanja te znanstvenici i publicisti.<\/p>\n<p>&nbsp;<\/p>\n<p>&#8212;<\/p>\n<p>&nbsp;<\/p>\n<p>Igrano-dokumentarna serija &#8220;Rat prije rata&#8221; obra\u0111uje raspad Jugoslavije, najdramati\u010dnije razdoblje nakon Drugog svjetskog rata, koje je okon\u010dano posljednjim ratom u Europi.<\/p>\n<p>&nbsp;<\/p>\n<p>Arhivska i memoarska gra\u0111a nedvojbeno otkriva da je prekrajanje Jugoslavije pomno planirano, ba\u0161 kao i rat bez kojeg se prekrajanje nije moglo provesti. Osvaja\u010dkim planovima srpskih unitarista prethodile su i obavje\u0161tajno-politi\u010dke pripreme koje su intenzivno trajale \u010ditavo desetlje\u0107e.<\/p>\n<p>&nbsp;<\/p>\n<p>Brojni politi\u010dki procesi i doga\u0111aji iz tog razdoblja ostali su nerasvijetljeni, zbog ratova koji su kasnije uslijedili. Serija &#8220;Rat prije rata&#8221; rasvjetljava te doga\u0111aje.<\/p>\n<p>&nbsp;<\/p>\n<p>Serija sna\u017eno nagla\u0161enih dramatur\u0161kih elemenata na trenutke ima obilje\u017eja politi\u010dkog trilera. Serija se ne bavi samo evidentiranjem klju\u010dnih doga\u0111aja, od kojih su neki postali i povijesni, nego nastoji rasvijetliti pozadinu politi\u010dkih, diplomatskih, obavje\u0161tajno-operativnih, policijskih i vojnih aktivnosti.<\/p>\n<p>&nbsp;<\/p>\n<p>U 10 epizoda vidjet \u0107emo i dvadesetak filmskih rekonstrukcija doga\u0111aja. Sudionike doga\u0111aja, od kojih su mnogi povijesne osobe, tuma\u010di sedamdesetak poznatih hrvatskih glumaca. U dokumentarnom dijelu serije pojavljuje se i pribli\u017eno toliko sugovornika &#8211; neposrednih sudionika, istra\u017eiva\u010da, znanstvenika i publicista.<\/p>\n<p>&nbsp;<\/p>\n<p>Neke od tema koje su filmski rekonstruirane: uz \u010diju je pomo\u0107 Tu\u0111man putovao Europom s la\u017enom putovnicom; je li HDZ osnovan na Ple\u0161ivici, a ne u NK Borcu na Jarunu; kako je Ivica Ra\u010dan odbio prijedlog generala JNA da la\u017eira izbore i uvede izvanredno stanje; kako je Josip Perkovi\u0107 izbjegao KOS-ovu zamku i uvezao prvi kontingent oru\u017eja u Hrvatsku; za\u0161to je Branimir Glava\u0161 u zadnji \u010das predlo\u017eio Tu\u0111mana, a ne \u0160eksa za \u0161efa HDZ-a; kako je hrvatska slu\u017eba uo\u010di izbora 1990. tra\u017eila od Beograda da silom obra\u010duna s oporbom; kako je elitna postrojba iz Lu\u010dkog otela generala JNA bez znanja nadre\u0111enih; za\u0161to je zaustavljen proboj za Vukovar i tko je \u017duti Mrav koji je u\u0161ao u napu\u0161tene Marince; sadr\u017eaj plana \u010diji je cilj potpuno poraziti Hrvatsku vojsku, a dr\u017eavni vrh na prihva\u0107anje uvjeta.<\/p>\n<p>&nbsp;<\/p>\n<ol>\n<li>epizoda <strong>POGA\u017dENA ZAKLETVA TITU<\/strong><\/li>\n<\/ol>\n<p>&nbsp;<\/p>\n<p>Tito bi uskoro trebao proslaviti svoj 88. ro\u0111endan. Dok se konzilij lije\u010dnika gr\u010devito bori za njegov \u017eivot, re\u017eim skriva od javnosti da je Tito ve\u0107 gotovo tri mjeseca na aparatima. Otkriva to dosje Operativne akcije &#8216;Centar&#8217;, zavedene netom nakon \u0161to Tito dolazi u ljubljanski Klini\u010dki centar. Dio partijskog i obavje\u0161tajnog vrha, koji jedini zna da je predsjednik na aparatima i da se vi\u0161e ne\u0107e probuditi, prigrabljuje sve ve\u0107u vlast. Netom prije smrti na adresu ljubljanskog nadbiskupa, Alojza \u0160ostara, sti\u017ee brzojav da Tito tra\u017ei sveti sakrament bolesni\u010dkog pomazanja. Istodobno, jaka intelektualna opozicijska jezgra, uz izravnu pomo\u0107 neprijatelja iz inozemstva, poku\u0161at \u0107e do\u0107i do vlasti. Jezgru \u010dine &#8211; dr. Franjo Tu\u0111man i jo\u0161 petorica hrvatskih nacionalista: Marko Veselica, Petar \u0160egedin, Vlado Gotovac, Hrvoje \u0160o\u0161i\u0107 i Ivan Zvonimir \u010ci\u010dak. Otkriva to OA &#8220;Most&#8221;. Nakon pada komunizma otkriti \u0107e se da su najmanje dvojica iz te grupe, godinama sura\u0111ivala s tajnim slu\u017ebama.<\/p>\n<p>&nbsp;<\/p>\n<p>Samo nekoliko mjeseci poslije Titove smrti, Udba otvara istrage protiv Franje Tu\u0111mana i Marka Veselice. &#8216;Pakiranje&#8217; je me\u0111utim po\u010delo godinu dana ranije. Tu\u0111mana i Veselicu skupo je stajao i jedan razgovor u restoranu &#8220;Fontana&#8221; u Gra\u010danima. Prokazao ih je jedan od sudionika sastanka i optu\u017eio za osnivanje &#8220;u\u017eeg rukovodstva hrvatskih opozicionih snaga&#8221;. Tek kada je postao predsjednik, Tu\u0111man je saznao njegov identitet. Dok je Udbom upravljala partija, KOS-om je upravljao izravno Tito. KOS sada ostaje bez nadzora i po\u010dinje nadzirati civilne strukture. Istodobno obavje\u0161tajni rat poprima do tada nepoznatu dimenziju.<\/p>\n<p>&nbsp;<\/p>\n<p>Novac koji su tajne slu\u017ebe osamdesetih ilegalnim putem isisale iz zemlje, dosegnuo je zastra\u0161uju\u0107e razmjere. Crni fondovi tajnih slu\u017ebi, pohranjeni u offshore kompanijama neokrznuti su pre\u017eivjeli promjenu vlasti i spremno do\u010dekali privatizaciju. Ve\u0107ina dana\u0161nje slovenske i hrvatske industrije, tvrdi jedan od sugovornika, privatizirana je crnim fondovima tajnih slu\u017ebi. Krakovi crnog novca Udbe i KOS-a zavr\u0161avaju u velikim i mo\u0107nim gospodarskim sustavima koji su potom otvarali stotine tvrtki k\u0107eri.<\/p>\n<p>&nbsp;<\/p>\n<p>Scenarist i redatelj: Miljenko Manjkas<\/p>\n<p>Produkcija: Intermedia grupa<\/p>\n<p>&nbsp;<\/p>\n<p>&#8212;<\/p>\n<p>&nbsp;<\/p>\n<p>HRT &#8211; HTV1 24.09.2018. 20.05<\/p>\n<p>&nbsp;<\/p>\n<ol start=\"2\">\n<li>epizoda: <strong>PORAVNANJE RA\u010cUNA<\/strong><\/li>\n<\/ol>\n<p>&nbsp;<\/p>\n<p>O\u017eujak je 1981. Titova \u0161tafeta, simbol veli\u010danja kulta li\u010dnosti, samo \u0161to nije stigla u Pri\u0161tinu, sredi\u0161te jugoslavenske Autonomne Pokrajine Kosovo. Do\u010dekat \u0107e ju prosvjedi kosovskih Albanaca. Savezni vrh pokrajinskom nudi pomo\u0107. Pokrajinski to odbija. Me\u0111utim, helikopteri specijalne policije iz Beograda ipak sti\u017eu u Pri\u0161tinu. Brutalno tuku studente po studentskim domovima. Partija uvodi izvanredno stanje. Ishod: 9 mrtvih i vi\u0161e od 250 ozlije\u0111enih. Svemo\u0107ne jugoslavenske tajne slu\u017ebe nikada nisu otkrile idejne za\u010detnike prosvjeda na Kosovu. Za\u0161to?<\/p>\n<p>Istodobno dok policija gu\u0161i albanske prosvjede, Dobrica \u0106osi\u0107 pokre\u0107e peticiju o ugro\u017eenosti Srba. Srpski nacionalisti i partijski re\u017eim postat \u0107e uskoro najbli\u017ei saveznici.<\/p>\n<p>Po\u010detkom ljeta 1981. nad posttitovskim re\u017eimom doslovno se otvorilo i nebo. U Me\u0111ugorju, malom hrvatskom selu u Hercegovini, djeci se ukazala nebeska Majka. Komunisti\u010dke vlasti po drugi put uvode izvanredno stanje.<\/p>\n<p>Po\u010detkom 1986. u hrvatsku Slu\u017ebu dr\u017eavne sigurnosti sti\u017ee informacija:<\/p>\n<p>&#8220;Mitropolit Pavle promi\u010de ideje Velike Srbije, zagovara okupljanje srpskih zemalja, zaziva nacionalisti\u010dkog vo\u0111u koji \u0107e obnoviti srpsku dr\u017eavu.&#8221;<\/p>\n<p>Istodobno s postavljanjem Milo\u0161evi\u0107a na \u010delo srpske Partije hrvatska centrala SDS-a registrirat \u0107e sve \u010de\u0161\u0107e dolaske srpskih nacionalista iz Srbije u Hrvatsku.<\/p>\n<p>Ve\u0107 u rujnu 1986. vodstvu Partije u Hrvatskoj na stol sti\u017ee jo\u0161 jedan tekst neo\u010dekivanog sadr\u017eaja. Bio je to program za prekrajanje Jugoslavije. Nosio je naziv Memorandum Srpske akademije nauka i umetnosti. Skra\u0107en, Memorandum SANU. Akademici su se desetlje\u0107ima pitali kako je otkriven sadr\u017eaj Memoranduma. Trideset godina poslije o akciji je progovorio i tada\u0161nji \u0161ef Slu\u017ebe dr\u017eavne sigurnosti.<\/p>\n<p>&nbsp;<\/p>\n<p>Izvori\u00a0i dodatne informacije:<\/p>\n<p>&nbsp;<\/p>\n<p><a href=\"https:\/\/hrtprikazuje.hrt.hr\/461136\/hrt-prikazuje\/rat-prije-rata-2\">https:\/\/hrtprikazuje.hrt.hr\/461136\/hrt-prikazuje\/rat-prije-rata-2<\/a><\/p>\n<p>&nbsp;<\/p>\n<p><a href=\"https:\/\/raspored.hrt.hr\/\">https:\/\/raspored.hrt.hr\/<\/a><\/p>\n<p>&nbsp;<\/p>\n<p><a href=\"https:\/\/direktno.hr\/direkt\/ekskluzivno-pregledali-smo-seriju-rat-prije-rata-u-kojoj-je-prikazano-sve-sto-je-prethodilo-krvavoj-agresiji-na-hrvatsku-133584\/\">https:\/\/direktno.hr\/direkt\/ekskluzivno-pregledali-smo-seriju-rat-prije-rata-u-kojoj-je-prikazano-sve-sto-je-prethodilo-krvavoj-agresiji-na-hrvatsku-133584\/<\/a><\/p>\n<p>&nbsp;<\/p>\n<p>&nbsp;<\/p>\n","protected":false},"excerpt":{"rendered":"","protected":false},"author":2,"featured_media":11269,"comment_status":"open","ping_status":"open","sticky":false,"template":"","format":"standard","meta":{"_acf_changed":false,"jetpack_post_was_ever_published":false,"_jetpack_newsletter_access":"","_jetpack_dont_email_post_to_subs":false,"_jetpack_newsletter_tier_id":0,"_jetpack_memberships_contains_paywalled_content":false,"_jetpack_memberships_contains_paid_content":false,"footnotes":"","jetpack_publicize_message":"","jetpack_publicize_feature_enabled":true,"jetpack_social_post_already_shared":true,"jetpack_social_options":{"image_generator_settings":{"template":"highway","default_image_id":0,"font":"","enabled":false},"version":2}},"categories":[13,3],"tags":[],"class_list":["post-11268","post","type-post","status-publish","format-standard","has-post-thumbnail","hentry","category-filmovi-i-serije","category-novosti"],"acf":{"facebook_opis":""},"jetpack_publicize_connections":[],"jetpack_featured_media_url":"https:\/\/i0.wp.com\/historiografija.hr\/wp-content\/uploads\/2018\/09\/Rat_prije_rata.jpg?fit=688%2C388&ssl=1","jetpack_sharing_enabled":true,"jetpack-related-posts":[{"id":52657,"url":"https:\/\/historiografija.hr\/?p=52657","url_meta":{"origin":11268,"position":0},"title":"[Predavanje] Jezik i drugost u (post)socijalisti\u010dkoj Srbiji: diskurzivne politike identiteta (YugoLab)","author":"Branimir Jankovi\u0107","date":"24. travnja 2026.","format":false,"excerpt":"U sklopu projekta Prizma \/ IMAGINATION (\u201eZami\u0161ljanje nacije: srpski nacionalni narativi u sporu (XX\u2013XXI vek)\u201c), koji se realizuje na Institutu za filozofiju i dru\u0161tvenu teoriju Univerziteta u Beogradu (2024\u20132027) uz finansijsku podr\u0161ku Fonda za nauku Republike Srbije, organizuje se serija predavanja na kojoj istra\u017eiva\u010di i istra\u017eiva\u010dice projekta predstavljaju rezultate svojih\u2026","rel":"","context":"U &quot;Novosti&quot;","block_context":{"text":"Novosti","link":"https:\/\/historiografija.hr\/?cat=3"},"img":{"alt_text":"","src":"https:\/\/i0.wp.com\/historiografija.hr\/wp-content\/uploads\/2026\/04\/IFDT_28_IV.png?fit=1200%2C675&ssl=1&resize=350%2C200","width":350,"height":200,"srcset":"https:\/\/i0.wp.com\/historiografija.hr\/wp-content\/uploads\/2026\/04\/IFDT_28_IV.png?fit=1200%2C675&ssl=1&resize=350%2C200 1x, https:\/\/i0.wp.com\/historiografija.hr\/wp-content\/uploads\/2026\/04\/IFDT_28_IV.png?fit=1200%2C675&ssl=1&resize=525%2C300 1.5x, https:\/\/i0.wp.com\/historiografija.hr\/wp-content\/uploads\/2026\/04\/IFDT_28_IV.png?fit=1200%2C675&ssl=1&resize=700%2C400 2x, https:\/\/i0.wp.com\/historiografija.hr\/wp-content\/uploads\/2026\/04\/IFDT_28_IV.png?fit=1200%2C675&ssl=1&resize=1050%2C600 3x"},"classes":[]},{"id":52704,"url":"https:\/\/historiografija.hr\/?p=52704","url_meta":{"origin":11268,"position":1},"title":"Predstavljanje knjige &#8220;Vladimir Vasiljevi\u0107: Moji do\u017eivljaji. Dnevni\u010dki zapisi iz Prvoga svjetskog rata i poratnoga vremena&#8221;","author":"Filip \u0160imunjak","date":"29. travnja 2026.","format":false,"excerpt":"Doga\u0111anja ovogodi\u0161njega Festivala povijesti Kliofest zapo\u010dinjemo ve\u0107 i prije samoga slu\u017ebenog otvaranja, predstavljanjem knjige \u201eMoji do\u017eivljaji. Dnevni\u010dki zapisi iz Prvoga svjetskog rata i poratnoga vremena\u201d Vladimira Vasiljevi\u0107a, koju su priredili Karlo Rukavina i Damir Agi\u010di\u0107. Pozivamo Vas na predstavljanje koje \u0107e se odr\u017eati u ponedjeljak 4. svibnja, s po\u010detkom u\u2026","rel":"","context":"U &quot;Knjige&quot;","block_context":{"text":"Knjige","link":"https:\/\/historiografija.hr\/?cat=8"},"img":{"alt_text":"","src":"https:\/\/i0.wp.com\/historiografija.hr\/wp-content\/uploads\/2026\/04\/Naslovna-V.-Vasiljevic.webp?fit=1200%2C600&ssl=1&resize=350%2C200","width":350,"height":200,"srcset":"https:\/\/i0.wp.com\/historiografija.hr\/wp-content\/uploads\/2026\/04\/Naslovna-V.-Vasiljevic.webp?fit=1200%2C600&ssl=1&resize=350%2C200 1x, https:\/\/i0.wp.com\/historiografija.hr\/wp-content\/uploads\/2026\/04\/Naslovna-V.-Vasiljevic.webp?fit=1200%2C600&ssl=1&resize=525%2C300 1.5x, https:\/\/i0.wp.com\/historiografija.hr\/wp-content\/uploads\/2026\/04\/Naslovna-V.-Vasiljevic.webp?fit=1200%2C600&ssl=1&resize=700%2C400 2x, https:\/\/i0.wp.com\/historiografija.hr\/wp-content\/uploads\/2026\/04\/Naslovna-V.-Vasiljevic.webp?fit=1200%2C600&ssl=1&resize=1050%2C600 3x"},"classes":[]},{"id":52631,"url":"https:\/\/historiografija.hr\/?p=52631","url_meta":{"origin":11268,"position":2},"title":"Predavanje Ivana Tepe\u0161a: Djelovanje hrvatske politi\u010dke emigracije","author":"Branimir Jankovi\u0107","date":"23. travnja 2026.","format":false,"excerpt":"Odjel za me\u0111unarodnu suradnju i iseljeni\u0161tvo Matice hrvatske Predavanje Ivana Tepe\u0161a: Djelovanje hrvatske politi\u010dke emigracije Utorak, 28. travnja 2026. u 18:00 sati, Dvorana Ljudevita Jonkea (Mala dvorana MH), Strossmayerov trg 4, Zagreb dr. sc. Ivan Tepe\u0161, Institut za istra\u017eivanje migracija Hrvatska politi\u010dka emigracija obilje\u017eila je polustoljetnu hrvatsku povijest u drugoj\u2026","rel":"","context":"U &quot;Novosti&quot;","block_context":{"text":"Novosti","link":"https:\/\/historiografija.hr\/?cat=3"},"img":{"alt_text":"","src":"","width":0,"height":0},"classes":[]},{"id":52505,"url":"https:\/\/historiografija.hr\/?p=52505","url_meta":{"origin":11268,"position":3},"title":"Izlo\u017eba &#8220;Eschenstock \/ Jasenov prut&#8221;","author":"Branimir Jankovi\u0107","date":"17. travnja 2026.","format":false,"excerpt":"Srpsko narodno vije\u0107e (SNV) i Vizura aperta postavljaju izlo\u017ebu \u0161vicarskog slikara Velimira Ili\u0161evi\u0107a: Eschenstock \/ Jasenov prut. Izlo\u017eba se uz prisustvo autora otvara povodom 81. godi\u0161njice proboja logora\u0161a iz usta\u0161kog logora smrti Jasenovac 22. aprila 2026. u 19 sati u Srpskom kulturnom centru (SKC) u Preradovi\u0107evoj ulici 21 u Zagrebu.\u2026","rel":"","context":"U &quot;Izlo\u017ebe&quot;","block_context":{"text":"Izlo\u017ebe","link":"https:\/\/historiografija.hr\/?cat=10"},"img":{"alt_text":"","src":"https:\/\/i0.wp.com\/historiografija.hr\/wp-content\/uploads\/2026\/04\/Jasenov_prut.jpg?fit=1024%2C640&ssl=1&resize=350%2C200","width":350,"height":200,"srcset":"https:\/\/i0.wp.com\/historiografija.hr\/wp-content\/uploads\/2026\/04\/Jasenov_prut.jpg?fit=1024%2C640&ssl=1&resize=350%2C200 1x, https:\/\/i0.wp.com\/historiografija.hr\/wp-content\/uploads\/2026\/04\/Jasenov_prut.jpg?fit=1024%2C640&ssl=1&resize=525%2C300 1.5x, https:\/\/i0.wp.com\/historiografija.hr\/wp-content\/uploads\/2026\/04\/Jasenov_prut.jpg?fit=1024%2C640&ssl=1&resize=700%2C400 2x"},"classes":[]},{"id":52502,"url":"https:\/\/historiografija.hr\/?p=52502","url_meta":{"origin":11268,"position":4},"title":"Novi znanstveni projekt Hrvatskog instituta za povijest: \u201c\u017drtve ratova i dr\u017eavnog\/politi\u010dkog nasilja u hrvatskoj povijesti 20. stolje\u0107a\u201d","author":"Branimir Jankovi\u0107","date":"17. travnja 2026.","format":false,"excerpt":"Na redovitoj sjednici Vlade RH, 16. travnja 2026., donijet je Zaklju\u010dak kojim se pokre\u0107e znanstveni projekt \u201c\u017drtve ratova i dr\u017eavnog\/politi\u010dkog nasilja u hrvatskoj povijesti 20. stolje\u0107a\u201d. Projekt \u0107e provoditi i koordinirati Hrvatski institut za povijest u razdoblju trajanja projekta od pet godina. Zakljucak Vlade RH Iz teksta projektnog prijedloga: Problematika\u2026","rel":"","context":"U &quot;Novosti&quot;","block_context":{"text":"Novosti","link":"https:\/\/historiografija.hr\/?cat=3"},"img":{"alt_text":"","src":"https:\/\/i0.wp.com\/historiografija.hr\/wp-content\/uploads\/2026\/04\/Vlada-RH.jpg?fit=1200%2C557&ssl=1&resize=350%2C200","width":350,"height":200,"srcset":"https:\/\/i0.wp.com\/historiografija.hr\/wp-content\/uploads\/2026\/04\/Vlada-RH.jpg?fit=1200%2C557&ssl=1&resize=350%2C200 1x, https:\/\/i0.wp.com\/historiografija.hr\/wp-content\/uploads\/2026\/04\/Vlada-RH.jpg?fit=1200%2C557&ssl=1&resize=525%2C300 1.5x, https:\/\/i0.wp.com\/historiografija.hr\/wp-content\/uploads\/2026\/04\/Vlada-RH.jpg?fit=1200%2C557&ssl=1&resize=700%2C400 2x, https:\/\/i0.wp.com\/historiografija.hr\/wp-content\/uploads\/2026\/04\/Vlada-RH.jpg?fit=1200%2C557&ssl=1&resize=1050%2C600 3x"},"classes":[]},{"id":52569,"url":"https:\/\/historiografija.hr\/?p=52569","url_meta":{"origin":11268,"position":5},"title":"[Predavanje] Ne \u010dekaju\u0107i inspiraciju \u2013 anga\u017eovane intelektualne, kulturalne i umetni\u010dke prakse u me\u0111uratnom periodu: teorija i praksa kriti\u010dke levice u jugoslovenskoj kulturi (YugoLab)","author":"Branimir Jankovi\u0107","date":"21. travnja 2026.","format":false,"excerpt":"U vreme agresivnog ja\u010danja globalne desnice, (pro)fa\u0161isti\u010dkih, rasisti\u010dkih i imperijalisti\u010dkih politika, dok je istovremeno globalna levica izrazito slaba, a progresivni pokreti atomizirani i fragmentisani, va\u017eno je iz savremene perspektive vratiti se revolucionarnim i emancipatorskim zbivanjima u jugoslovenskom (ali i s njima u vezi internacionalnim de\u0161avanjima), kao i dru\u0161tvenoj ulozi kulturalnih\u2026","rel":"","context":"U &quot;Novosti&quot;","block_context":{"text":"Novosti","link":"https:\/\/historiografija.hr\/?cat=3"},"img":{"alt_text":"","src":"","width":0,"height":0},"classes":[]}],"_links":{"self":[{"href":"https:\/\/historiografija.hr\/index.php?rest_route=\/wp\/v2\/posts\/11268","targetHints":{"allow":["GET"]}}],"collection":[{"href":"https:\/\/historiografija.hr\/index.php?rest_route=\/wp\/v2\/posts"}],"about":[{"href":"https:\/\/historiografija.hr\/index.php?rest_route=\/wp\/v2\/types\/post"}],"author":[{"embeddable":true,"href":"https:\/\/historiografija.hr\/index.php?rest_route=\/wp\/v2\/users\/2"}],"replies":[{"embeddable":true,"href":"https:\/\/historiografija.hr\/index.php?rest_route=%2Fwp%2Fv2%2Fcomments&post=11268"}],"version-history":[{"count":3,"href":"https:\/\/historiografija.hr\/index.php?rest_route=\/wp\/v2\/posts\/11268\/revisions"}],"predecessor-version":[{"id":11273,"href":"https:\/\/historiografija.hr\/index.php?rest_route=\/wp\/v2\/posts\/11268\/revisions\/11273"}],"wp:featuredmedia":[{"embeddable":true,"href":"https:\/\/historiografija.hr\/index.php?rest_route=\/wp\/v2\/media\/11269"}],"wp:attachment":[{"href":"https:\/\/historiografija.hr\/index.php?rest_route=%2Fwp%2Fv2%2Fmedia&parent=11268"}],"wp:term":[{"taxonomy":"category","embeddable":true,"href":"https:\/\/historiografija.hr\/index.php?rest_route=%2Fwp%2Fv2%2Fcategories&post=11268"},{"taxonomy":"post_tag","embeddable":true,"href":"https:\/\/historiografija.hr\/index.php?rest_route=%2Fwp%2Fv2%2Ftags&post=11268"}],"curies":[{"name":"wp","href":"https:\/\/api.w.org\/{rel}","templated":true}]}}