{"id":11264,"date":"2018-09-15T16:19:06","date_gmt":"2018-09-15T16:19:06","guid":{"rendered":"http:\/\/historiografija.hr\/?p=11264"},"modified":"2018-09-28T09:27:43","modified_gmt":"2018-09-28T09:27:43","slug":"polemika-kako-smo-zivjeli-u-jugoslaviji","status":"publish","type":"post","link":"https:\/\/historiografija.hr\/?p=11264","title":{"rendered":"Polemika: Kako smo \u017eivjeli u Jugoslaviji?"},"content":{"rendered":"<p>Predsjedni\u010din intervju austrijskim novinama pratile su razli\u010dite reakcije povjesni\u010dara i javnosti u kojima su izno\u0161ene op\u0107e napomene i osobna sje\u0107anja o tome \u0161to smo smjeli, a \u0161to nismo i kako smo \u017eivjeli u Jugoslaviji. Iako na\u0161e dru\u0161tvo nije sklono javnim debatama, ovo je dobra prigoda za jednu o njih, tim vi\u0161e \u0161to je ove godine 100. godi\u0161njica stvaranja Jugoslavije.<\/p>\n<p>&nbsp;<\/p>\n<p>&#8212;<\/p>\n<p>&nbsp;<\/p>\n<p>Predsjednica Republike Hrvatske Kolinda Grabar Kitarovi\u0107 u razgovoru za be\u010dki dnevnik Kleine Zeitung<\/p>\n<p>&nbsp;<\/p>\n<p><a href=\"https:\/\/www.kleinezeitung.at\/politik\/aussenpolitik\/5494241\/Fluechtlingskrise_GrabarKitarovic_Europa-war-zu-entspannt-und-zu-naiv\">https:\/\/www.kleinezeitung.at\/politik\/aussenpolitik\/5494241\/Fluechtlingskrise_GrabarKitarovic_Europa-war-zu-entspannt-und-zu-naiv<\/a><\/p>\n<p><a href=\"http:\/\/www.novilist.hr\/Vijesti\/Hrvatska\/Kolinda-Grabar-Kitarovic-Nisi-smjela-reci-da-si-Hrvatica-nego-si-morala-reci-da-si-iz-Hrvatske\">http:\/\/www.novilist.hr\/Vijesti\/Hrvatska\/Kolinda-Grabar-Kitarovic-Nisi-smjela-reci-da-si-Hrvatica-nego-si-morala-reci-da-si-iz-Hrvatske<\/a><\/p>\n<p><a href=\"http:\/\/hr.n1info.com\/a330972\/Vijesti\/Nisi-smjela-reci-da-si-Hrvatica-nego-da-si-iz-Hrvatske.html\">http:\/\/hr.n1info.com\/a330972\/Vijesti\/Nisi-smjela-reci-da-si-Hrvatica-nego-da-si-iz-Hrvatske.html<\/a><\/p>\n<p>&nbsp;<\/p>\n<p>&nbsp;<\/p>\n<p>Igor Duda<\/p>\n<p><a href=\"https:\/\/faktograf.hr\/2018\/09\/12\/grabar-kitarovic-o-jogurtu-kruhu-zabrani-izjasnjavanja-hrvat-ic-om-i-migrantima\/\">https:\/\/faktograf.hr\/2018\/09\/12\/grabar-kitarovic-o-jogurtu-kruhu-zabrani-izjasnjavanja-hrvat-ic-om-i-migrantima\/<\/a><\/p>\n<p>&nbsp;<\/p>\n<p>Hrvoje Klasi\u0107<\/p>\n<p><a href=\"https:\/\/net.hr\/danas\/povjesnicar-rasturio-suludu-izjavu-predsjednice-zaboravite-jogurt-ovo-je-jos-lude-svaki-put-kad-cujem-da-daje-intervju-znam-da-necu-imati-mira\/\">https:\/\/net.hr\/danas\/povjesnicar-rasturio-suludu-izjavu-predsjednice-zaboravite-jogurt-ovo-je-jos-lude-svaki-put-kad-cujem-da-daje-intervju-znam-da-necu-imati-mira\/<\/a><\/p>\n<p>&nbsp;<\/p>\n<p>Zlatko Hasanbegovi\u0107<\/p>\n<p><a href=\"https:\/\/dnevnik.hr\/vijesti\/hrvatska\/reakcije-na-intervju-predsjednice-kolinde-grabar-kitarovic-o-jugoslaviji-i-jogurtu---530318.html\">https:\/\/dnevnik.hr\/vijesti\/hrvatska\/reakcije-na-intervju-predsjednice-kolinde-grabar-kitarovic-o-jugoslaviji-i-jogurtu&#8212;530318.html<\/a><\/p>\n<p>&nbsp;<\/p>\n<p>Ivan Hrsti\u0107<\/p>\n<p><a href=\"https:\/\/www.vecernji.hr\/premium\/predsjednica-opet-izazvala-jogurt-revoluciju-1269493\">https:\/\/www.vecernji.hr\/premium\/predsjednica-opet-izazvala-jogurt-revoluciju-1269493<\/a><\/p>\n<p>&nbsp;<\/p>\n<p>Goranko Fi\u017euli\u0107<\/p>\n<p><a href=\"https:\/\/www.telegram.hr\/price\/predsjednicino-uveseljavanje-nacije-jogurtima-zasjenjuje-cinjenicu-da-nas-svrstava-na-pogresnu-stranu-povijesti\/\">https:\/\/www.telegram.hr\/price\/predsjednicino-uveseljavanje-nacije-jogurtima-zasjenjuje-cinjenicu-da-nas-svrstava-na-pogresnu-stranu-povijesti\/<\/a><\/p>\n<p>&nbsp;<\/p>\n<p>Marja \u010colak<\/p>\n<p><a href=\"https:\/\/direktno.hr\/kolumne\/yugort-45-ili-zasto-kolindina-izjava-o-jogurtu-zapravo-tocna-133430\/\">https:\/\/direktno.hr\/kolumne\/yugort-45-ili-zasto-kolindina-izjava-o-jogurtu-zapravo-tocna-133430\/<\/a><\/p>\n<p>&nbsp;<\/p>\n<p>Goran Vojkovi\u0107<\/p>\n<p><a href=\"https:\/\/www.index.hr\/vijesti\/clanak\/kolinda-jugoslavija-i-tuga-oko-jogurta\/2023300.aspx\">https:\/\/www.index.hr\/vijesti\/clanak\/kolinda-jugoslavija-i-tuga-oko-jogurta\/2023300.aspx<\/a><\/p>\n<p>&nbsp;<\/p>\n<p>Gra\u0111ani<\/p>\n<p><a href=\"https:\/\/www.index.hr\/vijesti\/clanak\/video-pitali-smo-gradjane-jesu-li-i-oni-u-jugoslaviji-imali-probleme-kao-kolinda\/2023483.aspx\">https:\/\/www.index.hr\/vijesti\/clanak\/video-pitali-smo-gradjane-jesu-li-i-oni-u-jugoslaviji-imali-probleme-kao-kolinda\/2023483.aspx<\/a><\/p>\n<p>&nbsp;<\/p>\n<p><span style=\"color: #000000; font-family: Calibri; font-size: medium;\">Jurica Pavi\u010di\u0107<\/span><\/p>\n<p><a href=\"https:\/\/www.jutarnji.hr\/komentari\/pise-jurica-pavicic-ne-zamjeram-predsjednici-sto-laze-u-austrijskim-novinama-zamjeram-joj-sto-gradanima-nece-reci-i-drugi-dio-istine\/7828485\/\">https:\/\/www.jutarnji.hr\/komentari\/pise-jurica-pavicic-ne-zamjeram-predsjednici-sto-laze-u-austrijskim-novinama-zamjeram-joj-sto-gradanima-nece-reci-i-drugi-dio-istine\/7828485\/<\/a><\/p>\n<p>&nbsp;<\/p>\n<p><span style=\"color: #000000; font-family: Calibri; font-size: medium;\">Nikica Bari\u0107<\/span><\/p>\n<p><a href=\"https:\/\/www.jutarnji.hr\/komentari\/u-splitu-se-ranih-osamdesetih-stajalo-u-redovima-za-mlijeko\/7862163\/\">https:\/\/www.jutarnji.hr\/komentari\/u-splitu-se-ranih-osamdesetih-stajalo-u-redovima-za-mlijeko\/7862163\/<\/a><\/p>\n<p><span style=\"color: #000000; font-family: Calibri; font-size: medium;\">\u00a0<\/span><\/p>\n<p><span style=\"color: #000000; font-family: Calibri; font-size: medium;\">Miljenko Jergovi\u0107<\/span><\/p>\n<p><a href=\"https:\/\/www.jergovic.com\/sumnjivo-lice\/kratka-povijest-jogurta-i-migrantska-uloga-u-njoj\/\">https:\/\/www.jergovic.com\/sumnjivo-lice\/kratka-povijest-jogurta-i-migrantska-uloga-u-njoj\/<\/a><\/p>\n<p>&nbsp;<\/p>\n<p>Zvonimir Despot<\/p>\n<p><a href=\"https:\/\/www.vecernji.hr\/premium\/stvarati-idilicnu-sliku-o-jugoslaviji-izvan-je-pameti-1270320\">https:\/\/www.vecernji.hr\/premium\/stvarati-idilicnu-sliku-o-jugoslaviji-izvan-je-pameti-1270320<\/a><\/p>\n<p>&nbsp;<\/p>\n<p><span style=\"color: #000000; font-family: Calibri; font-size: medium;\">Davor Dijanovi\u0107<\/span><\/p>\n<p><a href=\"https:\/\/direktno.hr\/kolumne\/jugoslavenskim-apologetima-vrlo-kratko-evo-zasto-je-ekonomski-sustav-te-patvorevine-bio-nakaradna-kreacija-133679\/\">https:\/\/direktno.hr\/kolumne\/jugoslavenskim-apologetima-vrlo-kratko-evo-zasto-je-ekonomski-sustav-te-patvorevine-bio-nakaradna-kreacija-133679\/<\/a><\/p>\n<p>&nbsp;<\/p>\n<p>&nbsp;<\/p>\n<p>&nbsp;<\/p>\n<p>&nbsp;<\/p>\n","protected":false},"excerpt":{"rendered":"","protected":false},"author":2,"featured_media":11265,"comment_status":"open","ping_status":"open","sticky":false,"template":"","format":"standard","meta":{"_acf_changed":false,"jetpack_post_was_ever_published":false,"_jetpack_newsletter_access":"","_jetpack_dont_email_post_to_subs":false,"_jetpack_newsletter_tier_id":0,"_jetpack_memberships_contains_paywalled_content":false,"_jetpack_memberships_contains_paid_content":false,"footnotes":"","jetpack_publicize_message":"","jetpack_publicize_feature_enabled":true,"jetpack_social_post_already_shared":true,"jetpack_social_options":{"image_generator_settings":{"template":"highway","default_image_id":0,"font":"","enabled":false},"version":2}},"categories":[3,17],"tags":[],"class_list":["post-11264","post","type-post","status-publish","format-standard","has-post-thumbnail","hentry","category-novosti","category-rasprave"],"acf":{"facebook_opis":""},"jetpack_publicize_connections":[],"jetpack_featured_media_url":"https:\/\/i0.wp.com\/historiografija.hr\/wp-content\/uploads\/2018\/09\/YU.jpg?fit=526%2C394&ssl=1","jetpack_sharing_enabled":true,"jetpack-related-posts":[{"id":52607,"url":"https:\/\/historiografija.hr\/?p=52607","url_meta":{"origin":11264,"position":0},"title":"No\u0107 knjige: Kako je prije 410 godina smr\u0107u Shakespearea i Cervantesa zavr\u0161ilo razdoblje renesanse u knji\u017eevnosti","author":"Branimir Jankovi\u0107","date":"22. travnja 2026.","format":false,"excerpt":"\u010cetvrtak, 23. travnja 2026. u 18:00 sati, Knji\u017eara Matice hrvatske, Ulica Matice hrvatske 2, Zagreb Uvodna rije\u010d: dr. sc.\u00a0Dubravka Brezak Stama\u0107, pro\u010delnica Odjela za knji\u017eevnost Matice hrvatske Prof. dr. sc. Ivan Lupi\u0107, redoviti profesor u Odsjeku za anglistiku i Odsjeku za kroatistiku Sveu\u010dili\u0161ta u RijeciShakespeare, kazali\u0161te, glazbaKada se susre\u0107emo sa\u2026","rel":"","context":"U &quot;Novosti&quot;","block_context":{"text":"Novosti","link":"https:\/\/historiografija.hr\/?cat=3"},"img":{"alt_text":"","src":"https:\/\/i0.wp.com\/historiografija.hr\/wp-content\/uploads\/2026\/04\/noc_knjige_2026.jpg?fit=680%2C276&ssl=1&resize=350%2C200","width":350,"height":200,"srcset":"https:\/\/i0.wp.com\/historiografija.hr\/wp-content\/uploads\/2026\/04\/noc_knjige_2026.jpg?fit=680%2C276&ssl=1&resize=350%2C200 1x, https:\/\/i0.wp.com\/historiografija.hr\/wp-content\/uploads\/2026\/04\/noc_knjige_2026.jpg?fit=680%2C276&ssl=1&resize=525%2C300 1.5x"},"classes":[]},{"id":52628,"url":"https:\/\/historiografija.hr\/?p=52628","url_meta":{"origin":11264,"position":1},"title":"Predavanje dopisnog \u010dlana HAZU Alaina Finkielkrauta Izrael, Europa, antisemitizam","author":"Branimir Jankovi\u0107","date":"23. travnja 2026.","format":false,"excerpt":"Francuski filozof Alain Finkielkraut, redoviti \u010dlan Francuske akademije i dopisni \u010dlan HAZU, odr\u017eat \u0107e predavanje\u00a0Izrael, Europa, antisemitizam u utorak 28. travnja 2026. u 13 sati u Knji\u017enici HAZU,\u00a0Strossmayerov trg 14 u Zagrebu. Uvodne rije\u010di odr\u017eat \u0107e\u00a0akademkinja \u017deljka \u010corak i\u00a0akademik Dra\u017een Katunari\u0107. Predavanje \u0107e se odr\u017eati na francuskom jeziku uz konsekutivno\u2026","rel":"","context":"U &quot;Novosti&quot;","block_context":{"text":"Novosti","link":"https:\/\/historiografija.hr\/?cat=3"},"img":{"alt_text":"","src":"https:\/\/i0.wp.com\/historiografija.hr\/wp-content\/uploads\/2026\/04\/Alain_Finkielkraut.jpg?fit=350%2C407&ssl=1&resize=350%2C200","width":350,"height":200},"classes":[]},{"id":52666,"url":"https:\/\/historiografija.hr\/?p=52666","url_meta":{"origin":11264,"position":2},"title":"Najava programa Festivala povijesti Kliofest (5-8. V. 2026)","author":"Branimir Jankovi\u0107","date":"24. travnja 2026.","format":false,"excerpt":"Po trinaesti put odr\u017eava se Festival povijesti Kliofest! Do petka \u0107emo odr\u017eati osam okruglih stolova i dva kolokvija te niz predstavljanja knjiga i projekata razli\u010dite tematike, od antike do suvremenosti. Bit \u0107e predstavljeno i nekoliko izlo\u017ebi te odr\u017ean jedan povijesni kviz. Prikazat \u0107emo i jedan film \u2013 o generalu Boroevi\u0107u.\u2026","rel":"","context":"U &quot;Novosti&quot;","block_context":{"text":"Novosti","link":"https:\/\/historiografija.hr\/?cat=3"},"img":{"alt_text":"","src":"https:\/\/i0.wp.com\/historiografija.hr\/wp-content\/uploads\/2026\/04\/Kliofest-2026.jpg?fit=526%2C526&ssl=1&resize=350%2C200","width":350,"height":200,"srcset":"https:\/\/i0.wp.com\/historiografija.hr\/wp-content\/uploads\/2026\/04\/Kliofest-2026.jpg?fit=526%2C526&ssl=1&resize=350%2C200 1x, https:\/\/i0.wp.com\/historiografija.hr\/wp-content\/uploads\/2026\/04\/Kliofest-2026.jpg?fit=526%2C526&ssl=1&resize=525%2C300 1.5x"},"classes":[]},{"id":52148,"url":"https:\/\/historiografija.hr\/?p=52148","url_meta":{"origin":11264,"position":3},"title":"Poziv za prijavu na me\u0111unarodnu znanstvenu konferenciju \u201eGranice (ne)slobode: Zadarski krug 1966. Intelektualna opozicija u totalitarnom dru\u0161tvu\u201c","author":"Branimir Jankovi\u0107","date":"27. o\u017eujka 2026.","format":false,"excerpt":"\u00a0\u00a0\u00a0\u00a0 Povodom \u0161ezdesete obljetnice poku\u0161aja osnivanja \u010dasopisa Slobodan glas u Zadru 1966. godine, pozivamo vas na znanstvenu konferenciju posve\u0107enu istra\u017eivanju disidentstva, intelektualne opozicije i granica divergentnog mi\u0161ljenja nasuprot slu\u017ebenoj ideologiji u komunisti\u010dkoj Jugoslaviji. Ideja konferencije je analizirati konkretan fenomen zadarskog slu\u010daja razloge i okolnosti njegove pojave, ali uz otvaranje komparativnih\u2026","rel":"","context":"U &quot;Novosti&quot;","block_context":{"text":"Novosti","link":"https:\/\/historiografija.hr\/?cat=3"},"img":{"alt_text":"","src":"https:\/\/i0.wp.com\/historiografija.hr\/wp-content\/uploads\/2026\/03\/Poziv-konferencija-Zadar.jpg?fit=1200%2C509&ssl=1&resize=350%2C200","width":350,"height":200,"srcset":"https:\/\/i0.wp.com\/historiografija.hr\/wp-content\/uploads\/2026\/03\/Poziv-konferencija-Zadar.jpg?fit=1200%2C509&ssl=1&resize=350%2C200 1x, https:\/\/i0.wp.com\/historiografija.hr\/wp-content\/uploads\/2026\/03\/Poziv-konferencija-Zadar.jpg?fit=1200%2C509&ssl=1&resize=525%2C300 1.5x, https:\/\/i0.wp.com\/historiografija.hr\/wp-content\/uploads\/2026\/03\/Poziv-konferencija-Zadar.jpg?fit=1200%2C509&ssl=1&resize=700%2C400 2x, https:\/\/i0.wp.com\/historiografija.hr\/wp-content\/uploads\/2026\/03\/Poziv-konferencija-Zadar.jpg?fit=1200%2C509&ssl=1&resize=1050%2C600 3x"},"classes":[]},{"id":52569,"url":"https:\/\/historiografija.hr\/?p=52569","url_meta":{"origin":11264,"position":4},"title":"[Predavanje] Ne \u010dekaju\u0107i inspiraciju \u2013 anga\u017eovane intelektualne, kulturalne i umetni\u010dke prakse u me\u0111uratnom periodu: teorija i praksa kriti\u010dke levice u jugoslovenskoj kulturi (YugoLab)","author":"Branimir Jankovi\u0107","date":"21. travnja 2026.","format":false,"excerpt":"U vreme agresivnog ja\u010danja globalne desnice, (pro)fa\u0161isti\u010dkih, rasisti\u010dkih i imperijalisti\u010dkih politika, dok je istovremeno globalna levica izrazito slaba, a progresivni pokreti atomizirani i fragmentisani, va\u017eno je iz savremene perspektive vratiti se revolucionarnim i emancipatorskim zbivanjima u jugoslovenskom (ali i s njima u vezi internacionalnim de\u0161avanjima), kao i dru\u0161tvenoj ulozi kulturalnih\u2026","rel":"","context":"U &quot;Novosti&quot;","block_context":{"text":"Novosti","link":"https:\/\/historiografija.hr\/?cat=3"},"img":{"alt_text":"","src":"","width":0,"height":0},"classes":[]},{"id":52631,"url":"https:\/\/historiografija.hr\/?p=52631","url_meta":{"origin":11264,"position":5},"title":"Predavanje Ivana Tepe\u0161a: Djelovanje hrvatske politi\u010dke emigracije","author":"Branimir Jankovi\u0107","date":"23. travnja 2026.","format":false,"excerpt":"Odjel za me\u0111unarodnu suradnju i iseljeni\u0161tvo Matice hrvatske Predavanje Ivana Tepe\u0161a: Djelovanje hrvatske politi\u010dke emigracije Utorak, 28. travnja 2026. u 18:00 sati, Dvorana Ljudevita Jonkea (Mala dvorana MH), Strossmayerov trg 4, Zagreb dr. sc. Ivan Tepe\u0161, Institut za istra\u017eivanje migracija Hrvatska politi\u010dka emigracija obilje\u017eila je polustoljetnu hrvatsku povijest u drugoj\u2026","rel":"","context":"U &quot;Novosti&quot;","block_context":{"text":"Novosti","link":"https:\/\/historiografija.hr\/?cat=3"},"img":{"alt_text":"","src":"","width":0,"height":0},"classes":[]}],"_links":{"self":[{"href":"https:\/\/historiografija.hr\/index.php?rest_route=\/wp\/v2\/posts\/11264","targetHints":{"allow":["GET"]}}],"collection":[{"href":"https:\/\/historiografija.hr\/index.php?rest_route=\/wp\/v2\/posts"}],"about":[{"href":"https:\/\/historiografija.hr\/index.php?rest_route=\/wp\/v2\/types\/post"}],"author":[{"embeddable":true,"href":"https:\/\/historiografija.hr\/index.php?rest_route=\/wp\/v2\/users\/2"}],"replies":[{"embeddable":true,"href":"https:\/\/historiografija.hr\/index.php?rest_route=%2Fwp%2Fv2%2Fcomments&post=11264"}],"version-history":[{"count":5,"href":"https:\/\/historiografija.hr\/index.php?rest_route=\/wp\/v2\/posts\/11264\/revisions"}],"predecessor-version":[{"id":11448,"href":"https:\/\/historiografija.hr\/index.php?rest_route=\/wp\/v2\/posts\/11264\/revisions\/11448"}],"wp:featuredmedia":[{"embeddable":true,"href":"https:\/\/historiografija.hr\/index.php?rest_route=\/wp\/v2\/media\/11265"}],"wp:attachment":[{"href":"https:\/\/historiografija.hr\/index.php?rest_route=%2Fwp%2Fv2%2Fmedia&parent=11264"}],"wp:term":[{"taxonomy":"category","embeddable":true,"href":"https:\/\/historiografija.hr\/index.php?rest_route=%2Fwp%2Fv2%2Fcategories&post=11264"},{"taxonomy":"post_tag","embeddable":true,"href":"https:\/\/historiografija.hr\/index.php?rest_route=%2Fwp%2Fv2%2Ftags&post=11264"}],"curies":[{"name":"wp","href":"https:\/\/api.w.org\/{rel}","templated":true}]}}