{"id":11251,"date":"2018-09-15T14:45:08","date_gmt":"2018-09-15T14:45:08","guid":{"rendered":"http:\/\/historiografija.hr\/?p=11251"},"modified":"2018-09-15T14:46:19","modified_gmt":"2018-09-15T14:46:19","slug":"disliking-others-loathing-hostility-and-distrust-in-premodern-ottoman-lands","status":"publish","type":"post","link":"https:\/\/historiografija.hr\/?p=11251","title":{"rendered":"&#8220;Disliking Others: Loathing, Hostility, and Distrust in Premodern Ottoman Lands&#8221;"},"content":{"rendered":"<p>U rujnu 2018. godine objavljen je zbornik \u201cDisliking Others: Loathing, Hostility, and Distrust in Premodern Ottoman Lands\u201d u kojem o bosanskim franjevcima pi\u0161e povjesni\u010dar Vjeran Kursar.<\/p>\n<p>&nbsp;<\/p>\n<p>&#8212;<\/p>\n<p>&nbsp;<\/p>\n<p>&nbsp;<\/p>\n<p><strong>Disliking Others: Loathing, Hostility, and Distrust in Premodern Ottoman Lands<\/strong><\/p>\n<p>&nbsp;<\/p>\n<p>Edited by Hakan T. Karateke, H. Erdem \u00c7\u0131pa and Helga Anetshofer<\/p>\n<p>&nbsp;<\/p>\n<p>Series: Ottoman and Turkish Studies<\/p>\n<p>ISBN: 9781618118806 (hardcover)<\/p>\n<p>Pages: 339 pp.; 16 illus.<\/p>\n<p>Publication Date: September 2018<\/p>\n<p>&nbsp;<\/p>\n<p>Recent historical studies on the Ottoman Empire have taken for granted that subjects of the Ottoman polity flourished under a so-called \u201cPax Ottomanica.\u201d This edited volume probes the rosy narrative of Ottoman tolerance that has long dominated the discussions. The articles carefully strive to contextualize the many issues that sound like ethnic slurs, racial stereotyping, religious discrimination, misogyny and elitism to modern ears. The goal of the volume is not to prove that Ottoman society was a persecuting one, or that dislike or distrust was its defining characteristic, but to investigate the axes of tension, blemishes, and fractures in the everyday practice of coexistence in a dynamic, multi-religious, multi-confessional and multi-ethnic empire in which difference was the norm rather than the exception.<\/p>\n<p>&nbsp;<\/p>\n<p><strong>Hakan T. Karateke<\/strong> (PhD, Bamberg University) is Professor of Ottoman and Turkish Culture, Language, and Literature at the University of Chicago. He is the author of <em>Evliya \u00c7elebi\u2019s Journey from Bursa to the Dardanelles and Edirne<\/em> (2013) and an article titled \u201cThe Rosy History of Jews in the Ottoman Empire: A Critical Approach to Jewish Historiography.\u201d<\/p>\n<p><strong> H. Erdem \u00c7\u0131pa<\/strong> (PhD, Harvard University) is Associate Professor of Ottoman history at the University of Michigan. He is the author of <em>The Making of Selim: Succession, Legitimacy, and Memory in the Early Modern Ottoman World<\/em> (2017) and co-editor, with E. Fetvac\u0131, of <em>Writing History at the Ottoman Court: Editing the Past, Fashioning the Future<\/em> (2013).<\/p>\n<p><strong>Helga Anetshofer<\/strong> (PhD, Vienna University) is Lecturer for Ottoman and Turkish Studies at the University of Chicago. Her publications include her recent articles \u201cFolk Etymologies and Stories of Toponyms from Danishmendid Territory in Evliya \u00c7elebi\u2019s Seyahatname\u201d (2015) and \u201cThe Hero Dons a Talismanic Shirt for Battle: Magic Objects Aiding the Warrior in a Turkish Epic Romance\u201d (2018).<\/p>\n<p>&nbsp;<\/p>\n<p><strong>Table of Contents<\/strong><\/p>\n<p>Introduction<br \/>\nChanging Perceptions about Christian-born Ottomans: Anti-<em>\u1e33ul<\/em> Sentiments in Ottoman Historiography<br \/>\nH. Erdem \u00c7\u0131pa<\/p>\n<p>&nbsp;<\/p>\n<p>Circassian Mamluks in Ottoman Egypt and Istanbul, ca. 1500\u20131730: The Eastern Alternative<br \/>\nJane Hathaway<\/p>\n<p>&nbsp;<\/p>\n<p><em>Dispelling the Darkness <\/em>of the<em> Halberdier\u2019s Treatise:<\/em> A Comparative Look at Black Africans in Ottoman Letters in the Early Modern Period<br \/>\nBaki Tezcan<\/p>\n<p>&nbsp;<\/p>\n<p>The Jew, the Orthodox Christian, and the European in Ottoman Eyes, ca. 1550\u20131700<br \/>\nBilha Moor<\/p>\n<p>&nbsp;<\/p>\n<p>An Ottoman Anti-Judaism<br \/>\nHakan T. Karateke<\/p>\n<p>&nbsp;<\/p>\n<p>Evliy\u0101 \u00c7eleb\u012b\u2019s Perception of Jews<br \/>\nHakan T. Karateke<\/p>\n<p>&nbsp;<\/p>\n<p>Ambiguous Subjects and Uneasy Neighbors: Bosnian Franciscans\u2019 Attitudes toward the Ottoman State, \u2018Turks,\u2019 and Vlachs<br \/>\nVjeran Kursar<\/p>\n<p>&nbsp;<\/p>\n<p>\u2018Those Violating the Good, Old Customs of our Land\u2019: Forms and Functions of Graecophobia in the Danubian Principalities, 16th\u201318th Centuries<br \/>\nKonrad Petrovszky<\/p>\n<p>&nbsp;<\/p>\n<p>Representing the Margins: The Many Faces of the \u2018Gypsy\u2019 in Early Modern Ottoman Discourse<br \/>\nFaika \u00c7elik<\/p>\n<p>&nbsp;<\/p>\n<p>Gendered Infidels in Fiction: A Case Study on S\u0331\u0101bit\u2019s<em> \u1e24ik\u0101ye-i \u1e2av\u0101ce Fes\u0101d<\/em><br \/>\n\u0130pek H\u00fcner-Cora<\/p>\n<p>&nbsp;<\/p>\n<p>\u2018The Greatest of Tribulations\u2019: Constructions of Femininity in Sixteenth-Century Ottoman Physiognomy<br \/>\nEmin Leli\u0107<\/p>\n<p>&nbsp;<\/p>\n<p>Defining and Defaming the Other in Early Seventeenth-Century Ottoman Invective<br \/>\nMichael Sheridan<\/p>\n<p>&nbsp;<\/p>\n<p>\u2018Are You From \u00c7orum?\u2019: Derogatory Attitudes Toward the \u201cUnruly Mob\u201d of the Provinces as Reflected in a Proverbial Saying<br \/>\nHelga Anetshofer<\/p>\n<p>&nbsp;<\/p>\n<p><a href=\"https:\/\/www.academicstudiespress.com\/forthcoming\/disliking-others\">https:\/\/www.academicstudiespress.com\/forthcoming\/disliking-others<\/a><\/p>\n<p>&nbsp;<\/p>\n<p>&nbsp;<\/p>\n","protected":false},"excerpt":{"rendered":"","protected":false},"author":2,"featured_media":11252,"comment_status":"open","ping_status":"open","sticky":false,"template":"","format":"standard","meta":{"_acf_changed":false,"jetpack_post_was_ever_published":false,"_jetpack_newsletter_access":"","_jetpack_dont_email_post_to_subs":false,"_jetpack_newsletter_tier_id":0,"_jetpack_memberships_contains_paywalled_content":false,"_jetpack_memberships_contains_paid_content":false,"footnotes":"","jetpack_publicize_message":"","jetpack_publicize_feature_enabled":true,"jetpack_social_post_already_shared":true,"jetpack_social_options":{"image_generator_settings":{"template":"highway","default_image_id":0,"font":"","enabled":false},"version":2}},"categories":[8,3],"tags":[],"class_list":["post-11251","post","type-post","status-publish","format-standard","has-post-thumbnail","hentry","category-knjige","category-novosti"],"acf":{"facebook_opis":""},"jetpack_publicize_connections":[],"jetpack_featured_media_url":"https:\/\/i0.wp.com\/historiografija.hr\/wp-content\/uploads\/2018\/09\/Others.jpg?fit=500%2C758&ssl=1","jetpack_sharing_enabled":true,"jetpack-related-posts":[{"id":52641,"url":"https:\/\/historiografija.hr\/?p=52641","url_meta":{"origin":11251,"position":0},"title":"CfP: WHO OWNS THE PAST? VERNACULAR MEMORY, STATE MEMORY, AND THE POLITICS OF OWNERSHIP","author":"Branimir Jankovi\u0107","date":"24. travnja 2026.","format":false,"excerpt":"VIENNA, 31ST AUGUST\u20133RD SEPTEMBER 2026 (DEADLINE: 24TH APRIL 2026) The Center for Austrian Studies at the European Forum at the Hebrew University and the Austrian Academy of Sciences\/Institute of Culture Studies invite early postdocs, PhD candidates, and advanced Master\u2019s students from the Hebrew University of Jerusalem and universities and academic\u2026","rel":"","context":"U &quot;Novosti&quot;","block_context":{"text":"Novosti","link":"https:\/\/historiografija.hr\/?cat=3"},"img":{"alt_text":"","src":"https:\/\/i0.wp.com\/historiografija.hr\/wp-content\/uploads\/2017\/10\/hsozkult.png?fit=1006%2C241&ssl=1&resize=350%2C200","width":350,"height":200,"srcset":"https:\/\/i0.wp.com\/historiografija.hr\/wp-content\/uploads\/2017\/10\/hsozkult.png?fit=1006%2C241&ssl=1&resize=350%2C200 1x, https:\/\/i0.wp.com\/historiografija.hr\/wp-content\/uploads\/2017\/10\/hsozkult.png?fit=1006%2C241&ssl=1&resize=525%2C300 1.5x, https:\/\/i0.wp.com\/historiografija.hr\/wp-content\/uploads\/2017\/10\/hsozkult.png?fit=1006%2C241&ssl=1&resize=700%2C400 2x"},"classes":[]},{"id":52664,"url":"https:\/\/historiografija.hr\/?p=52664","url_meta":{"origin":11251,"position":1},"title":"CfP: CONFERENCE OF THE HISTORY OF CONCEPTS GROUP, HELSINKI, 19TH\u201321ST AUGUST 2026 (DEADLINE: 30TH APRIL 2026)","author":"Branimir Jankovi\u0107","date":"24. travnja 2026.","format":false,"excerpt":"The annual conference of the History of Concepts Group is held at the University of Helsinki, 19-21 August 2026. Conference of the History of Concepts Group Conceptual history studies the use of concepts and tries to understand how historical actors have linguistically articulated views of the world. Studying concepts from\u2026","rel":"","context":"U &quot;Novosti&quot;","block_context":{"text":"Novosti","link":"https:\/\/historiografija.hr\/?cat=3"},"img":{"alt_text":"","src":"https:\/\/i0.wp.com\/historiografija.hr\/wp-content\/uploads\/2017\/10\/hsozkult.png?fit=1006%2C241&ssl=1&resize=350%2C200","width":350,"height":200,"srcset":"https:\/\/i0.wp.com\/historiografija.hr\/wp-content\/uploads\/2017\/10\/hsozkult.png?fit=1006%2C241&ssl=1&resize=350%2C200 1x, https:\/\/i0.wp.com\/historiografija.hr\/wp-content\/uploads\/2017\/10\/hsozkult.png?fit=1006%2C241&ssl=1&resize=525%2C300 1.5x, https:\/\/i0.wp.com\/historiografija.hr\/wp-content\/uploads\/2017\/10\/hsozkult.png?fit=1006%2C241&ssl=1&resize=700%2C400 2x"},"classes":[]},{"id":52613,"url":"https:\/\/historiografija.hr\/?p=52613","url_meta":{"origin":11251,"position":2},"title":"No\u0107 knjige u Hrvatskom dr\u017eavnom arhivu","author":"Branimir Jankovi\u0107","date":"22. travnja 2026.","format":false,"excerpt":"Predstavljanje knjige Rajke Bu\u0107in \u201dLije\u010denje i zbrinjavanje \u017didova u Bolnici sestara milosrdnica u Zagrebu 1941. \u2013 1945.\u201d u \u010detvrtak, 23. travnja 2026. u 13 sati u Hrvatskom dr\u017eavnom arhivu u Zagrebu. Izvor: https:\/\/www.arhiv.hr\/hr-hr\/Kulturno-prosvjetne-aktivnosti\/ArticleId\/1986\/oamid\/1633","rel":"","context":"U &quot;Novosti&quot;","block_context":{"text":"Novosti","link":"https:\/\/historiografija.hr\/?cat=3"},"img":{"alt_text":"","src":"https:\/\/i0.wp.com\/historiografija.hr\/wp-content\/uploads\/2026\/04\/noc_knjige_2026.jpg?fit=680%2C276&ssl=1&resize=350%2C200","width":350,"height":200,"srcset":"https:\/\/i0.wp.com\/historiografija.hr\/wp-content\/uploads\/2026\/04\/noc_knjige_2026.jpg?fit=680%2C276&ssl=1&resize=350%2C200 1x, https:\/\/i0.wp.com\/historiografija.hr\/wp-content\/uploads\/2026\/04\/noc_knjige_2026.jpg?fit=680%2C276&ssl=1&resize=525%2C300 1.5x"},"classes":[]},{"id":52654,"url":"https:\/\/historiografija.hr\/?p=52654","url_meta":{"origin":11251,"position":3},"title":"Gostuju\u0107e predavanje &#8211; Danijel D\u017eino \u201eKasnoanti\u010dke i ranosrednjovjekovne gra\u0111evine u Brezi: Spomenici nepotpune biografije\u201c","author":"Branimir Jankovi\u0107","date":"24. travnja 2026.","format":false,"excerpt":"Doktorski studij predmoderne povijesti poziva na predavanje \"Kasnoanti\u010dke i ranosrednjovjekovne gra\u0111evine u Brezi: Spomenici nepotpune biografije\u201d koje \u0107e odr\u017eati profesor Danijel D\u017eino sa Sveu\u010dili\u0161ta Macquarie u Sydneyu u\u00a0utorak 28. travnja 2026. u 17h u Konferencijskoj dvorani Knji\u017enice Filozofskog fakulteta u Zagrebu. Predavanje \u0107e predo\u010diti nova saznanja dobivena kroz arhivsko-dokumentarna istra\u017eivanja\u2026","rel":"","context":"U &quot;Novosti&quot;","block_context":{"text":"Novosti","link":"https:\/\/historiografija.hr\/?cat=3"},"img":{"alt_text":"","src":"https:\/\/i0.wp.com\/historiografija.hr\/wp-content\/uploads\/2026\/04\/Dzino.jpg?fit=980%2C819&ssl=1&resize=350%2C200","width":350,"height":200,"srcset":"https:\/\/i0.wp.com\/historiografija.hr\/wp-content\/uploads\/2026\/04\/Dzino.jpg?fit=980%2C819&ssl=1&resize=350%2C200 1x, https:\/\/i0.wp.com\/historiografija.hr\/wp-content\/uploads\/2026\/04\/Dzino.jpg?fit=980%2C819&ssl=1&resize=525%2C300 1.5x, https:\/\/i0.wp.com\/historiografija.hr\/wp-content\/uploads\/2026\/04\/Dzino.jpg?fit=980%2C819&ssl=1&resize=700%2C400 2x"},"classes":[]},{"id":52651,"url":"https:\/\/historiografija.hr\/?p=52651","url_meta":{"origin":11251,"position":4},"title":"Promocija knjige Emira O. Filipovi\u0107a \u201cVite\u0161tvo u srednjovjekovnoj Bosni\u201d u Sarajevu","author":"Branimir Jankovi\u0107","date":"24. travnja 2026.","format":false,"excerpt":"Knji\u017eevni korner poziva na promociju knjige Emira O. Filipovi\u0107a \u201cVite\u0161tvo u srednjovjekovnoj Bosni\u201d koja \u0107e se odr\u017eati u srijedu, 29. aprila 2026. u 18 sati u Evropskoj ku\u0107i kulture i nacionalnih manjina (Austrijska ku\u0107a) u Sarajevu. Na promociji \u0107e govoriti Mirsad Sijari\u0107, Ema Mazrak i autor, a moderirat \u0107e Nikola\u2026","rel":"","context":"U &quot;Novosti&quot;","block_context":{"text":"Novosti","link":"https:\/\/historiografija.hr\/?cat=3"},"img":{"alt_text":"","src":"https:\/\/i0.wp.com\/historiografija.hr\/wp-content\/uploads\/2026\/04\/Vitestvo.jpg?fit=1080%2C565&ssl=1&resize=350%2C200","width":350,"height":200,"srcset":"https:\/\/i0.wp.com\/historiografija.hr\/wp-content\/uploads\/2026\/04\/Vitestvo.jpg?fit=1080%2C565&ssl=1&resize=350%2C200 1x, https:\/\/i0.wp.com\/historiografija.hr\/wp-content\/uploads\/2026\/04\/Vitestvo.jpg?fit=1080%2C565&ssl=1&resize=525%2C300 1.5x, https:\/\/i0.wp.com\/historiografija.hr\/wp-content\/uploads\/2026\/04\/Vitestvo.jpg?fit=1080%2C565&ssl=1&resize=700%2C400 2x, https:\/\/i0.wp.com\/historiografija.hr\/wp-content\/uploads\/2026\/04\/Vitestvo.jpg?fit=1080%2C565&ssl=1&resize=1050%2C600 3x"},"classes":[]},{"id":52569,"url":"https:\/\/historiografija.hr\/?p=52569","url_meta":{"origin":11251,"position":5},"title":"[Predavanje] Ne \u010dekaju\u0107i inspiraciju \u2013 anga\u017eovane intelektualne, kulturalne i umetni\u010dke prakse u me\u0111uratnom periodu: teorija i praksa kriti\u010dke levice u jugoslovenskoj kulturi (YugoLab)","author":"Branimir Jankovi\u0107","date":"21. travnja 2026.","format":false,"excerpt":"U vreme agresivnog ja\u010danja globalne desnice, (pro)fa\u0161isti\u010dkih, rasisti\u010dkih i imperijalisti\u010dkih politika, dok je istovremeno globalna levica izrazito slaba, a progresivni pokreti atomizirani i fragmentisani, va\u017eno je iz savremene perspektive vratiti se revolucionarnim i emancipatorskim zbivanjima u jugoslovenskom (ali i s njima u vezi internacionalnim de\u0161avanjima), kao i dru\u0161tvenoj ulozi kulturalnih\u2026","rel":"","context":"U &quot;Novosti&quot;","block_context":{"text":"Novosti","link":"https:\/\/historiografija.hr\/?cat=3"},"img":{"alt_text":"","src":"","width":0,"height":0},"classes":[]}],"_links":{"self":[{"href":"https:\/\/historiografija.hr\/index.php?rest_route=\/wp\/v2\/posts\/11251","targetHints":{"allow":["GET"]}}],"collection":[{"href":"https:\/\/historiografija.hr\/index.php?rest_route=\/wp\/v2\/posts"}],"about":[{"href":"https:\/\/historiografija.hr\/index.php?rest_route=\/wp\/v2\/types\/post"}],"author":[{"embeddable":true,"href":"https:\/\/historiografija.hr\/index.php?rest_route=\/wp\/v2\/users\/2"}],"replies":[{"embeddable":true,"href":"https:\/\/historiografija.hr\/index.php?rest_route=%2Fwp%2Fv2%2Fcomments&post=11251"}],"version-history":[{"count":2,"href":"https:\/\/historiografija.hr\/index.php?rest_route=\/wp\/v2\/posts\/11251\/revisions"}],"predecessor-version":[{"id":11254,"href":"https:\/\/historiografija.hr\/index.php?rest_route=\/wp\/v2\/posts\/11251\/revisions\/11254"}],"wp:featuredmedia":[{"embeddable":true,"href":"https:\/\/historiografija.hr\/index.php?rest_route=\/wp\/v2\/media\/11252"}],"wp:attachment":[{"href":"https:\/\/historiografija.hr\/index.php?rest_route=%2Fwp%2Fv2%2Fmedia&parent=11251"}],"wp:term":[{"taxonomy":"category","embeddable":true,"href":"https:\/\/historiografija.hr\/index.php?rest_route=%2Fwp%2Fv2%2Fcategories&post=11251"},{"taxonomy":"post_tag","embeddable":true,"href":"https:\/\/historiografija.hr\/index.php?rest_route=%2Fwp%2Fv2%2Ftags&post=11251"}],"curies":[{"name":"wp","href":"https:\/\/api.w.org\/{rel}","templated":true}]}}