{"id":11146,"date":"2018-09-03T22:25:03","date_gmt":"2018-09-03T22:25:03","guid":{"rendered":"http:\/\/historiografija.hr\/?p=11146"},"modified":"2018-09-03T22:26:10","modified_gmt":"2018-09-03T22:26:10","slug":"falis-2018","status":"publish","type":"post","link":"https:\/\/historiografija.hr\/?p=11146","title":{"rendered":"FALI\u0160 2018."},"content":{"rendered":"<p>FALI\u0160 &#8211; festival alternative i ljevice odr\u017eat \u0107e se od 5. do 8. rujna 2018. u \u0160ibeniku. Program izme\u0111u ostalog uklju\u010duje izlo\u017ebu fotografija o Golom otoku, predavanje i okrugli stol o 1948. godini.<\/p>\n<p><strong>\u00a0<\/strong><\/p>\n<p><strong>Program<\/strong><\/p>\n<p>&nbsp;<\/p>\n<p><strong>Srijeda, 5. rujna <\/strong><\/p>\n<p>18.00, Studio galerije Sv. Kr\u0161evana \/ ex Galerija Matija<\/p>\n<p><strong>Izlo\u017eba fotografija Milomira Kova\u010devi\u0107a Stra\u0161nog: Gola istina: Goli otok 2018.<\/strong><\/p>\n<p>(Milomir Kova\u010devi\u0107 Stra\u0161ni, Kruno Lokotar, Emir Imamovi\u0107 Pirke, Ante Filipovi\u0107 Gr\u010di\u0107)<\/p>\n<p>20.00, Trg Ivana Pavla II. \/ Mala lo\u017ea<\/p>\n<p><strong>Knji\u017eevna ve\u010dera: Selvedin Avdi\u0107, Kap veselja<\/strong><\/p>\n<p>(sudjeluju: Selvedin Avdi\u0107, Kruno Lokotar, Emir Imamovi\u0107 Pirke)<\/p>\n<p>21.00, Trg Ivana Pavla II. \/ Mala lo\u017ea<\/p>\n<p><strong>Okrugli stol: Turizam: izme\u0111u profita i javnog dobra<\/strong><br \/>\n(sudjeluju: Kre\u0161imir \u0160aki\u0107 \u2013 NP Krka, Irina Zupan \u2013 Hrvatska agencija za okoli\u0161 i prirodu, Tin Klanj\u0161\u010dek \u2013 Institut Ru\u0111er Bo\u0161kovi\u0107; voditelj: Jurica Pavi\u010di\u0107)<\/p>\n<p>22.00, Trg Ivana Pavla II. \/ Mala lo\u017ea<\/p>\n<p><strong>Intervju FALI\u0160-a: Jo\u017ee Pirjevec: 1948. ili za\u0161to je Tito rekao NE<\/strong><\/p>\n<p>(voditelj: Damir Pili\u0107)<\/p>\n<p>&nbsp;<\/p>\n<p>&nbsp;<\/p>\n<p><strong>\u010cetvrtak, 6. rujna<\/strong><\/p>\n<p>20.00, Trg Ivana Pavla II. \/ Mala lo\u017ea<\/p>\n<p><strong>Predavanje: J\u00fcrgen Moltmann: Kr\u0161\u0107anstvo, \u010dovje\u010danstvo i novi nacionalizam<\/strong><\/p>\n<p>21.30, Trg Ivana Pavla II. \/ Mala lo\u017ea<\/p>\n<p><strong>Okrugli stol: Bog na razme\u0111i vjere i ideologije<\/strong><\/p>\n<p>(sudjeluju: mitropolit Porfirije Peri\u0107, fra Ante Vu\u010dkovi\u0107; moderator: Zoran Grozdanov)<\/p>\n<p>22.30, Trg Ivana Pavla II. \/ Mala lo\u017ea<\/p>\n<p><strong>Knji\u017eevna ve\u010dera: Emir Imamovi\u0107 Pirke, Terorist<\/strong><\/p>\n<p>(sudjeluju: Emir Imamovi\u0107 Pirke, Branko Sekuli\u0107, Kruno Lokotar)<\/p>\n<p>&nbsp;<\/p>\n<p><strong>Petak, 7. rujna<\/strong><\/p>\n<p>20.00, Trg Ivana Pavla II. \/ Mala lo\u017ea<\/p>\n<p><strong>Predavanje: Erika Harms: Odr\u017eivi turizam: ravnomjerna raspodjela zadovoljstva<\/strong><\/p>\n<p>21.00, Trg Ivana Pavla II. \/ Mala lo\u017ea<\/p>\n<p><strong>Predavanje: \u017darko Pai\u0107: Politika iracionalizma: \u201enarod\u201c i njegove ideologije<\/strong><\/p>\n<p>22.00, Trg Ivana Pavla II. \/ Mala lo\u017ea<\/p>\n<p><strong>Okrugli stol: 1948. &#8211; godina o kojoj se \u0161uti<\/strong><\/p>\n<p>(sudjeluju: Jo\u017ee Pirjevec, Bo\u017eo Kova\u010devi\u0107; voditeljica: Davorka Bla\u017eevi\u0107)<\/p>\n<p>&nbsp;<\/p>\n<p><strong>Subota, 8. rujna<\/strong><\/p>\n<p>20.00, Trg Ivana Pavla II. \/ Mala lo\u017ea<\/p>\n<p><strong>Predavanje: dr. Ivo Babi\u0107: Turisti\u010dke destinacije: pusti gradovi Dalmacije<\/strong><\/p>\n<p>21.00, Trg Ivana Pavla II. \/ Mala lo\u017ea<\/p>\n<p><strong>Knji\u017eevna ve\u010dera: Ivana Dragi\u010devi\u0107, Nejednaki<\/strong><\/p>\n<p>(sudjeluju: Ivana Dragi\u010devi\u0107, Kruno Lokotar, Emir Imamovi\u0107 Pirke)<\/p>\n<p>22.00, Trg Ivana Pavla II. \/ Mala lo\u017ea<\/p>\n<p><strong>Predstavljanje: \u0160ibenska deklaracija: dugi put ljevice do vlasti<\/strong><\/p>\n<p>(sudjeluju predstavnici Nove ljevice, Radni\u010dke fronte, Socijalisti\u010dke radni\u010dke partije, ORAH-a, Hrvatskih laburista)<\/p>\n<p>&nbsp;<\/p>\n<p>Izvor: <a href=\"http:\/\/www.falis.com.hr\/\">http:\/\/www.falis.com.hr\/<\/a><\/p>\n<p>&nbsp;<\/p>\n<p>&nbsp;<\/p>\n<p>&nbsp;<\/p>\n","protected":false},"excerpt":{"rendered":"","protected":false},"author":2,"featured_media":11147,"comment_status":"open","ping_status":"open","sticky":false,"template":"","format":"standard","meta":{"_acf_changed":false,"jetpack_post_was_ever_published":false,"_jetpack_newsletter_access":"","_jetpack_dont_email_post_to_subs":false,"_jetpack_newsletter_tier_id":0,"_jetpack_memberships_contains_paywalled_content":false,"_jetpack_memberships_contains_paid_content":false,"footnotes":"","jetpack_publicize_message":"","jetpack_publicize_feature_enabled":true,"jetpack_social_post_already_shared":true,"jetpack_social_options":{"image_generator_settings":{"template":"highway","default_image_id":0,"font":"","enabled":false},"version":2}},"categories":[3],"tags":[],"class_list":["post-11146","post","type-post","status-publish","format-standard","has-post-thumbnail","hentry","category-novosti"],"acf":{"facebook_opis":""},"jetpack_publicize_connections":[],"jetpack_featured_media_url":"https:\/\/i0.wp.com\/historiografija.hr\/wp-content\/uploads\/2018\/09\/Falis-2018.jpg?fit=672%2C960&ssl=1","jetpack_sharing_enabled":true,"jetpack-related-posts":[{"id":52675,"url":"https:\/\/historiografija.hr\/?p=52675","url_meta":{"origin":11146,"position":0},"title":"Predstavljanje knjige Luke Peji\u0107a &#8220;U taboru anarhista: \u017divot Ivana Zeppa&#8221; u Osijeku","author":"Branimir Jankovi\u0107","date":"27. travnja 2026.","format":false,"excerpt":"U \u010detvrtak, 30. travnja 2026.\u00a0u\u00a019.00 sati\u00a0u Klubu knji\u017eare Nova\u00a0(Trg Ante Star\u010devi\u0107a 4, Osijek) odr\u017eat \u0107e se predstavljanje nove knjige Luke Peji\u0107a U taboru anarhista: \u017divot Ivana Zeppa (DAF, 2025.). Uz autora o knjizi \u0107e govoriti recenzent i povjesni\u010dar Nikola Toma\u0161egovi\u0107 te povjesni\u010darka Ana Rajkovi\u0107 Peji\u0107. Razgovor \u0107e moderirati doktorandica\u00a0Valentina Kezi\u0107.\u2026","rel":"","context":"U &quot;Novosti&quot;","block_context":{"text":"Novosti","link":"https:\/\/historiografija.hr\/?cat=3"},"img":{"alt_text":"","src":"https:\/\/i0.wp.com\/historiografija.hr\/wp-content\/uploads\/2025\/11\/Pejic.jpg?fit=574%2C790&ssl=1&resize=350%2C200","width":350,"height":200,"srcset":"https:\/\/i0.wp.com\/historiografija.hr\/wp-content\/uploads\/2025\/11\/Pejic.jpg?fit=574%2C790&ssl=1&resize=350%2C200 1x, https:\/\/i0.wp.com\/historiografija.hr\/wp-content\/uploads\/2025\/11\/Pejic.jpg?fit=574%2C790&ssl=1&resize=525%2C300 1.5x"},"classes":[]},{"id":52631,"url":"https:\/\/historiografija.hr\/?p=52631","url_meta":{"origin":11146,"position":1},"title":"Predavanje Ivana Tepe\u0161a: Djelovanje hrvatske politi\u010dke emigracije","author":"Branimir Jankovi\u0107","date":"23. travnja 2026.","format":false,"excerpt":"Odjel za me\u0111unarodnu suradnju i iseljeni\u0161tvo Matice hrvatske Predavanje Ivana Tepe\u0161a: Djelovanje hrvatske politi\u010dke emigracije Utorak, 28. travnja 2026. u 18:00 sati, Dvorana Ljudevita Jonkea (Mala dvorana MH), Strossmayerov trg 4, Zagreb dr. sc. Ivan Tepe\u0161, Institut za istra\u017eivanje migracija Hrvatska politi\u010dka emigracija obilje\u017eila je polustoljetnu hrvatsku povijest u drugoj\u2026","rel":"","context":"U &quot;Novosti&quot;","block_context":{"text":"Novosti","link":"https:\/\/historiografija.hr\/?cat=3"},"img":{"alt_text":"","src":"","width":0,"height":0},"classes":[]},{"id":52578,"url":"https:\/\/historiografija.hr\/?p=52578","url_meta":{"origin":11146,"position":2},"title":"Poziv za sudjelovanje: XXII. Dani Julija Bene\u0161i\u0107a u Iloku","author":"Branimir Jankovi\u0107","date":"21. travnja 2026.","format":false,"excerpt":"Zavod za lingvisti\u010dka istra\u017eivanja Hrvatske akademije znanosti i umjetnosti, zajedno s Muzejom grada Iloka, organizira XXII. Dane Julija Bene\u0161i\u0107a, koji \u0107e se odr\u017eati od 28. do 30. listopada 2026. u Iloku.\u00a0Teme ovogodi\u0161njih Dana podijeljene su u dvije cjeline: Knji\u017eevno-jezikoslovni d\u00ecv\u0101n s Bene\u0161i\u0107em te Ilok i Srijem u povijesnim stalnicama i\u2026","rel":"","context":"U &quot;Novosti&quot;","block_context":{"text":"Novosti","link":"https:\/\/historiografija.hr\/?cat=3"},"img":{"alt_text":"","src":"https:\/\/i0.wp.com\/historiografija.hr\/wp-content\/uploads\/2019\/10\/HE2_Benesic.jpg?fit=413%2C591&ssl=1&resize=350%2C200","width":350,"height":200},"classes":[]},{"id":52712,"url":"https:\/\/historiografija.hr\/?p=52712","url_meta":{"origin":11146,"position":3},"title":"Okrugli stol &#8220;Proslava 1100 godina Hrvatskoga Kraljevstva \u2013 kako danas gledamo na hrvatski rani srednji vijek?&#8221;","author":"Filip \u0160imunjak","date":"29. travnja 2026.","format":false,"excerpt":"Godinu iza nas obilje\u017eile su brojne manifestacije posve\u0107ene 1100. obljetnici Hrvatskoga Kraljevstva, koje su privukle veliku pozornost javnosti i medija, pa tako i na\u0161ega portala. Nastavljaju\u0107i se na taj niz, pozivamo Vas na okrugli stol \u201eProslava 1100 godina Hrvatskoga Kraljevstva \u2013 kako danas gledamo na hrvatski rani srednji vijek?\u201d, koji\u2026","rel":"","context":"U &quot;Novosti&quot;","block_context":{"text":"Novosti","link":"https:\/\/historiografija.hr\/?cat=3"},"img":{"alt_text":"","src":"https:\/\/i0.wp.com\/historiografija.hr\/wp-content\/uploads\/2026\/04\/Kliofest-01-utorak-I-01-OS-1100-godina.jpg?fit=1200%2C566&ssl=1&resize=350%2C200","width":350,"height":200,"srcset":"https:\/\/i0.wp.com\/historiografija.hr\/wp-content\/uploads\/2026\/04\/Kliofest-01-utorak-I-01-OS-1100-godina.jpg?fit=1200%2C566&ssl=1&resize=350%2C200 1x, https:\/\/i0.wp.com\/historiografija.hr\/wp-content\/uploads\/2026\/04\/Kliofest-01-utorak-I-01-OS-1100-godina.jpg?fit=1200%2C566&ssl=1&resize=525%2C300 1.5x, https:\/\/i0.wp.com\/historiografija.hr\/wp-content\/uploads\/2026\/04\/Kliofest-01-utorak-I-01-OS-1100-godina.jpg?fit=1200%2C566&ssl=1&resize=700%2C400 2x, https:\/\/i0.wp.com\/historiografija.hr\/wp-content\/uploads\/2026\/04\/Kliofest-01-utorak-I-01-OS-1100-godina.jpg?fit=1200%2C566&ssl=1&resize=1050%2C600 3x"},"classes":[]},{"id":52717,"url":"https:\/\/historiografija.hr\/?p=52717","url_meta":{"origin":11146,"position":4},"title":"Okrugli stol &#8220;Dvjestapedeset godina Sjedinjenih Ameri\u010dkih Dr\u017eava \u2013 od kolonije do prve zemlje svijeta i dalje&#8221;","author":"Filip \u0160imunjak","date":"29. travnja 2026.","format":false,"excerpt":"Ove godine obilje\u017eava se 250. obljetnica osnutka Sjedinjenih Ameri\u010dkih Dr\u017eava, povodom koje je pokrenut niz rasprava o ameri\u010dkoj povijesti, njezinoj globalnoj ulozi i naslje\u0111u koje se prote\u017ee od 1776. do danas. Obljetnica je ujedno prilika za promi\u0161ljanje o tome kako danas tuma\u010dimo ameri\u010dku pro\u0161lost, ali i (aktualnu) ulogu SAD-a u\u2026","rel":"","context":"U &quot;Novosti&quot;","block_context":{"text":"Novosti","link":"https:\/\/historiografija.hr\/?cat=3"},"img":{"alt_text":"","src":"https:\/\/i0.wp.com\/historiografija.hr\/wp-content\/uploads\/2026\/04\/Kliofest-01-utorak-I-02-OS-250-godina-SAD.jpg?fit=1200%2C566&ssl=1&resize=350%2C200","width":350,"height":200,"srcset":"https:\/\/i0.wp.com\/historiografija.hr\/wp-content\/uploads\/2026\/04\/Kliofest-01-utorak-I-02-OS-250-godina-SAD.jpg?fit=1200%2C566&ssl=1&resize=350%2C200 1x, https:\/\/i0.wp.com\/historiografija.hr\/wp-content\/uploads\/2026\/04\/Kliofest-01-utorak-I-02-OS-250-godina-SAD.jpg?fit=1200%2C566&ssl=1&resize=525%2C300 1.5x, https:\/\/i0.wp.com\/historiografija.hr\/wp-content\/uploads\/2026\/04\/Kliofest-01-utorak-I-02-OS-250-godina-SAD.jpg?fit=1200%2C566&ssl=1&resize=700%2C400 2x, https:\/\/i0.wp.com\/historiografija.hr\/wp-content\/uploads\/2026\/04\/Kliofest-01-utorak-I-02-OS-250-godina-SAD.jpg?fit=1200%2C566&ssl=1&resize=1050%2C600 3x"},"classes":[]},{"id":52666,"url":"https:\/\/historiografija.hr\/?p=52666","url_meta":{"origin":11146,"position":5},"title":"Najava programa Festivala povijesti Kliofest (5-8. V. 2026)","author":"Branimir Jankovi\u0107","date":"24. travnja 2026.","format":false,"excerpt":"Po trinaesti put odr\u017eava se Festival povijesti Kliofest! Do petka \u0107emo odr\u017eati osam okruglih stolova i dva kolokvija te niz predstavljanja knjiga i projekata razli\u010dite tematike, od antike do suvremenosti. Bit \u0107e predstavljeno i nekoliko izlo\u017ebi te odr\u017ean jedan povijesni kviz. Prikazat \u0107emo i jedan film \u2013 o generalu Boroevi\u0107u.\u2026","rel":"","context":"U &quot;Novosti&quot;","block_context":{"text":"Novosti","link":"https:\/\/historiografija.hr\/?cat=3"},"img":{"alt_text":"","src":"https:\/\/i0.wp.com\/historiografija.hr\/wp-content\/uploads\/2026\/04\/Kliofest-2026.jpg?fit=526%2C526&ssl=1&resize=350%2C200","width":350,"height":200,"srcset":"https:\/\/i0.wp.com\/historiografija.hr\/wp-content\/uploads\/2026\/04\/Kliofest-2026.jpg?fit=526%2C526&ssl=1&resize=350%2C200 1x, https:\/\/i0.wp.com\/historiografija.hr\/wp-content\/uploads\/2026\/04\/Kliofest-2026.jpg?fit=526%2C526&ssl=1&resize=525%2C300 1.5x"},"classes":[]}],"_links":{"self":[{"href":"https:\/\/historiografija.hr\/index.php?rest_route=\/wp\/v2\/posts\/11146","targetHints":{"allow":["GET"]}}],"collection":[{"href":"https:\/\/historiografija.hr\/index.php?rest_route=\/wp\/v2\/posts"}],"about":[{"href":"https:\/\/historiografija.hr\/index.php?rest_route=\/wp\/v2\/types\/post"}],"author":[{"embeddable":true,"href":"https:\/\/historiografija.hr\/index.php?rest_route=\/wp\/v2\/users\/2"}],"replies":[{"embeddable":true,"href":"https:\/\/historiografija.hr\/index.php?rest_route=%2Fwp%2Fv2%2Fcomments&post=11146"}],"version-history":[{"count":2,"href":"https:\/\/historiografija.hr\/index.php?rest_route=\/wp\/v2\/posts\/11146\/revisions"}],"predecessor-version":[{"id":11149,"href":"https:\/\/historiografija.hr\/index.php?rest_route=\/wp\/v2\/posts\/11146\/revisions\/11149"}],"wp:featuredmedia":[{"embeddable":true,"href":"https:\/\/historiografija.hr\/index.php?rest_route=\/wp\/v2\/media\/11147"}],"wp:attachment":[{"href":"https:\/\/historiografija.hr\/index.php?rest_route=%2Fwp%2Fv2%2Fmedia&parent=11146"}],"wp:term":[{"taxonomy":"category","embeddable":true,"href":"https:\/\/historiografija.hr\/index.php?rest_route=%2Fwp%2Fv2%2Fcategories&post=11146"},{"taxonomy":"post_tag","embeddable":true,"href":"https:\/\/historiografija.hr\/index.php?rest_route=%2Fwp%2Fv2%2Ftags&post=11146"}],"curies":[{"name":"wp","href":"https:\/\/api.w.org\/{rel}","templated":true}]}}