{"id":11122,"date":"2018-09-01T23:35:47","date_gmt":"2018-09-01T23:35:47","guid":{"rendered":"http:\/\/historiografija.hr\/?p=11122"},"modified":"2018-09-01T23:37:44","modified_gmt":"2018-09-01T23:37:44","slug":"jakuba-katalpa-roman-nijemci","status":"publish","type":"post","link":"https:\/\/historiografija.hr\/?p=11122","title":{"rendered":"Jakuba Katalpa, roman \u201cNijemci\u201d"},"content":{"rendered":"<p>Iz kritika: \u201emalo je kojem autoru uspjelo da tako \u010desto obra\u0111ivanu temu kao \u0161to su odnosi me\u0111u \u010cesima, Nijemcima, ratovima i totalitarnim re\u017eimima u Europi dvadesetoga stolje\u0107a iznese s takvim osje\u0107ajem za prikaz jedne intimne pri\u010de koja ne djeluje kao kroki za oslikavanje povijesti nego kao jedna vjerodostojna i velika kronika\u201c\u00a0\u00a0<em>(<\/em><em>Mf Dnes<\/em><em>)<\/em><\/p>\n<p>&nbsp;<\/p>\n<hr \/>\n<p>&nbsp;<\/p>\n<p><strong><em>Nijemci <\/em><\/strong><\/p>\n<p>&nbsp;<\/p>\n<p>Jakuba Katalpa<\/p>\n<p>&nbsp;<\/p>\n<p>Preveo s \u010de\u0161kog Emilio Nui\u0107<\/p>\n<p>Broj stranica: 496<\/p>\n<p>Godina izdanja: sije\u010danj 2018.<\/p>\n<p>&nbsp;<\/p>\n<p>Kada mlada \u010cehinja nakon o\u010deve smrti u njegovu stanu prona\u0111e remen\u010di\u0107e za ispravljanje dje\u010djih kukova, taj predmet potakne je da istra\u017ei \u201enjema\u010dku\u201c stranu o\u010deve obitelji. Prva je postaja grad Lahnstein, gdje \u017eivi obitelj Klare Rissmann, bake koju nikad nije upoznala i koja je napustila njezina oca jo\u0161 kao bebu. Raspli\u0107u\u0107i tajne bakina \u017eivota, protagonistica kre\u0107e na mo\u0107no putovanje kroz politi\u010dku klimu Prvog i Drugog svjetskog rata te uzdizanje i slom Reicha. Mozaik zamr\u0161ene obiteljske povijesti zapo\u010dinje u njema\u010dkom gradu Hinterbergenu, a nastavlja se u selu Rzy u Sudetima gdje Klara odlazi predavati kao u\u010diteljica. Njezin \u017eivot u \u010cehoslova\u010dkoj ispunjen je \u017eeljom za pripadanjem, novim ljubavima, ali i nenadoknadivim gubicima koji je potresaju i mijenjaju.<\/p>\n<p>U kompleksnoj povijesno-obiteljskoj pri\u010di mlada \u010de\u0161ka spisateljica Jakuba Katalpa \u010ditatelje uvodi u \u017eivote ljudi bliskih Klari te ocrtava anatomiju gubitaka. Britkim, fino isklesanim re\u010denicama na pozornicu uvodi plejadu \u017eivopisnih likova koji poput slagalice stvaraju ve\u0107u sliku te bacaju novo svjetlo na kompleksni odnos Nijemaca i \u010ceha. Roman <em>Nijemci<\/em> ovjen\u010dan je jednom od najve\u0107ih \u010de\u0161kih nagrada za knji\u017eevnost, \u201eJosef \u0160kvoreck\u00fd\u201c.<\/p>\n<p>&nbsp;<\/p>\n<p>&nbsp;<\/p>\n<p>\u201eLucidnim jezikom i kratkim, ispovjednim poglavljima, Katalpa stvara ma\u0161tovite mikronarative likova koji, uklju\u010duju\u0107i i Klaru, \u017eive u Sudetima i prkose dosada\u0161njim stereotipima o Nijemcima koji su na prostoru \u010ce\u0161ke \u017eivjeli prije, tijekom i poslije Drugog svjetskog rata.\u201c<br \/>\n<em>Literary Hub<\/em><\/p>\n<p>&nbsp;<\/p>\n<p>\u201e(\u2026) malo je kojem autoru uspjelo da tako \u010desto obra\u0111ivanu temu kao \u0161to su odnosi me\u0111u \u010cesima, Nijemcima, ratovima i totalitarnim re\u017eimima u Europi dvadesetoga stolje\u0107a iznese s takvim osje\u0107ajem za prikaz jedne intimne pri\u010de koja ne djeluje kao kroki za oslikavanje povijesti nego kao jedna vjerodostojna i velika kronika.\u201c<br \/>\n<em>Kl\u00e1ra Kub\u00ed\u010dkov\u00e1, Mf Dnes<\/em><\/p>\n<p>&nbsp;<\/p>\n<p>\u201eRoman Jakube Katalpe jednostavno nazvan <em>Nijemci <\/em>mogao bi biti kronikom nepravdi koje je sa sobom donijelo XX. stolje\u0107e. Autorica nas vodi kroz Hitlerovu Njema\u010dku, po Sudetima u doba Protektorata i pora\u0107a, kao i kroz \u010dehoslova\u010dko razdoblje normalizacije. Nijeme se drame, dodu\u0161e, odigravaju negdje drugdje.\u201c<br \/>\n<em>Blanka \u010cin\u00e1tlov\u00e1, A2<\/em><\/p>\n<p>&nbsp;<\/p>\n<p>\u201eKatalpa ne opisuje izravno ni ratna zbivanja ni poratni izgon Nijemaca iz \u010cehoslova\u010dke. Velike povijesne trenutke stavlja u konkretne mikroslu\u010dajeve onako kako se to radi s razgranatim epom: svaki lik koji se u romanu pojavi s kroni\u010darskom je pomnjivo\u0161\u0107u uveden na scenu i u potpunosti je osvijetljen, kao da je u tome trenutku sve drugo krajnje nebitno.\u201c<br \/>\n<em>\u0160t\u011bp\u00e1n Sirov\u00e1tka, Hospod\u00e1\u0159sk\u00e9 Noviny<\/em><\/p>\n<p>&nbsp;<\/p>\n<p>Izvor: <a href=\"https:\/\/hena-com.hr\/knjige\/cijena\/nijemci\">https:\/\/hena-com.hr\/knjige\/cijena\/nijemci<\/a><\/p>\n<p>&nbsp;<\/p>\n<p>&nbsp;<\/p>\n","protected":false},"excerpt":{"rendered":"","protected":false},"author":2,"featured_media":11123,"comment_status":"open","ping_status":"open","sticky":false,"template":"","format":"standard","meta":{"_acf_changed":false,"jetpack_post_was_ever_published":false,"_jetpack_newsletter_access":"","_jetpack_dont_email_post_to_subs":false,"_jetpack_newsletter_tier_id":0,"_jetpack_memberships_contains_paywalled_content":false,"_jetpack_memberships_contains_paid_content":false,"footnotes":"","jetpack_publicize_message":"","jetpack_publicize_feature_enabled":true,"jetpack_social_post_already_shared":true,"jetpack_social_options":{"image_generator_settings":{"template":"highway","default_image_id":0,"font":"","enabled":false},"version":2}},"categories":[3,12],"tags":[],"class_list":["post-11122","post","type-post","status-publish","format-standard","has-post-thumbnail","hentry","category-novosti","category-knjizevnost"],"acf":{"facebook_opis":""},"jetpack_publicize_connections":[],"jetpack_featured_media_url":"https:\/\/i0.wp.com\/historiografija.hr\/wp-content\/uploads\/2018\/09\/rsz_nijemci.jpg?fit=715%2C1109&ssl=1","jetpack_sharing_enabled":true,"jetpack-related-posts":[{"id":52592,"url":"https:\/\/historiografija.hr\/?p=52592","url_meta":{"origin":11122,"position":0},"title":"Predstavljanje knjige &#8220;Turska ku\u0107a u Rijeci&#8221; u Zagrebu","author":"Branimir Jankovi\u0107","date":"22. travnja 2026.","format":false,"excerpt":"U prostorijama Turskog kulturnog centra Yunus Emre u Zagrebu, u utorak 21. travnja 2026. godine, odr\u017eano je sve\u010dano predstavljanje dopunjenog izdanja knjige Turska ku\u0107a u Rijeci, u organizaciji Hrvatsko-turskog dru\u0161tva Rijeka i partnerstvu sa Skupinom prijateljstva Hrvatska-Turska Hrvatskog sabora, Veleposlanstvom Republike Turske u Republici Hrvatskoj te Turskim kulturnim centrom Yunus\u2026","rel":"","context":"U &quot;Novosti&quot;","block_context":{"text":"Novosti","link":"https:\/\/historiografija.hr\/?cat=3"},"img":{"alt_text":"","src":"https:\/\/i0.wp.com\/historiografija.hr\/wp-content\/uploads\/2026\/04\/Turska-kuca-ZG.jpg?fit=1200%2C800&ssl=1&resize=350%2C200","width":350,"height":200,"srcset":"https:\/\/i0.wp.com\/historiografija.hr\/wp-content\/uploads\/2026\/04\/Turska-kuca-ZG.jpg?fit=1200%2C800&ssl=1&resize=350%2C200 1x, https:\/\/i0.wp.com\/historiografija.hr\/wp-content\/uploads\/2026\/04\/Turska-kuca-ZG.jpg?fit=1200%2C800&ssl=1&resize=525%2C300 1.5x, https:\/\/i0.wp.com\/historiografija.hr\/wp-content\/uploads\/2026\/04\/Turska-kuca-ZG.jpg?fit=1200%2C800&ssl=1&resize=700%2C400 2x, https:\/\/i0.wp.com\/historiografija.hr\/wp-content\/uploads\/2026\/04\/Turska-kuca-ZG.jpg?fit=1200%2C800&ssl=1&resize=1050%2C600 3x"},"classes":[]},{"id":52508,"url":"https:\/\/historiografija.hr\/?p=52508","url_meta":{"origin":11122,"position":1},"title":"Glazbena radionica \u201eDUGMETARA REVISITED\u201c","author":"Branimir Jankovi\u0107","date":"17. travnja 2026.","format":false,"excerpt":"DUGMETARA REVISITED glazbena radionica vodi: Ana Horvat 13., 20. i 27. travnja, od 18 do 20 sati Radiona, Nova cesta 186 Na tri radioni\u010dka susreta uranjamo u naslje\u0111e Dugmetare, biv\u0161e tvornice dugmadi na Savskoj cesti koja je po\u010detkom 2000-ih igrom slu\u010daja postala \u017eivo, jedinstveno mjesto glazbene proizvodnje. Svoje su probe\u2026","rel":"","context":"U &quot;Novosti&quot;","block_context":{"text":"Novosti","link":"https:\/\/historiografija.hr\/?cat=3"},"img":{"alt_text":"","src":"https:\/\/i0.wp.com\/historiografija.hr\/wp-content\/uploads\/2026\/04\/TRESNJA_TRESTI.jpg?fit=380%2C475&ssl=1&resize=350%2C200","width":350,"height":200},"classes":[]},{"id":52669,"url":"https:\/\/historiografija.hr\/?p=52669","url_meta":{"origin":11122,"position":2},"title":"Predavanje Igora Dude &#8220;Odmor kao \u017eivotna potreba: o slobodnom vremenu u socijalisti\u010dkoj Jugoslaviji&#8221;","author":"Branimir Jankovi\u0107","date":"27. travnja 2026.","format":false,"excerpt":"U sklopu proljetnog ciklusa programa\u00a0Kriti\u010dka dramaturgija: pauza, u\u00a0subotu, 25. travnja 2026. u 19 sati\u00a0u prostoru Udru\u017eenja hrvatskih arhitekata povjesni\u010dar Igor Duda\u00a0odr\u017eao je predavanje naslovljeno\u00a0Odmor kao \u017eivotna potreba: o slobodnom vremenu u socijalisti\u010dkoj Jugoslaviji. Industrijalizacija i urbanizacija dru\u0161tava u povijesti su zna\u010dile i prelazak s predindustrijskog na industrijsko shva\u0107anje vremena. Ono\u2026","rel":"","context":"U &quot;Novosti&quot;","block_context":{"text":"Novosti","link":"https:\/\/historiografija.hr\/?cat=3"},"img":{"alt_text":"","src":"https:\/\/i0.wp.com\/historiografija.hr\/wp-content\/uploads\/2026\/04\/Duda.png?fit=1200%2C628&ssl=1&resize=350%2C200","width":350,"height":200,"srcset":"https:\/\/i0.wp.com\/historiografija.hr\/wp-content\/uploads\/2026\/04\/Duda.png?fit=1200%2C628&ssl=1&resize=350%2C200 1x, https:\/\/i0.wp.com\/historiografija.hr\/wp-content\/uploads\/2026\/04\/Duda.png?fit=1200%2C628&ssl=1&resize=525%2C300 1.5x, https:\/\/i0.wp.com\/historiografija.hr\/wp-content\/uploads\/2026\/04\/Duda.png?fit=1200%2C628&ssl=1&resize=700%2C400 2x, https:\/\/i0.wp.com\/historiografija.hr\/wp-content\/uploads\/2026\/04\/Duda.png?fit=1200%2C628&ssl=1&resize=1050%2C600 3x"},"classes":[]},{"id":52505,"url":"https:\/\/historiografija.hr\/?p=52505","url_meta":{"origin":11122,"position":3},"title":"Izlo\u017eba &#8220;Eschenstock \/ Jasenov prut&#8221;","author":"Branimir Jankovi\u0107","date":"17. travnja 2026.","format":false,"excerpt":"Srpsko narodno vije\u0107e (SNV) i Vizura aperta postavljaju izlo\u017ebu \u0161vicarskog slikara Velimira Ili\u0161evi\u0107a: Eschenstock \/ Jasenov prut. Izlo\u017eba se uz prisustvo autora otvara povodom 81. godi\u0161njice proboja logora\u0161a iz usta\u0161kog logora smrti Jasenovac 22. aprila 2026. u 19 sati u Srpskom kulturnom centru (SKC) u Preradovi\u0107evoj ulici 21 u Zagrebu.\u2026","rel":"","context":"U &quot;Izlo\u017ebe&quot;","block_context":{"text":"Izlo\u017ebe","link":"https:\/\/historiografija.hr\/?cat=10"},"img":{"alt_text":"","src":"https:\/\/i0.wp.com\/historiografija.hr\/wp-content\/uploads\/2026\/04\/Jasenov_prut.jpg?fit=1024%2C640&ssl=1&resize=350%2C200","width":350,"height":200,"srcset":"https:\/\/i0.wp.com\/historiografija.hr\/wp-content\/uploads\/2026\/04\/Jasenov_prut.jpg?fit=1024%2C640&ssl=1&resize=350%2C200 1x, https:\/\/i0.wp.com\/historiografija.hr\/wp-content\/uploads\/2026\/04\/Jasenov_prut.jpg?fit=1024%2C640&ssl=1&resize=525%2C300 1.5x, https:\/\/i0.wp.com\/historiografija.hr\/wp-content\/uploads\/2026\/04\/Jasenov_prut.jpg?fit=1024%2C640&ssl=1&resize=700%2C400 2x"},"classes":[]},{"id":52733,"url":"https:\/\/historiografija.hr\/?p=52733","url_meta":{"origin":11122,"position":4},"title":"Vlado Raji\u0107 \u201eGranica na kraju stolje\u0107a\u201c","author":"Filip \u0160imunjak","date":"29. travnja 2026.","format":false,"excerpt":"U suizdanju Durieuxa i Beletre objavljena je 2025. godine knjiga Granica na kraju stolje\u0107a autora Vlade Raji\u0107a.\u00a0 O knjizi\u00a0 Romansirana biografija Vladimira Iblera mnogo je vi\u0161e od zanimljive pri\u010de o privatnom \u017eivotu i impresivnoj profesionalnoj karijeri istaknutog stru\u010dnjaka za me\u0111unarodno pravo i dugo\u00adgodi\u0161njeg profesora na zagreba\u010dkom Pravnom fakultetu, akademika, koji\u2026","rel":"","context":"U &quot;Knjige&quot;","block_context":{"text":"Knjige","link":"https:\/\/historiografija.hr\/?cat=8"},"img":{"alt_text":"","src":"https:\/\/i0.wp.com\/historiografija.hr\/wp-content\/uploads\/2026\/04\/VLADO-RAJIC-GRANICA-NA-KRAJU-STOLJECA.jpg?fit=450%2C650&ssl=1&resize=350%2C200","width":350,"height":200},"classes":[]},{"id":52502,"url":"https:\/\/historiografija.hr\/?p=52502","url_meta":{"origin":11122,"position":5},"title":"Novi znanstveni projekt Hrvatskog instituta za povijest: \u201c\u017drtve ratova i dr\u017eavnog\/politi\u010dkog nasilja u hrvatskoj povijesti 20. stolje\u0107a\u201d","author":"Branimir Jankovi\u0107","date":"17. travnja 2026.","format":false,"excerpt":"Na redovitoj sjednici Vlade RH, 16. travnja 2026., donijet je Zaklju\u010dak kojim se pokre\u0107e znanstveni projekt \u201c\u017drtve ratova i dr\u017eavnog\/politi\u010dkog nasilja u hrvatskoj povijesti 20. stolje\u0107a\u201d. Projekt \u0107e provoditi i koordinirati Hrvatski institut za povijest u razdoblju trajanja projekta od pet godina. Zakljucak Vlade RH Iz teksta projektnog prijedloga: Problematika\u2026","rel":"","context":"U &quot;Novosti&quot;","block_context":{"text":"Novosti","link":"https:\/\/historiografija.hr\/?cat=3"},"img":{"alt_text":"","src":"https:\/\/i0.wp.com\/historiografija.hr\/wp-content\/uploads\/2026\/04\/Vlada-RH.jpg?fit=1200%2C557&ssl=1&resize=350%2C200","width":350,"height":200,"srcset":"https:\/\/i0.wp.com\/historiografija.hr\/wp-content\/uploads\/2026\/04\/Vlada-RH.jpg?fit=1200%2C557&ssl=1&resize=350%2C200 1x, https:\/\/i0.wp.com\/historiografija.hr\/wp-content\/uploads\/2026\/04\/Vlada-RH.jpg?fit=1200%2C557&ssl=1&resize=525%2C300 1.5x, https:\/\/i0.wp.com\/historiografija.hr\/wp-content\/uploads\/2026\/04\/Vlada-RH.jpg?fit=1200%2C557&ssl=1&resize=700%2C400 2x, https:\/\/i0.wp.com\/historiografija.hr\/wp-content\/uploads\/2026\/04\/Vlada-RH.jpg?fit=1200%2C557&ssl=1&resize=1050%2C600 3x"},"classes":[]}],"_links":{"self":[{"href":"https:\/\/historiografija.hr\/index.php?rest_route=\/wp\/v2\/posts\/11122","targetHints":{"allow":["GET"]}}],"collection":[{"href":"https:\/\/historiografija.hr\/index.php?rest_route=\/wp\/v2\/posts"}],"about":[{"href":"https:\/\/historiografija.hr\/index.php?rest_route=\/wp\/v2\/types\/post"}],"author":[{"embeddable":true,"href":"https:\/\/historiografija.hr\/index.php?rest_route=\/wp\/v2\/users\/2"}],"replies":[{"embeddable":true,"href":"https:\/\/historiografija.hr\/index.php?rest_route=%2Fwp%2Fv2%2Fcomments&post=11122"}],"version-history":[{"count":3,"href":"https:\/\/historiografija.hr\/index.php?rest_route=\/wp\/v2\/posts\/11122\/revisions"}],"predecessor-version":[{"id":11126,"href":"https:\/\/historiografija.hr\/index.php?rest_route=\/wp\/v2\/posts\/11122\/revisions\/11126"}],"wp:featuredmedia":[{"embeddable":true,"href":"https:\/\/historiografija.hr\/index.php?rest_route=\/wp\/v2\/media\/11123"}],"wp:attachment":[{"href":"https:\/\/historiografija.hr\/index.php?rest_route=%2Fwp%2Fv2%2Fmedia&parent=11122"}],"wp:term":[{"taxonomy":"category","embeddable":true,"href":"https:\/\/historiografija.hr\/index.php?rest_route=%2Fwp%2Fv2%2Fcategories&post=11122"},{"taxonomy":"post_tag","embeddable":true,"href":"https:\/\/historiografija.hr\/index.php?rest_route=%2Fwp%2Fv2%2Ftags&post=11122"}],"curies":[{"name":"wp","href":"https:\/\/api.w.org\/{rel}","templated":true}]}}