{"id":11079,"date":"2018-08-28T12:07:57","date_gmt":"2018-08-28T12:07:57","guid":{"rendered":"http:\/\/historiografija.hr\/?p=11079"},"modified":"2018-08-28T12:07:57","modified_gmt":"2018-08-28T12:07:57","slug":"antun-koncul-od-mora-do-mramora-stanovnistvo-graca-u-hercegovini","status":"publish","type":"post","link":"https:\/\/historiografija.hr\/?p=11079","title":{"rendered":"Antun Koncul, \u201eOd mora do Mramora. Stanovni\u0161tvo Graca u Hercegovini\u201c"},"content":{"rendered":"<p>U izdanju Zavoda za povijesne znanosti HAZU u Dubrovniku objavljena je 2018. godine knjiga Antuna Koncula \u201eOd mora do Mramora. Stanovni\u0161tvo Graca u Hercegovini\u201c.<\/p>\n<p>&nbsp;<\/p>\n<p>&#8212;<\/p>\n<p>&nbsp;<\/p>\n<p>Zavod za povijesne znanosti HAZU u Dubrovniku<\/p>\n<p>&nbsp;<\/p>\n<p><strong>Antun Koncul, <em>Od mora do Mramora. Stanovni\u0161tvo Graca u Hercegovini.<\/em> Zagreb-Dubrovnik: Zavod za povijesne znanosti HAZU u Dubrovniku, 2018.<\/strong><\/p>\n<p>&nbsp;<\/p>\n<p>Prvijenac Antuna Koncula 28. je monografija niza <em>Prilozi povijesti stanovni\u0161tva Dubrovnika i okolice <\/em>u izdanju Zavoda za povijesne znanosti HAZU u Dubrovniku. Uzorna povijesno-demografska studija kojoj je u fokusu stanovni\u0161tvo \u017eupe Gradac od 18. do po\u010detka 20. stolje\u0107a najprije je oblikovana kao doktorski rad obranjen na Sveu\u010dili\u0161tu u Zagrebu u okviru doktorskog studija Povijesti stanovni\u0161tva pod mentorstvom nedavno preminulog akademika Nenada Vekari\u0107a.<\/p>\n<p>Povijesna \u017eupa Gradac u Hercegovini nalazila se na trome\u0111i Osmanskog Carstva, Mleta\u010dke i Dubrova\u010dke Republike. Prostirala se od mora, koje je doticala na podru\u010dju Neuma, do Mramora na sjeveru, kako je to slikovito primijetio jedan grada\u010dki \u017eupnik. Za stanovnike grada\u010dke \u017eupe Dubrovnik je predstavljao glavni privla\u010dni \u010dimbenik zbog vi\u0161eg stupnja gospodarskog razvoja, a dulje vremena i kao sigurno uto\u010di\u0161te od progona zbog vjerske netolerancije. \u017dupa Gradac je imala izrazita iseljeni\u010dka obilje\u017eja. Stanovni\u0161tvo se kontinuirano doseljavalo na dubrova\u010dko podru\u010dje. Nemali broj dana\u0161njih stanovnika Dubrovnika ima grada\u010dke korijene. Stoga su rezultati analize kretanja stanovni\u0161tva ove hercegova\u010dke \u017eupe izuzetno va\u017eni ne samo kao dobrodo\u0161la povijesno-demografska mikro studija jednog znanstveno zanemarenog prostora nego i za bolje razumijevanje posebnosti razvoja stanovni\u0161tva na susjednom dubrova\u010dkom podru\u010dju.<\/p>\n<p>U knjizi autor slijedi proku\u0161ani model za povijesno-demografska istra\u017eivanja koji je razvio akademik Vekari\u0107. Isti model podjednako je uspje\u0161no primijenjen i u zapa\u017eenoj monografiji Marinka Mari\u0107a, <em>Stanovni\u0161tvo Popova u Hercegovini: Ravno<\/em> koja je u istom nizu objavljena 2015. godine. Bogato ilustrirana knjiga Antuna Koncula podijeljena je na osam poglavlja. Opremljena je s vi\u0161e od stotinu tablica i \u010detrdesetak grafikona, kazalima imena i mjesta, iscrpnim popisom vrela i literature i sa\u017eetkom na engleskom jeziku. U uvodnom poglavlju autor se osvrnuo na postoje\u0107a saznanja, postavio metodolo\u0161ki okvir i opisao politi\u010dke, gospodarske i vjerske prilike na podru\u010dju \u017eupe Gradac u razdoblju od 1709. do 1918. godine. Drugo poglavlje posve\u0107eno je vrlo zahtjevnom izra\u010dunu broja stanovnika \u017eupe Gradac na temelju mati\u010dnih knjiga i drugih izvora crkvene provenijencije kao \u0161to su izvje\u0161taji biskupa, vizitatora i \u017eupnika, osmanskih popisa-deftera i slu\u017ebenih autro-ugarskih popisa. Slijedi prikaz kretanja stanovni\u0161tva svakog pojedinog naselja \u017eupe Gradac. Autor je zatim analizirao natalitet, mortalitet i nupcijalitet, te dobnu, spolnu i vjersku strukturu grada\u010dkog stanovni\u0161tva. Posebna poglavlja posve\u0107ena su migracijama i analizi imenskog i prezimenskog fonda.<\/p>\n<p>Studija Antuna Koncula ocrtava stanovni\u0161tvo \u017eupe Gradac kao zajednicu zatvorenog tipa vrlo sli\u010dnu susjednoj hercegova\u010dkoj \u017eupi Popovo. Isti politi\u010dki i gospodarski razlozi utjecali su na ka\u0161njenje demografske tranzicije na prostoru Graca u odnosu na ruralne sredine u neposrednoj blizini, ali na dubrova\u010dkom podru\u010dju.<\/p>\n<p>Vizualno lijepa monografija pisana je vrlo jasnim i pitkim stilom koji bez napora mogu pratiti i osobe kojima povijest ni povijesna demografija nisu struka. Mno\u0161tvo fotografija, od kojih su neke i rariteti, dodatno olak\u0161avaju pra\u0107enje teksta. Knjiga \u0107e nesumnjivo imati brojnu i raznoliku \u010ditala\u010dku publiku.<\/p>\n<p>&nbsp;<\/p>\n<p>&nbsp;<\/p>\n<p>Rina Kralj-Brassard<\/p>\n<p>&nbsp;<\/p>\n<p>&nbsp;<\/p>\n<p>Izvor:<\/p>\n<p>&nbsp;<\/p>\n<blockquote class=\"wp-embedded-content\" data-secret=\"0KoVZC3VWr\"><p><a href=\"http:\/\/www.zavoddbk.org\/doktorski-studij\/antun-koncul-od-mora-do-mramora-stanovnistvo-graca-u-hercegovini-zagreb-dubrovnik-zavod-za-povijesne-znanosti-hazu-u-dubrovniku-2018\/\">Antun Koncul, Od mora do Mramora. Stanovni\u0161tvo Graca u Hercegovini. Zagreb-Dubrovnik: Zavod za povijesne znanosti HAZU u Dubrovniku, 2018.<\/a><\/p><\/blockquote>\n<p><iframe loading=\"lazy\" class=\"wp-embedded-content\" sandbox=\"allow-scripts\" security=\"restricted\" style=\"position: absolute; clip: rect(1px, 1px, 1px, 1px);\" src=\"http:\/\/www.zavoddbk.org\/doktorski-studij\/antun-koncul-od-mora-do-mramora-stanovnistvo-graca-u-hercegovini-zagreb-dubrovnik-zavod-za-povijesne-znanosti-hazu-u-dubrovniku-2018\/embed\/#?secret=0KoVZC3VWr\" data-secret=\"0KoVZC3VWr\" width=\"600\" height=\"338\" title=\"Ugradi WordPress objavu\" frameborder=\"0\" marginwidth=\"0\" marginheight=\"0\" scrolling=\"no\"><\/iframe><\/p>\n<p>&nbsp;<\/p>\n<p>&nbsp;<\/p>\n","protected":false},"excerpt":{"rendered":"","protected":false},"author":2,"featured_media":11080,"comment_status":"open","ping_status":"open","sticky":false,"template":"","format":"standard","meta":{"_acf_changed":false,"jetpack_post_was_ever_published":false,"_jetpack_newsletter_access":"","_jetpack_dont_email_post_to_subs":false,"_jetpack_newsletter_tier_id":0,"_jetpack_memberships_contains_paywalled_content":false,"_jetpack_memberships_contains_paid_content":false,"footnotes":"","jetpack_publicize_message":"","jetpack_publicize_feature_enabled":true,"jetpack_social_post_already_shared":true,"jetpack_social_options":{"image_generator_settings":{"template":"highway","default_image_id":0,"font":"","enabled":false},"version":2}},"categories":[8,3],"tags":[],"class_list":["post-11079","post","type-post","status-publish","format-standard","has-post-thumbnail","hentry","category-knjige","category-novosti"],"acf":{"facebook_opis":""},"jetpack_publicize_connections":[],"jetpack_featured_media_url":"https:\/\/i0.wp.com\/historiografija.hr\/wp-content\/uploads\/2018\/08\/koncul.jpg?fit=2577%2C3458&ssl=1","jetpack_sharing_enabled":true,"jetpack-related-posts":[{"id":52646,"url":"https:\/\/historiografija.hr\/?p=52646","url_meta":{"origin":11079,"position":0},"title":"5. MALI FESTIVAL POVIJESTI U LASTOVU","author":"Branimir Jankovi\u0107","date":"24. travnja 2026.","format":false,"excerpt":"Peti Mali festival povijesti odr\u017eava se od 25. do 27. travnja 2026. na Lastovu, u suradnji Zavoda za povijesne znanosti HAZU u Dubrovniku, Op\u0107ine Lastovo i Turisti\u010dke zajednice te uz potporu Dubrova\u010dko-neretvanske \u017eupanije. Predavanja: Dr. sc. Jasna \u010capo \u201eKu\u0107a kao zalog budu\u0107nosti i most izme\u0111u iseljenika i domovine\u201c Dr. sc.\u2026","rel":"","context":"U &quot;Novosti&quot;","block_context":{"text":"Novosti","link":"https:\/\/historiografija.hr\/?cat=3"},"img":{"alt_text":"","src":"https:\/\/i0.wp.com\/historiografija.hr\/wp-content\/uploads\/2026\/04\/Lastovo.jpg?fit=1200%2C700&ssl=1&resize=350%2C200","width":350,"height":200,"srcset":"https:\/\/i0.wp.com\/historiografija.hr\/wp-content\/uploads\/2026\/04\/Lastovo.jpg?fit=1200%2C700&ssl=1&resize=350%2C200 1x, https:\/\/i0.wp.com\/historiografija.hr\/wp-content\/uploads\/2026\/04\/Lastovo.jpg?fit=1200%2C700&ssl=1&resize=525%2C300 1.5x, https:\/\/i0.wp.com\/historiografija.hr\/wp-content\/uploads\/2026\/04\/Lastovo.jpg?fit=1200%2C700&ssl=1&resize=700%2C400 2x, https:\/\/i0.wp.com\/historiografija.hr\/wp-content\/uploads\/2026\/04\/Lastovo.jpg?fit=1200%2C700&ssl=1&resize=1050%2C600 3x"},"classes":[]},{"id":52666,"url":"https:\/\/historiografija.hr\/?p=52666","url_meta":{"origin":11079,"position":1},"title":"Najava programa Festivala povijesti Kliofest (5-8. V. 2026)","author":"Branimir Jankovi\u0107","date":"24. travnja 2026.","format":false,"excerpt":"Po trinaesti put odr\u017eava se Festival povijesti Kliofest! Do petka \u0107emo odr\u017eati osam okruglih stolova i dva kolokvija te niz predstavljanja knjiga i projekata razli\u010dite tematike, od antike do suvremenosti. Bit \u0107e predstavljeno i nekoliko izlo\u017ebi te odr\u017ean jedan povijesni kviz. Prikazat \u0107emo i jedan film \u2013 o generalu Boroevi\u0107u.\u2026","rel":"","context":"U &quot;Novosti&quot;","block_context":{"text":"Novosti","link":"https:\/\/historiografija.hr\/?cat=3"},"img":{"alt_text":"","src":"https:\/\/i0.wp.com\/historiografija.hr\/wp-content\/uploads\/2026\/04\/Kliofest-2026.jpg?fit=526%2C526&ssl=1&resize=350%2C200","width":350,"height":200,"srcset":"https:\/\/i0.wp.com\/historiografija.hr\/wp-content\/uploads\/2026\/04\/Kliofest-2026.jpg?fit=526%2C526&ssl=1&resize=350%2C200 1x, https:\/\/i0.wp.com\/historiografija.hr\/wp-content\/uploads\/2026\/04\/Kliofest-2026.jpg?fit=526%2C526&ssl=1&resize=525%2C300 1.5x"},"classes":[]},{"id":52563,"url":"https:\/\/historiografija.hr\/?p=52563","url_meta":{"origin":11079,"position":2},"title":"Predavanje Nenada Fabijani\u0107a o stadionu Poljud u Splitu","author":"Branimir Jankovi\u0107","date":"21. travnja 2026.","format":false,"excerpt":"Znanstveno vije\u0107e za arhitekturu, urbanizam i ure\u0111enje prostora Hrvatske akademije znanosti i umjetnosti organizira predavanje \u201cPo Poljudu\u201d koje \u0107e u srijedu 22. travnja 2026. s po\u010detkom u 14 sati u Knji\u017enici HAZU, Strossmayerov trg 14 u Zagrebu, odr\u017eati\u00a0prof. emerit. dr. art. Nenad Fabijani\u0107,\u00a0\u010dlan suradnik HAZU. Predavanje \u201ePo Poljudu\u201c (Projekt obnove)\u2026","rel":"","context":"U &quot;Novosti&quot;","block_context":{"text":"Novosti","link":"https:\/\/historiografija.hr\/?cat=3"},"img":{"alt_text":"","src":"https:\/\/i0.wp.com\/historiografija.hr\/wp-content\/uploads\/2026\/04\/Poljud-scaled.jpeg?fit=1200%2C800&ssl=1&resize=350%2C200","width":350,"height":200,"srcset":"https:\/\/i0.wp.com\/historiografija.hr\/wp-content\/uploads\/2026\/04\/Poljud-scaled.jpeg?fit=1200%2C800&ssl=1&resize=350%2C200 1x, https:\/\/i0.wp.com\/historiografija.hr\/wp-content\/uploads\/2026\/04\/Poljud-scaled.jpeg?fit=1200%2C800&ssl=1&resize=525%2C300 1.5x, https:\/\/i0.wp.com\/historiografija.hr\/wp-content\/uploads\/2026\/04\/Poljud-scaled.jpeg?fit=1200%2C800&ssl=1&resize=700%2C400 2x, https:\/\/i0.wp.com\/historiografija.hr\/wp-content\/uploads\/2026\/04\/Poljud-scaled.jpeg?fit=1200%2C800&ssl=1&resize=1050%2C600 3x"},"classes":[]},{"id":52578,"url":"https:\/\/historiografija.hr\/?p=52578","url_meta":{"origin":11079,"position":3},"title":"Poziv za sudjelovanje: XXII. Dani Julija Bene\u0161i\u0107a u Iloku","author":"Branimir Jankovi\u0107","date":"21. travnja 2026.","format":false,"excerpt":"Zavod za lingvisti\u010dka istra\u017eivanja Hrvatske akademije znanosti i umjetnosti, zajedno s Muzejom grada Iloka, organizira XXII. Dane Julija Bene\u0161i\u0107a, koji \u0107e se odr\u017eati od 28. do 30. listopada 2026. u Iloku.\u00a0Teme ovogodi\u0161njih Dana podijeljene su u dvije cjeline: Knji\u017eevno-jezikoslovni d\u00ecv\u0101n s Bene\u0161i\u0107em te Ilok i Srijem u povijesnim stalnicama i\u2026","rel":"","context":"U &quot;Novosti&quot;","block_context":{"text":"Novosti","link":"https:\/\/historiografija.hr\/?cat=3"},"img":{"alt_text":"","src":"https:\/\/i0.wp.com\/historiografija.hr\/wp-content\/uploads\/2019\/10\/HE2_Benesic.jpg?fit=413%2C591&ssl=1&resize=350%2C200","width":350,"height":200},"classes":[]},{"id":52660,"url":"https:\/\/historiografija.hr\/?p=52660","url_meta":{"origin":11079,"position":4},"title":"Medijski odjeci \u010dlanka Steve \u0110ura\u0161kovi\u0107a \u201e\u017dupanovljeva ne\u017eeljena djeca: ideolo\u0161ko pribli\u017eavanje neoliberala i kr\u0161\u0107anske radikalne desnice u Hrvatskoj\u201c","author":"Branimir Jankovi\u0107","date":"24. travnja 2026.","format":false,"excerpt":"U sklopu projekta \u201eIzazovi intelektualne povijesti: recepcije, preobrazbe i upotrebe politi\u010dkih ideja\u201c objavljen je polemi\u010dki \u010dlanak Steve \u0110ura\u0161kovi\u0107a \u201e\u017dupanovljeva ne\u017eeljena djeca: ideolo\u0161ko pribli\u017eavanje neoliberala i kr\u0161\u0107anske radikalne desnice u Hrvatskoj\u201c, koji je izazvao odre\u0111ene medijske reakcije. Stevo \u0110ura\u0161kovi\u0107 \u017dupanovljeva ne\u017eeljena djeca: ideolo\u0161ko pribli\u017eavanje neoliberala i kr\u0161\u0107anske radikalne desnice u Hrvatskoj\u2026","rel":"","context":"U &quot;Novosti&quot;","block_context":{"text":"Novosti","link":"https:\/\/historiografija.hr\/?cat=3"},"img":{"alt_text":"","src":"https:\/\/i0.wp.com\/historiografija.hr\/wp-content\/uploads\/2026\/04\/SD.png?fit=809%2C821&ssl=1&resize=350%2C200","width":350,"height":200,"srcset":"https:\/\/i0.wp.com\/historiografija.hr\/wp-content\/uploads\/2026\/04\/SD.png?fit=809%2C821&ssl=1&resize=350%2C200 1x, https:\/\/i0.wp.com\/historiografija.hr\/wp-content\/uploads\/2026\/04\/SD.png?fit=809%2C821&ssl=1&resize=525%2C300 1.5x, https:\/\/i0.wp.com\/historiografija.hr\/wp-content\/uploads\/2026\/04\/SD.png?fit=809%2C821&ssl=1&resize=700%2C400 2x"},"classes":[]},{"id":52628,"url":"https:\/\/historiografija.hr\/?p=52628","url_meta":{"origin":11079,"position":5},"title":"Predavanje dopisnog \u010dlana HAZU Alaina Finkielkrauta Izrael, Europa, antisemitizam","author":"Branimir Jankovi\u0107","date":"23. travnja 2026.","format":false,"excerpt":"Francuski filozof Alain Finkielkraut, redoviti \u010dlan Francuske akademije i dopisni \u010dlan HAZU, odr\u017eat \u0107e predavanje\u00a0Izrael, Europa, antisemitizam u utorak 28. travnja 2026. u 13 sati u Knji\u017enici HAZU,\u00a0Strossmayerov trg 14 u Zagrebu. Uvodne rije\u010di odr\u017eat \u0107e\u00a0akademkinja \u017deljka \u010corak i\u00a0akademik Dra\u017een Katunari\u0107. Predavanje \u0107e se odr\u017eati na francuskom jeziku uz konsekutivno\u2026","rel":"","context":"U &quot;Novosti&quot;","block_context":{"text":"Novosti","link":"https:\/\/historiografija.hr\/?cat=3"},"img":{"alt_text":"","src":"https:\/\/i0.wp.com\/historiografija.hr\/wp-content\/uploads\/2026\/04\/Alain_Finkielkraut.jpg?fit=350%2C407&ssl=1&resize=350%2C200","width":350,"height":200},"classes":[]}],"_links":{"self":[{"href":"https:\/\/historiografija.hr\/index.php?rest_route=\/wp\/v2\/posts\/11079","targetHints":{"allow":["GET"]}}],"collection":[{"href":"https:\/\/historiografija.hr\/index.php?rest_route=\/wp\/v2\/posts"}],"about":[{"href":"https:\/\/historiografija.hr\/index.php?rest_route=\/wp\/v2\/types\/post"}],"author":[{"embeddable":true,"href":"https:\/\/historiografija.hr\/index.php?rest_route=\/wp\/v2\/users\/2"}],"replies":[{"embeddable":true,"href":"https:\/\/historiografija.hr\/index.php?rest_route=%2Fwp%2Fv2%2Fcomments&post=11079"}],"version-history":[{"count":1,"href":"https:\/\/historiografija.hr\/index.php?rest_route=\/wp\/v2\/posts\/11079\/revisions"}],"predecessor-version":[{"id":11081,"href":"https:\/\/historiografija.hr\/index.php?rest_route=\/wp\/v2\/posts\/11079\/revisions\/11081"}],"wp:featuredmedia":[{"embeddable":true,"href":"https:\/\/historiografija.hr\/index.php?rest_route=\/wp\/v2\/media\/11080"}],"wp:attachment":[{"href":"https:\/\/historiografija.hr\/index.php?rest_route=%2Fwp%2Fv2%2Fmedia&parent=11079"}],"wp:term":[{"taxonomy":"category","embeddable":true,"href":"https:\/\/historiografija.hr\/index.php?rest_route=%2Fwp%2Fv2%2Fcategories&post=11079"},{"taxonomy":"post_tag","embeddable":true,"href":"https:\/\/historiografija.hr\/index.php?rest_route=%2Fwp%2Fv2%2Ftags&post=11079"}],"curies":[{"name":"wp","href":"https:\/\/api.w.org\/{rel}","templated":true}]}}