{"id":11064,"date":"2018-08-27T12:03:08","date_gmt":"2018-08-27T12:03:08","guid":{"rendered":"http:\/\/historiografija.hr\/?p=11064"},"modified":"2019-05-03T21:41:35","modified_gmt":"2019-05-03T21:41:35","slug":"polemike-i-pogledi-na-1968","status":"publish","type":"post","link":"https:\/\/historiografija.hr\/?p=11064","title":{"rendered":"Polemike i pogledi na 1968."},"content":{"rendered":"<p>Povodom 50. obljetnice studentske pobune u Jugoslaviji i svijetu 1968. godine donosimo u nastavku izbor tekstova povjesni\u010dara i drugih autora s razli\u010ditim pogledima i polemi\u010dkim ocjenama 1968.<\/p>\n<p>&nbsp;<\/p>\n<p>&nbsp;<\/p>\n<p>Neven Sesardi\u0107<\/p>\n<p><a href=\"https:\/\/www.jutarnji.hr\/vijesti\/hrvatska\/tajna-legendarne-jugoslavenske-68-je-li-kultni-studentski-bunt-bio-hrabar-pokusaj-jacanja-slobode-demokracije-i-politicke-tolerancije\/7373598\/\">https:\/\/www.jutarnji.hr\/vijesti\/hrvatska\/tajna-legendarne-jugoslavenske-68-je-li-kultni-studentski-bunt-bio-hrabar-pokusaj-jacanja-slobode-demokracije-i-politicke-tolerancije\/7373598\/<\/a><\/p>\n<p>&nbsp;<\/p>\n<p>Tvrtko Jakovina<\/p>\n<p><a href=\"https:\/\/www.jutarnji.hr\/magazin\/je-li-podsjecanje-na-tekovine-1968-ljevicarenje-ne-ali-je-zal-za-onim-sto-smo-trebali-zadrzati\/7403151\/\">https:\/\/www.jutarnji.hr\/magazin\/je-li-podsjecanje-na-tekovine-1968-ljevicarenje-ne-ali-je-zal-za-onim-sto-smo-trebali-zadrzati\/7403151\/<\/a><\/p>\n<p>&nbsp;<\/p>\n<p>Hrvoje Klasi\u0107<\/p>\n<p><a href=\"https:\/\/www.glasistre.hr\/6181a3e3-d80d-46a2-b040-882e53987211\">https:\/\/www.glasistre.hr\/6181a3e3-d80d-46a2-b040-882e53987211<\/a><\/p>\n<p><a href=\"https:\/\/www.oslobodjenje.ba\/o2\/kultura\/kadriranje-sezdeset-osme-da-misljenje-opet-ude-u-modu-369327\">https:\/\/www.oslobodjenje.ba\/o2\/kultura\/kadriranje-sezdeset-osme-da-misljenje-opet-ude-u-modu-369327<\/a><\/p>\n<p><a href=\"https:\/\/www.danas.rs\/drustvo\/pavicevic-1968-je-promenila-epohu\/\">https:\/\/www.danas.rs\/drustvo\/pavicevic-1968-je-promenila-epohu\/<\/a><\/p>\n<p><a href=\"https:\/\/www.youtube.com\/watch?v=ZO17zLOJjwM\">https:\/\/www.youtube.com\/watch?v=ZO17zLOJjwM<\/a><\/p>\n<p><a href=\"https:\/\/www.rtvslo.si\/kultura\/izbor-kultura\/hrvoje-klasic-dogodke-iz-casa-socializma-se-gleda-s-custvi-manj-pa-na-podlagi-dokumentov\/449256\">https:\/\/www.rtvslo.si\/kultura\/izbor-kultura\/hrvoje-klasic-dogodke-iz-casa-socializma-se-gleda-s-custvi-manj-pa-na-podlagi-dokumentov\/449256<\/a><\/p>\n<p><a href=\"https:\/\/www.youtube.com\/watch?v=xNTNzLi_f0A\">https:\/\/www.youtube.com\/watch?v=xNTNzLi_f0A<\/a><\/p>\n<p>&nbsp;<\/p>\n<p>Dragan Markovina<\/p>\n<p><a href=\"https:\/\/www.telegram.hr\/price\/uskoro-je-obljetnica-utopijske-studenske-pobune-68-ljevici-mozda-nije-posve-blesavo-prisjetiti-je-se\/\">https:\/\/www.telegram.hr\/price\/uskoro-je-obljetnica-utopijske-studenske-pobune-68-ljevici-mozda-nije-posve-blesavo-prisjetiti-je-se\/<\/a><\/p>\n<p>&nbsp;<\/p>\n<p>Marko Zubak, Ivica \u0160ola<\/p>\n<p><a href=\"http:\/\/radio.hrt.hr\/ep\/okrugli-stol-50-obljetnica-svibanjske-studentske-pobune\/255070\/\">http:\/\/radio.hrt.hr\/ep\/okrugli-stol-50-obljetnica-svibanjske-studentske-pobune\/255070\/<\/a><\/p>\n<p>&nbsp;<\/p>\n<p>\u017darko Puhovski, Rajko Grli\u0107<\/p>\n<p><a href=\"https:\/\/net.hr\/danas\/hrvatska\/bili-smo-na-tribini-o-nekoc-slavnoj-1968-mnogi-ne-razumiju-da-je-tito-imao-isti-moralni-kodeks-kao-danas-bozanic\/\">https:\/\/net.hr\/danas\/hrvatska\/bili-smo-na-tribini-o-nekoc-slavnoj-1968-mnogi-ne-razumiju-da-je-tito-imao-isti-moralni-kodeks-kao-danas-bozanic\/<\/a><\/p>\n<p>&nbsp;<\/p>\n<p>Trpimir Vedri\u0161<\/p>\n<p><a href=\"https:\/\/www.bitno.net\/academicus\/znanost\/trpimir-vedris-o-godini-koja-se-vraca-1968-kulturna-revolucija\/\">https:\/\/www.bitno.net\/academicus\/znanost\/trpimir-vedris-o-godini-koja-se-vraca-1968-kulturna-revolucija\/<\/a><\/p>\n<p><a href=\"https:\/\/hrcak.srce.hr\/203910\">https:\/\/hrcak.srce.hr\/203910<\/a><\/p>\n<p>&nbsp;<\/p>\n<p>Jure Vuji\u0107<\/p>\n<p><a href=\"http:\/\/www.matica.hr\/vijenac\/633\/sve-zablude-68-27953\/\">http:\/\/www.matica.hr\/vijenac\/633\/sve-zablude-68-27953\/<\/a><\/p>\n<p>&nbsp;<\/p>\n<p>Zlatko Kramari\u0107<\/p>\n<p><a href=\"http:\/\/www.glas-slavonije.hr\/362658\/1\/Sto-je-nakon-50-godina-ostalo-od-slavne-68\">http:\/\/www.glas-slavonije.hr\/362658\/1\/Sto-je-nakon-50-godina-ostalo-od-slavne-68<\/a><\/p>\n<p>&nbsp;<\/p>\n<p>Bo\u017eo Kova\u010devi\u0107<\/p>\n<p><a href=\"https:\/\/www.telegram.hr\/price\/sto-mozemo-nauciti-iz-trenutka-u-nasoj-povijesti-kad-je-vlast-ugusila-jedan-omladinski-casopis-zbog-straha-od-napretka\/\">https:\/\/www.telegram.hr\/price\/sto-mozemo-nauciti-iz-trenutka-u-nasoj-povijesti-kad-je-vlast-ugusila-jedan-omladinski-casopis-zbog-straha-od-napretka\/<\/a><\/p>\n<p>&nbsp;<\/p>\n<p><span style=\"color: #000000; font-family: Calibri; font-size: medium;\">Danilo Lu\u010di\u0107<\/span><\/p>\n<p><a href=\"http:\/\/casopis.skd-prosvjeta.hr\/neponovljivost-hiljadu-devetsto-sezdeset-osme\/\">http:\/\/casopis.skd-prosvjeta.hr\/neponovljivost-hiljadu-devetsto-sezdeset-osme\/<\/a><\/p>\n<p>&nbsp;<\/p>\n<p>Ivana Perica<\/p>\n<p><a href=\"http:\/\/slobodnifilozofski.com\/2018\/12\/1968-kulturna-evolucija-ili-revolucija.html\">http:\/\/slobodnifilozofski.com\/2018\/12\/1968-kulturna-evolucija-ili-revolucija.html<\/a><\/p>\n<p>&nbsp;<\/p>\n<p>Zvonimir Despot<\/p>\n<p><a href=\"https:\/\/blog.vecernji.hr\/zvonimir-despot\/tito-i-studentski-bunt-1968-godine-kako-je-tito-prevario-beogradske-studente-10236\">https:\/\/blog.vecernji.hr\/zvonimir-despot\/tito-i-studentski-bunt-1968-godine-kako-je-tito-prevario-beogradske-studente-10236<\/a><\/p>\n<p><a href=\"https:\/\/blog.vecernji.hr\/zvonimir-despot\/tito-i-studentski-bunt-1968-godine-2-u-zagrebu-su-bili-spremni-i-batinasi-10248\">https:\/\/blog.vecernji.hr\/zvonimir-despot\/tito-i-studentski-bunt-1968-godine-2-u-zagrebu-su-bili-spremni-i-batinasi-10248<\/a><\/p>\n<p><a href=\"https:\/\/blog.vecernji.hr\/zvonimir-despot\/tito-i-studentski-bunt-1968-godine-2-nasa-omladina-nece-visepartijski-sustav-10266\">https:\/\/blog.vecernji.hr\/zvonimir-despot\/tito-i-studentski-bunt-1968-godine-2-nasa-omladina-nece-visepartijski-sustav-10266<\/a><\/p>\n<p>&nbsp;<\/p>\n<p>Nikola Samard\u017ei\u0107<\/p>\n<p><a href=\"https:\/\/pescanik.net\/revolucija-koja-je-uspela-posto-je-propala\/\">https:\/\/pescanik.net\/revolucija-koja-je-uspela-posto-je-propala\/<\/a><\/p>\n<p>&nbsp;<\/p>\n<p>Vladimir Gligorov<\/p>\n<p><a href=\"https:\/\/pescanik.net\/1968-4\/\">https:\/\/pescanik.net\/1968-4\/<\/a><\/p>\n<p>&nbsp;<\/p>\n<p>\u017darko Puhovski<\/p>\n<p><a href=\"http:\/\/ideje.hr\/fantazmokracija-postumni-trijumf-kultur-talibanske-uobrazilje-nad-revolucionarnoscu-polit-idiota\/\">http:\/\/ideje.hr\/fantazmokracija-postumni-trijumf-kultur-talibanske-uobrazilje-nad-revolucionarnoscu-polit-idiota\/<\/a><\/p>\n<p><a href=\"https:\/\/pescanik.net\/pola-stoljeca-od-68\/\">https:\/\/pescanik.net\/pola-stoljeca-od-68\/<\/a><\/p>\n<p><a href=\"http:\/\/www.nedeljnik.rs\/nedeljnik\/portalnews\/studenti-su-nosili-titovu-mladalacku-sliku-iz-vremena-kad-je-ubijao-a-ne-staralacku-kad-je-krao-zarko-puhovski-o-apsurdima-1968-u-jugoslaviji\/\">http:\/\/www.nedeljnik.rs\/nedeljnik\/portalnews\/studenti-su-nosili-titovu-mladalacku-sliku-iz-vremena-kad-je-ubijao-a-ne-staralacku-kad-je-krao-zarko-puhovski-o-apsurdima-1968-u-jugoslaviji\/<\/a><\/p>\n<p><a href=\"http:\/\/www.nedeljnik.rs\/velike-price\/portalnews\/tribina-1968-pedeset-godina-kasnije-raspad-jugoslavije-poceo-je-studentskom-pobunom\/\">http:\/\/www.nedeljnik.rs\/velike-price\/portalnews\/tribina-1968-pedeset-godina-kasnije-raspad-jugoslavije-poceo-je-studentskom-pobunom\/<\/a><\/p>\n<p>&nbsp;<\/p>\n<p>Milivoj Be\u0161lin<\/p>\n<p><a href=\"http:\/\/avangarda.ba\/detaljno.php?id=562\">http:\/\/avangarda.ba\/detaljno.php?id=562<\/a><\/p>\n<p>&nbsp;<\/p>\n<p>Latinka Perovi\u0107<\/p>\n<p><a href=\"http:\/\/www.yuhistorija.com\/serbian\/jug_druga_1968_txt01.html\">http:\/\/www.yuhistorija.com\/serbian\/jug_druga_1968_txt01.html<\/a><\/p>\n<p>&nbsp;<\/p>\n<p>Dragoljub Mi\u0107unovi\u0107<\/p>\n<p><a href=\"http:\/\/www.yuhistorija.com\/serbian\/jug_druga_1968_txt02.html\">http:\/\/www.yuhistorija.com\/serbian\/jug_druga_1968_txt02.html<\/a><\/p>\n<p>&nbsp;<\/p>\n<p>Ljubi\u0161a Risti\u0107<\/p>\n<p><a href=\"http:\/\/www.yuhistorija.com\/serbian\/jug_druga_1968_txt04.html\">http:\/\/www.yuhistorija.com\/serbian\/jug_druga_1968_txt04.html<\/a><\/p>\n<p>&nbsp;<\/p>\n<p>Mijat Laki\u0107evi\u0107<\/p>\n<p><a href=\"http:\/\/www.yuhistorija.com\/serbian\/jug_druga_1968_txt03.html\">http:\/\/www.yuhistorija.com\/serbian\/jug_druga_1968_txt03.html<\/a><\/p>\n<p>&nbsp;<\/p>\n<p>Jelena Lalatovi\u0107<\/p>\n<p><a href=\"http:\/\/www.masina.rs\/?p=6815\">http:\/\/www.masina.rs\/?p=6815<\/a><\/p>\n<p>&nbsp;<\/p>\n<p>Zlatko Pakovi\u0107<\/p>\n<p><a href=\"https:\/\/www.danas.rs\/kolumna\/zlatko-pakovic\/1968-2018\/\">https:\/\/www.danas.rs\/kolumna\/zlatko-pakovic\/1968-2018\/<\/a><\/p>\n<p>&nbsp;<\/p>\n<p>Mirnes Sokolovi\u0107<\/p>\n<p><a href=\"http:\/\/www.zurnal.info\/novost\/21183\/sedmica-koja-je-pojela-borislava-pekica\">http:\/\/www.zurnal.info\/novost\/21183\/sedmica-koja-je-pojela-borislava-pekica<\/a><\/p>\n<p>&nbsp;<\/p>\n<p>Kemal Kurspahi\u0107<\/p>\n<p><a href=\"https:\/\/www.slobodnaevropa.org\/a\/kurspahic-studenti-pobuna-1968\/29265018.html\">https:\/\/www.slobodnaevropa.org\/a\/kurspahic-studenti-pobuna-1968\/29265018.html<\/a><\/p>\n<p>&nbsp;<\/p>\n<p>\u0110uro Kozar<\/p>\n<p><a href=\"https:\/\/www.oslobodjenje.ba\/dosjei\/kolumne\/ko-je-nostalgican-za-1968-370672\">https:\/\/www.oslobodjenje.ba\/dosjei\/kolumne\/ko-je-nostalgican-za-1968-370672<\/a><\/p>\n<p>&nbsp;<\/p>\n<p>Rayna Breuer<\/p>\n<p><a href=\"https:\/\/www.dw.com\/hr\/1968-u-jugoslaviji-socijalizam-druga%C4%8Dijeg-kova\/a-44052010\">https:\/\/www.dw.com\/hr\/1968-u-jugoslaviji-socijalizam-druga%C4%8Dijeg-kova\/a-44052010<\/a><\/p>\n<p>&nbsp;<\/p>\n<p>&nbsp;<\/p>\n","protected":false},"excerpt":{"rendered":"","protected":false},"author":2,"featured_media":11065,"comment_status":"open","ping_status":"open","sticky":false,"template":"","format":"standard","meta":{"_acf_changed":false,"jetpack_post_was_ever_published":false,"_jetpack_newsletter_access":"","_jetpack_dont_email_post_to_subs":false,"_jetpack_newsletter_tier_id":0,"_jetpack_memberships_contains_paywalled_content":false,"_jetpack_memberships_contains_paid_content":false,"footnotes":"","jetpack_publicize_message":"","jetpack_publicize_feature_enabled":true,"jetpack_social_post_already_shared":true,"jetpack_social_options":{"image_generator_settings":{"template":"highway","default_image_id":0,"font":"","enabled":false},"version":2}},"categories":[3,17],"tags":[],"class_list":["post-11064","post","type-post","status-publish","format-standard","has-post-thumbnail","hentry","category-novosti","category-rasprave"],"acf":{"facebook_opis":""},"jetpack_publicize_connections":[],"jetpack_featured_media_url":"https:\/\/i0.wp.com\/historiografija.hr\/wp-content\/uploads\/2018\/08\/1968.png?fit=259%2C194&ssl=1","jetpack_sharing_enabled":true,"jetpack-related-posts":[{"id":52660,"url":"https:\/\/historiografija.hr\/?p=52660","url_meta":{"origin":11064,"position":0},"title":"Medijski odjeci \u010dlanka Steve \u0110ura\u0161kovi\u0107a \u201e\u017dupanovljeva ne\u017eeljena djeca: ideolo\u0161ko pribli\u017eavanje neoliberala i kr\u0161\u0107anske radikalne desnice u Hrvatskoj\u201c","author":"Branimir Jankovi\u0107","date":"24. travnja 2026.","format":false,"excerpt":"U sklopu projekta \u201eIzazovi intelektualne povijesti: recepcije, preobrazbe i upotrebe politi\u010dkih ideja\u201c objavljen je polemi\u010dki \u010dlanak Steve \u0110ura\u0161kovi\u0107a \u201e\u017dupanovljeva ne\u017eeljena djeca: ideolo\u0161ko pribli\u017eavanje neoliberala i kr\u0161\u0107anske radikalne desnice u Hrvatskoj\u201c, koji je izazvao odre\u0111ene medijske reakcije. Stevo \u0110ura\u0161kovi\u0107 \u017dupanovljeva ne\u017eeljena djeca: ideolo\u0161ko pribli\u017eavanje neoliberala i kr\u0161\u0107anske radikalne desnice u Hrvatskoj\u2026","rel":"","context":"U &quot;Novosti&quot;","block_context":{"text":"Novosti","link":"https:\/\/historiografija.hr\/?cat=3"},"img":{"alt_text":"","src":"https:\/\/i0.wp.com\/historiografija.hr\/wp-content\/uploads\/2026\/04\/SD.png?fit=809%2C821&ssl=1&resize=350%2C200","width":350,"height":200,"srcset":"https:\/\/i0.wp.com\/historiografija.hr\/wp-content\/uploads\/2026\/04\/SD.png?fit=809%2C821&ssl=1&resize=350%2C200 1x, https:\/\/i0.wp.com\/historiografija.hr\/wp-content\/uploads\/2026\/04\/SD.png?fit=809%2C821&ssl=1&resize=525%2C300 1.5x, https:\/\/i0.wp.com\/historiografija.hr\/wp-content\/uploads\/2026\/04\/SD.png?fit=809%2C821&ssl=1&resize=700%2C400 2x"},"classes":[]},{"id":52439,"url":"https:\/\/historiografija.hr\/?p=52439","url_meta":{"origin":11064,"position":1},"title":"Tribina &#8220;Ahmi\u0107i 33 godine kasnije: Ne u na\u0161e ime&#8221;","author":"Branimir Jankovi\u0107","date":"16. travnja 2026.","format":false,"excerpt":"U \u010detvrtak, 16. travnja 2026. u 17 sati u Knji\u017enici i \u010ditaonici Bogdana Ogrizovi\u0107a u Zagrebu odr\u017eat \u0107e se tribina pod nazivom Ahmi\u0107i 33 godine kasnije: Ne u na\u0161e ime. Na tribini \u0107e govoriti Ivica \u0110iki\u0107, novinar, Mubera Masli\u0107 \u2013 \u017ddralovi\u0107, aktivistikinja, prevoditeljica za arapski, Domagoj Fuk, student politologije, \u010dlan\u2026","rel":"","context":"U &quot;Novosti&quot;","block_context":{"text":"Novosti","link":"https:\/\/historiografija.hr\/?cat=3"},"img":{"alt_text":"","src":"https:\/\/i0.wp.com\/historiografija.hr\/wp-content\/uploads\/2026\/04\/Zagreb_2026.jpeg?fit=1200%2C900&ssl=1&resize=350%2C200","width":350,"height":200,"srcset":"https:\/\/i0.wp.com\/historiografija.hr\/wp-content\/uploads\/2026\/04\/Zagreb_2026.jpeg?fit=1200%2C900&ssl=1&resize=350%2C200 1x, https:\/\/i0.wp.com\/historiografija.hr\/wp-content\/uploads\/2026\/04\/Zagreb_2026.jpeg?fit=1200%2C900&ssl=1&resize=525%2C300 1.5x, https:\/\/i0.wp.com\/historiografija.hr\/wp-content\/uploads\/2026\/04\/Zagreb_2026.jpeg?fit=1200%2C900&ssl=1&resize=700%2C400 2x, https:\/\/i0.wp.com\/historiografija.hr\/wp-content\/uploads\/2026\/04\/Zagreb_2026.jpeg?fit=1200%2C900&ssl=1&resize=1050%2C600 3x"},"classes":[]},{"id":52628,"url":"https:\/\/historiografija.hr\/?p=52628","url_meta":{"origin":11064,"position":2},"title":"Predavanje dopisnog \u010dlana HAZU Alaina Finkielkrauta Izrael, Europa, antisemitizam","author":"Branimir Jankovi\u0107","date":"23. travnja 2026.","format":false,"excerpt":"Francuski filozof Alain Finkielkraut, redoviti \u010dlan Francuske akademije i dopisni \u010dlan HAZU, odr\u017eat \u0107e predavanje\u00a0Izrael, Europa, antisemitizam u utorak 28. travnja 2026. u 13 sati u Knji\u017enici HAZU,\u00a0Strossmayerov trg 14 u Zagrebu. Uvodne rije\u010di odr\u017eat \u0107e\u00a0akademkinja \u017deljka \u010corak i\u00a0akademik Dra\u017een Katunari\u0107. Predavanje \u0107e se odr\u017eati na francuskom jeziku uz konsekutivno\u2026","rel":"","context":"U &quot;Novosti&quot;","block_context":{"text":"Novosti","link":"https:\/\/historiografija.hr\/?cat=3"},"img":{"alt_text":"","src":"https:\/\/i0.wp.com\/historiografija.hr\/wp-content\/uploads\/2026\/04\/Alain_Finkielkraut.jpg?fit=350%2C407&ssl=1&resize=350%2C200","width":350,"height":200},"classes":[]},{"id":52633,"url":"https:\/\/historiografija.hr\/?p=52633","url_meta":{"origin":11064,"position":3},"title":"POVIJEST TRE\u0160NJEVA\u010cKE GLAZBE: prikupljanje virtualnog fundusa Muzeja susjedstva Tre\u0161njevka","author":"Branimir Jankovi\u0107","date":"23. travnja 2026.","format":false,"excerpt":"utorak 28. 4. 2026. 14 - 18 h Nova BAZA, Nova cesta 66, Zagreb Prvi su dani ljeta 1957. godine. Bo\u017eica Kalafati\u0107 poha\u0111a drugi razred Osnovne \u0161kole Bratstvo i jedinstvo, danas kralja Tomislava, a ide i na muzi\u010dke satove u Mo\u0161\u0107eni\u010dkoj ulici. Na fotografiji s harmonikom u rukama stoji u\u2026","rel":"","context":"U &quot;Novosti&quot;","block_context":{"text":"Novosti","link":"https:\/\/historiografija.hr\/?cat=3"},"img":{"alt_text":"","src":"https:\/\/i0.wp.com\/historiografija.hr\/wp-content\/uploads\/2026\/04\/MST_prikupljanje.jpg?fit=380%2C475&ssl=1&resize=350%2C200","width":350,"height":200},"classes":[]},{"id":52505,"url":"https:\/\/historiografija.hr\/?p=52505","url_meta":{"origin":11064,"position":4},"title":"Izlo\u017eba &#8220;Eschenstock \/ Jasenov prut&#8221;","author":"Branimir Jankovi\u0107","date":"17. travnja 2026.","format":false,"excerpt":"Srpsko narodno vije\u0107e (SNV) i Vizura aperta postavljaju izlo\u017ebu \u0161vicarskog slikara Velimira Ili\u0161evi\u0107a: Eschenstock \/ Jasenov prut. Izlo\u017eba se uz prisustvo autora otvara povodom 81. godi\u0161njice proboja logora\u0161a iz usta\u0161kog logora smrti Jasenovac 22. aprila 2026. u 19 sati u Srpskom kulturnom centru (SKC) u Preradovi\u0107evoj ulici 21 u Zagrebu.\u2026","rel":"","context":"U &quot;Izlo\u017ebe&quot;","block_context":{"text":"Izlo\u017ebe","link":"https:\/\/historiografija.hr\/?cat=10"},"img":{"alt_text":"","src":"https:\/\/i0.wp.com\/historiografija.hr\/wp-content\/uploads\/2026\/04\/Jasenov_prut.jpg?fit=1024%2C640&ssl=1&resize=350%2C200","width":350,"height":200,"srcset":"https:\/\/i0.wp.com\/historiografija.hr\/wp-content\/uploads\/2026\/04\/Jasenov_prut.jpg?fit=1024%2C640&ssl=1&resize=350%2C200 1x, https:\/\/i0.wp.com\/historiografija.hr\/wp-content\/uploads\/2026\/04\/Jasenov_prut.jpg?fit=1024%2C640&ssl=1&resize=525%2C300 1.5x, https:\/\/i0.wp.com\/historiografija.hr\/wp-content\/uploads\/2026\/04\/Jasenov_prut.jpg?fit=1024%2C640&ssl=1&resize=700%2C400 2x"},"classes":[]},{"id":52569,"url":"https:\/\/historiografija.hr\/?p=52569","url_meta":{"origin":11064,"position":5},"title":"[Predavanje] Ne \u010dekaju\u0107i inspiraciju \u2013 anga\u017eovane intelektualne, kulturalne i umetni\u010dke prakse u me\u0111uratnom periodu: teorija i praksa kriti\u010dke levice u jugoslovenskoj kulturi (YugoLab)","author":"Branimir Jankovi\u0107","date":"21. travnja 2026.","format":false,"excerpt":"U vreme agresivnog ja\u010danja globalne desnice, (pro)fa\u0161isti\u010dkih, rasisti\u010dkih i imperijalisti\u010dkih politika, dok je istovremeno globalna levica izrazito slaba, a progresivni pokreti atomizirani i fragmentisani, va\u017eno je iz savremene perspektive vratiti se revolucionarnim i emancipatorskim zbivanjima u jugoslovenskom (ali i s njima u vezi internacionalnim de\u0161avanjima), kao i dru\u0161tvenoj ulozi kulturalnih\u2026","rel":"","context":"U &quot;Novosti&quot;","block_context":{"text":"Novosti","link":"https:\/\/historiografija.hr\/?cat=3"},"img":{"alt_text":"","src":"","width":0,"height":0},"classes":[]}],"_links":{"self":[{"href":"https:\/\/historiografija.hr\/index.php?rest_route=\/wp\/v2\/posts\/11064","targetHints":{"allow":["GET"]}}],"collection":[{"href":"https:\/\/historiografija.hr\/index.php?rest_route=\/wp\/v2\/posts"}],"about":[{"href":"https:\/\/historiografija.hr\/index.php?rest_route=\/wp\/v2\/types\/post"}],"author":[{"embeddable":true,"href":"https:\/\/historiografija.hr\/index.php?rest_route=\/wp\/v2\/users\/2"}],"replies":[{"embeddable":true,"href":"https:\/\/historiografija.hr\/index.php?rest_route=%2Fwp%2Fv2%2Fcomments&post=11064"}],"version-history":[{"count":5,"href":"https:\/\/historiografija.hr\/index.php?rest_route=\/wp\/v2\/posts\/11064\/revisions"}],"predecessor-version":[{"id":14664,"href":"https:\/\/historiografija.hr\/index.php?rest_route=\/wp\/v2\/posts\/11064\/revisions\/14664"}],"wp:featuredmedia":[{"embeddable":true,"href":"https:\/\/historiografija.hr\/index.php?rest_route=\/wp\/v2\/media\/11065"}],"wp:attachment":[{"href":"https:\/\/historiografija.hr\/index.php?rest_route=%2Fwp%2Fv2%2Fmedia&parent=11064"}],"wp:term":[{"taxonomy":"category","embeddable":true,"href":"https:\/\/historiografija.hr\/index.php?rest_route=%2Fwp%2Fv2%2Fcategories&post=11064"},{"taxonomy":"post_tag","embeddable":true,"href":"https:\/\/historiografija.hr\/index.php?rest_route=%2Fwp%2Fv2%2Ftags&post=11064"}],"curies":[{"name":"wp","href":"https:\/\/api.w.org\/{rel}","templated":true}]}}