{"id":11046,"date":"2018-08-24T14:34:11","date_gmt":"2018-08-24T14:34:11","guid":{"rendered":"http:\/\/historiografija.hr\/?p=11046"},"modified":"2020-12-21T21:08:19","modified_gmt":"2020-12-21T21:08:19","slug":"umro-povjesnicar-domenico-losurdo","status":"publish","type":"post","link":"https:\/\/historiografija.hr\/?p=11046","title":{"rendered":"Umro povjesni\u010dar Domenico Losurdo"},"content":{"rendered":"<p>Koncem lipnja 2018. u 77. godini umro je talijanski filozof i povjesni\u010dar Domenico Losurdo (1941-2018). Na hrvatski jezik prevedena je njegova knjiga \u201cHistorijski revizionizam. Problemi i mitovi\u201d (Zagreb: Prosvjeta, 2017).<\/p>\n<p>&nbsp;<\/p>\n<p>&#8212;<\/p>\n<p>&nbsp;<\/p>\n<p><strong>Domenico Losurdo &#8211; Historijski revizionizam: Problemi i mitovi<\/strong> (1. dio)<\/p>\n<p>&nbsp;<\/p>\n<p>\u0160to je to historijski revizionizam?<\/p>\n<p>&nbsp;<\/p>\n<p>&nbsp;<\/p>\n<p><strong>Domenico Losurdo &#8211; Historijski revizionizam: Problemi i mitovi<\/strong> (2. dio)<\/p>\n<p>&nbsp;<\/p>\n<p>Od ideolo\u0161ke opijenosti, preko Saturna koji pro\u017edire svoju djecu do dva oblika despecifikacije<\/p>\n<p>&nbsp;<\/p>\n<p>&nbsp;<\/p>\n<p><strong>Domenico Losurdo &#8211; Historijski revizionizam: Problemi i mitovi<\/strong> (3. dio)<\/p>\n<p>&nbsp;<\/p>\n<p>Revizionizam i evropski kolonijalizam<\/p>\n<p>&nbsp;<\/p>\n<p>&nbsp;<\/p>\n<p><a href=\"http:\/\/www.antifasisticki-vjesnik.org\/hr\/biblioteka\/\">http:\/\/www.antifasisticki-vjesnik.org\/hr\/biblioteka\/<\/a><\/p>\n<p>&nbsp;<\/p>\n<p>&nbsp;<\/p>\n<p>&#8212;<\/p>\n<p>&nbsp;<\/p>\n<p>Karlo Jurak<\/p>\n<p>&nbsp;<\/p>\n<p><strong>IN MEMORIAM<\/strong>: Domenico Losurdo (1941.-2018.)<\/p>\n<p>&nbsp;<\/p>\n<p>&nbsp;<\/p>\n<p><a href=\"http:\/\/www.maz.hr\/2018\/07\/11\/memoriam-domenico-losurdo-1941-2018\/\">http:\/\/www.maz.hr\/2018\/07\/11\/memoriam-domenico-losurdo-1941-2018\/<\/a><\/p>\n<p>&nbsp;<\/p>\n<p>&#8212;<\/p>\n<p>&nbsp;<\/p>\n<p><strong>Domenico Losurdo<\/strong> (14. 11. 1941. \u2013 28. 6. 2018.)<\/p>\n<p>&nbsp;<\/p>\n<p><a href=\"https:\/\/radnickafronta.hr\/citaonica\/clanci\/836-domenico-losurdo-14-studenog-1941-28-lipnja-2018\">https:\/\/radnickafronta.hr\/citaonica\/clanci\/836-domenico-losurdo-14-studenog-1941-28-lipnja-2018<\/a><\/p>\n<p>&nbsp;<\/p>\n<p>&#8212;<\/p>\n<p>&nbsp;<\/p>\n<p>Sre\u0107ko Pulig<\/p>\n<p>&nbsp;<\/p>\n<p>Domenico Losurdo, <em><strong>Historijski revizionizam; Problemi i mitovi<\/strong> <\/em>(s talijanskoga preveli Luka Bogdani\u0107 i Jasna Tkalec, Prosvjeta, Zagreb 2017.)<\/p>\n<p>&nbsp;<\/p>\n<p><a href=\"https:\/\/www.portalnovosti.com\/velika-kontrarevolucija\">https:\/\/www.portalnovosti.com\/velika-kontrarevolucija<\/a><\/p>\n<p>&nbsp;<\/p>\n<p>&nbsp;<\/p>\n<p>&#8212;<\/p>\n<p>&nbsp;<\/p>\n<p>Kre\u0161imir Zovak o Domenicu Losurdu (<em><strong>War and Revolution; Rethinking the Twentieth Century<\/strong><\/em>)<\/p>\n<p>&nbsp;<\/p>\n<p><a href=\"https:\/\/historiografija.hr\/wp-content\/uploads\/2018\/08\/2015-Gordogan-31-32.pdf\">2015-Gordogan-31-32<\/a><\/p>\n<p>&nbsp;<\/p>\n<p>&#8212;<\/p>\n<p>&nbsp;<\/p>\n<p><strong>Promocija knjige<\/strong> Domenica Losurda \u201cHistorijski revizionizam. Problemi i mitovi\u201d<\/p>\n<p>&nbsp;<\/p>\n<p><a href=\"https:\/\/historiografija.hr\/?p=9724\">https:\/\/historiografija.hr\/?p=9724<\/a><\/p>\n<p>&nbsp;<\/p>\n<p>&nbsp;<\/p>\n<p>Marijan Kraljevi\u0107 \u2013 <strong>prikaz knjige<\/strong> \u2013 Domenico Losurdo, \u201cHistorijski revizionizam\u201d, Zagreb 2017.<\/p>\n<p>&nbsp;<\/p>\n<p><a href=\"https:\/\/historiografija.hr\/?p=11034\">https:\/\/historiografija.hr\/?p=11034<\/a><\/p>\n<p>&nbsp;<\/p>\n<p>&#8212;<\/p>\n<p>&nbsp;<\/p>\n<p>Lucien S\u00e8ve<\/p>\n<p>&nbsp;<\/p>\n<p>Liberalizam, ideologija \u201crase gospodara\u201d<\/p>\n<p>&nbsp;<\/p>\n<p>Ud\u017ebeni\u010dke definicije liberalizam predstavljaju kao ideologiju individualne slobode i univerzalizacije ljudskih prava. <em>Protupovijest liberalizma<\/em>, va\u017ena knjiga preminuloga talijanskog povjesni\u010dara ideja <strong>Domenica Losurda<\/strong>, uvjerljivo otkriva selektivnost i jednostranost tih hagiografskih prikaza.<\/p>\n<p>&nbsp;<\/p>\n<p><a href=\"https:\/\/lemondediplomatique.hr\/liberalizam-ideologija-rase-gospodara\/\">https:\/\/lemondediplomatique.hr\/liberalizam-ideologija-rase-gospodara\/<\/a><\/p>\n<p>&nbsp;<\/p>\n<p>&#8212;<\/p>\n<p>&nbsp;<\/p>\n<p>Alen Tafra<\/p>\n<p>&nbsp;<\/p>\n<p>Revolucija, rat i mir: smisao 20. stolje\u0107a s one strane eurocentrizma<\/p>\n<p>&nbsp;<\/p>\n<p>Filozofska istra\u017eivanja, 4, 2016.<\/p>\n<p>&nbsp;<\/p>\n<p>U ovom se radu na aktualne izazove nastoji odgovoriti pomo\u0107u osvrta na interdisciplinarnu filozofiju povijesti <strong>Domenica Losurda<\/strong>.<\/p>\n<p>&nbsp;<\/p>\n<p><a href=\"https:\/\/hrcak.srce.hr\/180137\">https:\/\/hrcak.srce.hr\/180137<\/a><\/p>\n<p>&nbsp;<\/p>\n<p>&#8212;<\/p>\n<p>&nbsp;<\/p>\n<p>Alen Tafra<\/p>\n<p>&nbsp;<\/p>\n<p>O korisnosti intelektualne povijesti<\/p>\n<p>(<strong>Domenico Losurdo<\/strong>: Controstoria del Liberalismo \/ Protupovijest liberalizma)<\/p>\n<p>&nbsp;<\/p>\n<p>Nova Istra, broj 3-4\/2014.<\/p>\n<p>&nbsp;<\/p>\n<p><a href=\"http:\/\/www.dhk-pula.hr\/casopis-nova-istra\/detaljnije\/nova-istra-broj-3-4-2014\">http:\/\/www.dhk-pula.hr\/casopis-nova-istra\/detaljnije\/nova-istra-broj-3-4-2014<\/a><\/p>\n<p>&nbsp;<\/p>\n<p><a href=\"https:\/\/issuu.com\/istarskiogranakdhk\/docs\/ni-3-4-2014-002\">https:\/\/issuu.com\/istarskiogranakdhk\/docs\/ni-3-4-2014-002<\/a><\/p>\n<p>&nbsp;<\/p>\n<p>&nbsp;<\/p>\n","protected":false},"excerpt":{"rendered":"","protected":false},"author":2,"featured_media":11050,"comment_status":"open","ping_status":"open","sticky":false,"template":"","format":"standard","meta":{"_acf_changed":false,"jetpack_post_was_ever_published":false,"_jetpack_newsletter_access":"","_jetpack_dont_email_post_to_subs":false,"_jetpack_newsletter_tier_id":0,"_jetpack_memberships_contains_paywalled_content":false,"_jetpack_memberships_contains_paid_content":false,"footnotes":"","jetpack_publicize_message":"","jetpack_publicize_feature_enabled":true,"jetpack_social_post_already_shared":true,"jetpack_social_options":{"image_generator_settings":{"template":"highway","default_image_id":0,"font":"","enabled":false},"version":2}},"categories":[3,20],"tags":[],"class_list":["post-11046","post","type-post","status-publish","format-standard","has-post-thumbnail","hentry","category-novosti","category-obavijesti-o-smrti-i-nekrolozi"],"acf":{"facebook_opis":""},"jetpack_publicize_connections":[],"jetpack_featured_media_url":"https:\/\/i0.wp.com\/historiografija.hr\/wp-content\/uploads\/2018\/08\/Losurdo.png?fit=658%2C453&ssl=1","jetpack_sharing_enabled":true,"jetpack-related-posts":[{"id":52613,"url":"https:\/\/historiografija.hr\/?p=52613","url_meta":{"origin":11046,"position":0},"title":"No\u0107 knjige u Hrvatskom dr\u017eavnom arhivu","author":"Branimir Jankovi\u0107","date":"22. travnja 2026.","format":false,"excerpt":"Predstavljanje knjige Rajke Bu\u0107in \u201dLije\u010denje i zbrinjavanje \u017didova u Bolnici sestara milosrdnica u Zagrebu 1941. \u2013 1945.\u201d u \u010detvrtak, 23. travnja 2026. u 13 sati u Hrvatskom dr\u017eavnom arhivu u Zagrebu. Izvor: https:\/\/www.arhiv.hr\/hr-hr\/Kulturno-prosvjetne-aktivnosti\/ArticleId\/1986\/oamid\/1633","rel":"","context":"U &quot;Novosti&quot;","block_context":{"text":"Novosti","link":"https:\/\/historiografija.hr\/?cat=3"},"img":{"alt_text":"","src":"https:\/\/i0.wp.com\/historiografija.hr\/wp-content\/uploads\/2026\/04\/noc_knjige_2026.jpg?fit=680%2C276&ssl=1&resize=350%2C200","width":350,"height":200,"srcset":"https:\/\/i0.wp.com\/historiografija.hr\/wp-content\/uploads\/2026\/04\/noc_knjige_2026.jpg?fit=680%2C276&ssl=1&resize=350%2C200 1x, https:\/\/i0.wp.com\/historiografija.hr\/wp-content\/uploads\/2026\/04\/noc_knjige_2026.jpg?fit=680%2C276&ssl=1&resize=525%2C300 1.5x"},"classes":[]},{"id":52573,"url":"https:\/\/historiografija.hr\/?p=52573","url_meta":{"origin":11046,"position":1},"title":"Znanstvena konferencija &#8220;Filozofija odgoja: povijest, praksa, perspektive&#8221;","author":"Branimir Jankovi\u0107","date":"21. travnja 2026.","format":false,"excerpt":"Znanstvena konferencija \"Filozofija odgoja: povijest, praksa, perspektive\" odr\u017eat \u0107e se 23. i 24. travnja 2026. u Konferencijskoj dvorani Knji\u017enice Filozofskog fakulteta u Zagrebu (2. kat).\u00a0Konferencija je organizirana u okviru projekta\u00a0SUMKOS (voditeljica prof. dr. sc. Ivana Zagorac, financiran\u00a0sredstvima NextGenerationEU), uz potporu Odsjeka za filozofiju.\u00a0 Uz izlaga\u010dki dio, konferencija obuhva\u0107a i izlo\u017ebu\u2026","rel":"","context":"U &quot;Novosti&quot;","block_context":{"text":"Novosti","link":"https:\/\/historiografija.hr\/?cat=3"},"img":{"alt_text":"","src":"","width":0,"height":0},"classes":[]},{"id":52592,"url":"https:\/\/historiografija.hr\/?p=52592","url_meta":{"origin":11046,"position":2},"title":"Predstavljanje knjige &#8220;Turska ku\u0107a u Rijeci&#8221; u Zagrebu","author":"Branimir Jankovi\u0107","date":"22. travnja 2026.","format":false,"excerpt":"U prostorijama Turskog kulturnog centra Yunus Emre u Zagrebu, u utorak 21. travnja 2026. godine, odr\u017eano je sve\u010dano predstavljanje dopunjenog izdanja knjige Turska ku\u0107a u Rijeci, u organizaciji Hrvatsko-turskog dru\u0161tva Rijeka i partnerstvu sa Skupinom prijateljstva Hrvatska-Turska Hrvatskog sabora, Veleposlanstvom Republike Turske u Republici Hrvatskoj te Turskim kulturnim centrom Yunus\u2026","rel":"","context":"U &quot;Novosti&quot;","block_context":{"text":"Novosti","link":"https:\/\/historiografija.hr\/?cat=3"},"img":{"alt_text":"","src":"https:\/\/i0.wp.com\/historiografija.hr\/wp-content\/uploads\/2026\/04\/Turska-kuca-ZG.jpg?fit=1200%2C800&ssl=1&resize=350%2C200","width":350,"height":200,"srcset":"https:\/\/i0.wp.com\/historiografija.hr\/wp-content\/uploads\/2026\/04\/Turska-kuca-ZG.jpg?fit=1200%2C800&ssl=1&resize=350%2C200 1x, https:\/\/i0.wp.com\/historiografija.hr\/wp-content\/uploads\/2026\/04\/Turska-kuca-ZG.jpg?fit=1200%2C800&ssl=1&resize=525%2C300 1.5x, https:\/\/i0.wp.com\/historiografija.hr\/wp-content\/uploads\/2026\/04\/Turska-kuca-ZG.jpg?fit=1200%2C800&ssl=1&resize=700%2C400 2x, https:\/\/i0.wp.com\/historiografija.hr\/wp-content\/uploads\/2026\/04\/Turska-kuca-ZG.jpg?fit=1200%2C800&ssl=1&resize=1050%2C600 3x"},"classes":[]},{"id":52508,"url":"https:\/\/historiografija.hr\/?p=52508","url_meta":{"origin":11046,"position":3},"title":"Glazbena radionica \u201eDUGMETARA REVISITED\u201c","author":"Branimir Jankovi\u0107","date":"17. travnja 2026.","format":false,"excerpt":"DUGMETARA REVISITED glazbena radionica vodi: Ana Horvat 13., 20. i 27. travnja, od 18 do 20 sati Radiona, Nova cesta 186 Na tri radioni\u010dka susreta uranjamo u naslje\u0111e Dugmetare, biv\u0161e tvornice dugmadi na Savskoj cesti koja je po\u010detkom 2000-ih igrom slu\u010daja postala \u017eivo, jedinstveno mjesto glazbene proizvodnje. Svoje su probe\u2026","rel":"","context":"U &quot;Novosti&quot;","block_context":{"text":"Novosti","link":"https:\/\/historiografija.hr\/?cat=3"},"img":{"alt_text":"","src":"https:\/\/i0.wp.com\/historiografija.hr\/wp-content\/uploads\/2026\/04\/TRESNJA_TRESTI.jpg?fit=380%2C475&ssl=1&resize=350%2C200","width":350,"height":200},"classes":[]},{"id":52666,"url":"https:\/\/historiografija.hr\/?p=52666","url_meta":{"origin":11046,"position":4},"title":"Najava programa Festivala povijesti Kliofest (5-8. V. 2026)","author":"Branimir Jankovi\u0107","date":"24. travnja 2026.","format":false,"excerpt":"Po trinaesti put odr\u017eava se Festival povijesti Kliofest! Do petka \u0107emo odr\u017eati osam okruglih stolova i dva kolokvija te niz predstavljanja knjiga i projekata razli\u010dite tematike, od antike do suvremenosti. Bit \u0107e predstavljeno i nekoliko izlo\u017ebi te odr\u017ean jedan povijesni kviz. Prikazat \u0107emo i jedan film \u2013 o generalu Boroevi\u0107u.\u2026","rel":"","context":"U &quot;Novosti&quot;","block_context":{"text":"Novosti","link":"https:\/\/historiografija.hr\/?cat=3"},"img":{"alt_text":"","src":"https:\/\/i0.wp.com\/historiografija.hr\/wp-content\/uploads\/2026\/04\/Kliofest-2026.jpg?fit=526%2C526&ssl=1&resize=350%2C200","width":350,"height":200,"srcset":"https:\/\/i0.wp.com\/historiografija.hr\/wp-content\/uploads\/2026\/04\/Kliofest-2026.jpg?fit=526%2C526&ssl=1&resize=350%2C200 1x, https:\/\/i0.wp.com\/historiografija.hr\/wp-content\/uploads\/2026\/04\/Kliofest-2026.jpg?fit=526%2C526&ssl=1&resize=525%2C300 1.5x"},"classes":[]},{"id":52631,"url":"https:\/\/historiografija.hr\/?p=52631","url_meta":{"origin":11046,"position":5},"title":"Predavanje Ivana Tepe\u0161a: Djelovanje hrvatske politi\u010dke emigracije","author":"Branimir Jankovi\u0107","date":"23. travnja 2026.","format":false,"excerpt":"Odjel za me\u0111unarodnu suradnju i iseljeni\u0161tvo Matice hrvatske Predavanje Ivana Tepe\u0161a: Djelovanje hrvatske politi\u010dke emigracije Utorak, 28. travnja 2026. u 18:00 sati, Dvorana Ljudevita Jonkea (Mala dvorana MH), Strossmayerov trg 4, Zagreb dr. sc. Ivan Tepe\u0161, Institut za istra\u017eivanje migracija Hrvatska politi\u010dka emigracija obilje\u017eila je polustoljetnu hrvatsku povijest u drugoj\u2026","rel":"","context":"U &quot;Novosti&quot;","block_context":{"text":"Novosti","link":"https:\/\/historiografija.hr\/?cat=3"},"img":{"alt_text":"","src":"","width":0,"height":0},"classes":[]}],"_links":{"self":[{"href":"https:\/\/historiografija.hr\/index.php?rest_route=\/wp\/v2\/posts\/11046","targetHints":{"allow":["GET"]}}],"collection":[{"href":"https:\/\/historiografija.hr\/index.php?rest_route=\/wp\/v2\/posts"}],"about":[{"href":"https:\/\/historiografija.hr\/index.php?rest_route=\/wp\/v2\/types\/post"}],"author":[{"embeddable":true,"href":"https:\/\/historiografija.hr\/index.php?rest_route=\/wp\/v2\/users\/2"}],"replies":[{"embeddable":true,"href":"https:\/\/historiografija.hr\/index.php?rest_route=%2Fwp%2Fv2%2Fcomments&post=11046"}],"version-history":[{"count":2,"href":"https:\/\/historiografija.hr\/index.php?rest_route=\/wp\/v2\/posts\/11046\/revisions"}],"predecessor-version":[{"id":11051,"href":"https:\/\/historiografija.hr\/index.php?rest_route=\/wp\/v2\/posts\/11046\/revisions\/11051"}],"wp:featuredmedia":[{"embeddable":true,"href":"https:\/\/historiografija.hr\/index.php?rest_route=\/wp\/v2\/media\/11050"}],"wp:attachment":[{"href":"https:\/\/historiografija.hr\/index.php?rest_route=%2Fwp%2Fv2%2Fmedia&parent=11046"}],"wp:term":[{"taxonomy":"category","embeddable":true,"href":"https:\/\/historiografija.hr\/index.php?rest_route=%2Fwp%2Fv2%2Fcategories&post=11046"},{"taxonomy":"post_tag","embeddable":true,"href":"https:\/\/historiografija.hr\/index.php?rest_route=%2Fwp%2Fv2%2Ftags&post=11046"}],"curies":[{"name":"wp","href":"https:\/\/api.w.org\/{rel}","templated":true}]}}