{"id":11028,"date":"2018-08-24T11:56:52","date_gmt":"2018-08-24T11:56:52","guid":{"rendered":"http:\/\/historiografija.hr\/?p=11028"},"modified":"2018-08-24T12:50:50","modified_gmt":"2018-08-24T12:50:50","slug":"50-obljetnica-gusenja-praskog-proljeca-tekstovi-povjesnicara-i-drugih-autora","status":"publish","type":"post","link":"https:\/\/historiografija.hr\/?p=11028","title":{"rendered":"50. obljetnica gu\u0161enja Pra\u0161kog prolje\u0107a \u2013 tekstovi povjesni\u010dara i drugih autora"},"content":{"rendered":"<p>Povodom 50. obljetnice gu\u0161enja Pra\u0161kog prolje\u0107a 1968. upu\u0107ujemo u nastavku na tekstove povjesni\u010dara Tvrtka Jakovine, Hrvoja Klasi\u0107a, Milivoja Be\u0161lina i Marina Badurine te drugih autora poput Rajka Grli\u0107a, Bo\u017ee Kova\u010devi\u0107a, Sofije Kordi\u0107, Dragana Biseni\u0107a, Silvija Toma\u0161evi\u0107a.<\/p>\n<p>&nbsp;<\/p>\n<p>&#8212;<\/p>\n<p>&nbsp;<\/p>\n<p>Kolovoz 2018.<\/p>\n<p>&nbsp;<\/p>\n<p>HINA<\/p>\n<p><a href=\"https:\/\/www.tportal.hr\/vijesti\/clanak\/ceska-i-slovacka-obiljezavaju-50-obljetnicu-gusenja-praskog-proljeca-foto-20180821\/print\">https:\/\/www.tportal.hr\/vijesti\/clanak\/ceska-i-slovacka-obiljezavaju-50-obljetnicu-gusenja-praskog-proljeca-foto-20180821\/print<\/a><\/p>\n<p><a href=\"https:\/\/nacionalniportal.hr\/kamionom-na-ljude-sovjetska-okupacija-cehoslovacke\/\">https:\/\/nacionalniportal.hr\/kamionom-na-ljude-sovjetska-okupacija-cehoslovacke\/<\/a><\/p>\n<p><a href=\"https:\/\/nacionalniportal.hr\/ceski-premijer-babis-bivsi-komunist-izvizdan-tijekom-govora-o-sovjetskoj-invaziji\/\">https:\/\/nacionalniportal.hr\/ceski-premijer-babis-bivsi-komunist-izvizdan-tijekom-govora-o-sovjetskoj-invaziji\/<\/a><\/p>\n<p><a href=\"https:\/\/nacionalniportal.hr\/osmero-hrabrih-na-crvenom-trgu-protiv-gusenja-praskog-proljeca\/\">https:\/\/nacionalniportal.hr\/osmero-hrabrih-na-crvenom-trgu-protiv-gusenja-praskog-proljeca\/<\/a><\/p>\n<p>&nbsp;<\/p>\n<p>DW<\/p>\n<p><a href=\"https:\/\/www.dw.com\/hr\/no%C4%87-kada-su-do%C5%A1li-tenkovi\/a-45147433\">https:\/\/www.dw.com\/hr\/no%C4%87-kada-su-do%C5%A1li-tenkovi\/a-45147433<\/a><\/p>\n<p>&nbsp;<\/p>\n<p>Povijest \u010detvrtkom<\/p>\n<p><a href=\"https:\/\/radio.hrt.hr\/ep\/povijest-cetvrtkom\/266839\/\">https:\/\/radio.hrt.hr\/ep\/povijest-cetvrtkom\/266839\/<\/a><\/p>\n<p>&nbsp;<\/p>\n<p>Tvrtko Jakovina<\/p>\n<p><a href=\"https:\/\/www.jutarnji.hr\/globus\/Globus-svijet\/ljeto-kad-je-zgazeno-prasko-proljece-50-godina-od-sovjetske-invazije-na-cehoslovacku-samo-11-dana-prije-u-pragu-su-mase-tita-docekale-kao-heroja\/7736250\/\">https:\/\/www.jutarnji.hr\/globus\/Globus-svijet\/ljeto-kad-je-zgazeno-prasko-proljece-50-godina-od-sovjetske-invazije-na-cehoslovacku-samo-11-dana-prije-u-pragu-su-mase-tita-docekale-kao-heroja\/7736250\/<\/a><\/p>\n<p>&nbsp;<\/p>\n<p>Hrvoje Klasi\u0107<\/p>\n<p><a href=\"https:\/\/net.hr\/danas\/svijet\/od-bijede-i-ocaja-za-nas-su-postali-amerika-prije-tocno-50-godina-rusi-su-ih-tenkovima-bacili-na-dno-a-sada-luksuzno-stizu-na-jadran\/\">https:\/\/net.hr\/danas\/svijet\/od-bijede-i-ocaja-za-nas-su-postali-amerika-prije-tocno-50-godina-rusi-su-ih-tenkovima-bacili-na-dno-a-sada-luksuzno-stizu-na-jadran\/<\/a><\/p>\n<p>&nbsp;<\/p>\n<p>Milivoj Be\u0161lin<\/p>\n<p><a href=\"http:\/\/avangarda.ba\/detaljno.php?id=611\">http:\/\/avangarda.ba\/detaljno.php?id=611<\/a><\/p>\n<p>&nbsp;<\/p>\n<p>Marino Badurina<\/p>\n<p><a href=\"http:\/\/www.tacno.net\/zagreb\/50-godina-od-sloma-praskog-proljeca-kako-je-rock-pobijedio-ruske-tenkove-i-zasto-je-kundera-bio-u-krivu\/\">http:\/\/www.tacno.net\/zagreb\/50-godina-od-sloma-praskog-proljeca-kako-je-rock-pobijedio-ruske-tenkove-i-zasto-je-kundera-bio-u-krivu\/<\/a><\/p>\n<p>&nbsp;<\/p>\n<p>Rajko Grli\u0107<\/p>\n<p><a href=\"https:\/\/www.express.hr\/life\/u-tom-trenutku-cesi-su-se-sprdali-sami-sa-sobom-6652\">https:\/\/www.express.hr\/life\/u-tom-trenutku-cesi-su-se-sprdali-sami-sa-sobom-6652<\/a><\/p>\n<p>&nbsp;<\/p>\n<p>Bo\u017eo Kova\u010devi\u0107<\/p>\n<p><a href=\"https:\/\/www.telegram.hr\/price\/kako-su-se-prije-50-godina-cesi-i-slovaci-probudili-i-shvatili-da-su-pod-okupacijom\/\">https:\/\/www.telegram.hr\/price\/kako-su-se-prije-50-godina-cesi-i-slovaci-probudili-i-shvatili-da-su-pod-okupacijom\/<\/a><\/p>\n<p>&nbsp;<\/p>\n<p>Sofija Kordi\u0107<\/p>\n<p><a href=\"http:\/\/ideje.hr\/pola-stoljeca-od-nasilnog-slamanja-praskog-proljeca-kako-je-konacno-iscezla-havelova-kunderina-i-formanova-ceska\/\">http:\/\/ideje.hr\/pola-stoljeca-od-nasilnog-slamanja-praskog-proljeca-kako-je-konacno-iscezla-havelova-kunderina-i-formanova-ceska\/<\/a><\/p>\n<p>&nbsp;<\/p>\n<p>Dragan Biseni\u0107<\/p>\n<p><a href=\"https:\/\/www.danas.rs\/nedelja\/pet-decenija-od-sovjetske-invazije-na-cehoslovacku-jugoslovenske-refleksije\/\">https:\/\/www.danas.rs\/nedelja\/pet-decenija-od-sovjetske-invazije-na-cehoslovacku-jugoslovenske-refleksije\/<\/a><\/p>\n<p>&nbsp;<\/p>\n<p>Silvije Toma\u0161evi\u0107<\/p>\n<p><a href=\"https:\/\/www.vecernji.hr\/vijesti\/prasko-proljece-najavilo-je-krah-komunizma-1265218\">https:\/\/www.vecernji.hr\/vijesti\/prasko-proljece-najavilo-je-krah-komunizma-1265218<\/a><\/p>\n<p>&nbsp;<\/p>\n<p>&nbsp;<\/p>\n","protected":false},"excerpt":{"rendered":"","protected":false},"author":2,"featured_media":11029,"comment_status":"open","ping_status":"open","sticky":false,"template":"","format":"standard","meta":{"_acf_changed":false,"jetpack_post_was_ever_published":false,"_jetpack_newsletter_access":"","_jetpack_dont_email_post_to_subs":false,"_jetpack_newsletter_tier_id":0,"_jetpack_memberships_contains_paywalled_content":false,"_jetpack_memberships_contains_paid_content":false,"footnotes":"","jetpack_publicize_message":"","jetpack_publicize_feature_enabled":true,"jetpack_social_post_already_shared":true,"jetpack_social_options":{"image_generator_settings":{"template":"highway","default_image_id":0,"font":"","enabled":false},"version":2}},"categories":[3],"tags":[],"class_list":["post-11028","post","type-post","status-publish","format-standard","has-post-thumbnail","hentry","category-novosti"],"acf":{"facebook_opis":""},"jetpack_publicize_connections":[],"jetpack_featured_media_url":"https:\/\/i0.wp.com\/historiografija.hr\/wp-content\/uploads\/2018\/08\/Prasko-proljece-HINA.jpg?fit=800%2C538&ssl=1","jetpack_sharing_enabled":true,"jetpack-related-posts":[{"id":52681,"url":"https:\/\/historiografija.hr\/?p=52681","url_meta":{"origin":11028,"position":0},"title":"XIII. Festival povijesti Kliofest 2026.","author":"Branimir Jankovi\u0107","date":"27. travnja 2026.","format":false,"excerpt":"Trinaesti Festival povijesti Kliofest odr\u017eava se od 5. do 8. svibnja 2026. u Nacionalnoj i sveu\u010dili\u0161noj knji\u017enici u Zagrebu, kao i na nekoliko drugih lokacija u gradu. Cjelokupni program nalazi se u programskoj knji\u017eici u nastavku. Kliofest 2026 - ProgramPreuzmi","rel":"","context":"U &quot;Prikazi i osvrti&quot;","block_context":{"text":"Prikazi i osvrti","link":"https:\/\/historiografija.hr\/?cat=4"},"img":{"alt_text":"","src":"","width":0,"height":0},"classes":[]},{"id":52633,"url":"https:\/\/historiografija.hr\/?p=52633","url_meta":{"origin":11028,"position":1},"title":"POVIJEST TRE\u0160NJEVA\u010cKE GLAZBE: prikupljanje virtualnog fundusa Muzeja susjedstva Tre\u0161njevka","author":"Branimir Jankovi\u0107","date":"23. travnja 2026.","format":false,"excerpt":"utorak 28. 4. 2026. 14 - 18 h Nova BAZA, Nova cesta 66, Zagreb Prvi su dani ljeta 1957. godine. Bo\u017eica Kalafati\u0107 poha\u0111a drugi razred Osnovne \u0161kole Bratstvo i jedinstvo, danas kralja Tomislava, a ide i na muzi\u010dke satove u Mo\u0161\u0107eni\u010dkoj ulici. Na fotografiji s harmonikom u rukama stoji u\u2026","rel":"","context":"U &quot;Novosti&quot;","block_context":{"text":"Novosti","link":"https:\/\/historiografija.hr\/?cat=3"},"img":{"alt_text":"","src":"https:\/\/i0.wp.com\/historiografija.hr\/wp-content\/uploads\/2026\/04\/MST_prikupljanje.jpg?fit=380%2C475&ssl=1&resize=350%2C200","width":350,"height":200},"classes":[]},{"id":52569,"url":"https:\/\/historiografija.hr\/?p=52569","url_meta":{"origin":11028,"position":2},"title":"[Predavanje] Ne \u010dekaju\u0107i inspiraciju \u2013 anga\u017eovane intelektualne, kulturalne i umetni\u010dke prakse u me\u0111uratnom periodu: teorija i praksa kriti\u010dke levice u jugoslovenskoj kulturi (YugoLab)","author":"Branimir Jankovi\u0107","date":"21. travnja 2026.","format":false,"excerpt":"U vreme agresivnog ja\u010danja globalne desnice, (pro)fa\u0161isti\u010dkih, rasisti\u010dkih i imperijalisti\u010dkih politika, dok je istovremeno globalna levica izrazito slaba, a progresivni pokreti atomizirani i fragmentisani, va\u017eno je iz savremene perspektive vratiti se revolucionarnim i emancipatorskim zbivanjima u jugoslovenskom (ali i s njima u vezi internacionalnim de\u0161avanjima), kao i dru\u0161tvenoj ulozi kulturalnih\u2026","rel":"","context":"U &quot;Novosti&quot;","block_context":{"text":"Novosti","link":"https:\/\/historiografija.hr\/?cat=3"},"img":{"alt_text":"","src":"","width":0,"height":0},"classes":[]},{"id":52502,"url":"https:\/\/historiografija.hr\/?p=52502","url_meta":{"origin":11028,"position":3},"title":"Novi znanstveni projekt Hrvatskog instituta za povijest: \u201c\u017drtve ratova i dr\u017eavnog\/politi\u010dkog nasilja u hrvatskoj povijesti 20. stolje\u0107a\u201d","author":"Branimir Jankovi\u0107","date":"17. travnja 2026.","format":false,"excerpt":"Na redovitoj sjednici Vlade RH, 16. travnja 2026., donijet je Zaklju\u010dak kojim se pokre\u0107e znanstveni projekt \u201c\u017drtve ratova i dr\u017eavnog\/politi\u010dkog nasilja u hrvatskoj povijesti 20. stolje\u0107a\u201d. Projekt \u0107e provoditi i koordinirati Hrvatski institut za povijest u razdoblju trajanja projekta od pet godina. Zakljucak Vlade RH Iz teksta projektnog prijedloga: Problematika\u2026","rel":"","context":"U &quot;Novosti&quot;","block_context":{"text":"Novosti","link":"https:\/\/historiografija.hr\/?cat=3"},"img":{"alt_text":"","src":"https:\/\/i0.wp.com\/historiografija.hr\/wp-content\/uploads\/2026\/04\/Vlada-RH.jpg?fit=1200%2C557&ssl=1&resize=350%2C200","width":350,"height":200,"srcset":"https:\/\/i0.wp.com\/historiografija.hr\/wp-content\/uploads\/2026\/04\/Vlada-RH.jpg?fit=1200%2C557&ssl=1&resize=350%2C200 1x, https:\/\/i0.wp.com\/historiografija.hr\/wp-content\/uploads\/2026\/04\/Vlada-RH.jpg?fit=1200%2C557&ssl=1&resize=525%2C300 1.5x, https:\/\/i0.wp.com\/historiografija.hr\/wp-content\/uploads\/2026\/04\/Vlada-RH.jpg?fit=1200%2C557&ssl=1&resize=700%2C400 2x, https:\/\/i0.wp.com\/historiografija.hr\/wp-content\/uploads\/2026\/04\/Vlada-RH.jpg?fit=1200%2C557&ssl=1&resize=1050%2C600 3x"},"classes":[]},{"id":52603,"url":"https:\/\/historiografija.hr\/?p=52603","url_meta":{"origin":11028,"position":4},"title":"No\u0107 knjige: Carska i kraljevska kuhinja","author":"Branimir Jankovi\u0107","date":"22. travnja 2026.","format":false,"excerpt":"Pozivamo vas da nam se pridru\u017eite 23. travnja 2026. u 18 sati u obilje\u017eavanju No\u0107i knjige u Pivnici Bobi&Rudi na Trgu Ivana Me\u0161trovi\u0107a u Zapru\u0111u u Zagrebu gdje uz kavu \u010ditamo recepte iz zemalja Austro-Ugarske Monarhije iz knjige Carska i kraljevska kuhinja, autora Roberta Mak\u0142owicza, u prijevodu Damira Agi\u010di\u0107a. Izvor:\u2026","rel":"","context":"U &quot;Novosti&quot;","block_context":{"text":"Novosti","link":"https:\/\/historiografija.hr\/?cat=3"},"img":{"alt_text":"","src":"https:\/\/i0.wp.com\/historiografija.hr\/wp-content\/uploads\/2026\/04\/Noc-knjige-Carska-i-kraljevska.jpg?fit=1200%2C1200&ssl=1&resize=350%2C200","width":350,"height":200,"srcset":"https:\/\/i0.wp.com\/historiografija.hr\/wp-content\/uploads\/2026\/04\/Noc-knjige-Carska-i-kraljevska.jpg?fit=1200%2C1200&ssl=1&resize=350%2C200 1x, https:\/\/i0.wp.com\/historiografija.hr\/wp-content\/uploads\/2026\/04\/Noc-knjige-Carska-i-kraljevska.jpg?fit=1200%2C1200&ssl=1&resize=525%2C300 1.5x, https:\/\/i0.wp.com\/historiografija.hr\/wp-content\/uploads\/2026\/04\/Noc-knjige-Carska-i-kraljevska.jpg?fit=1200%2C1200&ssl=1&resize=700%2C400 2x, https:\/\/i0.wp.com\/historiografija.hr\/wp-content\/uploads\/2026\/04\/Noc-knjige-Carska-i-kraljevska.jpg?fit=1200%2C1200&ssl=1&resize=1050%2C600 3x"},"classes":[]},{"id":52675,"url":"https:\/\/historiografija.hr\/?p=52675","url_meta":{"origin":11028,"position":5},"title":"Predstavljanje knjige Luke Peji\u0107a &#8220;U taboru anarhista: \u017divot Ivana Zeppa&#8221; u Osijeku","author":"Branimir Jankovi\u0107","date":"27. travnja 2026.","format":false,"excerpt":"U \u010detvrtak, 30. travnja 2026.\u00a0u\u00a019.00 sati\u00a0u Klubu knji\u017eare Nova\u00a0(Trg Ante Star\u010devi\u0107a 4, Osijek) odr\u017eat \u0107e se predstavljanje nove knjige Luke Peji\u0107a U taboru anarhista: \u017divot Ivana Zeppa (DAF, 2025.). Uz autora o knjizi \u0107e govoriti recenzent i povjesni\u010dar Nikola Toma\u0161egovi\u0107 te povjesni\u010darka Ana Rajkovi\u0107 Peji\u0107. Razgovor \u0107e moderirati doktorandica\u00a0Valentina Kezi\u0107.\u2026","rel":"","context":"U &quot;Novosti&quot;","block_context":{"text":"Novosti","link":"https:\/\/historiografija.hr\/?cat=3"},"img":{"alt_text":"","src":"https:\/\/i0.wp.com\/historiografija.hr\/wp-content\/uploads\/2025\/11\/Pejic.jpg?fit=574%2C790&ssl=1&resize=350%2C200","width":350,"height":200,"srcset":"https:\/\/i0.wp.com\/historiografija.hr\/wp-content\/uploads\/2025\/11\/Pejic.jpg?fit=574%2C790&ssl=1&resize=350%2C200 1x, https:\/\/i0.wp.com\/historiografija.hr\/wp-content\/uploads\/2025\/11\/Pejic.jpg?fit=574%2C790&ssl=1&resize=525%2C300 1.5x"},"classes":[]}],"_links":{"self":[{"href":"https:\/\/historiografija.hr\/index.php?rest_route=\/wp\/v2\/posts\/11028","targetHints":{"allow":["GET"]}}],"collection":[{"href":"https:\/\/historiografija.hr\/index.php?rest_route=\/wp\/v2\/posts"}],"about":[{"href":"https:\/\/historiografija.hr\/index.php?rest_route=\/wp\/v2\/types\/post"}],"author":[{"embeddable":true,"href":"https:\/\/historiografija.hr\/index.php?rest_route=\/wp\/v2\/users\/2"}],"replies":[{"embeddable":true,"href":"https:\/\/historiografija.hr\/index.php?rest_route=%2Fwp%2Fv2%2Fcomments&post=11028"}],"version-history":[{"count":4,"href":"https:\/\/historiografija.hr\/index.php?rest_route=\/wp\/v2\/posts\/11028\/revisions"}],"predecessor-version":[{"id":11033,"href":"https:\/\/historiografija.hr\/index.php?rest_route=\/wp\/v2\/posts\/11028\/revisions\/11033"}],"wp:featuredmedia":[{"embeddable":true,"href":"https:\/\/historiografija.hr\/index.php?rest_route=\/wp\/v2\/media\/11029"}],"wp:attachment":[{"href":"https:\/\/historiografija.hr\/index.php?rest_route=%2Fwp%2Fv2%2Fmedia&parent=11028"}],"wp:term":[{"taxonomy":"category","embeddable":true,"href":"https:\/\/historiografija.hr\/index.php?rest_route=%2Fwp%2Fv2%2Fcategories&post=11028"},{"taxonomy":"post_tag","embeddable":true,"href":"https:\/\/historiografija.hr\/index.php?rest_route=%2Fwp%2Fv2%2Ftags&post=11028"}],"curies":[{"name":"wp","href":"https:\/\/api.w.org\/{rel}","templated":true}]}}