{"id":11021,"date":"2018-08-23T10:38:29","date_gmt":"2018-08-23T10:38:29","guid":{"rendered":"http:\/\/historiografija.hr\/?p=11021"},"modified":"2018-08-27T12:05:51","modified_gmt":"2018-08-27T12:05:51","slug":"povjesnicari-za-globus-o-cemu-govorimo-kad-govorimo-o-dvama-totalitarizmima","status":"publish","type":"post","link":"https:\/\/historiografija.hr\/?p=11021","title":{"rendered":"Povjesni\u010dari za &#8220;Globus&#8221;: O \u010demu govorimo kad govorimo o dvama totalitarizmima"},"content":{"rendered":"<p>Na Europski dan sje\u0107anja na \u017ertve svih totalitarnih i autoritarnih re\u017eima koji se obilje\u017eava 23. kolovoza podsje\u0107amo na prilog u &#8220;Globusu&#8221; u kojem su o pitanju izjedna\u010davanja fa\u0161izma i komunizma te dvama totalitarizmima govorili Damir Agi\u010di\u0107, Josip Glaurdi\u0107, Dejan Jovi\u0107 i Hrvoje Klasi\u0107.<\/p>\n<p>&nbsp;<\/p>\n<p>&#8212;<\/p>\n<p>&nbsp;<\/p>\n<p><strong><em>Globus<\/em><\/strong><\/p>\n<p>&nbsp;<\/p>\n<p>16.4.2018.<\/p>\n<p><strong>\u00a0<\/strong><\/p>\n<p><strong>CRVENI CRNI: JESU LI ISTI? O \u010demu govorimo kad govorimo o dvama totalitarizmima: Kriti\u010dko suo\u010davanje sa zaklju\u010dcima Vladina vije\u0107a za pro\u0161lost<\/strong><\/p>\n<p>&nbsp;<\/p>\n<p>(&#8230;.)<\/p>\n<p>&nbsp;<\/p>\n<p>Mogu li se generalno nacifa\u0161izam i komunizam (socijalizam) usporediti, a pogotovo u na\u0161im ina\u010dicama?<\/p>\n<p>&nbsp;<\/p>\n<p>Govore: Damir Agi\u010di\u0107, Josip Glaurdi\u0107, Dejan Jovi\u0107, Hrvoje Klasi\u0107<\/p>\n<p>&nbsp;<\/p>\n<p><a href=\"https:\/\/www.jutarnji.hr\/globus\/Globus-politika\/crveni-crni-jesu-li-isti-o-cemu-govorimo-kad-govorimo-o-dvama-totalitarizmima-kriticko-suocavanje-sa-zakljuccima-vladina-vijeca-za-proslost\/7249131\/\">https:\/\/www.jutarnji.hr\/globus\/Globus-politika\/crveni-crni-jesu-li-isti-o-cemu-govorimo-kad-govorimo-o-dvama-totalitarizmima-kriticko-suocavanje-sa-zakljuccima-vladina-vijeca-za-proslost\/7249131\/<\/a><\/p>\n<p>&nbsp;<\/p>\n<p>&#8212;<\/p>\n<p>&nbsp;<\/p>\n<p><strong>Europski dan sje\u0107anja na \u017ertve svih totalitarnih i autoritarnih sustava 2018.<\/strong><\/p>\n<p>&nbsp;<\/p>\n<p><a href=\"http:\/\/novilist.hr\/Vijesti\/Hrvatska\/Europski-dan-sjecanja-Plenkovic-poziva-da-se-sucimo-s-prosloscu-i-udaljimo-od-totalitarizama?meta_refresh=true\">http:\/\/novilist.hr\/Vijesti\/Hrvatska\/Europski-dan-sjecanja-Plenkovic-poziva-da-se-sucimo-s-prosloscu-i-udaljimo-od-totalitarizama?meta_refresh=true<\/a><\/p>\n<p>&nbsp;<\/p>\n<p><a href=\"https:\/\/www.vecernji.hr\/vijesti\/plenkovic-osuda-masovnih-krsenja-ljudskih-prava-minimum-je-demokratskog-identiteta-1265480\">https:\/\/www.vecernji.hr\/vijesti\/plenkovic-osuda-masovnih-krsenja-ljudskih-prava-minimum-je-demokratskog-identiteta-1265480<\/a><\/p>\n<p>&nbsp;<\/p>\n<p><a href=\"https:\/\/www.jutarnji.hr\/vijesti\/hrvatska\/europski-dan-sjecanja-na-zrtve-svih-totalitarnih-rezima-plenkovic-osuda-masovnih-krsenja-ljudskih-prava-minimum-je-demokratskog-identiteta\/7750101\/\">https:\/\/www.jutarnji.hr\/vijesti\/hrvatska\/europski-dan-sjecanja-na-zrtve-svih-totalitarnih-rezima-plenkovic-osuda-masovnih-krsenja-ljudskih-prava-minimum-je-demokratskog-identiteta\/7750101\/<\/a><\/p>\n<p>&nbsp;<\/p>\n<p><a href=\"https:\/\/www.vecernji.hr\/vijesti\/spominjuci-se-zrtava-i-zlocina-totalitarnih-rezima-suocavamo-se-s-prosloscu-1265560\">https:\/\/www.vecernji.hr\/vijesti\/spominjuci-se-zrtava-i-zlocina-totalitarnih-rezima-suocavamo-se-s-prosloscu-1265560<\/a><\/p>\n<p><span style=\"color: #000000; font-family: Calibri; font-size: medium;\">\u00a0<\/span><\/p>\n<p><a href=\"https:\/\/vijesti.hrt.hr\/296097\/europski-dan-sjecanja-na-zrtve-totalitarnih-i-autoritarnih-rezima\">https:\/\/vijesti.hrt.hr\/296097\/europski-dan-sjecanja-na-zrtve-totalitarnih-i-autoritarnih-rezima<\/a><\/p>\n<p><span style=\"color: #000000; font-family: Calibri; font-size: medium;\">\u00a0<\/span><\/p>\n<p><a href=\"https:\/\/vijesti.hrt.hr\/458131\/komemoracija-na-golom-otoku\">https:\/\/vijesti.hrt.hr\/458131\/komemoracija-na-golom-otoku<\/a><\/p>\n<p>&nbsp;<\/p>\n<p>&#8212;<\/p>\n<p>&nbsp;<\/p>\n<p><strong>Kriti\u010dki\/polemi\u010dki prilozi o nekim praksama obilje\u017eavanja:<\/strong><\/p>\n<p>&nbsp;<\/p>\n<p>Predavanje Steve \u0110ura\u0161kovi\u0107a \u201cTeorije totalitarizma, europska desnica i revizija pro\u0161losti\u201d<\/p>\n<p>&nbsp;<\/p>\n<p><a href=\"https:\/\/historiografija.hr\/?p=7153\">https:\/\/historiografija.hr\/?p=7153<\/a><\/p>\n<p>&nbsp;<\/p>\n<p><a href=\"http:\/\/www.h-alter.org\/vijesti\/teorije-totalitarizma-europska-desnica-i-revizija-proslosti\">http:\/\/www.h-alter.org\/vijesti\/teorije-totalitarizma-europska-desnica-i-revizija-proslosti<\/a><\/p>\n<p>&nbsp;<\/p>\n<p><a href=\"https:\/\/www.facebook.com\/236002576441992\/videos\/1856615964380637\/\">https:\/\/www.facebook.com\/236002576441992\/videos\/1856615964380637\/<\/a><\/p>\n<p>&nbsp;<\/p>\n<p>&nbsp;<\/p>\n<p>Robert Bajru\u0161i<\/p>\n<p>&nbsp;<\/p>\n<p><a href=\"https:\/\/www.jutarnji.hr\/vijesti\/hrvatska\/hrvatski-desnicari-ne-shvacaju-da-dan-sjecanja-na-zrtve-svih-totalitarnih-rezima-ne-ukljucuje-sjecanje-na-ubijene-ustase\/7732596\/\">https:\/\/www.jutarnji.hr\/vijesti\/hrvatska\/hrvatski-desnicari-ne-shvacaju-da-dan-sjecanja-na-zrtve-svih-totalitarnih-rezima-ne-ukljucuje-sjecanje-na-ubijene-ustase\/7732596\/<\/a><\/p>\n<p>&nbsp;<\/p>\n<p>&nbsp;<\/p>\n<p>Boris Postnikov<\/p>\n<p>&nbsp;<\/p>\n<p>Evropski dan sje\u0107anja na \u017ertve svih totalitarnih i autoritarnih re\u017eima, koji smo upravo obilje\u017eili, na ve\u0107ini slu\u017ebenih jezika Unije zove se ne\u0161to druk\u010dije \u2013 Dan sje\u0107anja na \u017ertve nacizma i staljinizma \u2013 ali takav naziv ne odgovara specifi\u010dnim hrvatskim potrebama za izjedna\u010davanjem Hitlerovog nacizma i jugoslavenskog komunizma<\/p>\n<p>&nbsp;<\/p>\n<p><a href=\"https:\/\/www.portalnovosti.com\/neprijateljska-propaganda-pogubljeni-u-prijevodu\">https:\/\/www.portalnovosti.com\/neprijateljska-propaganda-pogubljeni-u-prijevodu<\/a><\/p>\n<p>&nbsp;<\/p>\n<p>&nbsp;<\/p>\n<p>Dragan Markovina<\/p>\n<p>&nbsp;<\/p>\n<p><a href=\"https:\/\/www.telegram.hr\/price\/iz-europskog-dana-zrtava-totalitarizama-uspjeli-smo-izbaciti-fasizam-i-obracunati-se-samo-s-komunizmom\/\">https:\/\/www.telegram.hr\/price\/iz-europskog-dana-zrtava-totalitarizama-uspjeli-smo-izbaciti-fasizam-i-obracunati-se-samo-s-komunizmom\/<\/a><\/p>\n<p>&nbsp;<\/p>\n<p>&nbsp;<\/p>\n","protected":false},"excerpt":{"rendered":"","protected":false},"author":2,"featured_media":11022,"comment_status":"open","ping_status":"open","sticky":false,"template":"","format":"standard","meta":{"_acf_changed":false,"jetpack_post_was_ever_published":false,"_jetpack_newsletter_access":"","_jetpack_dont_email_post_to_subs":false,"_jetpack_newsletter_tier_id":0,"_jetpack_memberships_contains_paywalled_content":false,"_jetpack_memberships_contains_paid_content":false,"footnotes":"","jetpack_publicize_message":"","jetpack_publicize_feature_enabled":true,"jetpack_social_post_already_shared":true,"jetpack_social_options":{"image_generator_settings":{"template":"highway","default_image_id":0,"font":"","enabled":false},"version":2}},"categories":[3,17],"tags":[],"class_list":["post-11021","post","type-post","status-publish","format-standard","has-post-thumbnail","hentry","category-novosti","category-rasprave"],"acf":{"facebook_opis":""},"jetpack_publicize_connections":[],"jetpack_featured_media_url":"https:\/\/i0.wp.com\/historiografija.hr\/wp-content\/uploads\/2018\/08\/tito_pavelic.jpg?fit=780%2C462&ssl=1","jetpack_sharing_enabled":true,"jetpack-related-posts":[{"id":52505,"url":"https:\/\/historiografija.hr\/?p=52505","url_meta":{"origin":11021,"position":0},"title":"Izlo\u017eba &#8220;Eschenstock \/ Jasenov prut&#8221;","author":"Branimir Jankovi\u0107","date":"17. travnja 2026.","format":false,"excerpt":"Srpsko narodno vije\u0107e (SNV) i Vizura aperta postavljaju izlo\u017ebu \u0161vicarskog slikara Velimira Ili\u0161evi\u0107a: Eschenstock \/ Jasenov prut. Izlo\u017eba se uz prisustvo autora otvara povodom 81. godi\u0161njice proboja logora\u0161a iz usta\u0161kog logora smrti Jasenovac 22. aprila 2026. u 19 sati u Srpskom kulturnom centru (SKC) u Preradovi\u0107evoj ulici 21 u Zagrebu.\u2026","rel":"","context":"U &quot;Izlo\u017ebe&quot;","block_context":{"text":"Izlo\u017ebe","link":"https:\/\/historiografija.hr\/?cat=10"},"img":{"alt_text":"","src":"https:\/\/i0.wp.com\/historiografija.hr\/wp-content\/uploads\/2026\/04\/Jasenov_prut.jpg?fit=1024%2C640&ssl=1&resize=350%2C200","width":350,"height":200,"srcset":"https:\/\/i0.wp.com\/historiografija.hr\/wp-content\/uploads\/2026\/04\/Jasenov_prut.jpg?fit=1024%2C640&ssl=1&resize=350%2C200 1x, https:\/\/i0.wp.com\/historiografija.hr\/wp-content\/uploads\/2026\/04\/Jasenov_prut.jpg?fit=1024%2C640&ssl=1&resize=525%2C300 1.5x, https:\/\/i0.wp.com\/historiografija.hr\/wp-content\/uploads\/2026\/04\/Jasenov_prut.jpg?fit=1024%2C640&ssl=1&resize=700%2C400 2x"},"classes":[]},{"id":52660,"url":"https:\/\/historiografija.hr\/?p=52660","url_meta":{"origin":11021,"position":1},"title":"Medijski odjeci \u010dlanka Steve \u0110ura\u0161kovi\u0107a \u201e\u017dupanovljeva ne\u017eeljena djeca: ideolo\u0161ko pribli\u017eavanje neoliberala i kr\u0161\u0107anske radikalne desnice u Hrvatskoj\u201c","author":"Branimir Jankovi\u0107","date":"24. travnja 2026.","format":false,"excerpt":"U sklopu projekta \u201eIzazovi intelektualne povijesti: recepcije, preobrazbe i upotrebe politi\u010dkih ideja\u201c objavljen je polemi\u010dki \u010dlanak Steve \u0110ura\u0161kovi\u0107a \u201e\u017dupanovljeva ne\u017eeljena djeca: ideolo\u0161ko pribli\u017eavanje neoliberala i kr\u0161\u0107anske radikalne desnice u Hrvatskoj\u201c, koji je izazvao odre\u0111ene medijske reakcije. Stevo \u0110ura\u0161kovi\u0107 \u017dupanovljeva ne\u017eeljena djeca: ideolo\u0161ko pribli\u017eavanje neoliberala i kr\u0161\u0107anske radikalne desnice u Hrvatskoj\u2026","rel":"","context":"U &quot;Novosti&quot;","block_context":{"text":"Novosti","link":"https:\/\/historiografija.hr\/?cat=3"},"img":{"alt_text":"","src":"https:\/\/i0.wp.com\/historiografija.hr\/wp-content\/uploads\/2026\/04\/SD.png?fit=809%2C821&ssl=1&resize=350%2C200","width":350,"height":200,"srcset":"https:\/\/i0.wp.com\/historiografija.hr\/wp-content\/uploads\/2026\/04\/SD.png?fit=809%2C821&ssl=1&resize=350%2C200 1x, https:\/\/i0.wp.com\/historiografija.hr\/wp-content\/uploads\/2026\/04\/SD.png?fit=809%2C821&ssl=1&resize=525%2C300 1.5x, https:\/\/i0.wp.com\/historiografija.hr\/wp-content\/uploads\/2026\/04\/SD.png?fit=809%2C821&ssl=1&resize=700%2C400 2x"},"classes":[]},{"id":52543,"url":"https:\/\/historiografija.hr\/?p=52543","url_meta":{"origin":11021,"position":2},"title":"Znanstveno-stru\u010dni skup \u201eOto\u010dne pu\u010dke pobo\u017enosti: kontinuiteti i transformacije\u201c","author":"Branimir Jankovi\u0107","date":"20. travnja 2026.","format":false,"excerpt":"Najavljujemo\u00a0znanstveno-stru\u010dni skup \u201eOto\u010dne pu\u010dke pobo\u017enosti: kontinuiteti i transformacije\u201c,\u00a0koji \u0107e se odr\u017eati\u00a0u Rabu od 24. do 26. travnja 2026.,\u00a0u organizaciji i uz potporu\u00a0Instituta za etnologiju i folkloristiku, Zagreb, \u00a0Grada Raba, Pu\u010dkog otvorenog u\u010dili\u0161ta Rab i Centra za istra\u017eivanje srednjovjekovne ba\u0161tine Jadrana RIMAH. Skup okuplja vode\u0107e doma\u0107e stru\u010dnjake koji \u0107e kroz niz\u2026","rel":"","context":"U &quot;Novosti&quot;","block_context":{"text":"Novosti","link":"https:\/\/historiografija.hr\/?cat=3"},"img":{"alt_text":"","src":"https:\/\/i0.wp.com\/historiografija.hr\/wp-content\/uploads\/2026\/04\/Skup_Rab.jpg?fit=848%2C1200&ssl=1&resize=350%2C200","width":350,"height":200,"srcset":"https:\/\/i0.wp.com\/historiografija.hr\/wp-content\/uploads\/2026\/04\/Skup_Rab.jpg?fit=848%2C1200&ssl=1&resize=350%2C200 1x, https:\/\/i0.wp.com\/historiografija.hr\/wp-content\/uploads\/2026\/04\/Skup_Rab.jpg?fit=848%2C1200&ssl=1&resize=525%2C300 1.5x, https:\/\/i0.wp.com\/historiografija.hr\/wp-content\/uploads\/2026\/04\/Skup_Rab.jpg?fit=848%2C1200&ssl=1&resize=700%2C400 2x"},"classes":[]},{"id":52559,"url":"https:\/\/historiografija.hr\/?p=52559","url_meta":{"origin":11021,"position":3},"title":"Dobitnici dr\u017eavne nagrade za znanost za 2024. godinu","author":"Branimir Jankovi\u0107","date":"20. travnja 2026.","format":false,"excerpt":"Na sjednici Odbora za podjelu dr\u017eavnih nagrada za znanost odr\u017eanoj 16. travnja 2026. godine donesena je Odluka o dodjeli dr\u017eavnih nagrada za znanost za 2024. godinu. Godi\u0161njom nagradom za popularizaciju i promid\u017ebu znanosti nagra\u0111eni su u podru\u010dju humanisti\u010dkih znanosti znanstveni suradnici dr. sc. Josip Mihaljevi\u0107 i dr. sc. Gordan Ravan\u010di\u0107,\u2026","rel":"","context":"U &quot;Novosti&quot;","block_context":{"text":"Novosti","link":"https:\/\/historiografija.hr\/?cat=3"},"img":{"alt_text":"","src":"https:\/\/i0.wp.com\/historiografija.hr\/wp-content\/uploads\/2021\/12\/povijesne-kontroverze.jpg?fit=1200%2C675&ssl=1&resize=350%2C200","width":350,"height":200,"srcset":"https:\/\/i0.wp.com\/historiografija.hr\/wp-content\/uploads\/2021\/12\/povijesne-kontroverze.jpg?fit=1200%2C675&ssl=1&resize=350%2C200 1x, https:\/\/i0.wp.com\/historiografija.hr\/wp-content\/uploads\/2021\/12\/povijesne-kontroverze.jpg?fit=1200%2C675&ssl=1&resize=525%2C300 1.5x, https:\/\/i0.wp.com\/historiografija.hr\/wp-content\/uploads\/2021\/12\/povijesne-kontroverze.jpg?fit=1200%2C675&ssl=1&resize=700%2C400 2x, https:\/\/i0.wp.com\/historiografija.hr\/wp-content\/uploads\/2021\/12\/povijesne-kontroverze.jpg?fit=1200%2C675&ssl=1&resize=1050%2C600 3x"},"classes":[]},{"id":52499,"url":"https:\/\/historiografija.hr\/?p=52499","url_meta":{"origin":11021,"position":4},"title":"POTPISAN UGOVOR O ZNANSTVENO-ISTRA\u017dIVA\u010cKOJ SURADNJI: PROJEKT \u201eTEMELJI HRVATSKE SAMOSTALNOSTI\u201d","author":"Branimir Jankovi\u0107","date":"17. travnja 2026.","format":false,"excerpt":"Hrvatski institut za povijest, Sveu\u010dili\u0161te obrane i sigurnosti \u201eDr. Franjo Tu\u0111man\u201d, Institut dru\u0161tvenih znanosti Ivo Pilar i Hrvatski dr\u017eavni arhiv\u00a0potpisali su 23. o\u017eujka 2026.\u00a0Ugovor o znanstveno-istra\u017eiva\u010dkoj suradnji s ciljem provedbe projekta \u201eTemelji hrvatske samostalnosti\u201d. Tim projektom obuhva\u0107a se istra\u017eivanje arhivskoga gradiva, priprema znanstvenih publikacija, digitalizacija i javna prezentacija rezultata istra\u017eivanja\u2026","rel":"","context":"U &quot;Novosti&quot;","block_context":{"text":"Novosti","link":"https:\/\/historiografija.hr\/?cat=3"},"img":{"alt_text":"","src":"https:\/\/i0.wp.com\/historiografija.hr\/wp-content\/uploads\/2026\/04\/THS_sporazum.jpg?fit=1200%2C583&ssl=1&resize=350%2C200","width":350,"height":200,"srcset":"https:\/\/i0.wp.com\/historiografija.hr\/wp-content\/uploads\/2026\/04\/THS_sporazum.jpg?fit=1200%2C583&ssl=1&resize=350%2C200 1x, https:\/\/i0.wp.com\/historiografija.hr\/wp-content\/uploads\/2026\/04\/THS_sporazum.jpg?fit=1200%2C583&ssl=1&resize=525%2C300 1.5x, https:\/\/i0.wp.com\/historiografija.hr\/wp-content\/uploads\/2026\/04\/THS_sporazum.jpg?fit=1200%2C583&ssl=1&resize=700%2C400 2x, https:\/\/i0.wp.com\/historiografija.hr\/wp-content\/uploads\/2026\/04\/THS_sporazum.jpg?fit=1200%2C583&ssl=1&resize=1050%2C600 3x"},"classes":[]},{"id":52628,"url":"https:\/\/historiografija.hr\/?p=52628","url_meta":{"origin":11021,"position":5},"title":"Predavanje dopisnog \u010dlana HAZU Alaina Finkielkrauta Izrael, Europa, antisemitizam","author":"Branimir Jankovi\u0107","date":"23. travnja 2026.","format":false,"excerpt":"Francuski filozof Alain Finkielkraut, redoviti \u010dlan Francuske akademije i dopisni \u010dlan HAZU, odr\u017eat \u0107e predavanje\u00a0Izrael, Europa, antisemitizam u utorak 28. travnja 2026. u 13 sati u Knji\u017enici HAZU,\u00a0Strossmayerov trg 14 u Zagrebu. Uvodne rije\u010di odr\u017eat \u0107e\u00a0akademkinja \u017deljka \u010corak i\u00a0akademik Dra\u017een Katunari\u0107. Predavanje \u0107e se odr\u017eati na francuskom jeziku uz konsekutivno\u2026","rel":"","context":"U &quot;Novosti&quot;","block_context":{"text":"Novosti","link":"https:\/\/historiografija.hr\/?cat=3"},"img":{"alt_text":"","src":"https:\/\/i0.wp.com\/historiografija.hr\/wp-content\/uploads\/2026\/04\/Alain_Finkielkraut.jpg?fit=350%2C407&ssl=1&resize=350%2C200","width":350,"height":200},"classes":[]}],"_links":{"self":[{"href":"https:\/\/historiografija.hr\/index.php?rest_route=\/wp\/v2\/posts\/11021","targetHints":{"allow":["GET"]}}],"collection":[{"href":"https:\/\/historiografija.hr\/index.php?rest_route=\/wp\/v2\/posts"}],"about":[{"href":"https:\/\/historiografija.hr\/index.php?rest_route=\/wp\/v2\/types\/post"}],"author":[{"embeddable":true,"href":"https:\/\/historiografija.hr\/index.php?rest_route=\/wp\/v2\/users\/2"}],"replies":[{"embeddable":true,"href":"https:\/\/historiografija.hr\/index.php?rest_route=%2Fwp%2Fv2%2Fcomments&post=11021"}],"version-history":[{"count":6,"href":"https:\/\/historiografija.hr\/index.php?rest_route=\/wp\/v2\/posts\/11021\/revisions"}],"predecessor-version":[{"id":11067,"href":"https:\/\/historiografija.hr\/index.php?rest_route=\/wp\/v2\/posts\/11021\/revisions\/11067"}],"wp:featuredmedia":[{"embeddable":true,"href":"https:\/\/historiografija.hr\/index.php?rest_route=\/wp\/v2\/media\/11022"}],"wp:attachment":[{"href":"https:\/\/historiografija.hr\/index.php?rest_route=%2Fwp%2Fv2%2Fmedia&parent=11021"}],"wp:term":[{"taxonomy":"category","embeddable":true,"href":"https:\/\/historiografija.hr\/index.php?rest_route=%2Fwp%2Fv2%2Fcategories&post=11021"},{"taxonomy":"post_tag","embeddable":true,"href":"https:\/\/historiografija.hr\/index.php?rest_route=%2Fwp%2Fv2%2Ftags&post=11021"}],"curies":[{"name":"wp","href":"https:\/\/api.w.org\/{rel}","templated":true}]}}