{"id":10931,"date":"2018-08-10T13:43:57","date_gmt":"2018-08-10T13:43:57","guid":{"rendered":"http:\/\/historiografija.hr\/?p=10931"},"modified":"2018-08-10T13:43:57","modified_gmt":"2018-08-10T13:43:57","slug":"benno-meyer-wehlack-roman-slatensames-ili-berlin-na-moru","status":"publish","type":"post","link":"https:\/\/historiografija.hr\/?p=10931","title":{"rendered":"Benno Meyer-Wehlack, roman \u201c\u0160laten\u0161ames ili Berlin na moru\u201d"},"content":{"rendered":"<p>Izdava\u010d Disput objavio je 2018. godine hrvatsko izdanje pripovijesti \u201ciz poslijeratnog Berlina, iz &#8220;vremena gladi i bijede&#8221; od 1945. do 1947. godine\u201d.<\/p>\n<p>&nbsp;<\/p>\n<p>&#8212;<\/p>\n<p>&nbsp;<\/p>\n<p>Disput<\/p>\n<p>&nbsp;<\/p>\n<p>Benno Meyer-Wehlack<\/p>\n<p><strong>\u00a0<\/strong><\/p>\n<p><strong>\u0160LATEN\u0160AMES ILI BERLIN NA MORU<\/strong><\/p>\n<p>&nbsp;<\/p>\n<p>Pripovijest iz pora\u0107a<\/p>\n<p>&nbsp;<\/p>\n<p>S njema\u010dkoga prevela Sandra Brklja\u010di\u0107<\/p>\n<p>&nbsp;<\/p>\n<p>Roman Benna Meyer-Wehlacka <em>\u0160laten\u0161ames ili Berlin na moru<\/em> pripovijest je iz poslijeratnog Berlina, iz &#8220;vremena gladi i bijede&#8221; od 1945. do 1947. godine.<\/p>\n<p>U prolje\u0107e 1945. sedamnaestogodi\u0161nji Rolf Hellhoff pje\u0161ice se iz logora za radno obveznu mlade\u017e na Baltiku vra\u0107a u Berlin, u &#8220;novi \u017eivot&#8221; i postaje &#8220;\u0161laten\u0161ames&#8221; (izraz na jidi\u0161u za &#8220;katicu za sve&#8221;) pri obnovi \u010duvenog kazali\u0161ta Trib\u00fcne. Budu\u0107i da ondje nije zatekao svoje roditelje (bili su evakuirani iz grada), a njihova je ku\u0107a ve\u0107 1943. bila razorena bombom, kazali\u0161te \u2013 uz film sredi\u0161te njegovih dje\u010da\u010dkih interesa u onom &#8220;pro\u0161lom vremenu&#8221; \u2013 postaje njegov svijet, a svijet mu se pretvara u kazali\u0161te. Zahvaljuju\u0107i njemu, glavni junak uspijeva ignorirati glad, iscrpljenost, nevolje s nala\u017eenjem krova nad glavom, muke snala\u017eenja na crnom tr\u017ei\u0161tu i resantimane u svojem okru\u017eju.<\/p>\n<p>Na tom putu Rolf sazrijeva instinktivno bje\u017ee\u0107i u &#8220;nevidljivost&#8221;, dalje od bilo kakve grupe koja bi mu nametanjem svoje volje mogla oduzeti dio identiteta; uvjeren da ga vodi nit sre\u0107e, prepu\u0161ta se sudbini, no ubrzo uvi\u0111a da ni novo vrijeme, iako neusporedivo s &#8220;logorom, bodljikavom \u017eicom, uniformom i budu\u0107no\u0161\u0107u da je uniforma kojim slu\u010dajem pobijedila&#8221;, ne po\u0161tuje pravila i da je stvarnost daleko od ideala koji je zami\u0161ljao.<\/p>\n<p>U ovom zgusnutom Bildungsromanu povratnika iz rata u kojem kroz precizno izo\u0161trene detalje i &#8220;kadrove&#8221; pratimo svojevrsni sentimentalni odgoj, sna\u017eno se isti\u010de objektivan pogled izvana na razoreni Berlin, bez ikakvih mitskih ili introspekcijskih uljep\u0161avanja.<\/p>\n<p>Roman ima sna\u017ean autobiografski pe\u010dat jer se temelji na motivima iz autorova \u017eivota, to\u010dnije na tek minimalno adaptiranom, autenti\u010dnom scenariju \u0161to ga je napisao sam \u017eivot: Rolf Hellhoff zapravo je sam autor, Benno Meyer-Wehlack. Prvu verziju romana on je napisao jo\u0161 1969, no roman je objavljen tek posthumno, 2015. godine.<\/p>\n<p>&nbsp;<\/p>\n<p>BENNO MEYER-WEHLACK (Szczecin, 1928 \u2013 Berlin, 2014), njema\u010dki pisac, scenarist i dramaturg. Od ranih pedesetih objavio je 12 knjiga pjesama, proze i eseja, napisao 25 radiodrama i 11 televizijskih i filmskih scenarija. Objavljivao je feljtone-kratke pri\u010de u berlinskim novinama. Od 1959. do 1961. pisao je radiodrame za &#8220;S\u00fcdwestfunk&#8221;, a od 1965. do 1967. za &#8220;Sender Freies Berlin&#8221;. Godine 1966. i 1967. radio je kao docent dramaturgije na Filmskoj i televizijskoj akademiji u Berlinu, gdje je upoznao hrvatsku knji\u017eevnicu Irenu Vrkljan, o\u017eenio se njome i potom \u017eivio na relaciji Berlin-Zagreb. Od kraja 1960-ih slobodni je pisac, od 1984. \u010dlan njema\u010dke Akademije umjetnosti. Vodio je dnevnik od 1954. pa sve do 1995. godine.<\/p>\n<p>Godine 1988. objavio je na hrvatskome knjigu Zagreba\u010dke bilje\u017enice 1967 \u2013 1987. u kojoj je u formi esejisti\u010dkih bilje\u017eaka opisao svoje boravke u Zagrebu i Hrvatskoj. Uz kratke pri\u010de, objavljene u zbirkama Dijete kina (Das Kinokind, 1980), Glazba plo\u010dnika (Die Pflastermusik, 1982), Kazali\u0161no dijete (Das Theaterkind, 1985) i Iza ograde rasla je rabarbara (Hinter dem Zaun wuchs Rhabarber, 2008), napisao je brojne radiodrame \u2013 mnoge u suautorstvu s Irenom Vrkljan \u2013 od kojih treba izdvojiti nagra\u0111enu radiodramu Isku\u0161enje (Die Versuchung, 1953). Napisao je dva romana, Ernestina odlazi (Ernestine geht, 2003) i \u0160laten\u0161ames (Schlattenschammes, 2015).<\/p>\n<p>Za svoje je umjetni\u010dko stvarala\u0161tvo bio nagra\u0111en presti\u017enim nagradama: H\u00f6rspielpreis der Kriegsblinden (1957), Schiller-F\u00f6rderpreis (1959), Marcotino-Freundschaftspreis (1997) i dr.<\/p>\n<p>&nbsp;<\/p>\n<p>&nbsp;<\/p>\n<p>\/188 str., 12,5 x 20 cm, tvrdi uvez, 2018\/<\/p>\n<p>&nbsp;<\/p>\n<p>&nbsp;<\/p>\n<p>Izvor: <a href=\"http:\/\/www.disput.hr\/katalog-knjiga\/na-tragu-klasika\/slatensames-ili-berlin-na-moru\/\">http:\/\/www.disput.hr\/katalog-knjiga\/na-tragu-klasika\/slatensames-ili-berlin-na-moru\/<\/a><\/p>\n<p>&nbsp;<\/p>\n<p>&nbsp;<\/p>\n","protected":false},"excerpt":{"rendered":"","protected":false},"author":2,"featured_media":10932,"comment_status":"open","ping_status":"open","sticky":false,"template":"","format":"standard","meta":{"_acf_changed":false,"jetpack_post_was_ever_published":false,"_jetpack_newsletter_access":"","_jetpack_dont_email_post_to_subs":false,"_jetpack_newsletter_tier_id":0,"_jetpack_memberships_contains_paywalled_content":false,"_jetpack_memberships_contains_paid_content":false,"footnotes":"","jetpack_publicize_message":"","jetpack_publicize_feature_enabled":true,"jetpack_social_post_already_shared":true,"jetpack_social_options":{"image_generator_settings":{"template":"highway","default_image_id":0,"font":"","enabled":false},"version":2}},"categories":[3,12],"tags":[],"class_list":["post-10931","post","type-post","status-publish","format-standard","has-post-thumbnail","hentry","category-novosti","category-knjizevnost"],"acf":{"facebook_opis":""},"jetpack_publicize_connections":[],"jetpack_featured_media_url":"https:\/\/i0.wp.com\/historiografija.hr\/wp-content\/uploads\/2018\/08\/slatensames-naslovnica.jpg?fit=500%2C800&ssl=1","jetpack_sharing_enabled":true,"jetpack-related-posts":[{"id":52704,"url":"https:\/\/historiografija.hr\/?p=52704","url_meta":{"origin":10931,"position":0},"title":"Predstavljanje knjige &#8220;Vladimir Vasiljevi\u0107: Moji do\u017eivljaji. Dnevni\u010dki zapisi iz Prvoga svjetskog rata i poratnoga vremena&#8221;","author":"Filip \u0160imunjak","date":"29. travnja 2026.","format":false,"excerpt":"Doga\u0111anja ovogodi\u0161njega Festivala povijesti Kliofest zapo\u010dinjemo ve\u0107 i prije samoga slu\u017ebenog otvaranja, predstavljanjem knjige \u201eMoji do\u017eivljaji. Dnevni\u010dki zapisi iz Prvoga svjetskog rata i poratnoga vremena\u201d Vladimira Vasiljevi\u0107a, koju su priredili Karlo Rukavina i Damir Agi\u010di\u0107. Pozivamo Vas na predstavljanje koje \u0107e se odr\u017eati u ponedjeljak 4. svibnja, s po\u010detkom u\u2026","rel":"","context":"U &quot;Knjige&quot;","block_context":{"text":"Knjige","link":"https:\/\/historiografija.hr\/?cat=8"},"img":{"alt_text":"","src":"https:\/\/i0.wp.com\/historiografija.hr\/wp-content\/uploads\/2026\/04\/Naslovna-V.-Vasiljevic.webp?fit=1200%2C600&ssl=1&resize=350%2C200","width":350,"height":200,"srcset":"https:\/\/i0.wp.com\/historiografija.hr\/wp-content\/uploads\/2026\/04\/Naslovna-V.-Vasiljevic.webp?fit=1200%2C600&ssl=1&resize=350%2C200 1x, https:\/\/i0.wp.com\/historiografija.hr\/wp-content\/uploads\/2026\/04\/Naslovna-V.-Vasiljevic.webp?fit=1200%2C600&ssl=1&resize=525%2C300 1.5x, https:\/\/i0.wp.com\/historiografija.hr\/wp-content\/uploads\/2026\/04\/Naslovna-V.-Vasiljevic.webp?fit=1200%2C600&ssl=1&resize=700%2C400 2x, https:\/\/i0.wp.com\/historiografija.hr\/wp-content\/uploads\/2026\/04\/Naslovna-V.-Vasiljevic.webp?fit=1200%2C600&ssl=1&resize=1050%2C600 3x"},"classes":[]},{"id":52508,"url":"https:\/\/historiografija.hr\/?p=52508","url_meta":{"origin":10931,"position":1},"title":"Glazbena radionica \u201eDUGMETARA REVISITED\u201c","author":"Branimir Jankovi\u0107","date":"17. travnja 2026.","format":false,"excerpt":"DUGMETARA REVISITED glazbena radionica vodi: Ana Horvat 13., 20. i 27. travnja, od 18 do 20 sati Radiona, Nova cesta 186 Na tri radioni\u010dka susreta uranjamo u naslje\u0111e Dugmetare, biv\u0161e tvornice dugmadi na Savskoj cesti koja je po\u010detkom 2000-ih igrom slu\u010daja postala \u017eivo, jedinstveno mjesto glazbene proizvodnje. Svoje su probe\u2026","rel":"","context":"U &quot;Novosti&quot;","block_context":{"text":"Novosti","link":"https:\/\/historiografija.hr\/?cat=3"},"img":{"alt_text":"","src":"https:\/\/i0.wp.com\/historiografija.hr\/wp-content\/uploads\/2026\/04\/TRESNJA_TRESTI.jpg?fit=380%2C475&ssl=1&resize=350%2C200","width":350,"height":200},"classes":[]},{"id":52505,"url":"https:\/\/historiografija.hr\/?p=52505","url_meta":{"origin":10931,"position":2},"title":"Izlo\u017eba &#8220;Eschenstock \/ Jasenov prut&#8221;","author":"Branimir Jankovi\u0107","date":"17. travnja 2026.","format":false,"excerpt":"Srpsko narodno vije\u0107e (SNV) i Vizura aperta postavljaju izlo\u017ebu \u0161vicarskog slikara Velimira Ili\u0161evi\u0107a: Eschenstock \/ Jasenov prut. Izlo\u017eba se uz prisustvo autora otvara povodom 81. godi\u0161njice proboja logora\u0161a iz usta\u0161kog logora smrti Jasenovac 22. aprila 2026. u 19 sati u Srpskom kulturnom centru (SKC) u Preradovi\u0107evoj ulici 21 u Zagrebu.\u2026","rel":"","context":"U &quot;Izlo\u017ebe&quot;","block_context":{"text":"Izlo\u017ebe","link":"https:\/\/historiografija.hr\/?cat=10"},"img":{"alt_text":"","src":"https:\/\/i0.wp.com\/historiografija.hr\/wp-content\/uploads\/2026\/04\/Jasenov_prut.jpg?fit=1024%2C640&ssl=1&resize=350%2C200","width":350,"height":200,"srcset":"https:\/\/i0.wp.com\/historiografija.hr\/wp-content\/uploads\/2026\/04\/Jasenov_prut.jpg?fit=1024%2C640&ssl=1&resize=350%2C200 1x, https:\/\/i0.wp.com\/historiografija.hr\/wp-content\/uploads\/2026\/04\/Jasenov_prut.jpg?fit=1024%2C640&ssl=1&resize=525%2C300 1.5x, https:\/\/i0.wp.com\/historiografija.hr\/wp-content\/uploads\/2026\/04\/Jasenov_prut.jpg?fit=1024%2C640&ssl=1&resize=700%2C400 2x"},"classes":[]},{"id":52669,"url":"https:\/\/historiografija.hr\/?p=52669","url_meta":{"origin":10931,"position":3},"title":"Predavanje Igora Dude &#8220;Odmor kao \u017eivotna potreba: o slobodnom vremenu u socijalisti\u010dkoj Jugoslaviji&#8221;","author":"Branimir Jankovi\u0107","date":"27. travnja 2026.","format":false,"excerpt":"U sklopu proljetnog ciklusa programa\u00a0Kriti\u010dka dramaturgija: pauza, u\u00a0subotu, 25. travnja 2026. u 19 sati\u00a0u prostoru Udru\u017eenja hrvatskih arhitekata povjesni\u010dar Igor Duda\u00a0odr\u017eao je predavanje naslovljeno\u00a0Odmor kao \u017eivotna potreba: o slobodnom vremenu u socijalisti\u010dkoj Jugoslaviji. Industrijalizacija i urbanizacija dru\u0161tava u povijesti su zna\u010dile i prelazak s predindustrijskog na industrijsko shva\u0107anje vremena. Ono\u2026","rel":"","context":"U &quot;Novosti&quot;","block_context":{"text":"Novosti","link":"https:\/\/historiografija.hr\/?cat=3"},"img":{"alt_text":"","src":"https:\/\/i0.wp.com\/historiografija.hr\/wp-content\/uploads\/2026\/04\/Duda.png?fit=1200%2C628&ssl=1&resize=350%2C200","width":350,"height":200,"srcset":"https:\/\/i0.wp.com\/historiografija.hr\/wp-content\/uploads\/2026\/04\/Duda.png?fit=1200%2C628&ssl=1&resize=350%2C200 1x, https:\/\/i0.wp.com\/historiografija.hr\/wp-content\/uploads\/2026\/04\/Duda.png?fit=1200%2C628&ssl=1&resize=525%2C300 1.5x, https:\/\/i0.wp.com\/historiografija.hr\/wp-content\/uploads\/2026\/04\/Duda.png?fit=1200%2C628&ssl=1&resize=700%2C400 2x, https:\/\/i0.wp.com\/historiografija.hr\/wp-content\/uploads\/2026\/04\/Duda.png?fit=1200%2C628&ssl=1&resize=1050%2C600 3x"},"classes":[]},{"id":52536,"url":"https:\/\/historiografija.hr\/?p=52536","url_meta":{"origin":10931,"position":4},"title":"Kader Abdolah, \u201ePrije nego \u0161to bude kasno\u201c","author":"Branimir Jankovi\u0107","date":"20. travnja 2026.","format":false,"excerpt":"Kader Abdolah \u017eeli se vratiti ku\u0107i. Ali povratak je nemogu\u0107: u Iranu bi bio uhap\u0161en. Pod la\u017enim imenom i s krivotvorenim paso\u0161em ipak uspijeva u\u0107i u domovinu i sti\u017ee do roditeljske ku\u0107e, visoko u planinama. Majka ga ne prepoznaje, otac je mrtav, a sve \u0161to je tra\u017eio izmi\u010de mu pred\u2026","rel":"","context":"U &quot;Novosti&quot;","block_context":{"text":"Novosti","link":"https:\/\/historiografija.hr\/?cat=3"},"img":{"alt_text":"","src":"https:\/\/i0.wp.com\/historiografija.hr\/wp-content\/uploads\/2026\/04\/Prije-nego-sto-bude-kasno.webp?fit=566%2C872&ssl=1&resize=350%2C200","width":350,"height":200,"srcset":"https:\/\/i0.wp.com\/historiografija.hr\/wp-content\/uploads\/2026\/04\/Prije-nego-sto-bude-kasno.webp?fit=566%2C872&ssl=1&resize=350%2C200 1x, https:\/\/i0.wp.com\/historiografija.hr\/wp-content\/uploads\/2026\/04\/Prije-nego-sto-bude-kasno.webp?fit=566%2C872&ssl=1&resize=525%2C300 1.5x"},"classes":[]},{"id":52666,"url":"https:\/\/historiografija.hr\/?p=52666","url_meta":{"origin":10931,"position":5},"title":"Najava programa Festivala povijesti Kliofest (5-8. V. 2026)","author":"Branimir Jankovi\u0107","date":"24. travnja 2026.","format":false,"excerpt":"Po trinaesti put odr\u017eava se Festival povijesti Kliofest! Do petka \u0107emo odr\u017eati osam okruglih stolova i dva kolokvija te niz predstavljanja knjiga i projekata razli\u010dite tematike, od antike do suvremenosti. Bit \u0107e predstavljeno i nekoliko izlo\u017ebi te odr\u017ean jedan povijesni kviz. Prikazat \u0107emo i jedan film \u2013 o generalu Boroevi\u0107u.\u2026","rel":"","context":"U &quot;Novosti&quot;","block_context":{"text":"Novosti","link":"https:\/\/historiografija.hr\/?cat=3"},"img":{"alt_text":"","src":"https:\/\/i0.wp.com\/historiografija.hr\/wp-content\/uploads\/2026\/04\/Kliofest-2026.jpg?fit=526%2C526&ssl=1&resize=350%2C200","width":350,"height":200,"srcset":"https:\/\/i0.wp.com\/historiografija.hr\/wp-content\/uploads\/2026\/04\/Kliofest-2026.jpg?fit=526%2C526&ssl=1&resize=350%2C200 1x, https:\/\/i0.wp.com\/historiografija.hr\/wp-content\/uploads\/2026\/04\/Kliofest-2026.jpg?fit=526%2C526&ssl=1&resize=525%2C300 1.5x"},"classes":[]}],"_links":{"self":[{"href":"https:\/\/historiografija.hr\/index.php?rest_route=\/wp\/v2\/posts\/10931","targetHints":{"allow":["GET"]}}],"collection":[{"href":"https:\/\/historiografija.hr\/index.php?rest_route=\/wp\/v2\/posts"}],"about":[{"href":"https:\/\/historiografija.hr\/index.php?rest_route=\/wp\/v2\/types\/post"}],"author":[{"embeddable":true,"href":"https:\/\/historiografija.hr\/index.php?rest_route=\/wp\/v2\/users\/2"}],"replies":[{"embeddable":true,"href":"https:\/\/historiografija.hr\/index.php?rest_route=%2Fwp%2Fv2%2Fcomments&post=10931"}],"version-history":[{"count":1,"href":"https:\/\/historiografija.hr\/index.php?rest_route=\/wp\/v2\/posts\/10931\/revisions"}],"predecessor-version":[{"id":10933,"href":"https:\/\/historiografija.hr\/index.php?rest_route=\/wp\/v2\/posts\/10931\/revisions\/10933"}],"wp:featuredmedia":[{"embeddable":true,"href":"https:\/\/historiografija.hr\/index.php?rest_route=\/wp\/v2\/media\/10932"}],"wp:attachment":[{"href":"https:\/\/historiografija.hr\/index.php?rest_route=%2Fwp%2Fv2%2Fmedia&parent=10931"}],"wp:term":[{"taxonomy":"category","embeddable":true,"href":"https:\/\/historiografija.hr\/index.php?rest_route=%2Fwp%2Fv2%2Fcategories&post=10931"},{"taxonomy":"post_tag","embeddable":true,"href":"https:\/\/historiografija.hr\/index.php?rest_route=%2Fwp%2Fv2%2Ftags&post=10931"}],"curies":[{"name":"wp","href":"https:\/\/api.w.org\/{rel}","templated":true}]}}