{"id":10894,"date":"2018-08-06T21:00:15","date_gmt":"2018-08-06T21:00:15","guid":{"rendered":"http:\/\/historiografija.hr\/?p=10894"},"modified":"2020-12-21T17:14:12","modified_gmt":"2020-12-21T17:14:12","slug":"umro-knjizevnik-nedjeljko-fabrio","status":"publish","type":"post","link":"https:\/\/historiografija.hr\/?p=10894","title":{"rendered":"Umro knji\u017eevnik Nedjeljko Fabrio"},"content":{"rendered":"<p>Umro je poznati knji\u017eevnik Nedjeljko Fabrio (1937-2018), \u010diji se romani &#8220;Vje\u017ebanje \u017eivota\u201d, \u201cBerenikina kosa\u201d, \u201cTriemeron\u201d, \u201cSmrt Vronskog\u201d navode kao primjeri novopovijesnog romana, odnosno historiografske metafikcije.<\/p>\n<p>&nbsp;<\/p>\n<p>&#8212;<\/p>\n<p>&nbsp;<\/p>\n<p>Nedeljko Fabrio<\/p>\n<p><a href=\"http:\/\/www.enciklopedija.hr\/natuknica.aspx?id=18812\">http:\/\/www.enciklopedija.hr\/natuknica.aspx?id=18812<\/a><\/p>\n<p>&nbsp;<\/p>\n<p>Umro akademik Nedjeljko Fabrio<\/p>\n<p><a href=\"http:\/\/info.hazu.hr\/\">http:\/\/info.hazu.hr\/<\/a><\/p>\n<p>&nbsp;<\/p>\n<p>Fabrio Nedjeljko (1937-2018)<\/p>\n<p><a href=\"http:\/\/www.hrvatskodrustvopisaca.hr\/hr\/clan\/nedjeljko-fabrio-53\">http:\/\/www.hrvatskodrustvopisaca.hr\/hr\/clan\/nedjeljko-fabrio-53<\/a><\/p>\n<p>&nbsp;<\/p>\n<p>IN MEMORIAM: NEDJELJKO FABRIO (1937.-2018.)<\/p>\n<p><a href=\"http:\/\/hnk-zajc.hr\/in-memoriam-nedjeljko-fabrio-1937-2018\/\">http:\/\/hnk-zajc.hr\/in-memoriam-nedjeljko-fabrio-1937-2018\/<\/a><\/p>\n<p>&nbsp;<\/p>\n<p>Iz medija:<\/p>\n<p><a href=\"https:\/\/magazin.hrt.hr\/455239\/umro-knjizevnik-i-akademik-nedjeljko-fabrio\">https:\/\/magazin.hrt.hr\/455239\/umro-knjizevnik-i-akademik-nedjeljko-fabrio<\/a><\/p>\n<p><a href=\"https:\/\/www.vecernji.hr\/kultura\/umro-knjizevnik-i-akademik-nedjeljko-fabrio-1262241\">https:\/\/www.vecernji.hr\/kultura\/umro-knjizevnik-i-akademik-nedjeljko-fabrio-1262241<\/a><\/p>\n<p><a href=\"https:\/\/www.telegram.hr\/kultura\/hrvatska-je-izgubila-jos-jednog-vaznog-akademika-umro-je-nedjeljko-fabrio\/\">https:\/\/www.telegram.hr\/kultura\/hrvatska-je-izgubila-jos-jednog-vaznog-akademika-umro-je-nedjeljko-fabrio\/<\/a><\/p>\n<p><a href=\"https:\/\/www.tportal.hr\/kultura\/clanak\/poznati-hrvatski-knjizevnik-nedjeljko-fabrio-preminuo-jutros-u-rijeci-foto-20180804\">https:\/\/www.tportal.hr\/kultura\/clanak\/poznati-hrvatski-knjizevnik-nedjeljko-fabrio-preminuo-jutros-u-rijeci-foto-20180804<\/a><\/p>\n<p><a href=\"http:\/\/www.glas-slavonije.hr\/371900\/1\/Akademik-i-nagradjeni-knjizevnik-Nedjeljko-Fabrio-umro-u-81-godini\">http:\/\/www.glas-slavonije.hr\/371900\/1\/Akademik-i-nagradjeni-knjizevnik-Nedjeljko-Fabrio-umro-u-81-godini<\/a><\/p>\n<p><a href=\"https:\/\/www.jutarnji.hr\/kultura\/knjizevnost\/nakon-duge-bolesti-preminuo-poznati-knjizevnik-akademik-i-bivsi-predsjednik-drustva-hrvatskih-knjizevnika-nedjeljko-fabrio\/7688712\/\">https:\/\/www.jutarnji.hr\/kultura\/knjizevnost\/nakon-duge-bolesti-preminuo-poznati-knjizevnik-akademik-i-bivsi-predsjednik-drustva-hrvatskih-knjizevnika-nedjeljko-fabrio\/7688712\/<\/a><\/p>\n<p><a href=\"http:\/\/www.novilist.hr\/Kultura\/Poznati-hrvatski-knjizevnik-i-akademik-Nedjeljko-Fabrio-preminuo-jutros-u-Rijeci-u-81.-godini\">http:\/\/www.novilist.hr\/Kultura\/Poznati-hrvatski-knjizevnik-i-akademik-Nedjeljko-Fabrio-preminuo-jutros-u-Rijeci-u-81.-godini<\/a><\/p>\n<p><a href=\"http:\/\/novilist.hr\/Vijesti\/Rijeka\/LOREDANA-GASPAROVIC-Fabrio-je-Vjezbanjem-zivota-zasluzio-spomenik-ravan-Ivanu-Zajcu\">http:\/\/novilist.hr\/Vijesti\/Rijeka\/LOREDANA-GASPAROVIC-Fabrio-je-Vjezbanjem-zivota-zasluzio-spomenik-ravan-Ivanu-Zajcu<\/a><\/p>\n<p>&nbsp;<\/p>\n<p>&nbsp;<\/p>\n","protected":false},"excerpt":{"rendered":"","protected":false},"author":2,"featured_media":10895,"comment_status":"open","ping_status":"open","sticky":false,"template":"","format":"standard","meta":{"_acf_changed":false,"jetpack_post_was_ever_published":false,"_jetpack_newsletter_access":"","_jetpack_dont_email_post_to_subs":false,"_jetpack_newsletter_tier_id":0,"_jetpack_memberships_contains_paywalled_content":false,"_jetpack_memberships_contains_paid_content":false,"footnotes":"","jetpack_publicize_message":"","jetpack_publicize_feature_enabled":true,"jetpack_social_post_already_shared":true,"jetpack_social_options":{"image_generator_settings":{"template":"highway","default_image_id":0,"font":"","enabled":false},"version":2}},"categories":[3,20],"tags":[],"class_list":["post-10894","post","type-post","status-publish","format-standard","has-post-thumbnail","hentry","category-novosti","category-obavijesti-o-smrti-i-nekrolozi"],"acf":{"facebook_opis":""},"jetpack_publicize_connections":[],"jetpack_featured_media_url":"https:\/\/i0.wp.com\/historiografija.hr\/wp-content\/uploads\/2018\/08\/Nedjeljko-Fabrio-Jutarnji-list.jpg?fit=680%2C403&ssl=1","jetpack_sharing_enabled":true,"jetpack-related-posts":[{"id":52628,"url":"https:\/\/historiografija.hr\/?p=52628","url_meta":{"origin":10894,"position":0},"title":"Predavanje dopisnog \u010dlana HAZU Alaina Finkielkrauta Izrael, Europa, antisemitizam","author":"Branimir Jankovi\u0107","date":"23. travnja 2026.","format":false,"excerpt":"Francuski filozof Alain Finkielkraut, redoviti \u010dlan Francuske akademije i dopisni \u010dlan HAZU, odr\u017eat \u0107e predavanje\u00a0Izrael, Europa, antisemitizam u utorak 28. travnja 2026. u 13 sati u Knji\u017enici HAZU,\u00a0Strossmayerov trg 14 u Zagrebu. Uvodne rije\u010di odr\u017eat \u0107e\u00a0akademkinja \u017deljka \u010corak i\u00a0akademik Dra\u017een Katunari\u0107. Predavanje \u0107e se odr\u017eati na francuskom jeziku uz konsekutivno\u2026","rel":"","context":"U &quot;Novosti&quot;","block_context":{"text":"Novosti","link":"https:\/\/historiografija.hr\/?cat=3"},"img":{"alt_text":"","src":"https:\/\/i0.wp.com\/historiografija.hr\/wp-content\/uploads\/2026\/04\/Alain_Finkielkraut.jpg?fit=350%2C407&ssl=1&resize=350%2C200","width":350,"height":200},"classes":[]}],"_links":{"self":[{"href":"https:\/\/historiografija.hr\/index.php?rest_route=\/wp\/v2\/posts\/10894","targetHints":{"allow":["GET"]}}],"collection":[{"href":"https:\/\/historiografija.hr\/index.php?rest_route=\/wp\/v2\/posts"}],"about":[{"href":"https:\/\/historiografija.hr\/index.php?rest_route=\/wp\/v2\/types\/post"}],"author":[{"embeddable":true,"href":"https:\/\/historiografija.hr\/index.php?rest_route=\/wp\/v2\/users\/2"}],"replies":[{"embeddable":true,"href":"https:\/\/historiografija.hr\/index.php?rest_route=%2Fwp%2Fv2%2Fcomments&post=10894"}],"version-history":[{"count":1,"href":"https:\/\/historiografija.hr\/index.php?rest_route=\/wp\/v2\/posts\/10894\/revisions"}],"predecessor-version":[{"id":10896,"href":"https:\/\/historiografija.hr\/index.php?rest_route=\/wp\/v2\/posts\/10894\/revisions\/10896"}],"wp:featuredmedia":[{"embeddable":true,"href":"https:\/\/historiografija.hr\/index.php?rest_route=\/wp\/v2\/media\/10895"}],"wp:attachment":[{"href":"https:\/\/historiografija.hr\/index.php?rest_route=%2Fwp%2Fv2%2Fmedia&parent=10894"}],"wp:term":[{"taxonomy":"category","embeddable":true,"href":"https:\/\/historiografija.hr\/index.php?rest_route=%2Fwp%2Fv2%2Fcategories&post=10894"},{"taxonomy":"post_tag","embeddable":true,"href":"https:\/\/historiografija.hr\/index.php?rest_route=%2Fwp%2Fv2%2Ftags&post=10894"}],"curies":[{"name":"wp","href":"https:\/\/api.w.org\/{rel}","templated":true}]}}