{"id":10880,"date":"2018-08-04T13:57:07","date_gmt":"2018-08-04T13:57:07","guid":{"rendered":"http:\/\/historiografija.hr\/?p=10880"},"modified":"2018-08-04T13:57:07","modified_gmt":"2018-08-04T13:57:07","slug":"program-hrt-a-povodom-23-obljetnice-oluje","status":"publish","type":"post","link":"https:\/\/historiografija.hr\/?p=10880","title":{"rendered":"Program HRT-a povodom 23. obljetnice Oluje"},"content":{"rendered":"<p>U nedjelju, 5. kolovoza 2018. u prijenosu posebne emisije iz Knina gostovat \u0107e povjesni\u010dar Ante Nazor, bit \u0107e prikazan dokumentarni film \u201cOluja na olujama\u201d (2005) i premijera dokumentarnog filma \u201cGeneral i d\u017eentlmen\u201d o generalu Petru Stipeti\u0107u.<\/p>\n<p>&nbsp;<\/p>\n<p>&#8212;<\/p>\n<p>&nbsp;<\/p>\n<p><strong>Obilje\u017eavanje Dana pobjede i domovinske zahvalnosti te Dana hrvatskih branitelja<\/strong><\/p>\n<p>&nbsp;<\/p>\n<p>Hrvatska radiotelevizija u nedjelju 5. kolovoza na Prvom programu (HRT &#8211; HTV1) izravno prenosi sve\u010danost obilje\u017eavanja Dana domovinske zahvalnosti.<\/p>\n<p>&nbsp;<\/p>\n<p>U povodu obilje\u017eavanja Dana pobjede i domovinske zahvalnosti te Dana hrvatskih branitelja Hrvatska televizija iz Knina \u0107e prenositi posebnu emisiju na Prvom i \u010cetvrtom programu. Voditelj i komentator je Branko Na\u0111vinski s gostima, a to su: Ante Nazor, ravnatelj Hrvatskog memorijalno-dokumentacijskog centra Domovinskog rata; Ivan Vuki\u0107, dr\u017eavni tajnik u Ministarstvu branitelja, zapovjednik 142. drni\u0161ke brigade u VRO Oluja; Marko Vukasovi\u0107, zapovjednik Prve pje\u0161a\u010dke bojne \u010cetvrte gardijske brigade u VRO Oluja i Zdravko Jakop, dr\u017eavni tajnik u Ministarstvu obrane, pripadnik Sedme gardijske brigade u VRO Oluja.<\/p>\n<p>&nbsp;<\/p>\n<p>Uz reportere Hrvatske radiotelevizije koji \u0107e se javljati s mjesta obilje\u017eavanja te razgovarati sa sudionicima proslave (Edi \u0160kovrlj, Petar Vlahov i Hrvoje Gunja\u010da) donosimo i reporta\u017ee u kojima podsje\u0107amo na povijesne trenutke osloba\u0111anja Hrvatske. U reporta\u017ei o Kninu donosimo pri\u010du o ljudima koji \u017eive u gradu i onima koji su se ondje doselili, o nekom &#8220;novom&#8221; mladom Kninu. Novinari koji su pripremili pri\u010de o Oluji i Kninu su: Martina Klai\u0107, Ivona Ramad\u017ea, Hrvoje Zovko i Nata\u0161a Ban. Urednica prijenosa je Ana Jelini\u0107.<\/p>\n<p>&nbsp;<\/p>\n<p>Izravni prijenos sve\u010danosti obilje\u017eavanja Dana domovinske zahvalnosti gledajte u nedjelju 5. kolovoza na Prvom programu (HRT &#8211; HTV1) Hrvatske radiotelevizije od 7.40.<\/p>\n<p>&nbsp;<\/p>\n<p><a href=\"https:\/\/hrtprikazuje.hrt.hr\/454674\/obiljezavanje-dana-pobjede-i-domovinske-zahvalnosti-te-dana-hrvatskih-branitelja\">https:\/\/hrtprikazuje.hrt.hr\/454674\/obiljezavanje-dana-pobjede-i-domovinske-zahvalnosti-te-dana-hrvatskih-branitelja<\/a><\/p>\n<p>&nbsp;<\/p>\n<p>&#8212;<\/p>\n<p>&nbsp;<\/p>\n<p><strong>Oluja nad olujama<\/strong><\/p>\n<p>&nbsp;<\/p>\n<p>5. kolovoza na HRT3 u 13 sati &#8211; dokumentarni film iz 2005.<\/p>\n<p>&nbsp;<\/p>\n<p>Vojno-redarstvena akcija Oluja zasigurno je jedna od najblistavijih vojnih pobjeda u hrvatskoj povijesti.<\/p>\n<p>&nbsp;<\/p>\n<p>Tijekom akcije koja je trajala nepuna osamdeset i dva sata oslobo\u0111en je Knin i veliki dio do tada zaposjednutog hrvatskog teritorija, a ujedno je omogu\u0107en kraj rata na ovim prostorima te mirna reintegracija isto\u010dne Slavonije i Baranje.<\/p>\n<p>&nbsp;<\/p>\n<p>U emisiji \u0107emo upoznati mnoge klju\u010dne aktere ove operacije i saznati neke \u0161iroj javnosti dosad nepoznate \u010dinjenice iz Oluje.<\/p>\n<p>&nbsp;<\/p>\n<p>Scenarist i redatelj: Ninoslav Lov\u010devi\u0107<\/p>\n<p>&nbsp;<\/p>\n<p><a href=\"https:\/\/hrtprikazuje.hrt.hr\/293772\/oluja-nad-olujama\">https:\/\/hrtprikazuje.hrt.hr\/293772\/oluja-nad-olujama<\/a><\/p>\n<p>&nbsp;<\/p>\n<p>&nbsp;<\/p>\n<p>&#8212;<\/p>\n<p>&nbsp;<\/p>\n<p><strong>Hrvatska radiotelevizija premijerno prikazuje dokumentarni film General i d\u017eentlmen<\/strong><\/p>\n<p>&nbsp;<\/p>\n<p>Hrvatska radiotelevizija u nedjelju 5. kolovoza na Prvom programu (HRT &#8211; HTV1) premijerno prikazuje dokumentarni film General i d\u017eentlmen posve\u0107en \u017eivotu proslavljenog generala Petra Stipeti\u0107a.<\/p>\n<p>&nbsp;<\/p>\n<p>Dokumentarni film General i d\u017eentlmen kronolo\u0161ki prikazuje njegov \u017eivot: odrastanje u Ogulinu, vojnu karijeru u Jugoslaviji, zatim prelazak u Hrvatsku vojsku i njegovu ulogu u Domovinskom ratu, te vrijeme nakon rata kada je bio i na\u010delnik Glavnog sto\u017eera Hrvatske vojske. O \u017eivotu karizmati\u010dnog generala govore \u010dlanovi njegove obitelji, najbli\u017ei prijatelji i suborci. Film, me\u0111u ostalim, otkriva \u0161to je prethodilo predaji 21. Kordunskog korpusa vojske tzv. RSK. Isto tako, govori o klju\u010dnim potezima generala Stipeti\u0107a koji su doveli do vojnog preokreta na podru\u010dju Banovine tijekom operacija 1995. godine. U Oluji je general Stipeti\u0107 bio istaknuti zapovjednik sektora Sjever, pod \u010dijim su vodstvom oslobo\u0111eni Glina, Petrinja, Hrvatska Kostajnica i Dvor na Uni.<\/p>\n<p>&nbsp;<\/p>\n<p>Petar Stipeti\u0107 bio je jedan od zapovjednika koji su stvarali Hrvatsku vojsku i vodio je prvu oslobodila\u010dku operaciju Hrvatske vojske u Zapadnoj Slavoniji 1991. godine.<\/p>\n<p>&nbsp;<\/p>\n<p>Autor, scenarist i redatelj filma je Hrvoje Zovko, snimatelj je Damir Bednjanec, a monta\u017eer Hrvoje Mr\u0161i\u0107.<\/p>\n<p>&nbsp;<\/p>\n<p>Dokumentarni film General i d\u017eentlmen gledajte u nedjelju 5. kolovoza na Prvom programu (HRT &#8211; HTV1) Hrvatske radiotelevizije u 20 sati i 5 minuta.<\/p>\n<p>&nbsp;<\/p>\n<p><a href=\"https:\/\/hrtprikazuje.hrt.hr\/454771\/hrvatska-radiotelevizija-premijerno-prikazuje-dokumentarni-film-general-i-dzentlmen\">https:\/\/hrtprikazuje.hrt.hr\/454771\/hrvatska-radiotelevizija-premijerno-prikazuje-dokumentarni-film-general-i-dzentlmen<\/a><\/p>\n<p>&nbsp;<\/p>\n<p>&nbsp;<\/p>\n","protected":false},"excerpt":{"rendered":"","protected":false},"author":2,"featured_media":10881,"comment_status":"open","ping_status":"open","sticky":false,"template":"","format":"standard","meta":{"_acf_changed":false,"jetpack_post_was_ever_published":false,"_jetpack_newsletter_access":"","_jetpack_dont_email_post_to_subs":false,"_jetpack_newsletter_tier_id":0,"_jetpack_memberships_contains_paywalled_content":false,"_jetpack_memberships_contains_paid_content":false,"footnotes":"","jetpack_publicize_message":"","jetpack_publicize_feature_enabled":true,"jetpack_social_post_already_shared":true,"jetpack_social_options":{"image_generator_settings":{"template":"highway","default_image_id":0,"font":"","enabled":false},"version":2}},"categories":[3],"tags":[],"class_list":["post-10880","post","type-post","status-publish","format-standard","has-post-thumbnail","hentry","category-novosti"],"acf":{"facebook_opis":""},"jetpack_publicize_connections":[],"jetpack_featured_media_url":"https:\/\/i0.wp.com\/historiografija.hr\/wp-content\/uploads\/2018\/08\/Stipetic.jpg?fit=688%2C388&ssl=1","jetpack_sharing_enabled":true,"jetpack-related-posts":[{"id":52578,"url":"https:\/\/historiografija.hr\/?p=52578","url_meta":{"origin":10880,"position":0},"title":"Poziv za sudjelovanje: XXII. Dani Julija Bene\u0161i\u0107a u Iloku","author":"Branimir Jankovi\u0107","date":"21. travnja 2026.","format":false,"excerpt":"Zavod za lingvisti\u010dka istra\u017eivanja Hrvatske akademije znanosti i umjetnosti, zajedno s Muzejom grada Iloka, organizira XXII. Dane Julija Bene\u0161i\u0107a, koji \u0107e se odr\u017eati od 28. do 30. listopada 2026. u Iloku.\u00a0Teme ovogodi\u0161njih Dana podijeljene su u dvije cjeline: Knji\u017eevno-jezikoslovni d\u00ecv\u0101n s Bene\u0161i\u0107em te Ilok i Srijem u povijesnim stalnicama i\u2026","rel":"","context":"U &quot;Novosti&quot;","block_context":{"text":"Novosti","link":"https:\/\/historiografija.hr\/?cat=3"},"img":{"alt_text":"","src":"https:\/\/i0.wp.com\/historiografija.hr\/wp-content\/uploads\/2019\/10\/HE2_Benesic.jpg?fit=413%2C591&ssl=1&resize=350%2C200","width":350,"height":200},"classes":[]},{"id":52563,"url":"https:\/\/historiografija.hr\/?p=52563","url_meta":{"origin":10880,"position":1},"title":"Predavanje Nenada Fabijani\u0107a o stadionu Poljud u Splitu","author":"Branimir Jankovi\u0107","date":"21. travnja 2026.","format":false,"excerpt":"Znanstveno vije\u0107e za arhitekturu, urbanizam i ure\u0111enje prostora Hrvatske akademije znanosti i umjetnosti organizira predavanje \u201cPo Poljudu\u201d koje \u0107e u srijedu 22. travnja 2026. s po\u010detkom u 14 sati u Knji\u017enici HAZU, Strossmayerov trg 14 u Zagrebu, odr\u017eati\u00a0prof. emerit. dr. art. Nenad Fabijani\u0107,\u00a0\u010dlan suradnik HAZU. Predavanje \u201ePo Poljudu\u201c (Projekt obnove)\u2026","rel":"","context":"U &quot;Novosti&quot;","block_context":{"text":"Novosti","link":"https:\/\/historiografija.hr\/?cat=3"},"img":{"alt_text":"","src":"https:\/\/i0.wp.com\/historiografija.hr\/wp-content\/uploads\/2026\/04\/Poljud-scaled.jpeg?fit=1200%2C800&ssl=1&resize=350%2C200","width":350,"height":200,"srcset":"https:\/\/i0.wp.com\/historiografija.hr\/wp-content\/uploads\/2026\/04\/Poljud-scaled.jpeg?fit=1200%2C800&ssl=1&resize=350%2C200 1x, https:\/\/i0.wp.com\/historiografija.hr\/wp-content\/uploads\/2026\/04\/Poljud-scaled.jpeg?fit=1200%2C800&ssl=1&resize=525%2C300 1.5x, https:\/\/i0.wp.com\/historiografija.hr\/wp-content\/uploads\/2026\/04\/Poljud-scaled.jpeg?fit=1200%2C800&ssl=1&resize=700%2C400 2x, https:\/\/i0.wp.com\/historiografija.hr\/wp-content\/uploads\/2026\/04\/Poljud-scaled.jpeg?fit=1200%2C800&ssl=1&resize=1050%2C600 3x"},"classes":[]},{"id":52499,"url":"https:\/\/historiografija.hr\/?p=52499","url_meta":{"origin":10880,"position":2},"title":"POTPISAN UGOVOR O ZNANSTVENO-ISTRA\u017dIVA\u010cKOJ SURADNJI: PROJEKT \u201eTEMELJI HRVATSKE SAMOSTALNOSTI\u201d","author":"Branimir Jankovi\u0107","date":"17. travnja 2026.","format":false,"excerpt":"Hrvatski institut za povijest, Sveu\u010dili\u0161te obrane i sigurnosti \u201eDr. Franjo Tu\u0111man\u201d, Institut dru\u0161tvenih znanosti Ivo Pilar i Hrvatski dr\u017eavni arhiv\u00a0potpisali su 23. o\u017eujka 2026.\u00a0Ugovor o znanstveno-istra\u017eiva\u010dkoj suradnji s ciljem provedbe projekta \u201eTemelji hrvatske samostalnosti\u201d. Tim projektom obuhva\u0107a se istra\u017eivanje arhivskoga gradiva, priprema znanstvenih publikacija, digitalizacija i javna prezentacija rezultata istra\u017eivanja\u2026","rel":"","context":"U &quot;Novosti&quot;","block_context":{"text":"Novosti","link":"https:\/\/historiografija.hr\/?cat=3"},"img":{"alt_text":"","src":"https:\/\/i0.wp.com\/historiografija.hr\/wp-content\/uploads\/2026\/04\/THS_sporazum.jpg?fit=1200%2C583&ssl=1&resize=350%2C200","width":350,"height":200,"srcset":"https:\/\/i0.wp.com\/historiografija.hr\/wp-content\/uploads\/2026\/04\/THS_sporazum.jpg?fit=1200%2C583&ssl=1&resize=350%2C200 1x, https:\/\/i0.wp.com\/historiografija.hr\/wp-content\/uploads\/2026\/04\/THS_sporazum.jpg?fit=1200%2C583&ssl=1&resize=525%2C300 1.5x, https:\/\/i0.wp.com\/historiografija.hr\/wp-content\/uploads\/2026\/04\/THS_sporazum.jpg?fit=1200%2C583&ssl=1&resize=700%2C400 2x, https:\/\/i0.wp.com\/historiografija.hr\/wp-content\/uploads\/2026\/04\/THS_sporazum.jpg?fit=1200%2C583&ssl=1&resize=1050%2C600 3x"},"classes":[]},{"id":52666,"url":"https:\/\/historiografija.hr\/?p=52666","url_meta":{"origin":10880,"position":3},"title":"Najava programa Festivala povijesti Kliofest (5-8. V. 2026)","author":"Branimir Jankovi\u0107","date":"24. travnja 2026.","format":false,"excerpt":"Po trinaesti put odr\u017eava se Festival povijesti Kliofest! Do petka \u0107emo odr\u017eati osam okruglih stolova i dva kolokvija te niz predstavljanja knjiga i projekata razli\u010dite tematike, od antike do suvremenosti. Bit \u0107e predstavljeno i nekoliko izlo\u017ebi te odr\u017ean jedan povijesni kviz. Prikazat \u0107emo i jedan film \u2013 o generalu Boroevi\u0107u.\u2026","rel":"","context":"U &quot;Novosti&quot;","block_context":{"text":"Novosti","link":"https:\/\/historiografija.hr\/?cat=3"},"img":{"alt_text":"","src":"https:\/\/i0.wp.com\/historiografija.hr\/wp-content\/uploads\/2026\/04\/Kliofest-2026.jpg?fit=526%2C526&ssl=1&resize=350%2C200","width":350,"height":200,"srcset":"https:\/\/i0.wp.com\/historiografija.hr\/wp-content\/uploads\/2026\/04\/Kliofest-2026.jpg?fit=526%2C526&ssl=1&resize=350%2C200 1x, https:\/\/i0.wp.com\/historiografija.hr\/wp-content\/uploads\/2026\/04\/Kliofest-2026.jpg?fit=526%2C526&ssl=1&resize=525%2C300 1.5x"},"classes":[]},{"id":52669,"url":"https:\/\/historiografija.hr\/?p=52669","url_meta":{"origin":10880,"position":4},"title":"Predavanje Igora Dude &#8220;Odmor kao \u017eivotna potreba: o slobodnom vremenu u socijalisti\u010dkoj Jugoslaviji&#8221;","author":"Branimir Jankovi\u0107","date":"27. travnja 2026.","format":false,"excerpt":"U sklopu proljetnog ciklusa programa\u00a0Kriti\u010dka dramaturgija: pauza, u\u00a0subotu, 25. travnja 2026. u 19 sati\u00a0u prostoru Udru\u017eenja hrvatskih arhitekata povjesni\u010dar Igor Duda\u00a0odr\u017eao je predavanje naslovljeno\u00a0Odmor kao \u017eivotna potreba: o slobodnom vremenu u socijalisti\u010dkoj Jugoslaviji. Industrijalizacija i urbanizacija dru\u0161tava u povijesti su zna\u010dile i prelazak s predindustrijskog na industrijsko shva\u0107anje vremena. Ono\u2026","rel":"","context":"U &quot;Novosti&quot;","block_context":{"text":"Novosti","link":"https:\/\/historiografija.hr\/?cat=3"},"img":{"alt_text":"","src":"https:\/\/i0.wp.com\/historiografija.hr\/wp-content\/uploads\/2026\/04\/Duda.png?fit=1200%2C628&ssl=1&resize=350%2C200","width":350,"height":200,"srcset":"https:\/\/i0.wp.com\/historiografija.hr\/wp-content\/uploads\/2026\/04\/Duda.png?fit=1200%2C628&ssl=1&resize=350%2C200 1x, https:\/\/i0.wp.com\/historiografija.hr\/wp-content\/uploads\/2026\/04\/Duda.png?fit=1200%2C628&ssl=1&resize=525%2C300 1.5x, https:\/\/i0.wp.com\/historiografija.hr\/wp-content\/uploads\/2026\/04\/Duda.png?fit=1200%2C628&ssl=1&resize=700%2C400 2x, https:\/\/i0.wp.com\/historiografija.hr\/wp-content\/uploads\/2026\/04\/Duda.png?fit=1200%2C628&ssl=1&resize=1050%2C600 3x"},"classes":[]},{"id":52704,"url":"https:\/\/historiografija.hr\/?p=52704","url_meta":{"origin":10880,"position":5},"title":"Predstavljanje knjige &#8220;Vladimir Vasiljevi\u0107: Moji do\u017eivljaji. Dnevni\u010dki zapisi iz Prvoga svjetskog rata i poratnoga vremena&#8221;","author":"Filip \u0160imunjak","date":"29. travnja 2026.","format":false,"excerpt":"Doga\u0111anja ovogodi\u0161njega Festivala povijesti Kliofest zapo\u010dinjemo ve\u0107 i prije samoga slu\u017ebenog otvaranja, predstavljanjem knjige \u201eMoji do\u017eivljaji. Dnevni\u010dki zapisi iz Prvoga svjetskog rata i poratnoga vremena\u201d Vladimira Vasiljevi\u0107a, koju su priredili Karlo Rukavina i Damir Agi\u010di\u0107. Pozivamo Vas na predstavljanje koje \u0107e se odr\u017eati u ponedjeljak 4. svibnja, s po\u010detkom u\u2026","rel":"","context":"U &quot;Knjige&quot;","block_context":{"text":"Knjige","link":"https:\/\/historiografija.hr\/?cat=8"},"img":{"alt_text":"","src":"https:\/\/i0.wp.com\/historiografija.hr\/wp-content\/uploads\/2026\/04\/Naslovna-V.-Vasiljevic.webp?fit=1200%2C600&ssl=1&resize=350%2C200","width":350,"height":200,"srcset":"https:\/\/i0.wp.com\/historiografija.hr\/wp-content\/uploads\/2026\/04\/Naslovna-V.-Vasiljevic.webp?fit=1200%2C600&ssl=1&resize=350%2C200 1x, https:\/\/i0.wp.com\/historiografija.hr\/wp-content\/uploads\/2026\/04\/Naslovna-V.-Vasiljevic.webp?fit=1200%2C600&ssl=1&resize=525%2C300 1.5x, https:\/\/i0.wp.com\/historiografija.hr\/wp-content\/uploads\/2026\/04\/Naslovna-V.-Vasiljevic.webp?fit=1200%2C600&ssl=1&resize=700%2C400 2x, https:\/\/i0.wp.com\/historiografija.hr\/wp-content\/uploads\/2026\/04\/Naslovna-V.-Vasiljevic.webp?fit=1200%2C600&ssl=1&resize=1050%2C600 3x"},"classes":[]}],"_links":{"self":[{"href":"https:\/\/historiografija.hr\/index.php?rest_route=\/wp\/v2\/posts\/10880","targetHints":{"allow":["GET"]}}],"collection":[{"href":"https:\/\/historiografija.hr\/index.php?rest_route=\/wp\/v2\/posts"}],"about":[{"href":"https:\/\/historiografija.hr\/index.php?rest_route=\/wp\/v2\/types\/post"}],"author":[{"embeddable":true,"href":"https:\/\/historiografija.hr\/index.php?rest_route=\/wp\/v2\/users\/2"}],"replies":[{"embeddable":true,"href":"https:\/\/historiografija.hr\/index.php?rest_route=%2Fwp%2Fv2%2Fcomments&post=10880"}],"version-history":[{"count":1,"href":"https:\/\/historiografija.hr\/index.php?rest_route=\/wp\/v2\/posts\/10880\/revisions"}],"predecessor-version":[{"id":10882,"href":"https:\/\/historiografija.hr\/index.php?rest_route=\/wp\/v2\/posts\/10880\/revisions\/10882"}],"wp:featuredmedia":[{"embeddable":true,"href":"https:\/\/historiografija.hr\/index.php?rest_route=\/wp\/v2\/media\/10881"}],"wp:attachment":[{"href":"https:\/\/historiografija.hr\/index.php?rest_route=%2Fwp%2Fv2%2Fmedia&parent=10880"}],"wp:term":[{"taxonomy":"category","embeddable":true,"href":"https:\/\/historiografija.hr\/index.php?rest_route=%2Fwp%2Fv2%2Fcategories&post=10880"},{"taxonomy":"post_tag","embeddable":true,"href":"https:\/\/historiografija.hr\/index.php?rest_route=%2Fwp%2Fv2%2Ftags&post=10880"}],"curies":[{"name":"wp","href":"https:\/\/api.w.org\/{rel}","templated":true}]}}