{"id":10870,"date":"2018-08-03T18:29:07","date_gmt":"2018-08-03T18:29:07","guid":{"rendered":"http:\/\/historiografija.hr\/?p=10870"},"modified":"2018-08-03T18:29:48","modified_gmt":"2018-08-03T18:29:48","slug":"hrvatska-revija-2-2018","status":"publish","type":"post","link":"https:\/\/historiografija.hr\/?p=10870","title":{"rendered":"Hrvatska revija 2, 2018"},"content":{"rendered":"<p>U novom broju \u201eHrvatske revije\u201c o povijesti Boke Kotorske pi\u0161e Lovorka \u010corali\u0107, o knezu Branimiru Mirjana Matijevi\u0107 Sokol, o kneginji Maru\u0161i Zrinka Nikoli\u0107 Jakus, o vezama papinstva i Hrvata u 9. stolje\u0107u Ana Bio\u010di\u0107&#8230;<\/p>\n<p><strong>\u00a0<\/strong><\/p>\n<p><strong>Kazalo<\/strong><\/p>\n<p><strong>Tema broja: Boka Kotorska nekada i sada<\/strong><\/p>\n<p>3\u00a0\u00a0\u00a0\u00a0\u00a0\u00a0\u00a0\u00a0\u00a0\u00a0\u00a0 Lovorka \u010corali\u0107:\u00a0 Boka kotorska<\/p>\n<p>4\u00a0\u00a0\u00a0\u00a0\u00a0\u00a0\u00a0\u00a0\u00a0\u00a0\u00a0 Gracijela \u010culi\u0107:\u00a0Vrijeme bez minuta \u2013 minute bez vremena: Kotor, sjene pro\u0161losti i vrijeme koje \u0107e do\u0107i<\/p>\n<p>8\u00a0\u00a0\u00a0\u00a0\u00a0\u00a0\u00a0\u00a0\u00a0\u00a0\u00a0 Don Anton Belan:\u00a0Kotorske lode \u2013 laudes \u2013 pohvale<\/p>\n<p>11\u00a0\u00a0\u00a0\u00a0\u00a0\u00a0\u00a0\u00a0 Jovan J. Martinovi\u0107:\u00a0Ozana Kotorska i Barbarossa<\/p>\n<p>13\u00a0\u00a0\u00a0\u00a0\u00a0\u00a0\u00a0\u00a0 Radoslav Tomi\u0107:\u00a0Gospa od \u0160krpjela<\/p>\n<p>19\u00a0\u00a0\u00a0\u00a0\u00a0\u00a0\u00a0\u00a0 Lovorka \u010corali\u0107:\u00a0Iz pro\u0161losti Boke \u2013 pera\u0161ki rod Zmajevi\u0107a<\/p>\n<p>25\u00a0\u00a0\u00a0\u00a0\u00a0\u00a0\u00a0\u00a0 Marija Mihali\u010dek:\u00a0Miroslav Miro Montani<\/p>\n<p><strong>Obljetnice<\/strong><\/p>\n<p>28\u00a0\u00a0\u00a0\u00a0\u00a0\u00a0\u00a0\u00a0 Mirjana Matijevi\u0107 Sokol:\u00a0Pisana svjedo\u010danstva o knezu Branimiru<\/p>\n<p>32\u00a0\u00a0\u00a0\u00a0\u00a0\u00a0\u00a0\u00a0 Zrinka Nikoli\u0107 Jakus:\u00a0Kneginja Maru\u0161a. \u017dene, supruge, vladarice u ranom srednjem vijeku<\/p>\n<p>36\u00a0\u00a0\u00a0\u00a0\u00a0\u00a0\u00a0\u00a0 Ana Bio\u010di\u0107:\u00a0Dr\u017eavne veze izme\u0111u papinstva i Hrvata u 9. stolje\u0107u<\/p>\n<p><strong>Neobjavljena hrvatska knji\u017eevnost<\/strong><\/p>\n<p>38\u00a0\u00a0\u00a0\u00a0\u00a0\u00a0\u00a0\u00a0 Sead Muhamedagi\u0107:\u00a0Zbivanja, sje\u0107anja, slike<br \/>\nOsvrt na roman <em>Izme\u0111u dva sna\u00a0<\/em>Irene Grubi\u0161i\u0107-\u010cabo<\/p>\n<p>39\u00a0\u00a0\u00a0\u00a0\u00a0\u00a0\u00a0\u00a0 Irena Grubi\u0161i\u0107-\u010cabo:\u00a0Izme\u0111u dva sna<\/p>\n<p><strong>Kulturositnice<\/strong><\/p>\n<p>43\u00a0\u00a0\u00a0\u00a0\u00a0\u00a0\u00a0\u00a0 Hrvoje Magdi\u0107:\u00a0Ljubav Antuna Gustava Mato\u0161a i Olge Herak<\/p>\n<p><strong>Recenzije, osvrti i prikazi skupova<\/strong><\/p>\n<p>50\u00a0\u00a0\u00a0\u00a0\u00a0\u00a0\u00a0\u00a0 Marija-Ana D\u00fcrrigl:\u00a0Posljednja epidemija kuge u Europi poharala je i Makarsku<br \/>\nKuga u Makarskoj i Primorju 1815., Zbornik radova sa znanstvenog skupa odr\u017eanog<br \/>\nod 2. do 4. prosinca 2015. u Makarskoj<\/p>\n<p>53\u00a0\u00a0\u00a0\u00a0\u00a0\u00a0\u00a0\u00a0 Vesna Badurina Stip\u010devi\u0107:\u00a0Iz zadarske glagolja\u0161ke riznice<br \/>\n\u0413\u043b\u0430\u0433\u043e\u043b\u0438\u0447\u0435\u0441\u043a\u0438\u0439 \u0441\u0431\u043e\u0440\u043d\u0438\u043a \u0425V \u0432., \u0420\u043e\u0441\u0441\u0438\u0439\u0441\u043a\u0430\u044f \u043d\u0430\u0446\u0438\u043e\u043d\u0430\u043b\u043d\u0430\u044f \u0431\u0438\u0431\u043b\u0438\u043e\u0442\u0435\u043a\u0430, \u0421\u043e\u0431\u0440\u0430\u043d\u0438\u0435 \u0418. \u0411\u0435\u0440\u0447\u0438\u0447\u0430, \u0444. 67, \u0411\u0435\u0440\u0447. No 5 \/ Glagoljski zbornik XV. st., Ruska nacionalna biblioteka, Zbirka Ivana Ber\u010di\u0107a, f. 67, Ber\u010d. br. 5<\/p>\n<p>55\u00a0\u00a0\u00a0\u00a0\u00a0\u00a0\u00a0\u00a0 Gojko Bori\u0107:\u00a0Spomenik banu Jela\u010di\u0107u krivo protuma\u010den, i ne samo to<br \/>\nKarl-Markus Gau\u00df, Zwanzig Lewa oder tot, naklada Zsolnay, Be\u010d, 2017.<\/p>\n<p>59\u00a0\u00a0\u00a0\u00a0\u00a0\u00a0\u00a0\u00a0 Ivan Bo\u0161kovi\u0107:\u00a0Knji\u017eevno susjedstvo<br \/>\nHrvatska knji\u017eevnost u susjedstvu, DHK, Ogranak Pula, Pula, 2017.<\/p>\n<p>62\u00a0\u00a0\u00a0\u00a0\u00a0\u00a0\u00a0\u00a0 Svjetlan Lacko Viduli\u0107: Nacrt za povijest europske kulture<br \/>\nViktor \u017dmega\u010d: <em>\u010cetiri europska grada: kulturolo\u0161ki obzori<\/em>, Matica hrvatska, Zagreb, 2017.<\/p>\n<p>63\u00a0\u00a0\u00a0\u00a0\u00a0\u00a0\u00a0\u00a0 Vlasta Markasovi\u0107:\u00a0Nostalgi\u010dni prilog panonisti\u010dkoj knji\u017eevnosti<br \/>\nFranjo D\u017eakula: \u017divot na ravnici, Matica hrvatska \u2013 Ogranak \u0110akovo, 2016.<\/p>\n<p>&nbsp;<\/p>\n<p><a href=\"http:\/\/www.matica.hr\/hr\/547\/kazalo-28051\/\">http:\/\/www.matica.hr\/hr\/547\/kazalo-28051\/<\/a><\/p>\n<p>&nbsp;<\/p>\n<p><a href=\"http:\/\/www.matica.hr\/hr\/547\/r\/naslovnica\/\">http:\/\/www.matica.hr\/hr\/547\/r\/naslovnica\/<\/a><\/p>\n<p>&nbsp;<\/p>\n","protected":false},"excerpt":{"rendered":"","protected":false},"author":2,"featured_media":10871,"comment_status":"open","ping_status":"open","sticky":false,"template":"","format":"standard","meta":{"_acf_changed":false,"jetpack_post_was_ever_published":false,"_jetpack_newsletter_access":"","_jetpack_dont_email_post_to_subs":false,"_jetpack_newsletter_tier_id":0,"_jetpack_memberships_contains_paywalled_content":false,"_jetpack_memberships_contains_paid_content":false,"footnotes":"","jetpack_publicize_message":"","jetpack_publicize_feature_enabled":true,"jetpack_social_post_already_shared":true,"jetpack_social_options":{"image_generator_settings":{"template":"highway","default_image_id":0,"font":"","enabled":false},"version":2}},"categories":[3],"tags":[],"class_list":["post-10870","post","type-post","status-publish","format-standard","has-post-thumbnail","hentry","category-novosti"],"acf":{"facebook_opis":""},"jetpack_publicize_connections":[],"jetpack_featured_media_url":"https:\/\/i0.wp.com\/historiografija.hr\/wp-content\/uploads\/2018\/08\/HR.jpg?fit=300%2C411&ssl=1","jetpack_sharing_enabled":true,"jetpack-related-posts":[{"id":52717,"url":"https:\/\/historiografija.hr\/?p=52717","url_meta":{"origin":10870,"position":0},"title":"Okrugli stol &#8220;Dvjestapedeset godina Sjedinjenih Ameri\u010dkih Dr\u017eava \u2013 od kolonije do prve zemlje svijeta i dalje&#8221;","author":"Filip \u0160imunjak","date":"29. travnja 2026.","format":false,"excerpt":"Ove godine obilje\u017eava se 250. obljetnica osnutka Sjedinjenih Ameri\u010dkih Dr\u017eava, povodom koje je pokrenut niz rasprava o ameri\u010dkoj povijesti, njezinoj globalnoj ulozi i naslje\u0111u koje se prote\u017ee od 1776. do danas. Obljetnica je ujedno prilika za promi\u0161ljanje o tome kako danas tuma\u010dimo ameri\u010dku pro\u0161lost, ali i (aktualnu) ulogu SAD-a u\u2026","rel":"","context":"U &quot;Novosti&quot;","block_context":{"text":"Novosti","link":"https:\/\/historiografija.hr\/?cat=3"},"img":{"alt_text":"","src":"https:\/\/i0.wp.com\/historiografija.hr\/wp-content\/uploads\/2026\/04\/Kliofest-01-utorak-I-02-OS-250-godina-SAD.jpg?fit=1200%2C566&ssl=1&resize=350%2C200","width":350,"height":200,"srcset":"https:\/\/i0.wp.com\/historiografija.hr\/wp-content\/uploads\/2026\/04\/Kliofest-01-utorak-I-02-OS-250-godina-SAD.jpg?fit=1200%2C566&ssl=1&resize=350%2C200 1x, https:\/\/i0.wp.com\/historiografija.hr\/wp-content\/uploads\/2026\/04\/Kliofest-01-utorak-I-02-OS-250-godina-SAD.jpg?fit=1200%2C566&ssl=1&resize=525%2C300 1.5x, https:\/\/i0.wp.com\/historiografija.hr\/wp-content\/uploads\/2026\/04\/Kliofest-01-utorak-I-02-OS-250-godina-SAD.jpg?fit=1200%2C566&ssl=1&resize=700%2C400 2x, https:\/\/i0.wp.com\/historiografija.hr\/wp-content\/uploads\/2026\/04\/Kliofest-01-utorak-I-02-OS-250-godina-SAD.jpg?fit=1200%2C566&ssl=1&resize=1050%2C600 3x"},"classes":[]},{"id":52502,"url":"https:\/\/historiografija.hr\/?p=52502","url_meta":{"origin":10870,"position":1},"title":"Novi znanstveni projekt Hrvatskog instituta za povijest: \u201c\u017drtve ratova i dr\u017eavnog\/politi\u010dkog nasilja u hrvatskoj povijesti 20. stolje\u0107a\u201d","author":"Branimir Jankovi\u0107","date":"17. travnja 2026.","format":false,"excerpt":"Na redovitoj sjednici Vlade RH, 16. travnja 2026., donijet je Zaklju\u010dak kojim se pokre\u0107e znanstveni projekt \u201c\u017drtve ratova i dr\u017eavnog\/politi\u010dkog nasilja u hrvatskoj povijesti 20. stolje\u0107a\u201d. Projekt \u0107e provoditi i koordinirati Hrvatski institut za povijest u razdoblju trajanja projekta od pet godina. Zakljucak Vlade RH Iz teksta projektnog prijedloga: Problematika\u2026","rel":"","context":"U &quot;Novosti&quot;","block_context":{"text":"Novosti","link":"https:\/\/historiografija.hr\/?cat=3"},"img":{"alt_text":"","src":"https:\/\/i0.wp.com\/historiografija.hr\/wp-content\/uploads\/2026\/04\/Vlada-RH.jpg?fit=1200%2C557&ssl=1&resize=350%2C200","width":350,"height":200,"srcset":"https:\/\/i0.wp.com\/historiografija.hr\/wp-content\/uploads\/2026\/04\/Vlada-RH.jpg?fit=1200%2C557&ssl=1&resize=350%2C200 1x, https:\/\/i0.wp.com\/historiografija.hr\/wp-content\/uploads\/2026\/04\/Vlada-RH.jpg?fit=1200%2C557&ssl=1&resize=525%2C300 1.5x, https:\/\/i0.wp.com\/historiografija.hr\/wp-content\/uploads\/2026\/04\/Vlada-RH.jpg?fit=1200%2C557&ssl=1&resize=700%2C400 2x, https:\/\/i0.wp.com\/historiografija.hr\/wp-content\/uploads\/2026\/04\/Vlada-RH.jpg?fit=1200%2C557&ssl=1&resize=1050%2C600 3x"},"classes":[]},{"id":52733,"url":"https:\/\/historiografija.hr\/?p=52733","url_meta":{"origin":10870,"position":2},"title":"Vlado Raji\u0107 \u201eGranica na kraju stolje\u0107a\u201c","author":"Filip \u0160imunjak","date":"29. travnja 2026.","format":false,"excerpt":"U suizdanju Durieuxa i Beletre objavljena je 2025. godine knjiga Granica na kraju stolje\u0107a autora Vlade Raji\u0107a.\u00a0 O knjizi\u00a0 Romansirana biografija Vladimira Iblera mnogo je vi\u0161e od zanimljive pri\u010de o privatnom \u017eivotu i impresivnoj profesionalnoj karijeri istaknutog stru\u010dnjaka za me\u0111unarodno pravo i dugo\u00adgodi\u0161njeg profesora na zagreba\u010dkom Pravnom fakultetu, akademika, koji\u2026","rel":"","context":"U &quot;Knjige&quot;","block_context":{"text":"Knjige","link":"https:\/\/historiografija.hr\/?cat=8"},"img":{"alt_text":"","src":"https:\/\/i0.wp.com\/historiografija.hr\/wp-content\/uploads\/2026\/04\/VLADO-RAJIC-GRANICA-NA-KRAJU-STOLJECA.jpg?fit=450%2C650&ssl=1&resize=350%2C200","width":350,"height":200},"classes":[]},{"id":52607,"url":"https:\/\/historiografija.hr\/?p=52607","url_meta":{"origin":10870,"position":3},"title":"No\u0107 knjige: Kako je prije 410 godina smr\u0107u Shakespearea i Cervantesa zavr\u0161ilo razdoblje renesanse u knji\u017eevnosti","author":"Branimir Jankovi\u0107","date":"22. travnja 2026.","format":false,"excerpt":"\u010cetvrtak, 23. travnja 2026. u 18:00 sati, Knji\u017eara Matice hrvatske, Ulica Matice hrvatske 2, Zagreb Uvodna rije\u010d: dr. sc.\u00a0Dubravka Brezak Stama\u0107, pro\u010delnica Odjela za knji\u017eevnost Matice hrvatske Prof. dr. sc. Ivan Lupi\u0107, redoviti profesor u Odsjeku za anglistiku i Odsjeku za kroatistiku Sveu\u010dili\u0161ta u RijeciShakespeare, kazali\u0161te, glazbaKada se susre\u0107emo sa\u2026","rel":"","context":"U &quot;Novosti&quot;","block_context":{"text":"Novosti","link":"https:\/\/historiografija.hr\/?cat=3"},"img":{"alt_text":"","src":"https:\/\/i0.wp.com\/historiografija.hr\/wp-content\/uploads\/2026\/04\/noc_knjige_2026.jpg?fit=680%2C276&ssl=1&resize=350%2C200","width":350,"height":200,"srcset":"https:\/\/i0.wp.com\/historiografija.hr\/wp-content\/uploads\/2026\/04\/noc_knjige_2026.jpg?fit=680%2C276&ssl=1&resize=350%2C200 1x, https:\/\/i0.wp.com\/historiografija.hr\/wp-content\/uploads\/2026\/04\/noc_knjige_2026.jpg?fit=680%2C276&ssl=1&resize=525%2C300 1.5x"},"classes":[]},{"id":52578,"url":"https:\/\/historiografija.hr\/?p=52578","url_meta":{"origin":10870,"position":4},"title":"Poziv za sudjelovanje: XXII. Dani Julija Bene\u0161i\u0107a u Iloku","author":"Branimir Jankovi\u0107","date":"21. travnja 2026.","format":false,"excerpt":"Zavod za lingvisti\u010dka istra\u017eivanja Hrvatske akademije znanosti i umjetnosti, zajedno s Muzejom grada Iloka, organizira XXII. Dane Julija Bene\u0161i\u0107a, koji \u0107e se odr\u017eati od 28. do 30. listopada 2026. u Iloku.\u00a0Teme ovogodi\u0161njih Dana podijeljene su u dvije cjeline: Knji\u017eevno-jezikoslovni d\u00ecv\u0101n s Bene\u0161i\u0107em te Ilok i Srijem u povijesnim stalnicama i\u2026","rel":"","context":"U &quot;Novosti&quot;","block_context":{"text":"Novosti","link":"https:\/\/historiografija.hr\/?cat=3"},"img":{"alt_text":"","src":"https:\/\/i0.wp.com\/historiografija.hr\/wp-content\/uploads\/2019\/10\/HE2_Benesic.jpg?fit=413%2C591&ssl=1&resize=350%2C200","width":350,"height":200},"classes":[]},{"id":52505,"url":"https:\/\/historiografija.hr\/?p=52505","url_meta":{"origin":10870,"position":5},"title":"Izlo\u017eba &#8220;Eschenstock \/ Jasenov prut&#8221;","author":"Branimir Jankovi\u0107","date":"17. travnja 2026.","format":false,"excerpt":"Srpsko narodno vije\u0107e (SNV) i Vizura aperta postavljaju izlo\u017ebu \u0161vicarskog slikara Velimira Ili\u0161evi\u0107a: Eschenstock \/ Jasenov prut. Izlo\u017eba se uz prisustvo autora otvara povodom 81. godi\u0161njice proboja logora\u0161a iz usta\u0161kog logora smrti Jasenovac 22. aprila 2026. u 19 sati u Srpskom kulturnom centru (SKC) u Preradovi\u0107evoj ulici 21 u Zagrebu.\u2026","rel":"","context":"U &quot;Izlo\u017ebe&quot;","block_context":{"text":"Izlo\u017ebe","link":"https:\/\/historiografija.hr\/?cat=10"},"img":{"alt_text":"","src":"https:\/\/i0.wp.com\/historiografija.hr\/wp-content\/uploads\/2026\/04\/Jasenov_prut.jpg?fit=1024%2C640&ssl=1&resize=350%2C200","width":350,"height":200,"srcset":"https:\/\/i0.wp.com\/historiografija.hr\/wp-content\/uploads\/2026\/04\/Jasenov_prut.jpg?fit=1024%2C640&ssl=1&resize=350%2C200 1x, https:\/\/i0.wp.com\/historiografija.hr\/wp-content\/uploads\/2026\/04\/Jasenov_prut.jpg?fit=1024%2C640&ssl=1&resize=525%2C300 1.5x, https:\/\/i0.wp.com\/historiografija.hr\/wp-content\/uploads\/2026\/04\/Jasenov_prut.jpg?fit=1024%2C640&ssl=1&resize=700%2C400 2x"},"classes":[]}],"_links":{"self":[{"href":"https:\/\/historiografija.hr\/index.php?rest_route=\/wp\/v2\/posts\/10870","targetHints":{"allow":["GET"]}}],"collection":[{"href":"https:\/\/historiografija.hr\/index.php?rest_route=\/wp\/v2\/posts"}],"about":[{"href":"https:\/\/historiografija.hr\/index.php?rest_route=\/wp\/v2\/types\/post"}],"author":[{"embeddable":true,"href":"https:\/\/historiografija.hr\/index.php?rest_route=\/wp\/v2\/users\/2"}],"replies":[{"embeddable":true,"href":"https:\/\/historiografija.hr\/index.php?rest_route=%2Fwp%2Fv2%2Fcomments&post=10870"}],"version-history":[{"count":2,"href":"https:\/\/historiografija.hr\/index.php?rest_route=\/wp\/v2\/posts\/10870\/revisions"}],"predecessor-version":[{"id":10873,"href":"https:\/\/historiografija.hr\/index.php?rest_route=\/wp\/v2\/posts\/10870\/revisions\/10873"}],"wp:featuredmedia":[{"embeddable":true,"href":"https:\/\/historiografija.hr\/index.php?rest_route=\/wp\/v2\/media\/10871"}],"wp:attachment":[{"href":"https:\/\/historiografija.hr\/index.php?rest_route=%2Fwp%2Fv2%2Fmedia&parent=10870"}],"wp:term":[{"taxonomy":"category","embeddable":true,"href":"https:\/\/historiografija.hr\/index.php?rest_route=%2Fwp%2Fv2%2Fcategories&post=10870"},{"taxonomy":"post_tag","embeddable":true,"href":"https:\/\/historiografija.hr\/index.php?rest_route=%2Fwp%2Fv2%2Ftags&post=10870"}],"curies":[{"name":"wp","href":"https:\/\/api.w.org\/{rel}","templated":true}]}}