{"id":10855,"date":"2018-08-02T11:01:43","date_gmt":"2018-08-02T11:01:43","guid":{"rendered":"http:\/\/historiografija.hr\/?p=10855"},"modified":"2018-08-02T11:01:43","modified_gmt":"2018-08-02T11:01:43","slug":"muzej-ratne-fotografije-u-zagrebu","status":"publish","type":"post","link":"https:\/\/historiografija.hr\/?p=10855","title":{"rendered":"Muzej ratne fotografije u Zagrebu"},"content":{"rendered":"<p>U Zagrebu se uskoro otvara muzej ratne fotografije, kao nezavisna inicijativa koja \u0107e biti realizirana u suradnji s Muzejom ratne fotografije iz Dubrovnika, Muzejom ratnog djetinjstva iz Sarajeva te drugim sli\u010dnim muzejima iz zemlje i svijeta. Prva izlo\u017eba tematizirat \u0107e rat u Hrvatskoj 1991-1995.<\/p>\n<p>&nbsp;<\/p>\n<p>&#8212;<\/p>\n<p>&nbsp;<\/p>\n<p>RAT PRIPADA U MUZEJE<\/p>\n<p>&nbsp;<\/p>\n<p>\u010cetvrt stolje\u0107a nakon rata, vrijeme je da svjedo\u010danstva o ratu stavimo u muzej. Izlo\u017eba o ratu u Hrvatskoj slu\u017eit \u0107e kao spomenik najljep\u0161im i najgorim ljudskim osobinama kojima smo svjedo\u010dili za vrijeme rata.<\/p>\n<p>&#x200d;<\/p>\n<p>Znamo da je naivno nadati se da rata vi\u0161e ne\u0107e biti. Ali, vjerujemo da \u0107e ovaj muzej i izlo\u017ebe u njemu potaknuti ljude na ponovno razmi\u0161ljanje o destruktivnosti rata i na\u0161oj ulozi u njemu.<\/p>\n<p>&nbsp;<\/p>\n<p>U muzeju \u0107e biti izlo\u017eene fotografije vrhunskih doma\u0107ih i svjetskih fotografa, ali i amaterske fotografije obi\u010dnih ljudi. Vjerujemo da je rat potrebno sagledati iz vi\u0161e perspektiva da bismo shvatili njegovu destruktivnost.<\/p>\n<p>&nbsp;<\/p>\n<p>Ovaj muzej je nezavisna inicijativa koja \u0107e biti realizirana u suradnji s Muzejom ratne fotografije iz Dubrovnika, Muzejom ratnog djetinjstva iz Sarajeva te drugim sli\u010dnim muzejima iz zemlje i svijeta. Kustosica prve izlo\u017ebe je Sandra Vitalji\u0107, a za kreativnu direkciju zadu\u017eena je agencija Brodoto.<\/p>\n<p>&nbsp;<\/p>\n<p>&#8212;<\/p>\n<p>&nbsp;<\/p>\n<p>Gra\u0111ani uplatili 50,000 kuna za otvaranje muzeja<\/p>\n<p>&nbsp;<\/p>\n<p>Na\u0161i sugra\u0111ani poduprli su otvaranje muzeja kroz upla\u0107ivanje vi\u0161e od 50,000 kuna kroz crowdfunding kampanju. Muzej je sredstva prikupljao za postavljanje prve izlo\u017ebe, na kojoj \u0107e uz profesionalne fotografije biti izlo\u017eene pri\u010de i fotografije \u201eobi\u010dnih\u201c ljudi iz perioda od 1991.-1995.<\/p>\n<p>&nbsp;<\/p>\n<p>&#8212;<\/p>\n<p>&nbsp;<\/p>\n<p>Gdje smo bili &#8217;91?<\/p>\n<p>&nbsp;<\/p>\n<p>Po\u0161aljite nam e-mailom svoje fotografije i pri\u010de! Prva izlo\u017eba u muzeju ratne fotografije bavit \u0107e se razdobljem rata u Hrvatskoj 1991-1995. Uz profesionalne svjetske fotografe, izlagat \u0107emo i amaterske fotografije i pri\u010de iz tog razdoblja.<\/p>\n<p>&nbsp;<\/p>\n<p>&nbsp;<\/p>\n<p><strong>Izvor i dodatne informacije:<\/strong><\/p>\n<p>&nbsp;<\/p>\n<p><a href=\"http:\/\/imageofwar.hr\/\">http:\/\/imageofwar.hr\/<\/a><\/p>\n<p>&nbsp;<\/p>\n<p><a href=\"https:\/\/www.facebook.com\/imageofwar\/\">https:\/\/www.facebook.com\/imageofwar\/<\/a><\/p>\n<p>&nbsp;<\/p>\n<p>&nbsp;<\/p>\n<p><strong>Iz medija:<\/strong><\/p>\n<p>&nbsp;<\/p>\n<p><a href=\"https:\/\/www.jutarnji.hr\/kultura\/art\/crowdfunding-kampanja-muzej-image-of-war-prikupio-vise-od-50000-kuna-u-15-dana-vrata-otvara-u-srpnju\/7504188\/\">https:\/\/www.jutarnji.hr\/kultura\/art\/crowdfunding-kampanja-muzej-image-of-war-prikupio-vise-od-50000-kuna-u-15-dana-vrata-otvara-u-srpnju\/7504188\/<\/a><\/p>\n<p>&nbsp;<\/p>\n<p><a href=\"https:\/\/www.jutarnji.hr\/kultura\/art\/je-li-doslo-vrijeme-da-spremimo-rat-u-muzej-kampanja-za-muzej-ratne-fotografije-u-zagrebu-vec-u-prva-tri-dana-prikupila-vise-od-pola-sredstava\/7445601\/\">https:\/\/www.jutarnji.hr\/kultura\/art\/je-li-doslo-vrijeme-da-spremimo-rat-u-muzej-kampanja-za-muzej-ratne-fotografije-u-zagrebu-vec-u-prva-tri-dana-prikupila-vise-od-pola-sredstava\/7445601\/<\/a><\/p>\n<p>&nbsp;<\/p>\n<p><a href=\"https:\/\/www.jutarnji.hr\/kultura\/art\/danilo-gregovic-advokat-moj-muzej-rata-ustvari-je-kampanja-protiv-rata\/7546944\/\">https:\/\/www.jutarnji.hr\/kultura\/art\/danilo-gregovic-advokat-moj-muzej-rata-ustvari-je-kampanja-protiv-rata\/7546944\/<\/a><\/p>\n<p>&nbsp;<\/p>\n<p><a href=\"https:\/\/www.tportal.hr\/kultura\/clanak\/muzej-ratne-fotografije-od-gradana-prikupio-vise-od-50-tisuca-kuna-foto-20180620\">https:\/\/www.tportal.hr\/kultura\/clanak\/muzej-ratne-fotografije-od-gradana-prikupio-vise-od-50-tisuca-kuna-foto-20180620<\/a><\/p>\n<p>&nbsp;<\/p>\n<p><a href=\"http:\/\/hr.n1info.com\/a307298\/Vijesti\/Kultura\/Crowdfunding-kampanja-za-muzej-ratne-fotografije-u-Zagrebu.html\">http:\/\/hr.n1info.com\/a307298\/Vijesti\/Kultura\/Crowdfunding-kampanja-za-muzej-ratne-fotografije-u-Zagrebu.html<\/a><\/p>\n<p>&nbsp;<\/p>\n<p><a href=\"http:\/\/www.voxfeminae.net\/vijestice-list\/hrvatska\/item\/12640-spremimo-rat-u-muzej-crowdfunding-kampanja-za-novi-muzej-ratne-fotografije\">http:\/\/www.voxfeminae.net\/vijestice-list\/hrvatska\/item\/12640-spremimo-rat-u-muzej-crowdfunding-kampanja-za-novi-muzej-ratne-fotografije<\/a><\/p>\n<p>&nbsp;<\/p>\n<p><a href=\"https:\/\/www.oslobodjenje.ba\/o2\/kultura\/izlozbe\/muzej-ratne-fotografije-otvara-se-u-centru-zagreba-374716\">https:\/\/www.oslobodjenje.ba\/o2\/kultura\/izlozbe\/muzej-ratne-fotografije-otvara-se-u-centru-zagreba-374716<\/a><\/p>\n<p>&nbsp;<\/p>\n<p><a href=\"http:\/\/www.balkaninsight.com\/en\/article\/u-hrvatskoj-se-uskoro-otvara-muzej-ratne-fotografije-06-26-2018\">http:\/\/www.balkaninsight.com\/en\/article\/u-hrvatskoj-se-uskoro-otvara-muzej-ratne-fotografije-06-26-2018<\/a><\/p>\n<p>&nbsp;<\/p>\n<p>&nbsp;<\/p>\n","protected":false},"excerpt":{"rendered":"","protected":false},"author":2,"featured_media":10856,"comment_status":"open","ping_status":"open","sticky":false,"template":"","format":"standard","meta":{"_acf_changed":false,"jetpack_post_was_ever_published":false,"_jetpack_newsletter_access":"","_jetpack_dont_email_post_to_subs":false,"_jetpack_newsletter_tier_id":0,"_jetpack_memberships_contains_paywalled_content":false,"_jetpack_memberships_contains_paid_content":false,"footnotes":"","jetpack_publicize_message":"","jetpack_publicize_feature_enabled":true,"jetpack_social_post_already_shared":true,"jetpack_social_options":{"image_generator_settings":{"template":"highway","default_image_id":0,"font":"","enabled":false},"version":2}},"categories":[10,3],"tags":[],"class_list":["post-10855","post","type-post","status-publish","format-standard","has-post-thumbnail","hentry","category-izlozbe","category-novosti"],"acf":{"facebook_opis":""},"jetpack_publicize_connections":[],"jetpack_featured_media_url":"https:\/\/i0.wp.com\/historiografija.hr\/wp-content\/uploads\/2018\/08\/Spremimo-rat-u-muzej.jpg?fit=780%2C462&ssl=1","jetpack_sharing_enabled":true,"jetpack-related-posts":[{"id":52505,"url":"https:\/\/historiografija.hr\/?p=52505","url_meta":{"origin":10855,"position":0},"title":"Izlo\u017eba &#8220;Eschenstock \/ Jasenov prut&#8221;","author":"Branimir Jankovi\u0107","date":"17. travnja 2026.","format":false,"excerpt":"Srpsko narodno vije\u0107e (SNV) i Vizura aperta postavljaju izlo\u017ebu \u0161vicarskog slikara Velimira Ili\u0161evi\u0107a: Eschenstock \/ Jasenov prut. Izlo\u017eba se uz prisustvo autora otvara povodom 81. godi\u0161njice proboja logora\u0161a iz usta\u0161kog logora smrti Jasenovac 22. aprila 2026. u 19 sati u Srpskom kulturnom centru (SKC) u Preradovi\u0107evoj ulici 21 u Zagrebu.\u2026","rel":"","context":"U &quot;Izlo\u017ebe&quot;","block_context":{"text":"Izlo\u017ebe","link":"https:\/\/historiografija.hr\/?cat=10"},"img":{"alt_text":"","src":"https:\/\/i0.wp.com\/historiografija.hr\/wp-content\/uploads\/2026\/04\/Jasenov_prut.jpg?fit=1024%2C640&ssl=1&resize=350%2C200","width":350,"height":200,"srcset":"https:\/\/i0.wp.com\/historiografija.hr\/wp-content\/uploads\/2026\/04\/Jasenov_prut.jpg?fit=1024%2C640&ssl=1&resize=350%2C200 1x, https:\/\/i0.wp.com\/historiografija.hr\/wp-content\/uploads\/2026\/04\/Jasenov_prut.jpg?fit=1024%2C640&ssl=1&resize=525%2C300 1.5x, https:\/\/i0.wp.com\/historiografija.hr\/wp-content\/uploads\/2026\/04\/Jasenov_prut.jpg?fit=1024%2C640&ssl=1&resize=700%2C400 2x"},"classes":[]},{"id":52666,"url":"https:\/\/historiografija.hr\/?p=52666","url_meta":{"origin":10855,"position":1},"title":"Najava programa Festivala povijesti Kliofest (5-8. V. 2026)","author":"Branimir Jankovi\u0107","date":"24. travnja 2026.","format":false,"excerpt":"Po trinaesti put odr\u017eava se Festival povijesti Kliofest! Do petka \u0107emo odr\u017eati osam okruglih stolova i dva kolokvija te niz predstavljanja knjiga i projekata razli\u010dite tematike, od antike do suvremenosti. Bit \u0107e predstavljeno i nekoliko izlo\u017ebi te odr\u017ean jedan povijesni kviz. Prikazat \u0107emo i jedan film \u2013 o generalu Boroevi\u0107u.\u2026","rel":"","context":"U &quot;Novosti&quot;","block_context":{"text":"Novosti","link":"https:\/\/historiografija.hr\/?cat=3"},"img":{"alt_text":"","src":"https:\/\/i0.wp.com\/historiografija.hr\/wp-content\/uploads\/2026\/04\/Kliofest-2026.jpg?fit=526%2C526&ssl=1&resize=350%2C200","width":350,"height":200,"srcset":"https:\/\/i0.wp.com\/historiografija.hr\/wp-content\/uploads\/2026\/04\/Kliofest-2026.jpg?fit=526%2C526&ssl=1&resize=350%2C200 1x, https:\/\/i0.wp.com\/historiografija.hr\/wp-content\/uploads\/2026\/04\/Kliofest-2026.jpg?fit=526%2C526&ssl=1&resize=525%2C300 1.5x"},"classes":[]},{"id":52508,"url":"https:\/\/historiografija.hr\/?p=52508","url_meta":{"origin":10855,"position":2},"title":"Glazbena radionica \u201eDUGMETARA REVISITED\u201c","author":"Branimir Jankovi\u0107","date":"17. travnja 2026.","format":false,"excerpt":"DUGMETARA REVISITED glazbena radionica vodi: Ana Horvat 13., 20. i 27. travnja, od 18 do 20 sati Radiona, Nova cesta 186 Na tri radioni\u010dka susreta uranjamo u naslje\u0111e Dugmetare, biv\u0161e tvornice dugmadi na Savskoj cesti koja je po\u010detkom 2000-ih igrom slu\u010daja postala \u017eivo, jedinstveno mjesto glazbene proizvodnje. Svoje su probe\u2026","rel":"","context":"U &quot;Novosti&quot;","block_context":{"text":"Novosti","link":"https:\/\/historiografija.hr\/?cat=3"},"img":{"alt_text":"","src":"https:\/\/i0.wp.com\/historiografija.hr\/wp-content\/uploads\/2026\/04\/TRESNJA_TRESTI.jpg?fit=380%2C475&ssl=1&resize=350%2C200","width":350,"height":200},"classes":[]},{"id":52573,"url":"https:\/\/historiografija.hr\/?p=52573","url_meta":{"origin":10855,"position":3},"title":"Znanstvena konferencija &#8220;Filozofija odgoja: povijest, praksa, perspektive&#8221;","author":"Branimir Jankovi\u0107","date":"21. travnja 2026.","format":false,"excerpt":"Znanstvena konferencija \"Filozofija odgoja: povijest, praksa, perspektive\" odr\u017eat \u0107e se 23. i 24. travnja 2026. u Konferencijskoj dvorani Knji\u017enice Filozofskog fakulteta u Zagrebu (2. kat).\u00a0Konferencija je organizirana u okviru projekta\u00a0SUMKOS (voditeljica prof. dr. sc. Ivana Zagorac, financiran\u00a0sredstvima NextGenerationEU), uz potporu Odsjeka za filozofiju.\u00a0 Uz izlaga\u010dki dio, konferencija obuhva\u0107a i izlo\u017ebu\u2026","rel":"","context":"U &quot;Novosti&quot;","block_context":{"text":"Novosti","link":"https:\/\/historiografija.hr\/?cat=3"},"img":{"alt_text":"","src":"","width":0,"height":0},"classes":[]},{"id":52511,"url":"https:\/\/historiografija.hr\/?p=52511","url_meta":{"origin":10855,"position":4},"title":"Izlo\u017eba &#8220;Lica Sljemena&#8221;","author":"Branimir Jankovi\u0107","date":"17. travnja 2026.","format":false,"excerpt":"Srda\u010dno vas pozivamo na otvorenje izlo\u017ebe Lica Sljemena koje \u0107e se odr\u017eati u srijedu 22. travnja 2026. u 18 h ispred Muzeja Prigorja (Trg Dragutina Domjani\u0107a 5, Sesvete). Izlo\u017eba proizlazi iz istra\u017eivanja Nevene \u0160krbi\u0107 Alempijevi\u0107, Petre Kelemen i Sanje Potkonjak te intervjua sa Sljemena\u0161icama i Sljemena\u0161ima, koji su provedeni u\u2026","rel":"","context":"U &quot;Izlo\u017ebe&quot;","block_context":{"text":"Izlo\u017ebe","link":"https:\/\/historiografija.hr\/?cat=10"},"img":{"alt_text":"","src":"https:\/\/i0.wp.com\/historiografija.hr\/wp-content\/uploads\/2026\/04\/Izlozba-Lica-Sljemena.png?fit=1080%2C686&ssl=1&resize=350%2C200","width":350,"height":200,"srcset":"https:\/\/i0.wp.com\/historiografija.hr\/wp-content\/uploads\/2026\/04\/Izlozba-Lica-Sljemena.png?fit=1080%2C686&ssl=1&resize=350%2C200 1x, https:\/\/i0.wp.com\/historiografija.hr\/wp-content\/uploads\/2026\/04\/Izlozba-Lica-Sljemena.png?fit=1080%2C686&ssl=1&resize=525%2C300 1.5x, https:\/\/i0.wp.com\/historiografija.hr\/wp-content\/uploads\/2026\/04\/Izlozba-Lica-Sljemena.png?fit=1080%2C686&ssl=1&resize=700%2C400 2x, https:\/\/i0.wp.com\/historiografija.hr\/wp-content\/uploads\/2026\/04\/Izlozba-Lica-Sljemena.png?fit=1080%2C686&ssl=1&resize=1050%2C600 3x"},"classes":[]},{"id":52704,"url":"https:\/\/historiografija.hr\/?p=52704","url_meta":{"origin":10855,"position":5},"title":"Predstavljanje knjige &#8220;Vladimir Vasiljevi\u0107: Moji do\u017eivljaji. Dnevni\u010dki zapisi iz Prvoga svjetskog rata i poratnoga vremena&#8221;","author":"Filip \u0160imunjak","date":"29. travnja 2026.","format":false,"excerpt":"Doga\u0111anja ovogodi\u0161njega Festivala povijesti Kliofest zapo\u010dinjemo ve\u0107 i prije samoga slu\u017ebenog otvaranja, predstavljanjem knjige \u201eMoji do\u017eivljaji. Dnevni\u010dki zapisi iz Prvoga svjetskog rata i poratnoga vremena\u201d Vladimira Vasiljevi\u0107a, koju su priredili Karlo Rukavina i Damir Agi\u010di\u0107. Pozivamo Vas na predstavljanje koje \u0107e se odr\u017eati u ponedjeljak 4. svibnja, s po\u010detkom u\u2026","rel":"","context":"U &quot;Knjige&quot;","block_context":{"text":"Knjige","link":"https:\/\/historiografija.hr\/?cat=8"},"img":{"alt_text":"","src":"https:\/\/i0.wp.com\/historiografija.hr\/wp-content\/uploads\/2026\/04\/Naslovna-V.-Vasiljevic.webp?fit=1200%2C600&ssl=1&resize=350%2C200","width":350,"height":200,"srcset":"https:\/\/i0.wp.com\/historiografija.hr\/wp-content\/uploads\/2026\/04\/Naslovna-V.-Vasiljevic.webp?fit=1200%2C600&ssl=1&resize=350%2C200 1x, https:\/\/i0.wp.com\/historiografija.hr\/wp-content\/uploads\/2026\/04\/Naslovna-V.-Vasiljevic.webp?fit=1200%2C600&ssl=1&resize=525%2C300 1.5x, https:\/\/i0.wp.com\/historiografija.hr\/wp-content\/uploads\/2026\/04\/Naslovna-V.-Vasiljevic.webp?fit=1200%2C600&ssl=1&resize=700%2C400 2x, https:\/\/i0.wp.com\/historiografija.hr\/wp-content\/uploads\/2026\/04\/Naslovna-V.-Vasiljevic.webp?fit=1200%2C600&ssl=1&resize=1050%2C600 3x"},"classes":[]}],"_links":{"self":[{"href":"https:\/\/historiografija.hr\/index.php?rest_route=\/wp\/v2\/posts\/10855","targetHints":{"allow":["GET"]}}],"collection":[{"href":"https:\/\/historiografija.hr\/index.php?rest_route=\/wp\/v2\/posts"}],"about":[{"href":"https:\/\/historiografija.hr\/index.php?rest_route=\/wp\/v2\/types\/post"}],"author":[{"embeddable":true,"href":"https:\/\/historiografija.hr\/index.php?rest_route=\/wp\/v2\/users\/2"}],"replies":[{"embeddable":true,"href":"https:\/\/historiografija.hr\/index.php?rest_route=%2Fwp%2Fv2%2Fcomments&post=10855"}],"version-history":[{"count":1,"href":"https:\/\/historiografija.hr\/index.php?rest_route=\/wp\/v2\/posts\/10855\/revisions"}],"predecessor-version":[{"id":10857,"href":"https:\/\/historiografija.hr\/index.php?rest_route=\/wp\/v2\/posts\/10855\/revisions\/10857"}],"wp:featuredmedia":[{"embeddable":true,"href":"https:\/\/historiografija.hr\/index.php?rest_route=\/wp\/v2\/media\/10856"}],"wp:attachment":[{"href":"https:\/\/historiografija.hr\/index.php?rest_route=%2Fwp%2Fv2%2Fmedia&parent=10855"}],"wp:term":[{"taxonomy":"category","embeddable":true,"href":"https:\/\/historiografija.hr\/index.php?rest_route=%2Fwp%2Fv2%2Fcategories&post=10855"},{"taxonomy":"post_tag","embeddable":true,"href":"https:\/\/historiografija.hr\/index.php?rest_route=%2Fwp%2Fv2%2Ftags&post=10855"}],"curies":[{"name":"wp","href":"https:\/\/api.w.org\/{rel}","templated":true}]}}