{"id":10835,"date":"2018-08-01T13:34:38","date_gmt":"2018-08-01T13:34:38","guid":{"rendered":"http:\/\/historiografija.hr\/?p=10835"},"modified":"2018-08-04T14:33:14","modified_gmt":"2018-08-04T14:33:14","slug":"prijepori-oko-obiljezavanja-dana-ustanka-naroda-hrvatske","status":"publish","type":"post","link":"https:\/\/historiografija.hr\/?p=10835","title":{"rendered":"Prijepori oko obilje\u017eavanja Dana ustanka naroda Hrvatske"},"content":{"rendered":"<p>U organizaciji Srpskog narodnog vije\u0107a i Saveza antifa\u0161isti\u010dkih boraca i antifa\u0161ista Republike Hrvatske obilje\u017een je u Srbu 28. srpnja 2018. Dan ustanka naroda Hrvatske. Tom prigodom upu\u0107ujemo na izbor medijskih odjeka i suprotstavljenih pogleda na doga\u0111aje iz srpnja 1941. i njihovo komemoriranje.<\/p>\n<p>&nbsp;<\/p>\n<p>&#8212;<\/p>\n<p>&nbsp;<\/p>\n<p><strong>Obilje\u017een Dan ustanka naroda Hrvatske<\/strong><\/p>\n<p>&nbsp;<\/p>\n<p><a href=\"https:\/\/vijesti.hrt.hr\/454309\/obiljezavanje-dana-ustanka-naroda-hrvatske\">https:\/\/vijesti.hrt.hr\/454309\/obiljezavanje-dana-ustanka-naroda-hrvatske<\/a><\/p>\n<p>&nbsp;<\/p>\n<p><a href=\"https:\/\/www.vecernji.hr\/vijesti\/odrzan-dan-ustanka-like-protiv-ndh-i-ustaskih-zlocina-1260987\">https:\/\/www.vecernji.hr\/vijesti\/odrzan-dan-ustanka-like-protiv-ndh-i-ustaskih-zlocina-1260987<\/a><\/p>\n<p>&nbsp;<\/p>\n<p><a href=\"https:\/\/slobodnadalmacija.hr\/novosti\/hrvatska\/clanak\/id\/558373\/proslava-u-srbu-protekla-bez-incidenata-klasic-opet-se-okupljamo-jer-smo-zabrinuti-za-buducnost-keleminec-s-kontraskupa-ovo-je-cetnicki-ustanak-i-ovdje-se-slave-lazi\">https:\/\/slobodnadalmacija.hr\/novosti\/hrvatska\/clanak\/id\/558373\/proslava-u-srbu-protekla-bez-incidenata-klasic-opet-se-okupljamo-jer-smo-zabrinuti-za-buducnost-keleminec-s-kontraskupa-ovo-je-cetnicki-ustanak-i-ovdje-se-slave-lazi<\/a><\/p>\n<p>&nbsp;<\/p>\n<p><a href=\"https:\/\/www.tportal.hr\/vijesti\/clanak\/pocinje-komemoracija-u-srbu-jake-policijske-snage-legitimiraju-sve-koji-ulaze-u-mjesto-foto-20180728\">https:\/\/www.tportal.hr\/vijesti\/clanak\/pocinje-komemoracija-u-srbu-jake-policijske-snage-legitimiraju-sve-koji-ulaze-u-mjesto-foto-20180728<\/a><\/p>\n<p>&nbsp;<\/p>\n<p><a href=\"https:\/\/www.portalnovosti.com\/dan-ustanka-suprotstavimo-se-nacionalizmu-sovinizmu-i-fasizmu\">https:\/\/www.portalnovosti.com\/dan-ustanka-suprotstavimo-se-nacionalizmu-sovinizmu-i-fasizmu<\/a><\/p>\n<p>&nbsp;<\/p>\n<p>&#8212;<\/p>\n<p>&nbsp;<\/p>\n<p><strong>Tekstovi, komentari, izjave<\/strong> (2018)<\/p>\n<p>&nbsp;<\/p>\n<p>Ivo Goldstein<\/p>\n<p><a href=\"https:\/\/www.jutarnji.hr\/globus\/Globus-komentari\/za-globus-pise-ivo-goldstein-ustaski-zlocin-partizanski-ustanak-cetnicka-osveta-ili-sto-se-doista-zbilo-u-srbu-27-srpnja-1941\/7656321\/\">https:\/\/www.jutarnji.hr\/globus\/Globus-komentari\/za-globus-pise-ivo-goldstein-ustaski-zlocin-partizanski-ustanak-cetnicka-osveta-ili-sto-se-doista-zbilo-u-srbu-27-srpnja-1941\/7656321\/<\/a><\/p>\n<p>&nbsp;<\/p>\n<p>Dragan Markovina<\/p>\n<p><a href=\"https:\/\/www.oslobodjenje.ba\/dosjei\/kolumne\/sto-nam-danas-znaci-dan-ustanka-381768\">https:\/\/www.oslobodjenje.ba\/dosjei\/kolumne\/sto-nam-danas-znaci-dan-ustanka-381768<\/a><\/p>\n<p>&nbsp;<\/p>\n<p>Hrvoje Klasi\u0107<\/p>\n<p><a href=\"https:\/\/100posto.hr\/news\/pobornici-ndh-u-austriji-dobivaju-kaznene-prijave-a-kod-nas-policijsku-zastitu\">https:\/\/100posto.hr\/news\/pobornici-ndh-u-austriji-dobivaju-kaznene-prijave-a-kod-nas-policijsku-zastitu<\/a><\/p>\n<p><a href=\"http:\/\/hr.n1info.com\/a320725\/Vijesti\/Sad-nam-jos-fali-grob-poglavnika-da-zaokruzimo-pricu.html\">http:\/\/hr.n1info.com\/a320725\/Vijesti\/Sad-nam-jos-fali-grob-poglavnika-da-zaokruzimo-pricu.html<\/a><\/p>\n<p>&nbsp;<\/p>\n<p>Mario Jareb<\/p>\n<p><a href=\"https:\/\/direktno.hr\/direkt\/rezultat-mesiceva-najcasnijeg-dogadaja-ovim-prostorima-bilo-etnicko-ciscenje-hrvata-i-muslimana-129624\/\">https:\/\/direktno.hr\/direkt\/rezultat-mesiceva-najcasnijeg-dogadaja-ovim-prostorima-bilo-etnicko-ciscenje-hrvata-i-muslimana-129624\/<\/a><\/p>\n<p>&nbsp;<\/p>\n<p><span style=\"color: #000000; font-family: Calibri; font-size: medium;\">Zlatko Begonja<\/span><\/p>\n<p><a href=\"https:\/\/www.zadarskilist.hr\/clanci\/27072018\/dr-sc-zlatko-begonja-oruzanu-pobunu-u-srbu-predvodili-su-cetnici\">https:\/\/www.zadarskilist.hr\/clanci\/27072018\/dr-sc-zlatko-begonja-oruzanu-pobunu-u-srbu-predvodili-su-cetnici<\/a><\/p>\n<p>&nbsp;<\/p>\n<p>Zlatko Kramari\u0107<\/p>\n<p><a href=\"http:\/\/www.glas-slavonije.hr\/371036\/11\/Kako-se-olako-konstruira-povijest\">http:\/\/www.glas-slavonije.hr\/371036\/11\/Kako-se-olako-konstruira-povijest<\/a><\/p>\n<p>&nbsp;<\/p>\n<p>Franjo Habulin<\/p>\n<p><a href=\"http:\/\/www.forum.tm\/vijesti\/ja-sjecam-se-6822\">http:\/\/www.forum.tm\/vijesti\/ja-sjecam-se-6822<\/a><\/p>\n<p>&nbsp;<\/p>\n<p>Antifa\u0161isti\u010dki vjesnik<\/p>\n<p><a href=\"http:\/\/www.antifasisticki-vjesnik.org\/hr\/kalendar\/7\/27\/74\/\">http:\/\/www.antifasisticki-vjesnik.org\/hr\/kalendar\/7\/27\/74\/<\/a><\/p>\n<p>&nbsp;<\/p>\n<p>Davor Dijanovi\u0107<\/p>\n<p><a href=\"https:\/\/direktno.hr\/kolumne\/antifasizam-doo-hrvatska-je-okupirana-zemlja-koja-financira-i-slavi-vlastite-ubojice-129569\/\">https:\/\/direktno.hr\/kolumne\/antifasizam-doo-hrvatska-je-okupirana-zemlja-koja-financira-i-slavi-vlastite-ubojice-129569\/<\/a><\/p>\n<p>&nbsp;<\/p>\n<p>Narod.hr<\/p>\n<p><a href=\"https:\/\/narod.hr\/kultura\/27-srpnja-1941-srb-koja-je-ustaska-krivnja-marije-od-8-godina-marka-od-5-godina-i-jure-od-samo-3-godine\">https:\/\/narod.hr\/kultura\/27-srpnja-1941-srb-koja-je-ustaska-krivnja-marije-od-8-godina-marka-od-5-godina-i-jure-od-samo-3-godine<\/a><\/p>\n<p>&nbsp;<\/p>\n<p><span style=\"color: #000000; font-family: Calibri; font-size: medium;\">Josip Pavi\u010di\u0107<\/span><\/p>\n<p><a href=\"https:\/\/narod.hr\/hrvatska\/josip-pavicic-za-narod-hr-komemoracija-ubijenih-gradana-u-ustanku-1941-ne-moze-zajedno-sa-slavljenjem-onih-koji-su-ih-ubili\">https:\/\/narod.hr\/hrvatska\/josip-pavicic-za-narod-hr-komemoracija-ubijenih-gradana-u-ustanku-1941-ne-moze-zajedno-sa-slavljenjem-onih-koji-su-ih-ubili<\/a><\/p>\n<p>&nbsp;<\/p>\n<p><span style=\"color: #000000; font-family: Calibri; font-size: medium;\">Ivan Kozlica<\/span><\/p>\n<p><a href=\"https:\/\/www.hkv.hr\/hrvatski-tjednik\/29943-i-kozlica-i-ove-godine-sramotna-proslava-pokolja-hrvata-u-srbu.html\">https:\/\/www.hkv.hr\/hrvatski-tjednik\/29943-i-kozlica-i-ove-godine-sramotna-proslava-pokolja-hrvata-u-srbu.html<\/a><\/p>\n<p>&nbsp;<\/p>\n<p>&#8212;<\/p>\n<p>&nbsp;<\/p>\n<p><strong>Prethodne obavijesti na portalu Historiografija.hr<\/strong><\/p>\n<p>&nbsp;<\/p>\n<p>Dan ustanka naroda Hrvatske (2017)<\/p>\n<p><a href=\"https:\/\/historiografija.hr\/?p=5416\">https:\/\/historiografija.hr\/?p=5416<\/a><\/p>\n<p>&nbsp;<\/p>\n<p>Povjesni\u010dari o ustanku u Srbu 1941. godine (2016)<\/p>\n<p><a href=\"https:\/\/historiografija.hr\/news.php?id=3414\">https:\/\/historiografija.hr\/news.php?id=3414<\/a><\/p>\n<p>&nbsp;<\/p>\n","protected":false},"excerpt":{"rendered":"","protected":false},"author":2,"featured_media":10836,"comment_status":"open","ping_status":"open","sticky":false,"template":"","format":"standard","meta":{"_acf_changed":false,"jetpack_post_was_ever_published":false,"_jetpack_newsletter_access":"","_jetpack_dont_email_post_to_subs":false,"_jetpack_newsletter_tier_id":0,"_jetpack_memberships_contains_paywalled_content":false,"_jetpack_memberships_contains_paid_content":false,"footnotes":"","jetpack_publicize_message":"","jetpack_publicize_feature_enabled":true,"jetpack_social_post_already_shared":true,"jetpack_social_options":{"image_generator_settings":{"template":"highway","default_image_id":0,"font":"","enabled":false},"version":2}},"categories":[3,17],"tags":[],"class_list":["post-10835","post","type-post","status-publish","format-standard","has-post-thumbnail","hentry","category-novosti","category-rasprave"],"acf":{"facebook_opis":""},"jetpack_publicize_connections":[],"jetpack_featured_media_url":"https:\/\/i0.wp.com\/historiografija.hr\/wp-content\/uploads\/2018\/08\/PXL_hrt.jpg?fit=688%2C388&ssl=1","jetpack_sharing_enabled":true,"jetpack-related-posts":[{"id":52616,"url":"https:\/\/historiografija.hr\/?p=52616","url_meta":{"origin":10835,"position":0},"title":"No\u0107 knjige 2026.","author":"Branimir Jankovi\u0107","date":"22. travnja 2026.","format":false,"excerpt":"Slavljeni\u010dka 15. No\u0107 knjige odr\u017eat \u0107e se 23. travnja diljem Hrvatske u povodu Svjetskog dana knjige i autorskih prava te Dana hrvatske knjige. S vi\u0161e od 1.000 prijavljenih programa i akcija s pravom nosi epitet najmasovnije doma\u0107e kulturne manifestacije, a ove \u0107e godine prote\u0107i u znaku mira, razumijevanja, tolerancije, srodnosti\u2026","rel":"","context":"U &quot;Novosti&quot;","block_context":{"text":"Novosti","link":"https:\/\/historiografija.hr\/?cat=3"},"img":{"alt_text":"","src":"https:\/\/i0.wp.com\/historiografija.hr\/wp-content\/uploads\/2026\/04\/noc_knjige_2026.jpg?fit=680%2C276&ssl=1&resize=350%2C200","width":350,"height":200,"srcset":"https:\/\/i0.wp.com\/historiografija.hr\/wp-content\/uploads\/2026\/04\/noc_knjige_2026.jpg?fit=680%2C276&ssl=1&resize=350%2C200 1x, https:\/\/i0.wp.com\/historiografija.hr\/wp-content\/uploads\/2026\/04\/noc_knjige_2026.jpg?fit=680%2C276&ssl=1&resize=525%2C300 1.5x"},"classes":[]},{"id":52631,"url":"https:\/\/historiografija.hr\/?p=52631","url_meta":{"origin":10835,"position":1},"title":"Predavanje Ivana Tepe\u0161a: Djelovanje hrvatske politi\u010dke emigracije","author":"Branimir Jankovi\u0107","date":"23. travnja 2026.","format":false,"excerpt":"Odjel za me\u0111unarodnu suradnju i iseljeni\u0161tvo Matice hrvatske Predavanje Ivana Tepe\u0161a: Djelovanje hrvatske politi\u010dke emigracije Utorak, 28. travnja 2026. u 18:00 sati, Dvorana Ljudevita Jonkea (Mala dvorana MH), Strossmayerov trg 4, Zagreb dr. sc. Ivan Tepe\u0161, Institut za istra\u017eivanje migracija Hrvatska politi\u010dka emigracija obilje\u017eila je polustoljetnu hrvatsku povijest u drugoj\u2026","rel":"","context":"U &quot;Novosti&quot;","block_context":{"text":"Novosti","link":"https:\/\/historiografija.hr\/?cat=3"},"img":{"alt_text":"","src":"","width":0,"height":0},"classes":[]},{"id":52499,"url":"https:\/\/historiografija.hr\/?p=52499","url_meta":{"origin":10835,"position":2},"title":"POTPISAN UGOVOR O ZNANSTVENO-ISTRA\u017dIVA\u010cKOJ SURADNJI: PROJEKT \u201eTEMELJI HRVATSKE SAMOSTALNOSTI\u201d","author":"Branimir Jankovi\u0107","date":"17. travnja 2026.","format":false,"excerpt":"Hrvatski institut za povijest, Sveu\u010dili\u0161te obrane i sigurnosti \u201eDr. Franjo Tu\u0111man\u201d, Institut dru\u0161tvenih znanosti Ivo Pilar i Hrvatski dr\u017eavni arhiv\u00a0potpisali su 23. o\u017eujka 2026.\u00a0Ugovor o znanstveno-istra\u017eiva\u010dkoj suradnji s ciljem provedbe projekta \u201eTemelji hrvatske samostalnosti\u201d. Tim projektom obuhva\u0107a se istra\u017eivanje arhivskoga gradiva, priprema znanstvenih publikacija, digitalizacija i javna prezentacija rezultata istra\u017eivanja\u2026","rel":"","context":"U &quot;Novosti&quot;","block_context":{"text":"Novosti","link":"https:\/\/historiografija.hr\/?cat=3"},"img":{"alt_text":"","src":"https:\/\/i0.wp.com\/historiografija.hr\/wp-content\/uploads\/2026\/04\/THS_sporazum.jpg?fit=1200%2C583&ssl=1&resize=350%2C200","width":350,"height":200,"srcset":"https:\/\/i0.wp.com\/historiografija.hr\/wp-content\/uploads\/2026\/04\/THS_sporazum.jpg?fit=1200%2C583&ssl=1&resize=350%2C200 1x, https:\/\/i0.wp.com\/historiografija.hr\/wp-content\/uploads\/2026\/04\/THS_sporazum.jpg?fit=1200%2C583&ssl=1&resize=525%2C300 1.5x, https:\/\/i0.wp.com\/historiografija.hr\/wp-content\/uploads\/2026\/04\/THS_sporazum.jpg?fit=1200%2C583&ssl=1&resize=700%2C400 2x, https:\/\/i0.wp.com\/historiografija.hr\/wp-content\/uploads\/2026\/04\/THS_sporazum.jpg?fit=1200%2C583&ssl=1&resize=1050%2C600 3x"},"classes":[]},{"id":52578,"url":"https:\/\/historiografija.hr\/?p=52578","url_meta":{"origin":10835,"position":3},"title":"Poziv za sudjelovanje: XXII. Dani Julija Bene\u0161i\u0107a u Iloku","author":"Branimir Jankovi\u0107","date":"21. travnja 2026.","format":false,"excerpt":"Zavod za lingvisti\u010dka istra\u017eivanja Hrvatske akademije znanosti i umjetnosti, zajedno s Muzejom grada Iloka, organizira XXII. Dane Julija Bene\u0161i\u0107a, koji \u0107e se odr\u017eati od 28. do 30. listopada 2026. u Iloku.\u00a0Teme ovogodi\u0161njih Dana podijeljene su u dvije cjeline: Knji\u017eevno-jezikoslovni d\u00ecv\u0101n s Bene\u0161i\u0107em te Ilok i Srijem u povijesnim stalnicama i\u2026","rel":"","context":"U &quot;Novosti&quot;","block_context":{"text":"Novosti","link":"https:\/\/historiografija.hr\/?cat=3"},"img":{"alt_text":"","src":"https:\/\/i0.wp.com\/historiografija.hr\/wp-content\/uploads\/2019\/10\/HE2_Benesic.jpg?fit=413%2C591&ssl=1&resize=350%2C200","width":350,"height":200},"classes":[]},{"id":52502,"url":"https:\/\/historiografija.hr\/?p=52502","url_meta":{"origin":10835,"position":4},"title":"Novi znanstveni projekt Hrvatskog instituta za povijest: \u201c\u017drtve ratova i dr\u017eavnog\/politi\u010dkog nasilja u hrvatskoj povijesti 20. stolje\u0107a\u201d","author":"Branimir Jankovi\u0107","date":"17. travnja 2026.","format":false,"excerpt":"Na redovitoj sjednici Vlade RH, 16. travnja 2026., donijet je Zaklju\u010dak kojim se pokre\u0107e znanstveni projekt \u201c\u017drtve ratova i dr\u017eavnog\/politi\u010dkog nasilja u hrvatskoj povijesti 20. stolje\u0107a\u201d. Projekt \u0107e provoditi i koordinirati Hrvatski institut za povijest u razdoblju trajanja projekta od pet godina. Zakljucak Vlade RH Iz teksta projektnog prijedloga: Problematika\u2026","rel":"","context":"U &quot;Novosti&quot;","block_context":{"text":"Novosti","link":"https:\/\/historiografija.hr\/?cat=3"},"img":{"alt_text":"","src":"https:\/\/i0.wp.com\/historiografija.hr\/wp-content\/uploads\/2026\/04\/Vlada-RH.jpg?fit=1200%2C557&ssl=1&resize=350%2C200","width":350,"height":200,"srcset":"https:\/\/i0.wp.com\/historiografija.hr\/wp-content\/uploads\/2026\/04\/Vlada-RH.jpg?fit=1200%2C557&ssl=1&resize=350%2C200 1x, https:\/\/i0.wp.com\/historiografija.hr\/wp-content\/uploads\/2026\/04\/Vlada-RH.jpg?fit=1200%2C557&ssl=1&resize=525%2C300 1.5x, https:\/\/i0.wp.com\/historiografija.hr\/wp-content\/uploads\/2026\/04\/Vlada-RH.jpg?fit=1200%2C557&ssl=1&resize=700%2C400 2x, https:\/\/i0.wp.com\/historiografija.hr\/wp-content\/uploads\/2026\/04\/Vlada-RH.jpg?fit=1200%2C557&ssl=1&resize=1050%2C600 3x"},"classes":[]},{"id":52607,"url":"https:\/\/historiografija.hr\/?p=52607","url_meta":{"origin":10835,"position":5},"title":"No\u0107 knjige: Kako je prije 410 godina smr\u0107u Shakespearea i Cervantesa zavr\u0161ilo razdoblje renesanse u knji\u017eevnosti","author":"Branimir Jankovi\u0107","date":"22. travnja 2026.","format":false,"excerpt":"\u010cetvrtak, 23. travnja 2026. u 18:00 sati, Knji\u017eara Matice hrvatske, Ulica Matice hrvatske 2, Zagreb Uvodna rije\u010d: dr. sc.\u00a0Dubravka Brezak Stama\u0107, pro\u010delnica Odjela za knji\u017eevnost Matice hrvatske Prof. dr. sc. Ivan Lupi\u0107, redoviti profesor u Odsjeku za anglistiku i Odsjeku za kroatistiku Sveu\u010dili\u0161ta u RijeciShakespeare, kazali\u0161te, glazbaKada se susre\u0107emo sa\u2026","rel":"","context":"U &quot;Novosti&quot;","block_context":{"text":"Novosti","link":"https:\/\/historiografija.hr\/?cat=3"},"img":{"alt_text":"","src":"https:\/\/i0.wp.com\/historiografija.hr\/wp-content\/uploads\/2026\/04\/noc_knjige_2026.jpg?fit=680%2C276&ssl=1&resize=350%2C200","width":350,"height":200,"srcset":"https:\/\/i0.wp.com\/historiografija.hr\/wp-content\/uploads\/2026\/04\/noc_knjige_2026.jpg?fit=680%2C276&ssl=1&resize=350%2C200 1x, https:\/\/i0.wp.com\/historiografija.hr\/wp-content\/uploads\/2026\/04\/noc_knjige_2026.jpg?fit=680%2C276&ssl=1&resize=525%2C300 1.5x"},"classes":[]}],"_links":{"self":[{"href":"https:\/\/historiografija.hr\/index.php?rest_route=\/wp\/v2\/posts\/10835","targetHints":{"allow":["GET"]}}],"collection":[{"href":"https:\/\/historiografija.hr\/index.php?rest_route=\/wp\/v2\/posts"}],"about":[{"href":"https:\/\/historiografija.hr\/index.php?rest_route=\/wp\/v2\/types\/post"}],"author":[{"embeddable":true,"href":"https:\/\/historiografija.hr\/index.php?rest_route=\/wp\/v2\/users\/2"}],"replies":[{"embeddable":true,"href":"https:\/\/historiografija.hr\/index.php?rest_route=%2Fwp%2Fv2%2Fcomments&post=10835"}],"version-history":[{"count":7,"href":"https:\/\/historiografija.hr\/index.php?rest_route=\/wp\/v2\/posts\/10835\/revisions"}],"predecessor-version":[{"id":10893,"href":"https:\/\/historiografija.hr\/index.php?rest_route=\/wp\/v2\/posts\/10835\/revisions\/10893"}],"wp:featuredmedia":[{"embeddable":true,"href":"https:\/\/historiografija.hr\/index.php?rest_route=\/wp\/v2\/media\/10836"}],"wp:attachment":[{"href":"https:\/\/historiografija.hr\/index.php?rest_route=%2Fwp%2Fv2%2Fmedia&parent=10835"}],"wp:term":[{"taxonomy":"category","embeddable":true,"href":"https:\/\/historiografija.hr\/index.php?rest_route=%2Fwp%2Fv2%2Fcategories&post=10835"},{"taxonomy":"post_tag","embeddable":true,"href":"https:\/\/historiografija.hr\/index.php?rest_route=%2Fwp%2Fv2%2Ftags&post=10835"}],"curies":[{"name":"wp","href":"https:\/\/api.w.org\/{rel}","templated":true}]}}