{"id":10819,"date":"2018-07-30T21:28:09","date_gmt":"2018-07-30T21:28:09","guid":{"rendered":"http:\/\/historiografija.hr\/?p=10819"},"modified":"2018-07-30T21:29:17","modified_gmt":"2018-07-30T21:29:17","slug":"poziv-za-prijavu-radova-povijesni-lom-1918-i-modernizam","status":"publish","type":"post","link":"https:\/\/historiografija.hr\/?p=10819","title":{"rendered":"Poziv za prijavu radova \u2013 \u201ePovijesni lom: 1918. i modernizam\u201d"},"content":{"rendered":"<p>Institut za povijest umjetnosti poziva na prijavu radova koji \u0107e biti objavljeni u tematskom bloku \u201ePovijesni lom: 1918. i modernizam\u201c \u010dasopisa \u201e\u017divot umjetnosti\u201c.<\/p>\n<p>&nbsp;<\/p>\n<p>&#8212;<\/p>\n<p>&nbsp;<\/p>\n<p><strong>Institut za povijest umjetnosti<\/strong><\/p>\n<p>Zagreb<\/p>\n<p>&nbsp;<\/p>\n<p><strong>Povijesni lom: 1918. i modernizam<\/strong><\/p>\n<p>&nbsp;<\/p>\n<p>Poziv za prijavu radova koji \u0107e biti objavljeni u tematskom bloku <strong>Povijesni lom: 1918. i modernizam<\/strong> u \u010dasopisu o modernoj i suvremenoj umjetnosti i arhitekturi <strong>\u017divot umjetnosti<\/strong> (103-2018), koji pripremamo u suradnji s <strong>Goethe-Institutom Kroatien<\/strong>.<\/p>\n<p>&nbsp;<\/p>\n<p>\u2013<\/p>\n<p><strong>\u00a0<\/strong><\/p>\n<p><strong>Povijesni lom: 1918. i modernizam<\/strong><\/p>\n<p>&nbsp;<\/p>\n<p>Godina 1918. donijela je kraj Velikoga rata, ali i po\u010detak nove epohe \u2013 njome je napokon zavr\u0161ilo \u201edugo 19.\u201c te otpo\u010dela povijest 20. stolje\u0107a. U njega je Europa zakora\u010dila s novom politi\u010dkom kartom: slom starih re\u017eima, nastanak novih nacionalnih dr\u017eava, kao i \u0161irenje revolucionarnih ideja nakon Oktobarske revolucije, bili su logi\u010dan dovr\u0161etak procesa otpo\u010delih u 19. stolje\u0107u, no ubrzo se pokazalo da novi poredak ne mo\u017ee jam\u010diti demokraciju i mir. Borba za kolonijalnu prevlast, gospodarska kriza, ja\u010danje radikalnih ideologija, etni\u010dki i klasni konflikti, ubrzo \u0107e otvoriti put razli\u010ditim oblicima represivne, autoritarne vladavine gdje su gra\u0111anska prava bila ograni\u010dena, a manjine trpjele diskriminaciju i progone. Upravo takvo ozra\u010dje, me\u0111utim, bit \u0107e povijesni kontekst \u0161iroke dru\u0161tvene recepcije i regionalne diseminacije modernizma \u2013 avangardni proboji iz predratnog razdoblja ugradit \u0107e se u temelje modernisti\u010dke paradigme, \u010dije \u0107e se stilske manifestacije i dru\u0161tvena zna\u010denja uvelike uslo\u017eniti, uklju\u010duju\u0107i i nacionalne i kozmopolitske, i konzervativne i liberalne, i elitne i demokratske vrijednosti.<\/p>\n<p>&nbsp;<\/p>\n<p>Premda se tuma\u010denje modernizma unatrag posljednjih tridesetak godina znatno pro\u0161irilo u smislu obuhva\u0107enih fenomena i razumijevanja njihova dru\u0161tveno-politi\u010dkog konteksta, obljetnica 1918. prilika je da se napravi jo\u0161 jedan korak dalje u analizi modernisti\u010dke paradigme \u2013 njezinih fenomenolo\u0161kih heterogenosti i zna\u010denjskih proturje\u010dja, njezinih stilskih hibridnosti i idejnih fleksibinosti \u2013 fokusiraju\u0107i se na godinu kraja Prvoga svjetskog rata kao prijelomnu za nastanak nove epohe \u010diji se kraj proglasio mo\u017eda odvi\u0161e lako, a \u010dije naslje\u0111e ne prestaje biti relevantno do danas.<\/p>\n<p>&nbsp;<\/p>\n<p>modernizam \u2013 povijest jednog pojma<\/p>\n<p>modernizam i nacionalizam<\/p>\n<p>modernizam na izlo\u017ebama<\/p>\n<p>modernizam i spomenici \u2013 sje\u0107anje na Veliki rat<\/p>\n<p>modernizam i kriza demokracije<\/p>\n<p>modernizam u rodnoj perspektivi<\/p>\n<p>modernizam i reprezentacija traume<\/p>\n<p>&nbsp;<\/p>\n<p>Tematski blok dio je projekta My Art is My Reality koji Goethe-Institut Kroatien provodi u suradnji sa socijalnim poduze\u0107em ProPuh, Francuskim institutom, Muzejom moderne i suvremene umjetnosti u Rijeci te projektom Rijeka 2020 \u2013 Europska prijestolnica kulture, a uz podr\u0161ku Europske komisije, Elysee fonda te fonda EUNIC global, Bruxelles. U okviru istog projekta unutar \u010dasopisa \u017divot umjetnosti 103\/2018 predstavit \u0107e se i radovi ratnog fotografa i umjetnika Wolf B\u00f6wiga.<\/p>\n<p>&nbsp;<\/p>\n<p>Rok za predaju dovr\u0161enih tekstova je <strong>10. rujna 2018. godine<\/strong>.<\/p>\n<p>&nbsp;<\/p>\n<p>Upute za autore i ostale informacije o profilu i standardima \u010dasopisa molimo potra\u017eite na:<\/p>\n<p><a href=\"https:\/\/zivotumjetnosti.ipu.hr\/onama\/\">https:\/\/zivotumjetnosti.ipu.hr\/onama\/<\/a><\/p>\n<p>&nbsp;<\/p>\n<p>Izvor: <a href=\"https:\/\/www.ipu.hr\/article\/hr\/635\/povijesni-lom-1918-i-modernizam\">https:\/\/www.ipu.hr\/article\/hr\/635\/povijesni-lom-1918-i-modernizam<\/a><\/p>\n<p>&nbsp;<\/p>\n<p>&nbsp;<\/p>\n<p>&nbsp;<\/p>\n<p>&nbsp;<\/p>\n","protected":false},"excerpt":{"rendered":"","protected":false},"author":2,"featured_media":10820,"comment_status":"open","ping_status":"open","sticky":false,"template":"","format":"standard","meta":{"_acf_changed":false,"jetpack_post_was_ever_published":false,"_jetpack_newsletter_access":"","_jetpack_dont_email_post_to_subs":false,"_jetpack_newsletter_tier_id":0,"_jetpack_memberships_contains_paywalled_content":false,"_jetpack_memberships_contains_paid_content":false,"footnotes":"","jetpack_publicize_message":"","jetpack_publicize_feature_enabled":true,"jetpack_social_post_already_shared":true,"jetpack_social_options":{"image_generator_settings":{"template":"highway","default_image_id":0,"font":"","enabled":false},"version":2}},"categories":[3],"tags":[],"class_list":["post-10819","post","type-post","status-publish","format-standard","has-post-thumbnail","hentry","category-novosti"],"acf":{"facebook_opis":""},"jetpack_publicize_connections":[],"jetpack_featured_media_url":"https:\/\/i0.wp.com\/historiografija.hr\/wp-content\/uploads\/2018\/07\/zu-103-2018-poziv-cfp.jpg?fit=2999%2C1687&ssl=1","jetpack_sharing_enabled":true,"jetpack-related-posts":[{"id":52578,"url":"https:\/\/historiografija.hr\/?p=52578","url_meta":{"origin":10819,"position":0},"title":"Poziv za sudjelovanje: XXII. Dani Julija Bene\u0161i\u0107a u Iloku","author":"Branimir Jankovi\u0107","date":"21. travnja 2026.","format":false,"excerpt":"Zavod za lingvisti\u010dka istra\u017eivanja Hrvatske akademije znanosti i umjetnosti, zajedno s Muzejom grada Iloka, organizira XXII. Dane Julija Bene\u0161i\u0107a, koji \u0107e se odr\u017eati od 28. do 30. listopada 2026. u Iloku.\u00a0Teme ovogodi\u0161njih Dana podijeljene su u dvije cjeline: Knji\u017eevno-jezikoslovni d\u00ecv\u0101n s Bene\u0161i\u0107em te Ilok i Srijem u povijesnim stalnicama i\u2026","rel":"","context":"U &quot;Novosti&quot;","block_context":{"text":"Novosti","link":"https:\/\/historiografija.hr\/?cat=3"},"img":{"alt_text":"","src":"https:\/\/i0.wp.com\/historiografija.hr\/wp-content\/uploads\/2019\/10\/HE2_Benesic.jpg?fit=413%2C591&ssl=1&resize=350%2C200","width":350,"height":200},"classes":[]},{"id":52148,"url":"https:\/\/historiografija.hr\/?p=52148","url_meta":{"origin":10819,"position":1},"title":"Poziv za prijavu na me\u0111unarodnu znanstvenu konferenciju \u201eGranice (ne)slobode: Zadarski krug 1966. Intelektualna opozicija u totalitarnom dru\u0161tvu\u201c","author":"Branimir Jankovi\u0107","date":"27. o\u017eujka 2026.","format":false,"excerpt":"\u00a0\u00a0\u00a0\u00a0 Povodom \u0161ezdesete obljetnice poku\u0161aja osnivanja \u010dasopisa Slobodan glas u Zadru 1966. godine, pozivamo vas na znanstvenu konferenciju posve\u0107enu istra\u017eivanju disidentstva, intelektualne opozicije i granica divergentnog mi\u0161ljenja nasuprot slu\u017ebenoj ideologiji u komunisti\u010dkoj Jugoslaviji. Ideja konferencije je analizirati konkretan fenomen zadarskog slu\u010daja razloge i okolnosti njegove pojave, ali uz otvaranje komparativnih\u2026","rel":"","context":"U &quot;Novosti&quot;","block_context":{"text":"Novosti","link":"https:\/\/historiografija.hr\/?cat=3"},"img":{"alt_text":"","src":"https:\/\/i0.wp.com\/historiografija.hr\/wp-content\/uploads\/2026\/03\/Poziv-konferencija-Zadar.jpg?fit=1200%2C509&ssl=1&resize=350%2C200","width":350,"height":200,"srcset":"https:\/\/i0.wp.com\/historiografija.hr\/wp-content\/uploads\/2026\/03\/Poziv-konferencija-Zadar.jpg?fit=1200%2C509&ssl=1&resize=350%2C200 1x, https:\/\/i0.wp.com\/historiografija.hr\/wp-content\/uploads\/2026\/03\/Poziv-konferencija-Zadar.jpg?fit=1200%2C509&ssl=1&resize=525%2C300 1.5x, https:\/\/i0.wp.com\/historiografija.hr\/wp-content\/uploads\/2026\/03\/Poziv-konferencija-Zadar.jpg?fit=1200%2C509&ssl=1&resize=700%2C400 2x, https:\/\/i0.wp.com\/historiografija.hr\/wp-content\/uploads\/2026\/03\/Poziv-konferencija-Zadar.jpg?fit=1200%2C509&ssl=1&resize=1050%2C600 3x"},"classes":[]},{"id":52502,"url":"https:\/\/historiografija.hr\/?p=52502","url_meta":{"origin":10819,"position":2},"title":"Novi znanstveni projekt Hrvatskog instituta za povijest: \u201c\u017drtve ratova i dr\u017eavnog\/politi\u010dkog nasilja u hrvatskoj povijesti 20. stolje\u0107a\u201d","author":"Branimir Jankovi\u0107","date":"17. travnja 2026.","format":false,"excerpt":"Na redovitoj sjednici Vlade RH, 16. travnja 2026., donijet je Zaklju\u010dak kojim se pokre\u0107e znanstveni projekt \u201c\u017drtve ratova i dr\u017eavnog\/politi\u010dkog nasilja u hrvatskoj povijesti 20. stolje\u0107a\u201d. Projekt \u0107e provoditi i koordinirati Hrvatski institut za povijest u razdoblju trajanja projekta od pet godina. Zakljucak Vlade RH Iz teksta projektnog prijedloga: Problematika\u2026","rel":"","context":"U &quot;Novosti&quot;","block_context":{"text":"Novosti","link":"https:\/\/historiografija.hr\/?cat=3"},"img":{"alt_text":"","src":"https:\/\/i0.wp.com\/historiografija.hr\/wp-content\/uploads\/2026\/04\/Vlada-RH.jpg?fit=1200%2C557&ssl=1&resize=350%2C200","width":350,"height":200,"srcset":"https:\/\/i0.wp.com\/historiografija.hr\/wp-content\/uploads\/2026\/04\/Vlada-RH.jpg?fit=1200%2C557&ssl=1&resize=350%2C200 1x, https:\/\/i0.wp.com\/historiografija.hr\/wp-content\/uploads\/2026\/04\/Vlada-RH.jpg?fit=1200%2C557&ssl=1&resize=525%2C300 1.5x, https:\/\/i0.wp.com\/historiografija.hr\/wp-content\/uploads\/2026\/04\/Vlada-RH.jpg?fit=1200%2C557&ssl=1&resize=700%2C400 2x, https:\/\/i0.wp.com\/historiografija.hr\/wp-content\/uploads\/2026\/04\/Vlada-RH.jpg?fit=1200%2C557&ssl=1&resize=1050%2C600 3x"},"classes":[]},{"id":52508,"url":"https:\/\/historiografija.hr\/?p=52508","url_meta":{"origin":10819,"position":3},"title":"Glazbena radionica \u201eDUGMETARA REVISITED\u201c","author":"Branimir Jankovi\u0107","date":"17. travnja 2026.","format":false,"excerpt":"DUGMETARA REVISITED glazbena radionica vodi: Ana Horvat 13., 20. i 27. travnja, od 18 do 20 sati Radiona, Nova cesta 186 Na tri radioni\u010dka susreta uranjamo u naslje\u0111e Dugmetare, biv\u0161e tvornice dugmadi na Savskoj cesti koja je po\u010detkom 2000-ih igrom slu\u010daja postala \u017eivo, jedinstveno mjesto glazbene proizvodnje. Svoje su probe\u2026","rel":"","context":"U &quot;Novosti&quot;","block_context":{"text":"Novosti","link":"https:\/\/historiografija.hr\/?cat=3"},"img":{"alt_text":"","src":"https:\/\/i0.wp.com\/historiografija.hr\/wp-content\/uploads\/2026\/04\/TRESNJA_TRESTI.jpg?fit=380%2C475&ssl=1&resize=350%2C200","width":350,"height":200},"classes":[]},{"id":52499,"url":"https:\/\/historiografija.hr\/?p=52499","url_meta":{"origin":10819,"position":4},"title":"POTPISAN UGOVOR O ZNANSTVENO-ISTRA\u017dIVA\u010cKOJ SURADNJI: PROJEKT \u201eTEMELJI HRVATSKE SAMOSTALNOSTI\u201d","author":"Branimir Jankovi\u0107","date":"17. travnja 2026.","format":false,"excerpt":"Hrvatski institut za povijest, Sveu\u010dili\u0161te obrane i sigurnosti \u201eDr. Franjo Tu\u0111man\u201d, Institut dru\u0161tvenih znanosti Ivo Pilar i Hrvatski dr\u017eavni arhiv\u00a0potpisali su 23. o\u017eujka 2026.\u00a0Ugovor o znanstveno-istra\u017eiva\u010dkoj suradnji s ciljem provedbe projekta \u201eTemelji hrvatske samostalnosti\u201d. Tim projektom obuhva\u0107a se istra\u017eivanje arhivskoga gradiva, priprema znanstvenih publikacija, digitalizacija i javna prezentacija rezultata istra\u017eivanja\u2026","rel":"","context":"U &quot;Novosti&quot;","block_context":{"text":"Novosti","link":"https:\/\/historiografija.hr\/?cat=3"},"img":{"alt_text":"","src":"https:\/\/i0.wp.com\/historiografija.hr\/wp-content\/uploads\/2026\/04\/THS_sporazum.jpg?fit=1200%2C583&ssl=1&resize=350%2C200","width":350,"height":200,"srcset":"https:\/\/i0.wp.com\/historiografija.hr\/wp-content\/uploads\/2026\/04\/THS_sporazum.jpg?fit=1200%2C583&ssl=1&resize=350%2C200 1x, https:\/\/i0.wp.com\/historiografija.hr\/wp-content\/uploads\/2026\/04\/THS_sporazum.jpg?fit=1200%2C583&ssl=1&resize=525%2C300 1.5x, https:\/\/i0.wp.com\/historiografija.hr\/wp-content\/uploads\/2026\/04\/THS_sporazum.jpg?fit=1200%2C583&ssl=1&resize=700%2C400 2x, https:\/\/i0.wp.com\/historiografija.hr\/wp-content\/uploads\/2026\/04\/THS_sporazum.jpg?fit=1200%2C583&ssl=1&resize=1050%2C600 3x"},"classes":[]},{"id":52536,"url":"https:\/\/historiografija.hr\/?p=52536","url_meta":{"origin":10819,"position":5},"title":"Kader Abdolah, \u201ePrije nego \u0161to bude kasno\u201c","author":"Branimir Jankovi\u0107","date":"20. travnja 2026.","format":false,"excerpt":"Kader Abdolah \u017eeli se vratiti ku\u0107i. Ali povratak je nemogu\u0107: u Iranu bi bio uhap\u0161en. Pod la\u017enim imenom i s krivotvorenim paso\u0161em ipak uspijeva u\u0107i u domovinu i sti\u017ee do roditeljske ku\u0107e, visoko u planinama. Majka ga ne prepoznaje, otac je mrtav, a sve \u0161to je tra\u017eio izmi\u010de mu pred\u2026","rel":"","context":"U &quot;Novosti&quot;","block_context":{"text":"Novosti","link":"https:\/\/historiografija.hr\/?cat=3"},"img":{"alt_text":"","src":"https:\/\/i0.wp.com\/historiografija.hr\/wp-content\/uploads\/2026\/04\/Prije-nego-sto-bude-kasno.webp?fit=566%2C872&ssl=1&resize=350%2C200","width":350,"height":200,"srcset":"https:\/\/i0.wp.com\/historiografija.hr\/wp-content\/uploads\/2026\/04\/Prije-nego-sto-bude-kasno.webp?fit=566%2C872&ssl=1&resize=350%2C200 1x, https:\/\/i0.wp.com\/historiografija.hr\/wp-content\/uploads\/2026\/04\/Prije-nego-sto-bude-kasno.webp?fit=566%2C872&ssl=1&resize=525%2C300 1.5x"},"classes":[]}],"_links":{"self":[{"href":"https:\/\/historiografija.hr\/index.php?rest_route=\/wp\/v2\/posts\/10819","targetHints":{"allow":["GET"]}}],"collection":[{"href":"https:\/\/historiografija.hr\/index.php?rest_route=\/wp\/v2\/posts"}],"about":[{"href":"https:\/\/historiografija.hr\/index.php?rest_route=\/wp\/v2\/types\/post"}],"author":[{"embeddable":true,"href":"https:\/\/historiografija.hr\/index.php?rest_route=\/wp\/v2\/users\/2"}],"replies":[{"embeddable":true,"href":"https:\/\/historiografija.hr\/index.php?rest_route=%2Fwp%2Fv2%2Fcomments&post=10819"}],"version-history":[{"count":2,"href":"https:\/\/historiografija.hr\/index.php?rest_route=\/wp\/v2\/posts\/10819\/revisions"}],"predecessor-version":[{"id":10822,"href":"https:\/\/historiografija.hr\/index.php?rest_route=\/wp\/v2\/posts\/10819\/revisions\/10822"}],"wp:featuredmedia":[{"embeddable":true,"href":"https:\/\/historiografija.hr\/index.php?rest_route=\/wp\/v2\/media\/10820"}],"wp:attachment":[{"href":"https:\/\/historiografija.hr\/index.php?rest_route=%2Fwp%2Fv2%2Fmedia&parent=10819"}],"wp:term":[{"taxonomy":"category","embeddable":true,"href":"https:\/\/historiografija.hr\/index.php?rest_route=%2Fwp%2Fv2%2Fcategories&post=10819"},{"taxonomy":"post_tag","embeddable":true,"href":"https:\/\/historiografija.hr\/index.php?rest_route=%2Fwp%2Fv2%2Ftags&post=10819"}],"curies":[{"name":"wp","href":"https:\/\/api.w.org\/{rel}","templated":true}]}}