{"id":10809,"date":"2018-07-28T22:20:09","date_gmt":"2018-07-28T22:20:09","guid":{"rendered":"http:\/\/historiografija.hr\/?p=10809"},"modified":"2018-07-28T22:20:09","modified_gmt":"2018-07-28T22:20:09","slug":"isak-samokovlija-der-jude-der-am-sabbat-nicht-betet-erzahlungen","status":"publish","type":"post","link":"https:\/\/historiografija.hr\/?p=10809","title":{"rendered":"Isak Samokovlija, \u201eDer Jude, der am Sabbat nicht betet. Erz\u00e4hlungen\u201c"},"content":{"rendered":"<p>Izdava\u010d B\u00fcchergilde objavio je 2018. godine njema\u010dko izdanje pripovijedaka \u201ebosanskog knji\u017eevnika \u017eidovskog podrijetla\u201c Isaka Samokovlije (1889-1955) u kojima pi\u0161e \u201eo \u017eivotu sunarodnjaka, sefardskih \u017didova\u201c.<\/p>\n<p>&nbsp;<\/p>\n<p>Samokovlija, Isak<\/p>\n<p><a href=\"http:\/\/www.enciklopedija.hr\/natuknica.aspx?id=54315\">http:\/\/www.enciklopedija.hr\/natuknica.aspx?id=54315<\/a><\/p>\n<p>&nbsp;<\/p>\n<p>&#8212;<\/p>\n<p>&nbsp;<\/p>\n<p>Isak Samokovlija<\/p>\n<p>&nbsp;<\/p>\n<p><strong>DER JUDE, DER AM SABBAT NICHT BETET<\/strong><\/p>\n<p>&nbsp;<\/p>\n<p>Edition B\u00fcchergilde, Frankfurt am Main 2018<\/p>\n<p>&nbsp;<\/p>\n<p>320 S.<\/p>\n<p>&nbsp;<\/p>\n<p>Herausgegeben von Ilija Trojanow<\/p>\n<p>Aus dem Serbokroatischen von Werner Creutziger sowie Waltraud und Manfred J\u00e4hnichen.<\/p>\n<p>Mit einem Nachwort von Dzevad Karahasan.<\/p>\n<p>&nbsp;<\/p>\n<p>&#8212;<\/p>\n<p>&nbsp;<\/p>\n<p>Die Erz\u00e4hlungen schlagen einen Bogen vom Ende des 19. Jahrhunderts bis in die 1950er Jahre: Jahrhundertelang Teil des Osmanischen Reiches, geh\u00f6rte Bosnien nun zur F\u00f6derativen Volksrepublik Jugoslawien.<\/p>\n<p>&nbsp;<\/p>\n<p><a href=\"http:\/\/edition-buechergilde.de\/portfolio-posts\/isak-samokovlija-der-jude-der-am-sabbat-nicht-betet\/\">http:\/\/edition-buechergilde.de\/portfolio-posts\/isak-samokovlija-der-jude-der-am-sabbat-nicht-betet\/<\/a><\/p>\n<p>&nbsp;<\/p>\n<p>&#8212;<\/p>\n<p>&nbsp;<\/p>\n<p>Isak Samokovlija wurde von einem Zeitgenossen als jugoslawischer Tschechow bezeichnet: Wie der gro\u00dfe russische Meister war auch Samokovlija Arzt; wie Tschechow bringt er seinen Lesern auf besondere Weise das Innenleben seiner Figuren nahe \u2013 und alle Kr\u00e4fte, die sich in deren Leben einmischen. Dazu geh\u00f6ren neben dem Zufall manchmal auch historische Ereignisse, Erinnerungen oder Traumata, die das Umfeld der Helden pr\u00e4gen. Wie in der titelgebenden Erz\u00e4hlung Der Jude, der am Sabbat nicht betet. Oder eine Schuld wie in Von Fr\u00fchling zu Fr\u00fchling. Die acht Erz\u00e4hlungen stammen aus dem 1975 auf Deutsch erschienenen Band Die rote Dahlie. Die gleichnamige Geschichte ist \u00fcbrigens ebenfalls Teil der Auswahl. In seinem Werk versuchte Samokovlija, die untergehende Welt des sephardischen Judentums in Bosnien zu konservieren.<\/p>\n<p>&nbsp;<\/p>\n<p><a href=\"https:\/\/www.buechergilde.de\/detailansicht\/items\/der-jude-der-am-sabbat-nicht-betet_169908.html\">https:\/\/www.buechergilde.de\/detailansicht\/items\/der-jude-der-am-sabbat-nicht-betet_169908.html<\/a><\/p>\n<p>&nbsp;<\/p>\n<p>&nbsp;<\/p>\n","protected":false},"excerpt":{"rendered":"","protected":false},"author":2,"featured_media":10810,"comment_status":"open","ping_status":"open","sticky":false,"template":"","format":"standard","meta":{"_acf_changed":false,"jetpack_post_was_ever_published":false,"_jetpack_newsletter_access":"","_jetpack_dont_email_post_to_subs":false,"_jetpack_newsletter_tier_id":0,"_jetpack_memberships_contains_paywalled_content":false,"_jetpack_memberships_contains_paid_content":false,"footnotes":"","jetpack_publicize_message":"","jetpack_publicize_feature_enabled":true,"jetpack_social_post_already_shared":true,"jetpack_social_options":{"image_generator_settings":{"template":"highway","default_image_id":0,"font":"","enabled":false},"version":2}},"categories":[3,12],"tags":[],"class_list":["post-10809","post","type-post","status-publish","format-standard","has-post-thumbnail","hentry","category-novosti","category-knjizevnost"],"acf":{"facebook_opis":""},"jetpack_publicize_connections":[],"jetpack_featured_media_url":"https:\/\/i0.wp.com\/historiografija.hr\/wp-content\/uploads\/2018\/07\/Samokovlija_Isak_Der-Jude-der-am-Sabbat-nicht-betet_Buchansicht_1.jpg?fit=448%2C680&ssl=1","jetpack_sharing_enabled":true,"jetpack-related-posts":[],"_links":{"self":[{"href":"https:\/\/historiografija.hr\/index.php?rest_route=\/wp\/v2\/posts\/10809","targetHints":{"allow":["GET"]}}],"collection":[{"href":"https:\/\/historiografija.hr\/index.php?rest_route=\/wp\/v2\/posts"}],"about":[{"href":"https:\/\/historiografija.hr\/index.php?rest_route=\/wp\/v2\/types\/post"}],"author":[{"embeddable":true,"href":"https:\/\/historiografija.hr\/index.php?rest_route=\/wp\/v2\/users\/2"}],"replies":[{"embeddable":true,"href":"https:\/\/historiografija.hr\/index.php?rest_route=%2Fwp%2Fv2%2Fcomments&post=10809"}],"version-history":[{"count":1,"href":"https:\/\/historiografija.hr\/index.php?rest_route=\/wp\/v2\/posts\/10809\/revisions"}],"predecessor-version":[{"id":10811,"href":"https:\/\/historiografija.hr\/index.php?rest_route=\/wp\/v2\/posts\/10809\/revisions\/10811"}],"wp:featuredmedia":[{"embeddable":true,"href":"https:\/\/historiografija.hr\/index.php?rest_route=\/wp\/v2\/media\/10810"}],"wp:attachment":[{"href":"https:\/\/historiografija.hr\/index.php?rest_route=%2Fwp%2Fv2%2Fmedia&parent=10809"}],"wp:term":[{"taxonomy":"category","embeddable":true,"href":"https:\/\/historiografija.hr\/index.php?rest_route=%2Fwp%2Fv2%2Fcategories&post=10809"},{"taxonomy":"post_tag","embeddable":true,"href":"https:\/\/historiografija.hr\/index.php?rest_route=%2Fwp%2Fv2%2Ftags&post=10809"}],"curies":[{"name":"wp","href":"https:\/\/api.w.org\/{rel}","templated":true}]}}