{"id":10803,"date":"2018-07-27T21:53:17","date_gmt":"2018-07-27T21:53:17","guid":{"rendered":"http:\/\/historiografija.hr\/?p=10803"},"modified":"2018-07-27T21:53:17","modified_gmt":"2018-07-27T21:53:17","slug":"izlozbe-u-njemackoj-o-holokaustu-nad-zidovima-tijekom-nacionalsocijalizma","status":"publish","type":"post","link":"https:\/\/historiografija.hr\/?p=10803","title":{"rendered":"Izlo\u017ebe u Njema\u010dkoj o Holokaustu nad \u017didovima tijekom nacionalsocijalizma"},"content":{"rendered":"<p>Za razliku od mnogih zemalja koje su provodile Holokaust nad vlastitom \u017eidovskom zajednicom, u Njema\u010dkoj se kontinuirano odr\u017eava niz izlo\u017ebi o tome. Upu\u0107ujemo u nastavku na nekoliko njih koje su upravo u tijeku.<\/p>\n<p>&nbsp;<\/p>\n<p>&#8212;<\/p>\n<p>&nbsp;<\/p>\n<p><strong>Legalisierter Raub. Der Fiskus und die Auspl\u00fcnderung der Juden in Hessen 1933-1945<\/strong><\/p>\n<p>&nbsp;<\/p>\n<p>Eine Ausstellung des Fritz Bauer Instituts und des Hessischen Rundfunks.<\/p>\n<p>&nbsp;<\/p>\n<p>30. und letzte Ausstellungsstation<\/p>\n<p>&nbsp;<\/p>\n<p>Mittwoch, 16. Mai bis Sonntag, 14. Oktober 2018<\/p>\n<p>&nbsp;<\/p>\n<p><strong>Historisches Museum Frankfurt<\/strong><\/p>\n<p>Frankfurt am Main<\/p>\n<p>&nbsp;<\/p>\n<p>Die Ausstellung besch\u00e4ftigt sich mit der staatlichen Enteignung der j\u00fcdischen Bev\u00f6lkerung w\u00e4hrend des Nationalsozialismus. Sie stellt die Gesetze und Verordnungen vor, die ab 1933 auf die Ausplu\u0308nderung der J\u00fcdinnen und Juden zielten. Die Schirmherrschaft hat der hessische Finanzminister, Dr. Thomas Sch\u00e4fer, \u00fcbernommen.<\/p>\n<p>&nbsp;<\/p>\n<p><a href=\"https:\/\/www.fritz-bauer-institut.de\/legalisierter-raub.html\">https:\/\/www.fritz-bauer-institut.de\/legalisierter-raub.html<\/a><\/p>\n<p>&nbsp;<\/p>\n<p><a href=\"https:\/\/www.historisches-museum-frankfurt.de\/legalisierter-raub\">https:\/\/www.historisches-museum-frankfurt.de\/legalisierter-raub<\/a><\/p>\n<p>&nbsp;<\/p>\n<p>&#8212;<\/p>\n<p>&nbsp;<\/p>\n<p><strong>Geraubt. Zerst\u00f6rt. Zerstreut. Zur Geschichte von j\u00fcdischen Dingen in Frankfurt<\/strong><\/p>\n<p>&nbsp;<\/p>\n<p>Eine Kooperation mit dem Historischen Museum, Museum Angewandte Kunst, Weltkulturen Museum und Fritz Bauer Institut, 17. Mai bis 14. Oktober 2018.<\/p>\n<p>&nbsp;<\/p>\n<p>Die Pr\u00e4sentation \u201eGeraubt. Zerst\u00f6rt. Verstreut.\u201c gibt den bisherigen Stand der Provenienzforschung am J\u00fcdischen Museum Frankfurt wieder. Sie konzentriert sich auf einige Zeremonialobjekte, die \u00fcber den Kunsthandel, aus Privatbesitz oder aus Sammlungen anderer Museen ins Museum Judengasse gelangt sind. Sie geht dem Weg von Gegenst\u00e4nden nach, die sich einst in der 1938 zerst\u00f6rten B\u00f6rneplatz-Synagoge befanden und fragt auch nach der Provenienz von Exponaten, deren Herkunft bislang nicht eindeutig gekl\u00e4rt werden konnte. Dazu z\u00e4hlen Fragmente hebr\u00e4ischer Schriften, die im Zusammenhang mit fr\u00fchneuzeitlichen Pogromen geraubt und von christlichen Buchbindern weiterverwendet wurden.<\/p>\n<p>&nbsp;<\/p>\n<p><a href=\"https:\/\/www.museumjudengasse.de\/de\/home\/\">https:\/\/www.museumjudengasse.de\/de\/home\/<\/a><\/p>\n<p>&nbsp;<\/p>\n<p>&nbsp;<\/p>\n<p>&#8212;<\/p>\n<p>&nbsp;<\/p>\n<p><strong>Historisches Museum Bamberg<\/strong><\/p>\n<p>&nbsp;<\/p>\n<p>Painting to Remember<\/p>\n<p><strong>Zerst\u00f6rte deutsche Synagogen<\/strong><\/p>\n<p>Gem\u00e4lde von Alexander Dettmar<\/p>\n<p>&nbsp;<\/p>\n<p>bis 14. Oktober 2018<\/p>\n<p>&nbsp;<\/p>\n<p>Mehr als 1.400 Synagogen wurden in der Reichspogromnacht am 9. November 1938 und in deren Folge angez\u00fcndet und niedergerissen. In fast allen deutschen St\u00e4dten und D\u00f6rfern wurden die Zeugnisse j\u00fcdischen Glaubens und Gemeindelebens von den Nationalsozialisten zerst\u00f6rt, nur wenige konnten nach 1945 gerettet und restauriert werden. Im Historischen Museum Bamberg erinnert nun eine Ausstellung an die j\u00fcdischen Gottesh\u00e4user.<\/p>\n<p>&nbsp;<\/p>\n<p><a href=\"https:\/\/museum.bamberg.de\/historisches-museum\/ausstellungen\/news\/painting-to-remember-zerstoerte-deutsche-synagogen-gemaelde-von-alexander-dettmar\/\">https:\/\/museum.bamberg.de\/historisches-museum\/ausstellungen\/news\/painting-to-remember-zerstoerte-deutsche-synagogen-gemaelde-von-alexander-dettmar\/<\/a><\/p>\n<p>&nbsp;<\/p>\n<p>&#8212;<\/p>\n<p>&nbsp;<\/p>\n<p><strong>Yury Kharchenko: Von Herschel Grynszpan \u00fcber Simon Wiesenthal zu Amy Winehouse<\/strong><\/p>\n<p>&nbsp;<\/p>\n<p>13. Juli bis 2. September 2018<\/p>\n<p>&nbsp;<\/p>\n<p><strong>Eine Ausstellung des NS-Dokumentationszentrums der Stadt K\u00f6ln<\/strong><\/p>\n<p>&nbsp;<\/p>\n<p>In seiner Kunst reflektiert er nicht nur die j\u00fcdische Identit\u00e4t seiner Familie. Er verweist auf den Holocaust wie auch auf den bis heute anhaltenden Antisemitismus.<\/p>\n<p>&nbsp;<\/p>\n<p><a href=\"https:\/\/museenkoeln.de\/ns-dokumentationszentrum\/default.aspx?s=286\">https:\/\/museenkoeln.de\/ns-dokumentationszentrum\/default.aspx?s=286<\/a><\/p>\n<p>&nbsp;<\/p>\n<p>&nbsp;<\/p>\n<p>&#8212;<\/p>\n<p>&nbsp;<\/p>\n<p><strong>Deutsches Hygiene-Museum<\/strong><\/p>\n<p>Dresden<\/p>\n<p>&nbsp;<\/p>\n<p><strong>RASSISMUS<\/strong><\/p>\n<p>Die Erfindung von Menschenrassen<\/p>\n<p>&nbsp;<\/p>\n<p>19. Mai 2018 &#8211; 06. Jan 2019<\/p>\n<p>&nbsp;<\/p>\n<p>Eine eigene Abteilung thematisiert die Rolle des Deutschen Hygiene-Museums als Propagandamaschine der sogenannten \u201eRassenhygiene\u201c w\u00e4hrend des Nationalsozialismus.<\/p>\n<p>&nbsp;<\/p>\n<p><a href=\"https:\/\/www.dhmd.de\/ausstellungen\/rassismus\/\">https:\/\/www.dhmd.de\/ausstellungen\/rassismus\/<\/a><\/p>\n<p>&nbsp;<\/p>\n<p>&nbsp;<\/p>\n<p>&nbsp;<\/p>\n","protected":false},"excerpt":{"rendered":"","protected":false},"author":2,"featured_media":10804,"comment_status":"open","ping_status":"open","sticky":false,"template":"","format":"standard","meta":{"_acf_changed":false,"jetpack_post_was_ever_published":false,"_jetpack_newsletter_access":"","_jetpack_dont_email_post_to_subs":false,"_jetpack_newsletter_tier_id":0,"_jetpack_memberships_contains_paywalled_content":false,"_jetpack_memberships_contains_paid_content":false,"footnotes":"","jetpack_publicize_message":"","jetpack_publicize_feature_enabled":true,"jetpack_social_post_already_shared":true,"jetpack_social_options":{"image_generator_settings":{"template":"highway","default_image_id":0,"font":"","enabled":false},"version":2}},"categories":[10,3],"tags":[],"class_list":["post-10803","post","type-post","status-publish","format-standard","has-post-thumbnail","hentry","category-izlozbe","category-novosti"],"acf":{"facebook_opis":""},"jetpack_publicize_connections":[],"jetpack_featured_media_url":"https:\/\/i0.wp.com\/historiografija.hr\/wp-content\/uploads\/2018\/07\/012454.big_.jpg?fit=412%2C600&ssl=1","jetpack_sharing_enabled":true,"jetpack-related-posts":[{"id":52511,"url":"https:\/\/historiografija.hr\/?p=52511","url_meta":{"origin":10803,"position":0},"title":"Izlo\u017eba &#8220;Lica Sljemena&#8221;","author":"Branimir Jankovi\u0107","date":"17. travnja 2026.","format":false,"excerpt":"Srda\u010dno vas pozivamo na otvorenje izlo\u017ebe Lica Sljemena koje \u0107e se odr\u017eati u srijedu 22. travnja 2026. u 18 h ispred Muzeja Prigorja (Trg Dragutina Domjani\u0107a 5, Sesvete). Izlo\u017eba proizlazi iz istra\u017eivanja Nevene \u0160krbi\u0107 Alempijevi\u0107, Petre Kelemen i Sanje Potkonjak te intervjua sa Sljemena\u0161icama i Sljemena\u0161ima, koji su provedeni u\u2026","rel":"","context":"U &quot;Izlo\u017ebe&quot;","block_context":{"text":"Izlo\u017ebe","link":"https:\/\/historiografija.hr\/?cat=10"},"img":{"alt_text":"","src":"https:\/\/i0.wp.com\/historiografija.hr\/wp-content\/uploads\/2026\/04\/Izlozba-Lica-Sljemena.png?fit=1080%2C686&ssl=1&resize=350%2C200","width":350,"height":200,"srcset":"https:\/\/i0.wp.com\/historiografija.hr\/wp-content\/uploads\/2026\/04\/Izlozba-Lica-Sljemena.png?fit=1080%2C686&ssl=1&resize=350%2C200 1x, https:\/\/i0.wp.com\/historiografija.hr\/wp-content\/uploads\/2026\/04\/Izlozba-Lica-Sljemena.png?fit=1080%2C686&ssl=1&resize=525%2C300 1.5x, https:\/\/i0.wp.com\/historiografija.hr\/wp-content\/uploads\/2026\/04\/Izlozba-Lica-Sljemena.png?fit=1080%2C686&ssl=1&resize=700%2C400 2x, https:\/\/i0.wp.com\/historiografija.hr\/wp-content\/uploads\/2026\/04\/Izlozba-Lica-Sljemena.png?fit=1080%2C686&ssl=1&resize=1050%2C600 3x"},"classes":[]},{"id":52505,"url":"https:\/\/historiografija.hr\/?p=52505","url_meta":{"origin":10803,"position":1},"title":"Izlo\u017eba &#8220;Eschenstock \/ Jasenov prut&#8221;","author":"Branimir Jankovi\u0107","date":"17. travnja 2026.","format":false,"excerpt":"Srpsko narodno vije\u0107e (SNV) i Vizura aperta postavljaju izlo\u017ebu \u0161vicarskog slikara Velimira Ili\u0161evi\u0107a: Eschenstock \/ Jasenov prut. Izlo\u017eba se uz prisustvo autora otvara povodom 81. godi\u0161njice proboja logora\u0161a iz usta\u0161kog logora smrti Jasenovac 22. aprila 2026. u 19 sati u Srpskom kulturnom centru (SKC) u Preradovi\u0107evoj ulici 21 u Zagrebu.\u2026","rel":"","context":"U &quot;Izlo\u017ebe&quot;","block_context":{"text":"Izlo\u017ebe","link":"https:\/\/historiografija.hr\/?cat=10"},"img":{"alt_text":"","src":"https:\/\/i0.wp.com\/historiografija.hr\/wp-content\/uploads\/2026\/04\/Jasenov_prut.jpg?fit=1024%2C640&ssl=1&resize=350%2C200","width":350,"height":200,"srcset":"https:\/\/i0.wp.com\/historiografija.hr\/wp-content\/uploads\/2026\/04\/Jasenov_prut.jpg?fit=1024%2C640&ssl=1&resize=350%2C200 1x, https:\/\/i0.wp.com\/historiografija.hr\/wp-content\/uploads\/2026\/04\/Jasenov_prut.jpg?fit=1024%2C640&ssl=1&resize=525%2C300 1.5x, https:\/\/i0.wp.com\/historiografija.hr\/wp-content\/uploads\/2026\/04\/Jasenov_prut.jpg?fit=1024%2C640&ssl=1&resize=700%2C400 2x"},"classes":[]},{"id":52573,"url":"https:\/\/historiografija.hr\/?p=52573","url_meta":{"origin":10803,"position":2},"title":"Znanstvena konferencija &#8220;Filozofija odgoja: povijest, praksa, perspektive&#8221;","author":"Branimir Jankovi\u0107","date":"21. travnja 2026.","format":false,"excerpt":"Znanstvena konferencija \"Filozofija odgoja: povijest, praksa, perspektive\" odr\u017eat \u0107e se 23. i 24. travnja 2026. u Konferencijskoj dvorani Knji\u017enice Filozofskog fakulteta u Zagrebu (2. kat).\u00a0Konferencija je organizirana u okviru projekta\u00a0SUMKOS (voditeljica prof. dr. sc. Ivana Zagorac, financiran\u00a0sredstvima NextGenerationEU), uz potporu Odsjeka za filozofiju.\u00a0 Uz izlaga\u010dki dio, konferencija obuhva\u0107a i izlo\u017ebu\u2026","rel":"","context":"U &quot;Novosti&quot;","block_context":{"text":"Novosti","link":"https:\/\/historiografija.hr\/?cat=3"},"img":{"alt_text":"","src":"","width":0,"height":0},"classes":[]},{"id":52569,"url":"https:\/\/historiografija.hr\/?p=52569","url_meta":{"origin":10803,"position":3},"title":"[Predavanje] Ne \u010dekaju\u0107i inspiraciju \u2013 anga\u017eovane intelektualne, kulturalne i umetni\u010dke prakse u me\u0111uratnom periodu: teorija i praksa kriti\u010dke levice u jugoslovenskoj kulturi (YugoLab)","author":"Branimir Jankovi\u0107","date":"21. travnja 2026.","format":false,"excerpt":"U vreme agresivnog ja\u010danja globalne desnice, (pro)fa\u0161isti\u010dkih, rasisti\u010dkih i imperijalisti\u010dkih politika, dok je istovremeno globalna levica izrazito slaba, a progresivni pokreti atomizirani i fragmentisani, va\u017eno je iz savremene perspektive vratiti se revolucionarnim i emancipatorskim zbivanjima u jugoslovenskom (ali i s njima u vezi internacionalnim de\u0161avanjima), kao i dru\u0161tvenoj ulozi kulturalnih\u2026","rel":"","context":"U &quot;Novosti&quot;","block_context":{"text":"Novosti","link":"https:\/\/historiografija.hr\/?cat=3"},"img":{"alt_text":"","src":"","width":0,"height":0},"classes":[]},{"id":52575,"url":"https:\/\/historiografija.hr\/?p=52575","url_meta":{"origin":10803,"position":4},"title":"Izlo\u017eba dje\u010djih radova \u201cU po\u010detku bija\u0161e crte\u017e\u2026\u201d","author":"Branimir Jankovi\u0107","date":"21. travnja 2026.","format":false,"excerpt":"U subotu, 25. travnja 2026. u 11 sati u Galeriji Klovi\u0107evi dvori sve\u010dano otvaramo izlo\u017ebu dje\u010djih radova pod nazivom U po\u010detku bija\u0161e crte\u017e\u2026 Radovi su nastali u sklopu likovnih radionica uz izlo\u017ebu U po\u010detku bija\u0161e kraljevstvo \u2013 izlo\u017eba povodom 1100 godina Hrvatskoga Kraljevstva. Na brojnim likovnim radionicama, uz \u0161kolsku djecu,\u2026","rel":"","context":"U &quot;Izlo\u017ebe&quot;","block_context":{"text":"Izlo\u017ebe","link":"https:\/\/historiografija.hr\/?cat=10"},"img":{"alt_text":"","src":"https:\/\/i0.wp.com\/historiografija.hr\/wp-content\/uploads\/2025\/10\/Klovicevi_sluzbeni-plakat.png?fit=840%2C1200&ssl=1&resize=350%2C200","width":350,"height":200,"srcset":"https:\/\/i0.wp.com\/historiografija.hr\/wp-content\/uploads\/2025\/10\/Klovicevi_sluzbeni-plakat.png?fit=840%2C1200&ssl=1&resize=350%2C200 1x, https:\/\/i0.wp.com\/historiografija.hr\/wp-content\/uploads\/2025\/10\/Klovicevi_sluzbeni-plakat.png?fit=840%2C1200&ssl=1&resize=525%2C300 1.5x, https:\/\/i0.wp.com\/historiografija.hr\/wp-content\/uploads\/2025\/10\/Klovicevi_sluzbeni-plakat.png?fit=840%2C1200&ssl=1&resize=700%2C400 2x"},"classes":[]},{"id":52717,"url":"https:\/\/historiografija.hr\/?p=52717","url_meta":{"origin":10803,"position":5},"title":"Okrugli stol &#8220;Dvjestapedeset godina Sjedinjenih Ameri\u010dkih Dr\u017eava \u2013 od kolonije do prve zemlje svijeta i dalje&#8221;","author":"Filip \u0160imunjak","date":"29. travnja 2026.","format":false,"excerpt":"Ove godine obilje\u017eava se 250. obljetnica osnutka Sjedinjenih Ameri\u010dkih Dr\u017eava, povodom koje je pokrenut niz rasprava o ameri\u010dkoj povijesti, njezinoj globalnoj ulozi i naslje\u0111u koje se prote\u017ee od 1776. do danas. Obljetnica je ujedno prilika za promi\u0161ljanje o tome kako danas tuma\u010dimo ameri\u010dku pro\u0161lost, ali i (aktualnu) ulogu SAD-a u\u2026","rel":"","context":"U &quot;Novosti&quot;","block_context":{"text":"Novosti","link":"https:\/\/historiografija.hr\/?cat=3"},"img":{"alt_text":"","src":"https:\/\/i0.wp.com\/historiografija.hr\/wp-content\/uploads\/2026\/04\/Kliofest-01-utorak-I-02-OS-250-godina-SAD.jpg?fit=1200%2C566&ssl=1&resize=350%2C200","width":350,"height":200,"srcset":"https:\/\/i0.wp.com\/historiografija.hr\/wp-content\/uploads\/2026\/04\/Kliofest-01-utorak-I-02-OS-250-godina-SAD.jpg?fit=1200%2C566&ssl=1&resize=350%2C200 1x, https:\/\/i0.wp.com\/historiografija.hr\/wp-content\/uploads\/2026\/04\/Kliofest-01-utorak-I-02-OS-250-godina-SAD.jpg?fit=1200%2C566&ssl=1&resize=525%2C300 1.5x, https:\/\/i0.wp.com\/historiografija.hr\/wp-content\/uploads\/2026\/04\/Kliofest-01-utorak-I-02-OS-250-godina-SAD.jpg?fit=1200%2C566&ssl=1&resize=700%2C400 2x, https:\/\/i0.wp.com\/historiografija.hr\/wp-content\/uploads\/2026\/04\/Kliofest-01-utorak-I-02-OS-250-godina-SAD.jpg?fit=1200%2C566&ssl=1&resize=1050%2C600 3x"},"classes":[]}],"_links":{"self":[{"href":"https:\/\/historiografija.hr\/index.php?rest_route=\/wp\/v2\/posts\/10803","targetHints":{"allow":["GET"]}}],"collection":[{"href":"https:\/\/historiografija.hr\/index.php?rest_route=\/wp\/v2\/posts"}],"about":[{"href":"https:\/\/historiografija.hr\/index.php?rest_route=\/wp\/v2\/types\/post"}],"author":[{"embeddable":true,"href":"https:\/\/historiografija.hr\/index.php?rest_route=\/wp\/v2\/users\/2"}],"replies":[{"embeddable":true,"href":"https:\/\/historiografija.hr\/index.php?rest_route=%2Fwp%2Fv2%2Fcomments&post=10803"}],"version-history":[{"count":1,"href":"https:\/\/historiografija.hr\/index.php?rest_route=\/wp\/v2\/posts\/10803\/revisions"}],"predecessor-version":[{"id":10805,"href":"https:\/\/historiografija.hr\/index.php?rest_route=\/wp\/v2\/posts\/10803\/revisions\/10805"}],"wp:featuredmedia":[{"embeddable":true,"href":"https:\/\/historiografija.hr\/index.php?rest_route=\/wp\/v2\/media\/10804"}],"wp:attachment":[{"href":"https:\/\/historiografija.hr\/index.php?rest_route=%2Fwp%2Fv2%2Fmedia&parent=10803"}],"wp:term":[{"taxonomy":"category","embeddable":true,"href":"https:\/\/historiografija.hr\/index.php?rest_route=%2Fwp%2Fv2%2Fcategories&post=10803"},{"taxonomy":"post_tag","embeddable":true,"href":"https:\/\/historiografija.hr\/index.php?rest_route=%2Fwp%2Fv2%2Ftags&post=10803"}],"curies":[{"name":"wp","href":"https:\/\/api.w.org\/{rel}","templated":true}]}}