{"id":10790,"date":"2018-07-25T10:19:58","date_gmt":"2018-07-25T10:19:58","guid":{"rendered":"http:\/\/historiografija.hr\/?p=10790"},"modified":"2018-07-25T10:22:21","modified_gmt":"2018-07-25T10:22:21","slug":"ausstellung-sparen-geschichte-einer-deutschen-tugend-exhibition-saving-history-of-a-german-virtue","status":"publish","type":"post","link":"https:\/\/historiografija.hr\/?p=10790","title":{"rendered":"Ausstellung \u201cSparen \u2013 Geschichte einer deutschen Tugend\u201d \/ Exhibition \u201cSaving \u2013 History of a German Virtue\u201d"},"content":{"rendered":"<p>U Njema\u010dkom povijesnom muzeju u Berlinu odr\u017eava se od 23. o\u017eujka do 26. kolovoza 2018. godine izlo\u017eba \u201c\u0160tednja \u2013 povijest njema\u010dke vrline\u201d.<\/p>\n<p>&nbsp;<\/p>\n<p>&#8212;<\/p>\n<p>&nbsp;<\/p>\n<p>Deutsches Historisches Museum<\/p>\n<p>&nbsp;<\/p>\n<p>Berlin<\/p>\n<p>&nbsp;<\/p>\n<p><strong>Sparen<\/strong><\/p>\n<p><strong>\u00a0<\/strong><\/p>\n<p><strong>Geschichte einer deutschen Tugend<\/strong><\/p>\n<p>&nbsp;<\/p>\n<p>23. M\u00e4rz bis 26. August 2018<\/p>\n<p>&nbsp;<\/p>\n<p>Eine Ausstellung des Deutschen Historischen Museums in Zusammenarbeit mit der Berliner Sparkasse<\/p>\n<p>&nbsp;<\/p>\n<p>&nbsp;<\/p>\n<p>Sparsamkeit versteht sich in Deutschland von selbst. Private und \u00f6ffentliche Haushalte ebenso wie die Unternehmen sparen in Deutschland in gro\u00dfem Umfang. Die Mehrheit der Menschen im Land stellt das Sparen der privaten Haushalte auch in Zeiten historisch niedriger Zinsen nicht in Frage, ebenso wenig die Spardoktrin der deutschen Finanz- und Au\u00dfenpolitik.<\/p>\n<p>&nbsp;<\/p>\n<p>&nbsp;<\/p>\n<p>Beobachter au\u00dferhalb Deutschlands hingegen blicken in den letzten Jahren zunehmend kritisch auf die deutsche Sparneigung. Hierbei wird nicht nur die Rolle Deutschlands bei der Durchsetzung der Sparpolitik im Euro-Raum hinterfragt, sondern auch das Sparen in Deutschland selber. Die Ausgabenzur\u00fcckhaltung der privaten und \u00f6ffentlichen Haushalte sowie der Unternehmen tr\u00e4gt zu dem erheblichen Leistungsbilanz\u00fcberschuss des Landes bei, dem ein Gef\u00e4hrdungspotenzial f\u00fcr die Weltwirtschaft und damit auch f\u00fcr die deutsche Wirtschaft zugeschrieben wird.<\/p>\n<p>&nbsp;<\/p>\n<p>Die Ausstellung &#8220;Sparen \u2013 Geschichte einer deutschen Tugend&#8221; im Deutschen Historischen Museum betrachtet und diskutiert das tradierte Sparverhalten der Deutschen vor dem Hintergrund internationaler Kritik. Sie begibt sich auf die Suche nach der spezifischen Gestalt der deutschen Sparneigung von den Urspr\u00fcngen bis heute. In den Blick genommen werden die Vorformen, sowie die konkreten historischen Erscheinungsformen des Sparens seit der Sp\u00e4taufkl\u00e4rung. Es werden die Entwicklung des Sparens zum Instrument der Staatsfinanzierung sowie der staatlichen Daseinsf\u00fcrsorge und Sozialpolitik beleuchtet. Auch das komplement\u00e4re Verh\u00e4ltnis der Sparpropaganda und Sparwerbung zum Antisemitismus steht im Fokus. Epochen\u00fcbergreifend thematisiert die Ausstellung die Rolle der Sparerziehung f\u00fcr die Genese der deutschen Sparneigung ebenso wie das Verh\u00e4ltnis von Sparen und gesellschaftlichen, wie wirtschaftlichen Krisen.<\/p>\n<p>&nbsp;<\/p>\n<p>&#8212;<\/p>\n<p>&nbsp;<\/p>\n<p><strong>Saving<\/strong><\/p>\n<p><strong>\u00a0<\/strong><\/p>\n<p><strong>History of a German Virtue<\/strong><\/p>\n<p>&nbsp;<\/p>\n<p>23 March to 26 August 2018<\/p>\n<p>&nbsp;<\/p>\n<p>&nbsp;<\/p>\n<p>An exhibition by the Deutsches Historisches Museum in cooperation with Berliner Sparkasse<\/p>\n<p>&nbsp;<\/p>\n<p>Saving goes without saying in Germany. Private households and public organizations, as well as companies, save on a large scale in Germany. Even in times of historically low interest rates, the majority of people in the country hasn\u2019t questioned the point of saving in the private household, nor the doctrine of saving in German financial and foreign policy.<\/p>\n<p>&nbsp;<\/p>\n<p>Observers outside of Germany, however, have in recent years increasingly taken a critical view on the German propensity to save. They have questioned not only the role of Germany in enforcing austerity in the Eurozone, but also saving within Germany itself. The restrained expenditure of private and public budgets, as well as of companies, contributes considerably to the current-account surplus in the country, which is held to be a potential danger for the world economy and thereby also, by extension, for the German economy.<\/p>\n<p>&nbsp;<\/p>\n<p>The exhibition &#8220;Saving \u2013 History of a German Virtue&#8221; at the Deutsches Historisches Museum considers and discusses the saving-oriented behaviour passed down in Germany in the context of growing international criticism. It embarks on a search for the specific character of the German propensity to save, from its origins until today. Its precursors are taken into consideration, as are concrete historical manifestations of saving since the Late Enlightenment. The exhibition will illuminate the development of saving into an instrument of state funding as well as state welfare and social policies. Another focal point is the complementary relationship between pro-saving propaganda and advertising and anti-Semitism. Spanning across various epochs, the exhibition traces the role of education on saving in the genesis of the German propensity \u2013 or urge \u2013 to save, as well as the relationship between saving and social and economic crises.<\/p>\n<p>&nbsp;<\/p>\n<p><strong>Flyer <\/strong><\/p>\n<p>&nbsp;<\/p>\n<p>Download (PDF)<\/p>\n<p>&nbsp;<\/p>\n<p><a href=\"http:\/\/www.dhm.de\/fileadmin\/medien\/relaunch\/ausstellunngen\/Sparen\/SH_DHM_Sparen_Flyer_4cSC_A6_180312_web.pdf\">http:\/\/www.dhm.de\/fileadmin\/medien\/relaunch\/ausstellunngen\/Sparen\/SH_DHM_Sparen_Flyer_4cSC_A6_180312_web.pdf<\/a><\/p>\n<p>&nbsp;<\/p>\n<p>&nbsp;<\/p>\n<p><a href=\"http:\/\/www.dhm.de\/ausstellungen\/sparen.html\">http:\/\/www.dhm.de\/ausstellungen\/sparen.html<\/a><\/p>\n<p>&nbsp;<\/p>\n<p><a href=\"http:\/\/www.dhm.de\/en\/ausstellungen\/saving.html\">http:\/\/www.dhm.de\/en\/ausstellungen\/saving.html<\/a><\/p>\n<p>&nbsp;<\/p>\n<p>&nbsp;<\/p>\n","protected":false},"excerpt":{"rendered":"","protected":false},"author":2,"featured_media":10791,"comment_status":"open","ping_status":"open","sticky":false,"template":"","format":"standard","meta":{"_acf_changed":false,"jetpack_post_was_ever_published":false,"_jetpack_newsletter_access":"","_jetpack_dont_email_post_to_subs":false,"_jetpack_newsletter_tier_id":0,"_jetpack_memberships_contains_paywalled_content":false,"_jetpack_memberships_contains_paid_content":false,"footnotes":"","jetpack_publicize_message":"","jetpack_publicize_feature_enabled":true,"jetpack_social_post_already_shared":true,"jetpack_social_options":{"image_generator_settings":{"template":"highway","default_image_id":0,"font":"","enabled":false},"version":2}},"categories":[10,3],"tags":[],"class_list":["post-10790","post","type-post","status-publish","format-standard","has-post-thumbnail","hentry","category-izlozbe","category-novosti"],"acf":{"facebook_opis":""},"jetpack_publicize_connections":[],"jetpack_featured_media_url":"https:\/\/i0.wp.com\/historiografija.hr\/wp-content\/uploads\/2018\/07\/Sparen.jpg?fit=724%2C1029&ssl=1","jetpack_sharing_enabled":true,"jetpack-related-posts":[{"id":52613,"url":"https:\/\/historiografija.hr\/?p=52613","url_meta":{"origin":10790,"position":0},"title":"No\u0107 knjige u Hrvatskom dr\u017eavnom arhivu","author":"Branimir Jankovi\u0107","date":"22. travnja 2026.","format":false,"excerpt":"Predstavljanje knjige Rajke Bu\u0107in \u201dLije\u010denje i zbrinjavanje \u017didova u Bolnici sestara milosrdnica u Zagrebu 1941. \u2013 1945.\u201d u \u010detvrtak, 23. travnja 2026. u 13 sati u Hrvatskom dr\u017eavnom arhivu u Zagrebu. Izvor: https:\/\/www.arhiv.hr\/hr-hr\/Kulturno-prosvjetne-aktivnosti\/ArticleId\/1986\/oamid\/1633","rel":"","context":"U &quot;Novosti&quot;","block_context":{"text":"Novosti","link":"https:\/\/historiografija.hr\/?cat=3"},"img":{"alt_text":"","src":"https:\/\/i0.wp.com\/historiografija.hr\/wp-content\/uploads\/2026\/04\/noc_knjige_2026.jpg?fit=680%2C276&ssl=1&resize=350%2C200","width":350,"height":200,"srcset":"https:\/\/i0.wp.com\/historiografija.hr\/wp-content\/uploads\/2026\/04\/noc_knjige_2026.jpg?fit=680%2C276&ssl=1&resize=350%2C200 1x, https:\/\/i0.wp.com\/historiografija.hr\/wp-content\/uploads\/2026\/04\/noc_knjige_2026.jpg?fit=680%2C276&ssl=1&resize=525%2C300 1.5x"},"classes":[]},{"id":52654,"url":"https:\/\/historiografija.hr\/?p=52654","url_meta":{"origin":10790,"position":1},"title":"Gostuju\u0107e predavanje &#8211; Danijel D\u017eino \u201eKasnoanti\u010dke i ranosrednjovjekovne gra\u0111evine u Brezi: Spomenici nepotpune biografije\u201c","author":"Branimir Jankovi\u0107","date":"24. travnja 2026.","format":false,"excerpt":"Doktorski studij predmoderne povijesti poziva na predavanje \"Kasnoanti\u010dke i ranosrednjovjekovne gra\u0111evine u Brezi: Spomenici nepotpune biografije\u201d koje \u0107e odr\u017eati profesor Danijel D\u017eino sa Sveu\u010dili\u0161ta Macquarie u Sydneyu u\u00a0utorak 28. travnja 2026. u 17h u Konferencijskoj dvorani Knji\u017enice Filozofskog fakulteta u Zagrebu. Predavanje \u0107e predo\u010diti nova saznanja dobivena kroz arhivsko-dokumentarna istra\u017eivanja\u2026","rel":"","context":"U &quot;Novosti&quot;","block_context":{"text":"Novosti","link":"https:\/\/historiografija.hr\/?cat=3"},"img":{"alt_text":"","src":"https:\/\/i0.wp.com\/historiografija.hr\/wp-content\/uploads\/2026\/04\/Dzino.jpg?fit=980%2C819&ssl=1&resize=350%2C200","width":350,"height":200,"srcset":"https:\/\/i0.wp.com\/historiografija.hr\/wp-content\/uploads\/2026\/04\/Dzino.jpg?fit=980%2C819&ssl=1&resize=350%2C200 1x, https:\/\/i0.wp.com\/historiografija.hr\/wp-content\/uploads\/2026\/04\/Dzino.jpg?fit=980%2C819&ssl=1&resize=525%2C300 1.5x, https:\/\/i0.wp.com\/historiografija.hr\/wp-content\/uploads\/2026\/04\/Dzino.jpg?fit=980%2C819&ssl=1&resize=700%2C400 2x"},"classes":[]},{"id":52651,"url":"https:\/\/historiografija.hr\/?p=52651","url_meta":{"origin":10790,"position":2},"title":"Promocija knjige Emira O. Filipovi\u0107a \u201cVite\u0161tvo u srednjovjekovnoj Bosni\u201d u Sarajevu","author":"Branimir Jankovi\u0107","date":"24. travnja 2026.","format":false,"excerpt":"Knji\u017eevni korner poziva na promociju knjige Emira O. Filipovi\u0107a \u201cVite\u0161tvo u srednjovjekovnoj Bosni\u201d koja \u0107e se odr\u017eati u srijedu, 29. aprila 2026. u 18 sati u Evropskoj ku\u0107i kulture i nacionalnih manjina (Austrijska ku\u0107a) u Sarajevu. Na promociji \u0107e govoriti Mirsad Sijari\u0107, Ema Mazrak i autor, a moderirat \u0107e Nikola\u2026","rel":"","context":"U &quot;Novosti&quot;","block_context":{"text":"Novosti","link":"https:\/\/historiografija.hr\/?cat=3"},"img":{"alt_text":"","src":"https:\/\/i0.wp.com\/historiografija.hr\/wp-content\/uploads\/2026\/04\/Vitestvo.jpg?fit=1080%2C565&ssl=1&resize=350%2C200","width":350,"height":200,"srcset":"https:\/\/i0.wp.com\/historiografija.hr\/wp-content\/uploads\/2026\/04\/Vitestvo.jpg?fit=1080%2C565&ssl=1&resize=350%2C200 1x, https:\/\/i0.wp.com\/historiografija.hr\/wp-content\/uploads\/2026\/04\/Vitestvo.jpg?fit=1080%2C565&ssl=1&resize=525%2C300 1.5x, https:\/\/i0.wp.com\/historiografija.hr\/wp-content\/uploads\/2026\/04\/Vitestvo.jpg?fit=1080%2C565&ssl=1&resize=700%2C400 2x, https:\/\/i0.wp.com\/historiografija.hr\/wp-content\/uploads\/2026\/04\/Vitestvo.jpg?fit=1080%2C565&ssl=1&resize=1050%2C600 3x"},"classes":[]},{"id":52569,"url":"https:\/\/historiografija.hr\/?p=52569","url_meta":{"origin":10790,"position":3},"title":"[Predavanje] Ne \u010dekaju\u0107i inspiraciju \u2013 anga\u017eovane intelektualne, kulturalne i umetni\u010dke prakse u me\u0111uratnom periodu: teorija i praksa kriti\u010dke levice u jugoslovenskoj kulturi (YugoLab)","author":"Branimir Jankovi\u0107","date":"21. travnja 2026.","format":false,"excerpt":"U vreme agresivnog ja\u010danja globalne desnice, (pro)fa\u0161isti\u010dkih, rasisti\u010dkih i imperijalisti\u010dkih politika, dok je istovremeno globalna levica izrazito slaba, a progresivni pokreti atomizirani i fragmentisani, va\u017eno je iz savremene perspektive vratiti se revolucionarnim i emancipatorskim zbivanjima u jugoslovenskom (ali i s njima u vezi internacionalnim de\u0161avanjima), kao i dru\u0161tvenoj ulozi kulturalnih\u2026","rel":"","context":"U &quot;Novosti&quot;","block_context":{"text":"Novosti","link":"https:\/\/historiografija.hr\/?cat=3"},"img":{"alt_text":"","src":"","width":0,"height":0},"classes":[]},{"id":52547,"url":"https:\/\/historiografija.hr\/?p=52547","url_meta":{"origin":10790,"position":4},"title":"ISHA Zagreb \u2013 Filmska ve\u010der: Povratak Martina Guerrea","author":"Branimir Jankovi\u0107","date":"20. travnja 2026.","format":false,"excerpt":"Klub studenata povijesti \u2013 ISHA Zagreb poziva Vas na filmsku ve\u010der na kojoj \u0107e se prikazivati \u201ePovratak Martina Guerrea\u201c, povijesna drama iz 1982. godine s radnjom smje\u0161tenom u 16. stolje\u0107u. Radnja je utemeljena na stvarnoj povijesnoj li\u010dnosti Martina Guerrea koji se nakon mnogo godina izbivanja vra\u0107a u svoje rodno mjesto\u2026","rel":"","context":"U &quot;Filmovi i serije&quot;","block_context":{"text":"Filmovi i serije","link":"https:\/\/historiografija.hr\/?cat=13"},"img":{"alt_text":"","src":"https:\/\/i0.wp.com\/historiografija.hr\/wp-content\/uploads\/2026\/04\/M-Guerre.png?fit=702%2C1006&ssl=1&resize=350%2C200","width":350,"height":200,"srcset":"https:\/\/i0.wp.com\/historiografija.hr\/wp-content\/uploads\/2026\/04\/M-Guerre.png?fit=702%2C1006&ssl=1&resize=350%2C200 1x, https:\/\/i0.wp.com\/historiografija.hr\/wp-content\/uploads\/2026\/04\/M-Guerre.png?fit=702%2C1006&ssl=1&resize=525%2C300 1.5x, https:\/\/i0.wp.com\/historiografija.hr\/wp-content\/uploads\/2026\/04\/M-Guerre.png?fit=702%2C1006&ssl=1&resize=700%2C400 2x"},"classes":[]},{"id":52439,"url":"https:\/\/historiografija.hr\/?p=52439","url_meta":{"origin":10790,"position":5},"title":"Tribina &#8220;Ahmi\u0107i 33 godine kasnije: Ne u na\u0161e ime&#8221;","author":"Branimir Jankovi\u0107","date":"16. travnja 2026.","format":false,"excerpt":"U \u010detvrtak, 16. travnja 2026. u 17 sati u Knji\u017enici i \u010ditaonici Bogdana Ogrizovi\u0107a u Zagrebu odr\u017eat \u0107e se tribina pod nazivom Ahmi\u0107i 33 godine kasnije: Ne u na\u0161e ime. Na tribini \u0107e govoriti Ivica \u0110iki\u0107, novinar, Mubera Masli\u0107 \u2013 \u017ddralovi\u0107, aktivistikinja, prevoditeljica za arapski, Domagoj Fuk, student politologije, \u010dlan\u2026","rel":"","context":"U &quot;Novosti&quot;","block_context":{"text":"Novosti","link":"https:\/\/historiografija.hr\/?cat=3"},"img":{"alt_text":"","src":"https:\/\/i0.wp.com\/historiografija.hr\/wp-content\/uploads\/2026\/04\/Zagreb_2026.jpeg?fit=1200%2C900&ssl=1&resize=350%2C200","width":350,"height":200,"srcset":"https:\/\/i0.wp.com\/historiografija.hr\/wp-content\/uploads\/2026\/04\/Zagreb_2026.jpeg?fit=1200%2C900&ssl=1&resize=350%2C200 1x, https:\/\/i0.wp.com\/historiografija.hr\/wp-content\/uploads\/2026\/04\/Zagreb_2026.jpeg?fit=1200%2C900&ssl=1&resize=525%2C300 1.5x, https:\/\/i0.wp.com\/historiografija.hr\/wp-content\/uploads\/2026\/04\/Zagreb_2026.jpeg?fit=1200%2C900&ssl=1&resize=700%2C400 2x, https:\/\/i0.wp.com\/historiografija.hr\/wp-content\/uploads\/2026\/04\/Zagreb_2026.jpeg?fit=1200%2C900&ssl=1&resize=1050%2C600 3x"},"classes":[]}],"_links":{"self":[{"href":"https:\/\/historiografija.hr\/index.php?rest_route=\/wp\/v2\/posts\/10790","targetHints":{"allow":["GET"]}}],"collection":[{"href":"https:\/\/historiografija.hr\/index.php?rest_route=\/wp\/v2\/posts"}],"about":[{"href":"https:\/\/historiografija.hr\/index.php?rest_route=\/wp\/v2\/types\/post"}],"author":[{"embeddable":true,"href":"https:\/\/historiografija.hr\/index.php?rest_route=\/wp\/v2\/users\/2"}],"replies":[{"embeddable":true,"href":"https:\/\/historiografija.hr\/index.php?rest_route=%2Fwp%2Fv2%2Fcomments&post=10790"}],"version-history":[{"count":3,"href":"https:\/\/historiografija.hr\/index.php?rest_route=\/wp\/v2\/posts\/10790\/revisions"}],"predecessor-version":[{"id":10794,"href":"https:\/\/historiografija.hr\/index.php?rest_route=\/wp\/v2\/posts\/10790\/revisions\/10794"}],"wp:featuredmedia":[{"embeddable":true,"href":"https:\/\/historiografija.hr\/index.php?rest_route=\/wp\/v2\/media\/10791"}],"wp:attachment":[{"href":"https:\/\/historiografija.hr\/index.php?rest_route=%2Fwp%2Fv2%2Fmedia&parent=10790"}],"wp:term":[{"taxonomy":"category","embeddable":true,"href":"https:\/\/historiografija.hr\/index.php?rest_route=%2Fwp%2Fv2%2Fcategories&post=10790"},{"taxonomy":"post_tag","embeddable":true,"href":"https:\/\/historiografija.hr\/index.php?rest_route=%2Fwp%2Fv2%2Ftags&post=10790"}],"curies":[{"name":"wp","href":"https:\/\/api.w.org\/{rel}","templated":true}]}}