{"id":10784,"date":"2018-07-24T15:33:44","date_gmt":"2018-07-24T15:33:44","guid":{"rendered":"http:\/\/historiografija.hr\/?p=10784"},"modified":"2018-07-24T15:33:44","modified_gmt":"2018-07-24T15:33:44","slug":"ausstellung-deutsche-mythen-seit-1945","status":"publish","type":"post","link":"https:\/\/historiografija.hr\/?p=10784","title":{"rendered":"Ausstellung \u201cDeutsche Mythen seit 1945\u201d"},"content":{"rendered":"<p>U Bonnu se od 16. o\u017eujka do 14. listopada 2018. godine odr\u017eava izlo\u017eba o njema\u010dkim mitovima nakon 1945. godine.<\/p>\n<p>&nbsp;<\/p>\n<p>&#8212;<\/p>\n<p>&nbsp;<\/p>\n<p>Haus der Geschichte der Bundesrepublik Deutschland<\/p>\n<p>&nbsp;<\/p>\n<p>Bonn<\/p>\n<p><strong>\u00a0<\/strong><\/p>\n<p><strong>Deutsche Mythen seit 1945<\/strong><\/p>\n<p>&nbsp;<\/p>\n<p>16.03.2018\u201314.10.2018<\/p>\n<p>&nbsp;<\/p>\n<p>&nbsp;<\/p>\n<p>Als Umweltsch\u00fctzer, Fu\u00dfballg\u00f6tter, Friedensw\u00e4chter &#8211; so sehen sich die Deutschen selber gerne. Doch wie sind sie zu diesen Selbstbildern gekommen? Was sagen sie \u00fcber uns und unsere Vergangenheit aus? In unserer Wechselausstellung gehen wir solchen Mythen auf den Grund. Wie entstehen sie und wie verbreiten sie sich? Mit rund 900 Objekten zeichnen wir die wichtigsten Mythen seit dem Zweiten Weltkrieg nach.<\/p>\n<p>&nbsp;<\/p>\n<p>Der VW K\u00e4fer ist solch ein Mythos: F\u00fcr die einen ist er nur ein Auto, doch f\u00fcr viele ist er das Symbol des deutschen \u201eWirtschaftswunders\u201c. 1955 l\u00e4uft der millionste Volkswagen vom Band, der nun in der Wechselausstellung zu sehen ist. Der K\u00e4fer wird ebenso wie Aspirin und Rotk\u00e4ppchen-Sekt zum Exportschlager.<\/p>\n<p>&nbsp;<\/p>\n<p>&nbsp;<\/p>\n<p>Mythenhaft ist auch der deutsche Fu\u00dfball. Aus dem Sieg bei der Fu\u00dfballweltmeisterschaft in Bern ist sp\u00e4ter sogar ein Wunder geworden. Das war 1954 keineswegs absehbar. Heute lebt der Mythos der \u201esiegreichen Fu\u00dfballnation\u201c. Holzk\u00fcnstler Raik Zenger erschafft 2014 mit seiner Kettens\u00e4ge spontan eine 1,60 Meter hohe Holzskulptur des FIFA-WM-Pokals, den die deutsche Mannschaft zum Sieg erh\u00e4lt.<\/p>\n<p>&nbsp;<\/p>\n<p>Mythen geben Geschichte nicht umfassend wieder. Sie entstehen im jeweiligen Hier und Jetzt. In f\u00fcnf Bereichen zeigt die Ausstellung Mythen von der Gr\u00fcndung der Bundesrepublik und der DDR \u00fcber den Mythos der \u201eFriedlichen Revolution 1989\u201c bis zum bundesdeutschen \u00d6ko-Mythos. Sie veranschaulicht, wie Politik, Wirtschaft und Medien gezielt Mythen erschaffen \u2013 die jedoch immer ein F\u00fcnkchen Wahrheit enthalten. Begeben Sie sich in der Wechselausstellung mit uns auf die Suche danach.<\/p>\n<p>&nbsp;<\/p>\n<p><a href=\"https:\/\/www.hdg.de\/haus-der-geschichte\/ausstellungen\/deutsche-mythen-seit-1945\/\">https:\/\/www.hdg.de\/haus-der-geschichte\/ausstellungen\/deutsche-mythen-seit-1945\/<\/a><\/p>\n<p>&nbsp;<\/p>\n<p><a href=\"https:\/\/www.hdg.de\/presse\/pressemitteilung-2018-03-02-deutsche-mythen-seit-1945-neue-ausstellung-im-haus-der-geschichte\/\">https:\/\/www.hdg.de\/presse\/pressemitteilung-2018-03-02-deutsche-mythen-seit-1945-neue-ausstellung-im-haus-der-geschichte\/<\/a><\/p>\n<p>&nbsp;<\/p>\n<p>&nbsp;<\/p>\n","protected":false},"excerpt":{"rendered":"","protected":false},"author":2,"featured_media":10785,"comment_status":"open","ping_status":"open","sticky":false,"template":"","format":"standard","meta":{"_acf_changed":false,"jetpack_post_was_ever_published":false,"_jetpack_newsletter_access":"","_jetpack_dont_email_post_to_subs":false,"_jetpack_newsletter_tier_id":0,"_jetpack_memberships_contains_paywalled_content":false,"_jetpack_memberships_contains_paid_content":false,"footnotes":"","jetpack_publicize_message":"","jetpack_publicize_feature_enabled":true,"jetpack_social_post_already_shared":true,"jetpack_social_options":{"image_generator_settings":{"template":"highway","default_image_id":0,"font":"","enabled":false},"version":2}},"categories":[10,3],"tags":[],"class_list":["post-10784","post","type-post","status-publish","format-standard","has-post-thumbnail","hentry","category-izlozbe","category-novosti"],"acf":{"facebook_opis":""},"jetpack_publicize_connections":[],"jetpack_featured_media_url":"https:\/\/i0.wp.com\/historiografija.hr\/wp-content\/uploads\/2018\/07\/mythen.png?fit=707%2C1000&ssl=1","jetpack_sharing_enabled":true,"jetpack-related-posts":[{"id":52631,"url":"https:\/\/historiografija.hr\/?p=52631","url_meta":{"origin":10784,"position":0},"title":"Predavanje Ivana Tepe\u0161a: Djelovanje hrvatske politi\u010dke emigracije","author":"Branimir Jankovi\u0107","date":"23. travnja 2026.","format":false,"excerpt":"Odjel za me\u0111unarodnu suradnju i iseljeni\u0161tvo Matice hrvatske Predavanje Ivana Tepe\u0161a: Djelovanje hrvatske politi\u010dke emigracije Utorak, 28. travnja 2026. u 18:00 sati, Dvorana Ljudevita Jonkea (Mala dvorana MH), Strossmayerov trg 4, Zagreb dr. sc. Ivan Tepe\u0161, Institut za istra\u017eivanje migracija Hrvatska politi\u010dka emigracija obilje\u017eila je polustoljetnu hrvatsku povijest u drugoj\u2026","rel":"","context":"U &quot;Novosti&quot;","block_context":{"text":"Novosti","link":"https:\/\/historiografija.hr\/?cat=3"},"img":{"alt_text":"","src":"","width":0,"height":0},"classes":[]},{"id":52505,"url":"https:\/\/historiografija.hr\/?p=52505","url_meta":{"origin":10784,"position":1},"title":"Izlo\u017eba &#8220;Eschenstock \/ Jasenov prut&#8221;","author":"Branimir Jankovi\u0107","date":"17. travnja 2026.","format":false,"excerpt":"Srpsko narodno vije\u0107e (SNV) i Vizura aperta postavljaju izlo\u017ebu \u0161vicarskog slikara Velimira Ili\u0161evi\u0107a: Eschenstock \/ Jasenov prut. Izlo\u017eba se uz prisustvo autora otvara povodom 81. godi\u0161njice proboja logora\u0161a iz usta\u0161kog logora smrti Jasenovac 22. aprila 2026. u 19 sati u Srpskom kulturnom centru (SKC) u Preradovi\u0107evoj ulici 21 u Zagrebu.\u2026","rel":"","context":"U &quot;Izlo\u017ebe&quot;","block_context":{"text":"Izlo\u017ebe","link":"https:\/\/historiografija.hr\/?cat=10"},"img":{"alt_text":"","src":"https:\/\/i0.wp.com\/historiografija.hr\/wp-content\/uploads\/2026\/04\/Jasenov_prut.jpg?fit=1024%2C640&ssl=1&resize=350%2C200","width":350,"height":200,"srcset":"https:\/\/i0.wp.com\/historiografija.hr\/wp-content\/uploads\/2026\/04\/Jasenov_prut.jpg?fit=1024%2C640&ssl=1&resize=350%2C200 1x, https:\/\/i0.wp.com\/historiografija.hr\/wp-content\/uploads\/2026\/04\/Jasenov_prut.jpg?fit=1024%2C640&ssl=1&resize=525%2C300 1.5x, https:\/\/i0.wp.com\/historiografija.hr\/wp-content\/uploads\/2026\/04\/Jasenov_prut.jpg?fit=1024%2C640&ssl=1&resize=700%2C400 2x"},"classes":[]}],"_links":{"self":[{"href":"https:\/\/historiografija.hr\/index.php?rest_route=\/wp\/v2\/posts\/10784","targetHints":{"allow":["GET"]}}],"collection":[{"href":"https:\/\/historiografija.hr\/index.php?rest_route=\/wp\/v2\/posts"}],"about":[{"href":"https:\/\/historiografija.hr\/index.php?rest_route=\/wp\/v2\/types\/post"}],"author":[{"embeddable":true,"href":"https:\/\/historiografija.hr\/index.php?rest_route=\/wp\/v2\/users\/2"}],"replies":[{"embeddable":true,"href":"https:\/\/historiografija.hr\/index.php?rest_route=%2Fwp%2Fv2%2Fcomments&post=10784"}],"version-history":[{"count":1,"href":"https:\/\/historiografija.hr\/index.php?rest_route=\/wp\/v2\/posts\/10784\/revisions"}],"predecessor-version":[{"id":10786,"href":"https:\/\/historiografija.hr\/index.php?rest_route=\/wp\/v2\/posts\/10784\/revisions\/10786"}],"wp:featuredmedia":[{"embeddable":true,"href":"https:\/\/historiografija.hr\/index.php?rest_route=\/wp\/v2\/media\/10785"}],"wp:attachment":[{"href":"https:\/\/historiografija.hr\/index.php?rest_route=%2Fwp%2Fv2%2Fmedia&parent=10784"}],"wp:term":[{"taxonomy":"category","embeddable":true,"href":"https:\/\/historiografija.hr\/index.php?rest_route=%2Fwp%2Fv2%2Fcategories&post=10784"},{"taxonomy":"post_tag","embeddable":true,"href":"https:\/\/historiografija.hr\/index.php?rest_route=%2Fwp%2Fv2%2Ftags&post=10784"}],"curies":[{"name":"wp","href":"https:\/\/api.w.org\/{rel}","templated":true}]}}