{"id":10764,"date":"2018-07-20T21:07:04","date_gmt":"2018-07-20T21:07:04","guid":{"rendered":"http:\/\/historiografija.hr\/?p=10764"},"modified":"2020-12-21T17:14:35","modified_gmt":"2020-12-21T17:14:35","slug":"umro-akademik-nenad-vekaric","status":"publish","type":"post","link":"https:\/\/historiografija.hr\/?p=10764","title":{"rendered":"Umro akademik Nenad Vekari\u0107"},"content":{"rendered":"<p>U petak 20. srpnja 2018. u Zagrebu je u 63. godini \u017eivota umro akademik Nenad Vekari\u0107, istaknuti hrvatski povjesni\u010dar, redoviti \u010dlan Hrvatske akademije znanosti i umjetnosti, upravitelj Zavoda za povijesne znanosti HAZU u Dubrovniku.<\/p>\n<p>Rodio se 26. prosinca 1955. u Splitu. Diplomirao je 1980. na Pravnom fakultetu Sveu\u010dili\u0161ta u Zagrebu, magistrirao je 1987. na Filozofskom fakultetu u Zadru obraniv\u0161i rad pod naslovom <em>Zemlji\u0161na knjiga Stona i Rata iz 1393\/6. godine kao izvor za prou\u010davanje pelje\u0161kih naselja u 14. stolje\u0107u<\/em>, a na istom je fakultetu doktorirao 1991. s temom <em>Migracije na poluotok Pelje\u0161ac (1333-1918)<\/em>. Od 1984. djelovao je u Zavodu za povijesne znanosti HAZU u Dubrovniku kojem je od 1987. bio upravitelj. Od 2013. do 2017. bio je i zamjenik gradona\u010delnika Grada Dubrovnika. Redoviti \u010dlan HAZU u Razredu za dru\u0161tvene znanosti postao je 2012., a od 2000. bio je \u010dlan suradnik.<\/p>\n<p>Akademik Vekari\u0107 bio je <strong>vode\u0107i stru\u010dnjak za povijest Dubrovnika<\/strong>. Njegov znanstveni interes bio je usmjeren na podru\u010dja povijesne demografije, povijesti i povijesnih disciplina, posebno genealogije i onomastike, na pravnu povijest, no najvi\u0161e istra\u017eiva\u010dke energije utro\u0161io je na izu\u010davanje povijesti stanovni\u0161tva Dubrovnika i Dubrova\u010dke Republike. Najva\u017enije rezultate ostvario je istra\u017euju\u0107i proces demografske tranzicije te prou\u010davaju\u0107i razne slojeve stanovni\u0161tva ju\u017ene Hrvatske. Pomo\u0107u metode rekonstitucije obitelji i demografskih metoda uspio je de\u0161ifrirati raskol u dubrova\u010dkom plemi\u0107kom krugu i dokazati klanovsku pozadinu funkcioniranja dubrova\u010dkog plemstva, \u0161to je bilo suprotno ranijim idealiziranim pogledima na dubrova\u010dki patricijat.<\/p>\n<p>Osim sustavne ra\u0161\u010dlambe svih pitanja vezanih uz korijene, strukturu i razvoj dubrova\u010dkog plemstva, Vekari\u0107 je svoj istra\u017eiva\u010dki napor oplemenio i pionirski osmisliv\u0161i metodu reprezentativne kapi, zahvaljuju\u0107i kojoj svaka pojedina informacija mo\u017ee dovesti do bitnih zaklju\u010daka koji se ne mogu neposredno izvu\u0107i iz sa\u010duvanoga vrela.<\/p>\n<p>Tijekom 30 godina provedenih na mjestu upravitelja dubrova\u010dkog Zavoda za povijesne znanosti HAZU, akademik Nenad Vekari\u0107 zadu\u017eio je hrvatsku i me\u0111unarodnu znanstvenu javnost upornim, strpljivim i pedantnim radom. Kao upravitelj Zavoda uspio je okupiti zavidan broj kvalitetnih suradnika i stvoriti krug povjesni\u010dara kojemu je Dubrovnik okosnica prou\u010davanja i koji posti\u017ee izvanredne rezultate kao jedna od najja\u010dih istra\u017eiva\u010dkih skupina u hrvatskoj povijesnoj znanosti. Znatno je unaprijedio izdava\u010dku djelatnost Zavoda izdavanjem radova i knjiga na hrvatskom, ali i na stranim jezicima. Nametanjem najvi\u0161ih znanstvenih kriterija u interpretaciji dubrova\u010dke povijesti uspio je posti\u0107i da rezultati i edicije Hrvatske akademije budu danas \u0161iroko citirani u svjetskoj literaturi koja se bavi Dubrovnikom. Uz \u010dasopis <em>Anali<\/em>, 1997. je utemeljio i novi \u010dasopis na engleskom jeziku <em>Dubrovnik Annals. <\/em>Uz te dvije edicije, bio je urednik i serija posebnih izdanja <em>Monumenta historica Ragusina<\/em>, <em>Monografije<\/em>, <em>Prilozi demografskoj povijesti Dubrovnika i okolice<\/em> te <em>Pretisci<\/em>.<\/p>\n<p>Akademik Vekari\u0107 bio je autor ili suautor 25 knjiga i vi\u0161e od 80 znanstvenih rasprava. Njegovo \u017eivotno djelo je knji\u017eni niz <em>Vlastela grada Dubrovnika<\/em> pokrenut 2011., sveobuhvatna analiza dobrova\u010dkog plemstva u 11 knjiga od kojih je dosad objavljeno devet. U njima je dao povijesnodemografsku analizu korijena, strukture i razvoja dubrova\u010dkog plemstva, povijest pojedinih plemi\u0107kih rodova i njihova detaljna rodoslovlja, biografije odabranih pojedinaca te analizu osobnih imena dubrova\u010dke vlastele.<\/p>\n<p>Uz Stjepana \u0106osi\u0107a i Niku Kapetani\u0107a, akademik Nenad Vekari\u0107 bio je suautor knjige <em>Prijevara ili zabluda? Problem granice na podru\u010dju poluotoka Kleka<\/em> iz 2012. koja je dopunjena verzija knjige <em>Hrvatska granica na Kleku<\/em> iz 1999. U njoj je uz navo\u0111enje brojne povijesne dokumentacije dokazano da su vrh poluotoka Kleka s hridi Lopata te Veliki i Mali \u0161kolj bili dio dr\u017eavnog teritorija Republike Hrvatske na dan progla\u0161enja njene samostalnosti 25. lipnja 1991.<\/p>\n<p>Svojim je radovima akademik Vekari\u0107 znatno pridonio uvo\u0111enju povijesnodemografskih metoda u povijesnu znanost i utemeljenju povijesne demografije kao relevantne znanstvene discipline u Hrvatskoj. Godine 2005. kreirao je doktorski studij <em>Povijest stanovni\u0161tva<\/em>, \u0161to je prvi doktorski studij iz podru\u010dja povijesne demografije u Hrvatskoj i prvi doktorski studij na Sveu\u010dili\u0161tu u Dubrovniku uop\u0107e.<\/p>\n<p>Bio je dobitnik Nagrade Grada Dubrovnika za 1989., za knjigu <em>Pelje\u0161ka naselja u 14. stolje\u0107u<\/em>, Nagrade Dubrova\u010dko-neretvanske \u017eupanije za 1997. za knjige <em>Pelje\u0161ki rodovi <\/em>i <em>Falsifikat o podrijetlu konavoskih rodova<\/em>, Nagrade Slobodne Dalmacije za znanstvene knjigu godine 2004., zajedno s akademikom Vladimirom Stipeti\u0107em, za knjigu <em>Povijesna demografija u Hrvatskoj<\/em>, a 2006. dobio je Nagrade HAZU za humanisti\u010dke znanosti, zajedno sa Stjepanom \u0106osi\u0107em, za knjigu <em>Dubrova\u010dka vlastela izme\u0111u roda i dr\u017eave<\/em>.<\/p>\n<p>&nbsp;<\/p>\n<p>Marijan Lipovac<\/p>\n<p>Ured za odnose s javno\u0161\u0107u i medije HAZU<\/p>\n<p>&nbsp;<\/p>\n<p>Izvor: <a href=\"http:\/\/info.hazu.hr\/hr\/\">http:\/\/info.hazu.hr\/hr\/<\/a><\/p>\n<p>&nbsp;<\/p>\n<p>&#8212;<\/p>\n<p>&nbsp;<\/p>\n<p><strong>Dodatne obavijesti:<\/strong><\/p>\n<p>&nbsp;<\/p>\n<p><a href=\"http:\/\/www.zavoddbk.org\/uncategorized\/preminuo-je-nas-upravitelj-akademik-nenad-vekaric\/\">http:\/\/www.zavoddbk.org\/uncategorized\/preminuo-je-nas-upravitelj-akademik-nenad-vekaric\/<\/a><\/p>\n<p>&nbsp;<\/p>\n<p><a href=\"https:\/\/www.facebook.com\/zavoddbk\/\">https:\/\/www.facebook.com\/zavoddbk\/<\/a><\/p>\n<p>&nbsp;<\/p>\n<p><a href=\"https:\/\/www.dubrovnikpress.hr\/index.php\/component\/k2\/itemlist\/tag\/preminuo%20nenad%20vekari%C4%87\">https:\/\/www.dubrovnikpress.hr\/index.php\/component\/k2\/itemlist\/tag\/preminuo%20nenad%20vekari%C4%87<\/a><\/p>\n<p>&nbsp;<\/p>\n<p><a href=\"http:\/\/www.isp.hr\/nenad-vekaric-1955-2018\/\">http:\/\/www.isp.hr\/nenad-vekaric-1955-2018\/<\/a><\/p>\n<p>&nbsp;<\/p>\n<p>&nbsp;<\/p>\n","protected":false},"excerpt":{"rendered":"","protected":false},"author":2,"featured_media":10765,"comment_status":"open","ping_status":"open","sticky":false,"template":"","format":"standard","meta":{"_acf_changed":false,"jetpack_post_was_ever_published":false,"_jetpack_newsletter_access":"","_jetpack_dont_email_post_to_subs":false,"_jetpack_newsletter_tier_id":0,"_jetpack_memberships_contains_paywalled_content":false,"_jetpack_memberships_contains_paid_content":false,"footnotes":"","jetpack_publicize_message":"","jetpack_publicize_feature_enabled":true,"jetpack_social_post_already_shared":true,"jetpack_social_options":{"image_generator_settings":{"template":"highway","default_image_id":0,"font":"","enabled":false},"version":2}},"categories":[3,20],"tags":[],"class_list":["post-10764","post","type-post","status-publish","format-standard","has-post-thumbnail","hentry","category-novosti","category-obavijesti-o-smrti-i-nekrolozi"],"acf":{"facebook_opis":""},"jetpack_publicize_connections":[],"jetpack_featured_media_url":"https:\/\/i0.wp.com\/historiografija.hr\/wp-content\/uploads\/2018\/07\/nenad-vekaric.jpg?fit=450%2C300&ssl=1","jetpack_sharing_enabled":true,"jetpack-related-posts":[{"id":52563,"url":"https:\/\/historiografija.hr\/?p=52563","url_meta":{"origin":10764,"position":0},"title":"Predavanje Nenada Fabijani\u0107a o stadionu Poljud u Splitu","author":"Branimir Jankovi\u0107","date":"21. travnja 2026.","format":false,"excerpt":"Znanstveno vije\u0107e za arhitekturu, urbanizam i ure\u0111enje prostora Hrvatske akademije znanosti i umjetnosti organizira predavanje \u201cPo Poljudu\u201d koje \u0107e u srijedu 22. travnja 2026. s po\u010detkom u 14 sati u Knji\u017enici HAZU, Strossmayerov trg 14 u Zagrebu, odr\u017eati\u00a0prof. emerit. dr. art. Nenad Fabijani\u0107,\u00a0\u010dlan suradnik HAZU. Predavanje \u201ePo Poljudu\u201c (Projekt obnove)\u2026","rel":"","context":"U &quot;Novosti&quot;","block_context":{"text":"Novosti","link":"https:\/\/historiografija.hr\/?cat=3"},"img":{"alt_text":"","src":"https:\/\/i0.wp.com\/historiografija.hr\/wp-content\/uploads\/2026\/04\/Poljud-scaled.jpeg?fit=1200%2C800&ssl=1&resize=350%2C200","width":350,"height":200,"srcset":"https:\/\/i0.wp.com\/historiografija.hr\/wp-content\/uploads\/2026\/04\/Poljud-scaled.jpeg?fit=1200%2C800&ssl=1&resize=350%2C200 1x, https:\/\/i0.wp.com\/historiografija.hr\/wp-content\/uploads\/2026\/04\/Poljud-scaled.jpeg?fit=1200%2C800&ssl=1&resize=525%2C300 1.5x, https:\/\/i0.wp.com\/historiografija.hr\/wp-content\/uploads\/2026\/04\/Poljud-scaled.jpeg?fit=1200%2C800&ssl=1&resize=700%2C400 2x, https:\/\/i0.wp.com\/historiografija.hr\/wp-content\/uploads\/2026\/04\/Poljud-scaled.jpeg?fit=1200%2C800&ssl=1&resize=1050%2C600 3x"},"classes":[]},{"id":52628,"url":"https:\/\/historiografija.hr\/?p=52628","url_meta":{"origin":10764,"position":1},"title":"Predavanje dopisnog \u010dlana HAZU Alaina Finkielkrauta Izrael, Europa, antisemitizam","author":"Branimir Jankovi\u0107","date":"23. travnja 2026.","format":false,"excerpt":"Francuski filozof Alain Finkielkraut, redoviti \u010dlan Francuske akademije i dopisni \u010dlan HAZU, odr\u017eat \u0107e predavanje\u00a0Izrael, Europa, antisemitizam u utorak 28. travnja 2026. u 13 sati u Knji\u017enici HAZU,\u00a0Strossmayerov trg 14 u Zagrebu. Uvodne rije\u010di odr\u017eat \u0107e\u00a0akademkinja \u017deljka \u010corak i\u00a0akademik Dra\u017een Katunari\u0107. Predavanje \u0107e se odr\u017eati na francuskom jeziku uz konsekutivno\u2026","rel":"","context":"U &quot;Novosti&quot;","block_context":{"text":"Novosti","link":"https:\/\/historiografija.hr\/?cat=3"},"img":{"alt_text":"","src":"https:\/\/i0.wp.com\/historiografija.hr\/wp-content\/uploads\/2026\/04\/Alain_Finkielkraut.jpg?fit=350%2C407&ssl=1&resize=350%2C200","width":350,"height":200},"classes":[]},{"id":52646,"url":"https:\/\/historiografija.hr\/?p=52646","url_meta":{"origin":10764,"position":2},"title":"5. MALI FESTIVAL POVIJESTI U LASTOVU","author":"Branimir Jankovi\u0107","date":"24. travnja 2026.","format":false,"excerpt":"Peti Mali festival povijesti odr\u017eava se od 25. do 27. travnja 2026. na Lastovu, u suradnji Zavoda za povijesne znanosti HAZU u Dubrovniku, Op\u0107ine Lastovo i Turisti\u010dke zajednice te uz potporu Dubrova\u010dko-neretvanske \u017eupanije. Predavanja: Dr. sc. Jasna \u010capo \u201eKu\u0107a kao zalog budu\u0107nosti i most izme\u0111u iseljenika i domovine\u201c Dr. sc.\u2026","rel":"","context":"U &quot;Novosti&quot;","block_context":{"text":"Novosti","link":"https:\/\/historiografija.hr\/?cat=3"},"img":{"alt_text":"","src":"https:\/\/i0.wp.com\/historiografija.hr\/wp-content\/uploads\/2026\/04\/Lastovo.jpg?fit=1200%2C700&ssl=1&resize=350%2C200","width":350,"height":200,"srcset":"https:\/\/i0.wp.com\/historiografija.hr\/wp-content\/uploads\/2026\/04\/Lastovo.jpg?fit=1200%2C700&ssl=1&resize=350%2C200 1x, https:\/\/i0.wp.com\/historiografija.hr\/wp-content\/uploads\/2026\/04\/Lastovo.jpg?fit=1200%2C700&ssl=1&resize=525%2C300 1.5x, https:\/\/i0.wp.com\/historiografija.hr\/wp-content\/uploads\/2026\/04\/Lastovo.jpg?fit=1200%2C700&ssl=1&resize=700%2C400 2x, https:\/\/i0.wp.com\/historiografija.hr\/wp-content\/uploads\/2026\/04\/Lastovo.jpg?fit=1200%2C700&ssl=1&resize=1050%2C600 3x"},"classes":[]},{"id":52520,"url":"https:\/\/historiografija.hr\/?p=52520","url_meta":{"origin":10764,"position":3},"title":"Predstavljanje knjige &#8220;Socialist Economics in Yugoslavia: A Critical History&#8221; u Zagrebu","author":"Branimir Jankovi\u0107","date":"17. travnja 2026.","format":false,"excerpt":"Pozivamo vas na predstavljanje knjige \"Socialist Economics in Yugoslavia: A Critical History\", autora Mislava \u00a0\u017ditka i Marka Grde\u0161i\u0107a (Routledge, 2026). Na predstavljanju \u0107e govoriti Branko Milanovi\u0107 (CUNY), Milica Uvali\u0107 (EUI), Zdravko Petak (FPZG) te autori.\u00a0 Predstavljanje \u0107e se odr\u017eati u srijedu 22. travnja u 16:00 sati na Fakultetu politi\u010dkih znanosti\u2026","rel":"","context":"U &quot;Novosti&quot;","block_context":{"text":"Novosti","link":"https:\/\/historiografija.hr\/?cat=3"},"img":{"alt_text":"","src":"https:\/\/i0.wp.com\/historiografija.hr\/wp-content\/uploads\/2026\/04\/Poziv-na-predstavljanje.png?fit=800%2C652&ssl=1&resize=350%2C200","width":350,"height":200,"srcset":"https:\/\/i0.wp.com\/historiografija.hr\/wp-content\/uploads\/2026\/04\/Poziv-na-predstavljanje.png?fit=800%2C652&ssl=1&resize=350%2C200 1x, https:\/\/i0.wp.com\/historiografija.hr\/wp-content\/uploads\/2026\/04\/Poziv-na-predstavljanje.png?fit=800%2C652&ssl=1&resize=525%2C300 1.5x, https:\/\/i0.wp.com\/historiografija.hr\/wp-content\/uploads\/2026\/04\/Poziv-na-predstavljanje.png?fit=800%2C652&ssl=1&resize=700%2C400 2x"},"classes":[]},{"id":52666,"url":"https:\/\/historiografija.hr\/?p=52666","url_meta":{"origin":10764,"position":4},"title":"Najava programa Festivala povijesti Kliofest (5-8. V. 2026)","author":"Branimir Jankovi\u0107","date":"24. travnja 2026.","format":false,"excerpt":"Po trinaesti put odr\u017eava se Festival povijesti Kliofest! Do petka \u0107emo odr\u017eati osam okruglih stolova i dva kolokvija te niz predstavljanja knjiga i projekata razli\u010dite tematike, od antike do suvremenosti. Bit \u0107e predstavljeno i nekoliko izlo\u017ebi te odr\u017ean jedan povijesni kviz. Prikazat \u0107emo i jedan film \u2013 o generalu Boroevi\u0107u.\u2026","rel":"","context":"U &quot;Novosti&quot;","block_context":{"text":"Novosti","link":"https:\/\/historiografija.hr\/?cat=3"},"img":{"alt_text":"","src":"https:\/\/i0.wp.com\/historiografija.hr\/wp-content\/uploads\/2026\/04\/Kliofest-2026.jpg?fit=526%2C526&ssl=1&resize=350%2C200","width":350,"height":200,"srcset":"https:\/\/i0.wp.com\/historiografija.hr\/wp-content\/uploads\/2026\/04\/Kliofest-2026.jpg?fit=526%2C526&ssl=1&resize=350%2C200 1x, https:\/\/i0.wp.com\/historiografija.hr\/wp-content\/uploads\/2026\/04\/Kliofest-2026.jpg?fit=526%2C526&ssl=1&resize=525%2C300 1.5x"},"classes":[]},{"id":52669,"url":"https:\/\/historiografija.hr\/?p=52669","url_meta":{"origin":10764,"position":5},"title":"Predavanje Igora Dude &#8220;Odmor kao \u017eivotna potreba: o slobodnom vremenu u socijalisti\u010dkoj Jugoslaviji&#8221;","author":"Branimir Jankovi\u0107","date":"27. travnja 2026.","format":false,"excerpt":"U sklopu proljetnog ciklusa programa\u00a0Kriti\u010dka dramaturgija: pauza, u\u00a0subotu, 25. travnja 2026. u 19 sati\u00a0u prostoru Udru\u017eenja hrvatskih arhitekata povjesni\u010dar Igor Duda\u00a0odr\u017eao je predavanje naslovljeno\u00a0Odmor kao \u017eivotna potreba: o slobodnom vremenu u socijalisti\u010dkoj Jugoslaviji. Industrijalizacija i urbanizacija dru\u0161tava u povijesti su zna\u010dile i prelazak s predindustrijskog na industrijsko shva\u0107anje vremena. Ono\u2026","rel":"","context":"U &quot;Novosti&quot;","block_context":{"text":"Novosti","link":"https:\/\/historiografija.hr\/?cat=3"},"img":{"alt_text":"","src":"https:\/\/i0.wp.com\/historiografija.hr\/wp-content\/uploads\/2026\/04\/Duda.png?fit=1200%2C628&ssl=1&resize=350%2C200","width":350,"height":200,"srcset":"https:\/\/i0.wp.com\/historiografija.hr\/wp-content\/uploads\/2026\/04\/Duda.png?fit=1200%2C628&ssl=1&resize=350%2C200 1x, https:\/\/i0.wp.com\/historiografija.hr\/wp-content\/uploads\/2026\/04\/Duda.png?fit=1200%2C628&ssl=1&resize=525%2C300 1.5x, https:\/\/i0.wp.com\/historiografija.hr\/wp-content\/uploads\/2026\/04\/Duda.png?fit=1200%2C628&ssl=1&resize=700%2C400 2x, https:\/\/i0.wp.com\/historiografija.hr\/wp-content\/uploads\/2026\/04\/Duda.png?fit=1200%2C628&ssl=1&resize=1050%2C600 3x"},"classes":[]}],"_links":{"self":[{"href":"https:\/\/historiografija.hr\/index.php?rest_route=\/wp\/v2\/posts\/10764","targetHints":{"allow":["GET"]}}],"collection":[{"href":"https:\/\/historiografija.hr\/index.php?rest_route=\/wp\/v2\/posts"}],"about":[{"href":"https:\/\/historiografija.hr\/index.php?rest_route=\/wp\/v2\/types\/post"}],"author":[{"embeddable":true,"href":"https:\/\/historiografija.hr\/index.php?rest_route=\/wp\/v2\/users\/2"}],"replies":[{"embeddable":true,"href":"https:\/\/historiografija.hr\/index.php?rest_route=%2Fwp%2Fv2%2Fcomments&post=10764"}],"version-history":[{"count":2,"href":"https:\/\/historiografija.hr\/index.php?rest_route=\/wp\/v2\/posts\/10764\/revisions"}],"predecessor-version":[{"id":10768,"href":"https:\/\/historiografija.hr\/index.php?rest_route=\/wp\/v2\/posts\/10764\/revisions\/10768"}],"wp:featuredmedia":[{"embeddable":true,"href":"https:\/\/historiografija.hr\/index.php?rest_route=\/wp\/v2\/media\/10765"}],"wp:attachment":[{"href":"https:\/\/historiografija.hr\/index.php?rest_route=%2Fwp%2Fv2%2Fmedia&parent=10764"}],"wp:term":[{"taxonomy":"category","embeddable":true,"href":"https:\/\/historiografija.hr\/index.php?rest_route=%2Fwp%2Fv2%2Fcategories&post=10764"},{"taxonomy":"post_tag","embeddable":true,"href":"https:\/\/historiografija.hr\/index.php?rest_route=%2Fwp%2Fv2%2Ftags&post=10764"}],"curies":[{"name":"wp","href":"https:\/\/api.w.org\/{rel}","templated":true}]}}