{"id":10727,"date":"2018-07-14T15:17:29","date_gmt":"2018-07-14T15:17:29","guid":{"rendered":"http:\/\/historiografija.hr\/?p=10727"},"modified":"2018-08-04T14:17:10","modified_gmt":"2018-08-04T14:17:10","slug":"moma-toward-a-concrete-utopia-architecture-in-yugoslavia-1948-1980","status":"publish","type":"post","link":"https:\/\/historiografija.hr\/?p=10727","title":{"rendered":"MoMA: \u201cToward a Concrete Utopia: Architecture in Yugoslavia, 1948\u20131980\u201d"},"content":{"rendered":"<p>U Muzeju moderne umjetnosti (MoMA) u New Yorku otvara se 15. srpnja 2018. izlo\u017eba o arhitekturi u Jugoslaviji 1948-1980. koja \u0107e biti otvorena do 13. sije\u010dnja 2019. godine.<\/p>\n<p>&nbsp;<\/p>\n<p>&#8212;<\/p>\n<p>&nbsp;<\/p>\n<p><strong>Toward a Concrete<\/strong><br data-owner=\"balance-text\" \/><strong>Utopia: Architecture in<\/strong><br data-owner=\"balance-text\" \/><strong>Yugoslavia, 1948\u20131980<\/strong><\/p>\n<p>&nbsp;<\/p>\n<p data-search-rank=\"B\">July 15, 2018\u2013January 13, 2019<\/p>\n<p>The Museum of Modern\u00a0Art<\/p>\n<p>&nbsp;<\/p>\n<p><a href=\"https:\/\/www.moma.org\/calendar\/exhibitions\/3931?locale=en\" data-select-all=\"inner\">https:\/\/www.moma.org\/calendar\/exhibitions\/3931?locale=en <\/a><\/p>\n<p>&nbsp;<\/p>\n<p>Situated between the capitalist West and the socialist East, Yugoslavia\u2019s architects responded to contradictory demands and influences, developing a postwar architecture both in line with and distinct from the design approaches seen elsewhere in Europe and beyond. The architecture that emerged\u2014from International Style skyscrapers to Brutalist \u201csocial condensers\u201d\u2014is a manifestation of the radical diversity, hybridity, and idealism that characterized the Yugoslav state itself. <em>Toward a Concrete Utopia: Architecture in Yugoslavia, 1948\u20131980<\/em> introduces the exceptional work of socialist Yugoslavia\u2019s leading architects to an international audience for the first time, highlighting a significant yet thus-far understudied body of modernist architecture, whose forward-thinking contributions still resonate today.<\/p>\n<p><em>Toward a Concrete Utopia<\/em> explores themes of large-scale urbanization, technology in everyday life, consumerism, monuments and memorialization, and the global reach of Yugoslav architecture. The exhibition includes more than 400 drawings, models, photographs, and film reels from an array of municipal archives, family-held collections, and museums across the region, and features work by important architects including Bogdan Bogdanovi\u0107, Juraj Neidhardt, Svetlana Kana Radevi\u0107, Edvard Ravnikar, Vjenceslav Richter, and Milica \u0160teri\u0107. From the sculptural interior of the White Mosque in rural Bosnia, to the post-earthquake reconstruction of the city of Skopje based on Kenzo Tange\u2019s Metabolist design, to the new town of New Belgrade, with its expressive large-scale housing blocks and civic buildings, the exhibition examines the unique range of forms and modes of production in Yugoslav architecture and its distinct yet multifaceted character.<\/p>\n<p>Organized by Martino Stierli, The Philip Johnson Chief Curator of Architecture and Design, The Museum of Modern Art, and Vladimir Kuli\u0107, guest curator, with Anna Kats, Curatorial Assistant, Department of Architecture and Design, The Museum of Modern Art.<\/p>\n<p>&nbsp;<\/p>\n<p>&nbsp;<\/p>\n<p><strong>Toward a Concrete Utopia: Architecture in Yugoslavia, 1948\u20131980 <\/strong><\/p>\n<p>Edited by Martino Stierli and Vladimir Kuli\u0107, 2018<\/p>\n<p>Hardcover, 200 pages<\/p>\n<p>&nbsp;<\/p>\n<p>&nbsp;<\/p>\n<p><strong>Bogdanovi\u0107 by Bogdanovi\u0107: Yugoslav Memorials through the Eyes of Their Architect <\/strong><\/p>\n<p>Edited by Vladimir Kuli\u0107 and Wolfgang Thaler, 2018<\/p>\n<p>Hardcover, 128 pages<\/p>\n<p>&nbsp;<\/p>\n<p>&nbsp;<\/p>\n<p>Major support for the exhibition is provided by The International Council of The Museum of Modern Art and by The Contemporary Arts Council of The Museum of Modern Art.<\/p>\n<p>Generous funding is provided by the Graham Foundation for Advanced Studies in the Fine Arts.<\/p>\n<p>Additional support is provided by the Annual Exhibition Fund with major contributions from the Estate of Ralph L. Riehle, Alice and Tom Tisch, The Marella and Giovanni Agnelli Fund for Exhibitions, Mimi and Peter Haas Fund, Brett and Daniel Sundheim, and Karen and Gary Winnick.<\/p>\n<p>Support for the publication is provided by the Jo Carole Lauder Publications Fund of The International Council of The Museum of Modern Art.<\/p>\n<p>&nbsp;<\/p>\n<p>&#8212;-<\/p>\n<p>&nbsp;<\/p>\n<p><strong>Iz medija:<\/strong><\/p>\n<p>&nbsp;<\/p>\n<p><a href=\"https:\/\/www.jutarnji.hr\/kultura\/arhitektura\/poljud-haludovo-spomenik-u-jasenovcu-pregled-arhitekture-bivse-jugoslavije-koja-je-izazvala-znatan-medunarodni-interes\/6986493\/\">https:\/\/www.jutarnji.hr\/kultura\/arhitektura\/poljud-haludovo-spomenik-u-jasenovcu-pregled-arhitekture-bivse-jugoslavije-koja-je-izazvala-znatan-medunarodni-interes\/6986493\/<\/a><\/p>\n<p>&nbsp;<\/p>\n<p><a href=\"https:\/\/www.jutarnji.hr\/kultura\/arhitektura\/moma-priprema-izlozbu-jugoslavenska-arhitektura-od-1948-do-1980-u-new-yorku\/6982551\/\">https:\/\/www.jutarnji.hr\/kultura\/arhitektura\/moma-priprema-izlozbu-jugoslavenska-arhitektura-od-1948-do-1980-u-new-yorku\/6982551\/<\/a><\/p>\n<p>&nbsp;<\/p>\n<p><a href=\"https:\/\/www.tportal.hr\/kultura\/clanak\/moma-sprema-izlozbu-posvecenu-jugoslavenskoj-arhitekturi-a-najavljuju-radikalni-idealizam-foto-20180122\">https:\/\/www.tportal.hr\/kultura\/clanak\/moma-sprema-izlozbu-posvecenu-jugoslavenskoj-arhitekturi-a-najavljuju-radikalni-idealizam-foto-20180122<\/a><\/p>\n<p>&nbsp;<\/p>\n<p><a href=\"https:\/\/www.tportal.hr\/kultura\/clanak\/moma-za-vikend-otvara-izlozbu-posvecenu-arhitekturi-jugoslavije-zavirite-u-postav-foto-20180713\">https:\/\/www.tportal.hr\/kultura\/clanak\/moma-za-vikend-otvara-izlozbu-posvecenu-arhitekturi-jugoslavije-zavirite-u-postav-foto-20180713<\/a><\/p>\n<p>&nbsp;<\/p>\n<p><a href=\"https:\/\/www.jutarnji.hr\/kultura\/art\/prvi-pogled-u-postav-izlozbe-o-jugoslavenskoj-arhitekturi-u-new-yorku-u-koncepciji-njujorskog-kustosa-i-maketa-poljuda\/7600206\/\">https:\/\/www.jutarnji.hr\/kultura\/art\/prvi-pogled-u-postav-izlozbe-o-jugoslavenskoj-arhitekturi-u-new-yorku-u-koncepciji-njujorskog-kustosa-i-maketa-poljuda\/7600206\/<\/a><\/p>\n<p>&nbsp;<\/p>\n<p><a href=\"https:\/\/www.telegram.hr\/price\/bio-sam-u-moma-i-na-izlozbi-o-jugoslaviji-koja-je-golemi-hit-ipak-mi-jos-ne-znamo-sramimo-li-se-toga-ili-ponosimo\/\">https:\/\/www.telegram.hr\/price\/bio-sam-u-moma-i-na-izlozbi-o-jugoslaviji-koja-je-golemi-hit-ipak-mi-jos-ne-znamo-sramimo-li-se-toga-ili-ponosimo\/<\/a><\/p>\n<p>&nbsp;<\/p>\n<p>&nbsp;<\/p>\n","protected":false},"excerpt":{"rendered":"","protected":false},"author":2,"featured_media":10728,"comment_status":"open","ping_status":"open","sticky":false,"template":"","format":"standard","meta":{"_acf_changed":false,"jetpack_post_was_ever_published":false,"_jetpack_newsletter_access":"","_jetpack_dont_email_post_to_subs":false,"_jetpack_newsletter_tier_id":0,"_jetpack_memberships_contains_paywalled_content":false,"_jetpack_memberships_contains_paid_content":false,"footnotes":"","jetpack_publicize_message":"","jetpack_publicize_feature_enabled":true,"jetpack_social_post_already_shared":true,"jetpack_social_options":{"image_generator_settings":{"template":"highway","default_image_id":0,"font":"","enabled":false},"version":2}},"categories":[10,3],"tags":[],"class_list":["post-10727","post","type-post","status-publish","format-standard","has-post-thumbnail","hentry","category-izlozbe","category-novosti"],"acf":{"facebook_opis":""},"jetpack_publicize_connections":[],"jetpack_featured_media_url":"https:\/\/i0.wp.com\/historiografija.hr\/wp-content\/uploads\/2018\/07\/Toward.png?fit=1891%2C1417&ssl=1","jetpack_sharing_enabled":true,"jetpack-related-posts":[{"id":52631,"url":"https:\/\/historiografija.hr\/?p=52631","url_meta":{"origin":10727,"position":0},"title":"Predavanje Ivana Tepe\u0161a: Djelovanje hrvatske politi\u010dke emigracije","author":"Branimir Jankovi\u0107","date":"23. travnja 2026.","format":false,"excerpt":"Odjel za me\u0111unarodnu suradnju i iseljeni\u0161tvo Matice hrvatske Predavanje Ivana Tepe\u0161a: Djelovanje hrvatske politi\u010dke emigracije Utorak, 28. travnja 2026. u 18:00 sati, Dvorana Ljudevita Jonkea (Mala dvorana MH), Strossmayerov trg 4, Zagreb dr. sc. Ivan Tepe\u0161, Institut za istra\u017eivanje migracija Hrvatska politi\u010dka emigracija obilje\u017eila je polustoljetnu hrvatsku povijest u drugoj\u2026","rel":"","context":"U &quot;Novosti&quot;","block_context":{"text":"Novosti","link":"https:\/\/historiografija.hr\/?cat=3"},"img":{"alt_text":"","src":"","width":0,"height":0},"classes":[]},{"id":52625,"url":"https:\/\/historiografija.hr\/?p=52625","url_meta":{"origin":10727,"position":1},"title":"Omer Bartov, \u201eIsrael: What Went Wrong?\u201c","author":"Branimir Jankovi\u0107","date":"23. travnja 2026.","format":false,"excerpt":"Professor Omer Bartov was born on a kibbutz, grew up in Tel Aviv and served in the Israel Defence Forces during the Yom Kippur War. He went on to become an expert on the German army and the Holocaust, before turning his attention to his native country.In Israel: What Went\u2026","rel":"","context":"U &quot;Knjige&quot;","block_context":{"text":"Knjige","link":"https:\/\/historiografija.hr\/?cat=8"},"img":{"alt_text":"","src":"https:\/\/i0.wp.com\/historiografija.hr\/wp-content\/uploads\/2026\/04\/Bartov.jpeg?fit=320%2C500&ssl=1&resize=350%2C200","width":350,"height":200},"classes":[]},{"id":52516,"url":"https:\/\/historiografija.hr\/?p=52516","url_meta":{"origin":10727,"position":2},"title":"Marko Grde\u0161i\u0107, Mislav \u017ditko, \u201eSocialist Economics in Yugoslavia: A Critical History\u201c","author":"Branimir Jankovi\u0107","date":"17. travnja 2026.","format":false,"excerpt":"This book presents a critical history of Yugoslav socialist economics, from its inception in the late 1940s to its dissolution in the late 1980s. After the dramatic break with the Soviet Union in 1948, Yugoslavia found itself in urgent need of a third way: A socialist trajectory which would not\u2026","rel":"","context":"U &quot;Knjige&quot;","block_context":{"text":"Knjige","link":"https:\/\/historiografija.hr\/?cat=8"},"img":{"alt_text":"","src":"https:\/\/i0.wp.com\/historiografija.hr\/wp-content\/uploads\/2026\/04\/Zitko_Grdesic.jpg?fit=350%2C535&ssl=1&resize=350%2C200","width":350,"height":200},"classes":[]},{"id":52613,"url":"https:\/\/historiografija.hr\/?p=52613","url_meta":{"origin":10727,"position":3},"title":"No\u0107 knjige u Hrvatskom dr\u017eavnom arhivu","author":"Branimir Jankovi\u0107","date":"22. travnja 2026.","format":false,"excerpt":"Predstavljanje knjige Rajke Bu\u0107in \u201dLije\u010denje i zbrinjavanje \u017didova u Bolnici sestara milosrdnica u Zagrebu 1941. \u2013 1945.\u201d u \u010detvrtak, 23. travnja 2026. u 13 sati u Hrvatskom dr\u017eavnom arhivu u Zagrebu. Izvor: https:\/\/www.arhiv.hr\/hr-hr\/Kulturno-prosvjetne-aktivnosti\/ArticleId\/1986\/oamid\/1633","rel":"","context":"U &quot;Novosti&quot;","block_context":{"text":"Novosti","link":"https:\/\/historiografija.hr\/?cat=3"},"img":{"alt_text":"","src":"https:\/\/i0.wp.com\/historiografija.hr\/wp-content\/uploads\/2026\/04\/noc_knjige_2026.jpg?fit=680%2C276&ssl=1&resize=350%2C200","width":350,"height":200,"srcset":"https:\/\/i0.wp.com\/historiografija.hr\/wp-content\/uploads\/2026\/04\/noc_knjige_2026.jpg?fit=680%2C276&ssl=1&resize=350%2C200 1x, https:\/\/i0.wp.com\/historiografija.hr\/wp-content\/uploads\/2026\/04\/noc_knjige_2026.jpg?fit=680%2C276&ssl=1&resize=525%2C300 1.5x"},"classes":[]},{"id":52654,"url":"https:\/\/historiografija.hr\/?p=52654","url_meta":{"origin":10727,"position":4},"title":"Gostuju\u0107e predavanje &#8211; Danijel D\u017eino \u201eKasnoanti\u010dke i ranosrednjovjekovne gra\u0111evine u Brezi: Spomenici nepotpune biografije\u201c","author":"Branimir Jankovi\u0107","date":"24. travnja 2026.","format":false,"excerpt":"Doktorski studij predmoderne povijesti poziva na predavanje \"Kasnoanti\u010dke i ranosrednjovjekovne gra\u0111evine u Brezi: Spomenici nepotpune biografije\u201d koje \u0107e odr\u017eati profesor Danijel D\u017eino sa Sveu\u010dili\u0161ta Macquarie u Sydneyu u\u00a0utorak 28. travnja 2026. u 17h u Konferencijskoj dvorani Knji\u017enice Filozofskog fakulteta u Zagrebu. Predavanje \u0107e predo\u010diti nova saznanja dobivena kroz arhivsko-dokumentarna istra\u017eivanja\u2026","rel":"","context":"U &quot;Novosti&quot;","block_context":{"text":"Novosti","link":"https:\/\/historiografija.hr\/?cat=3"},"img":{"alt_text":"","src":"https:\/\/i0.wp.com\/historiografija.hr\/wp-content\/uploads\/2026\/04\/Dzino.jpg?fit=980%2C819&ssl=1&resize=350%2C200","width":350,"height":200,"srcset":"https:\/\/i0.wp.com\/historiografija.hr\/wp-content\/uploads\/2026\/04\/Dzino.jpg?fit=980%2C819&ssl=1&resize=350%2C200 1x, https:\/\/i0.wp.com\/historiografija.hr\/wp-content\/uploads\/2026\/04\/Dzino.jpg?fit=980%2C819&ssl=1&resize=525%2C300 1.5x, https:\/\/i0.wp.com\/historiografija.hr\/wp-content\/uploads\/2026\/04\/Dzino.jpg?fit=980%2C819&ssl=1&resize=700%2C400 2x"},"classes":[]},{"id":52651,"url":"https:\/\/historiografija.hr\/?p=52651","url_meta":{"origin":10727,"position":5},"title":"Promocija knjige Emira O. Filipovi\u0107a \u201cVite\u0161tvo u srednjovjekovnoj Bosni\u201d u Sarajevu","author":"Branimir Jankovi\u0107","date":"24. travnja 2026.","format":false,"excerpt":"Knji\u017eevni korner poziva na promociju knjige Emira O. Filipovi\u0107a \u201cVite\u0161tvo u srednjovjekovnoj Bosni\u201d koja \u0107e se odr\u017eati u srijedu, 29. aprila 2026. u 18 sati u Evropskoj ku\u0107i kulture i nacionalnih manjina (Austrijska ku\u0107a) u Sarajevu. Na promociji \u0107e govoriti Mirsad Sijari\u0107, Ema Mazrak i autor, a moderirat \u0107e Nikola\u2026","rel":"","context":"U &quot;Novosti&quot;","block_context":{"text":"Novosti","link":"https:\/\/historiografija.hr\/?cat=3"},"img":{"alt_text":"","src":"https:\/\/i0.wp.com\/historiografija.hr\/wp-content\/uploads\/2026\/04\/Vitestvo.jpg?fit=1080%2C565&ssl=1&resize=350%2C200","width":350,"height":200,"srcset":"https:\/\/i0.wp.com\/historiografija.hr\/wp-content\/uploads\/2026\/04\/Vitestvo.jpg?fit=1080%2C565&ssl=1&resize=350%2C200 1x, https:\/\/i0.wp.com\/historiografija.hr\/wp-content\/uploads\/2026\/04\/Vitestvo.jpg?fit=1080%2C565&ssl=1&resize=525%2C300 1.5x, https:\/\/i0.wp.com\/historiografija.hr\/wp-content\/uploads\/2026\/04\/Vitestvo.jpg?fit=1080%2C565&ssl=1&resize=700%2C400 2x, https:\/\/i0.wp.com\/historiografija.hr\/wp-content\/uploads\/2026\/04\/Vitestvo.jpg?fit=1080%2C565&ssl=1&resize=1050%2C600 3x"},"classes":[]}],"_links":{"self":[{"href":"https:\/\/historiografija.hr\/index.php?rest_route=\/wp\/v2\/posts\/10727","targetHints":{"allow":["GET"]}}],"collection":[{"href":"https:\/\/historiografija.hr\/index.php?rest_route=\/wp\/v2\/posts"}],"about":[{"href":"https:\/\/historiografija.hr\/index.php?rest_route=\/wp\/v2\/types\/post"}],"author":[{"embeddable":true,"href":"https:\/\/historiografija.hr\/index.php?rest_route=\/wp\/v2\/users\/2"}],"replies":[{"embeddable":true,"href":"https:\/\/historiografija.hr\/index.php?rest_route=%2Fwp%2Fv2%2Fcomments&post=10727"}],"version-history":[{"count":6,"href":"https:\/\/historiografija.hr\/index.php?rest_route=\/wp\/v2\/posts\/10727\/revisions"}],"predecessor-version":[{"id":10889,"href":"https:\/\/historiografija.hr\/index.php?rest_route=\/wp\/v2\/posts\/10727\/revisions\/10889"}],"wp:featuredmedia":[{"embeddable":true,"href":"https:\/\/historiografija.hr\/index.php?rest_route=\/wp\/v2\/media\/10728"}],"wp:attachment":[{"href":"https:\/\/historiografija.hr\/index.php?rest_route=%2Fwp%2Fv2%2Fmedia&parent=10727"}],"wp:term":[{"taxonomy":"category","embeddable":true,"href":"https:\/\/historiografija.hr\/index.php?rest_route=%2Fwp%2Fv2%2Fcategories&post=10727"},{"taxonomy":"post_tag","embeddable":true,"href":"https:\/\/historiografija.hr\/index.php?rest_route=%2Fwp%2Fv2%2Ftags&post=10727"}],"curies":[{"name":"wp","href":"https:\/\/api.w.org\/{rel}","templated":true}]}}