{"id":10707,"date":"2018-07-12T14:54:10","date_gmt":"2018-07-12T14:54:10","guid":{"rendered":"http:\/\/historiografija.hr\/?p=10707"},"modified":"2018-07-12T14:54:10","modified_gmt":"2018-07-12T14:54:10","slug":"serena-ferente-lovro-kuncevic-miles-pattenden-eds-cultures-of-voting-in-pre-modern-europe","status":"publish","type":"post","link":"https:\/\/historiografija.hr\/?p=10707","title":{"rendered":"Serena Ferente, Lovro Kun\u010devi\u0107, Miles Pattenden (eds.), \u201eCultures of Voting in Pre-modern Europe\u201c"},"content":{"rendered":"<p>Izdava\u010d Routledge objavio je 2018. godine zbornik radova o kulturama glasanja u predmodernoj Europi u kojem su ure\u0111iva\u010dki i s radovima zastupljeni i hrvatski povjesni\u010dari.<\/p>\n<p>&nbsp;<\/p>\n<p>&#8212;<\/p>\n<p>&nbsp;<\/p>\n<p><strong><em>Cultures of Voting in Pre-modern Europe<\/em><\/strong><\/p>\n<p><strong>\u00a0<\/strong><\/p>\n<p>Edited by <strong>Serena Ferente, Lovro Kun\u010devi\u0107, Miles Pattenden<\/strong><\/p>\n<p>&nbsp;<\/p>\n<p>2018 \u2013 Routledge<\/p>\n<p>&nbsp;<\/p>\n<p>362 pages<\/p>\n<p><em>\u00a0<\/em><\/p>\n<p><a href=\"https:\/\/www.routledge.com\/Cultures-of-Voting-in-Pre-modern-Europe\/Ferente-Kuncevic-Pattenden\/p\/book\/9781138568181\">https:\/\/www.routledge.com\/Cultures-of-Voting-in-Pre-modern-Europe\/Ferente-Kuncevic-Pattenden\/p\/book\/9781138568181<\/a><\/p>\n<p>&nbsp;<\/p>\n<p><strong>Description<\/strong><\/p>\n<p><em>\u00a0<\/em><\/p>\n<p><em>Cultures of Voting<\/em> <em>in Pre-modern Europe<\/em> examines the norms and practices of collective decision-making across pre-modern European history, east and west, and their influence in shaping both intra- and inter-communal relationships.<\/p>\n<p>Bringing together the work of twenty specialist contributors, this volume offers a unique range of case studies from Ancient Greece to the eighteenth century, and explores voting in a range of different contexts with analysis that encompasses constitutional and ecclesiastical history, social and cultural history, the history of material culture and of political thought. Together the case-studies illustrate the influence of ancient models and ideas of voting on medieval and early modern collectivities and document the cultural and conceptual exchange between different spheres in which voting took place. Above all, they foreground voting as a crucial element of Europe\u2019s common political heritage and raise questions about the contribution of pre-modern cultures of voting to modern political and institutional developments.<\/p>\n<p>Offering a wide chronological and geographical scope, <em>Cultures of Voting in Pre-modern Europe <\/em>is aimed at scholars and students of the history of voting and is a fascinating contribution to the key debates that surround voting today.<\/p>\n<p>&nbsp;<\/p>\n<p>&nbsp;<\/p>\n<p><strong>Reviews<\/strong><\/p>\n<p><strong>\u00a0<\/strong><\/p>\n<p><strong>\u00a0<\/strong><\/p>\n<p>&#8220;By examining the range of cultural contexts in which decision-making took place in every part of Europe, from ancient times to the eighteenth century, this fascinating collection of essays analyzes voting as a kind of \u2018total social fact\u2019, broadening our notions of \u2018the political\u2019 and offering a new perspective on the history of legitimacy, secrecy, political theology, and a host of other topics.&#8221;<\/p>\n<p>Matthew Vester, <em>West Virginia Universtity, USA<\/em><\/p>\n<p>&nbsp;<\/p>\n<p>&nbsp;<\/p>\n<p>&#8220;This eye-opening volume surveys the many spheres in pre-modern Europe in which decisions were made by forms of voting. With its emphasis on culture \u2013 on social meaning \u2013 it evokes the complexity and sophistication of the pre-modern political order. In its wake, the common equation of \u2018medieval\u2019 with \u2018autocratic\u2019 has never looked so wrong.&#8221;<\/p>\n<p>John Watts, <em>University of Oxford, UK<\/em><\/p>\n<p><em>\u00a0<\/em><\/p>\n<p><em>\u00a0<\/em><\/p>\n<p><strong>Table of Contents<\/strong><\/p>\n<p>&nbsp;<\/p>\n<p>Serena Ferente, <em>Introduction<\/em><\/p>\n<p><strong>PART ONE: Ideas and representations<\/strong><\/p>\n<ol>\n<li>Paul Cartledge, <em>Not just voting but being counted: the cases of Ancient Greece<\/em><\/li>\n<li>Valentina Arena, <em>Roman reflections on voting practices: also a Pythagorean affair<\/em><\/li>\n<li>Cristina La Rocca and Francesco Veronese, <em>Cultures of unanimity in Carolingian councils<\/em><\/li>\n<li>Vesselina Vachkova, <em>A vote for the new world order: the Dardanelles meeting in 1235 (the Council at Lampsacus-Gallipoli)<\/em><\/li>\n<li>Alexander Russell, <em>Voting at the Council of Constance (1414\u201318)<\/em><\/li>\n<li>Miles Pattenden, <em>Cultures of secrecy in pre-modern papal elections<\/em><\/li>\n<li>Andrea Guidi, <em>\u2018Conforme al vivere civile et politico\u2019: Machiavelli&#8217;s newly discovered proposal for electoral reform in 1512<\/em><\/li>\n<li>Derek Hirst, <em>A culture of voting in seventeenth-century England<\/em><\/li>\n<li>Wyger Velema, <em>Dead and buried after the elections? Voting and citizenship in the Batavian Revolution<\/em><\/li>\n<\/ol>\n<p><strong>PART TWO: Practices, institutions, procedures<\/strong><\/p>\n<ol>\n<li>Nella Lonza, <em>The culture of voting in medieval Split: appearance and reality<\/em><\/li>\n<li>Lorenzo Tanzini, <em>From discussion to vote: practices of political deliberation and written records in communal Italy<\/em><\/li>\n<li>Serena Ferente, <em>Parties, quotas and elections in late medieval Genoa<\/em><\/li>\n<li>Letizia Arcangeli, <em>The election of the abbess: political reasons of monastic discipline in Renaissance Parma<\/em><\/li>\n<li>Lovro Kun\u010devi\u0107,<em> Political decision-making in the Republic of Ragusa (Dubrovnik) in the fourteenth and fifteenth centuries<\/em><\/li>\n<li>Claire Judde de Larivi\u00e8re, <em>\u2018Il fait bon voir de tout leur s\u00e9nat ballotter\u2019: the ubiquity of voting in late medieval and Renaissance Venice<\/em><\/li>\n<li>Pierluigi Terenzi, <em>The citizens and the king: voting and electoral procedures in southern Italian towns under the Aragonese <\/em><\/li>\n<li>Vicent Baydal Sala, <em>Voting in the parliaments of the Crown of Aragon, c.1300\u20131716<\/em><\/li>\n<li>Zrinka Pe\u0161orda Vardi\u0107, <em>Voting and elections in the elite Ragusan confraternities of St. Anthony and St. Lazarus<\/em><\/li>\n<li>Alexander Osipian, <em>Voting at home and on the move: elections of c<\/em>aravanbashi<em> by Armenian merchants in Poland and the Ottoman Empire, 1500\u20131700<\/em><\/li>\n<li>Brian Sandberg, <em>Municipal elections and contested religious space: electoral practices and confessional politics in Mediterranean France during the French Wars of Religion<\/em><\/li>\n<\/ol>\n<p>&nbsp;<\/p>\n<p><em>Index<\/em><\/p>\n<p>&nbsp;<\/p>\n<p>&nbsp;<\/p>\n<p><strong>About the Editors<\/strong><\/p>\n<p><strong>\u00a0<\/strong><\/p>\n<p><strong>\u00a0<\/strong><\/p>\n<p><strong>Serena Ferente<\/strong> is Senior Lecturer in Medieval History at King&#8217;s College London.<\/p>\n<p>&nbsp;<\/p>\n<p>&nbsp;<\/p>\n<p><strong>Lovro Kuncevic<\/strong> is Faculty Member of the Institute for Historical Sciences, Croatian Academy of Sciences and Arts, Dubrovnik.<\/p>\n<p>&nbsp;<\/p>\n<p>&nbsp;<\/p>\n<p><strong>Miles Pattenden<\/strong> is Research Fellow in Early Modern History at Wolfson College, Oxford.<\/p>\n<p>&nbsp;<\/p>\n<p>&nbsp;<\/p>\n<p>&nbsp;<\/p>\n","protected":false},"excerpt":{"rendered":"","protected":false},"author":2,"featured_media":10708,"comment_status":"open","ping_status":"open","sticky":false,"template":"","format":"standard","meta":{"_acf_changed":false,"jetpack_post_was_ever_published":false,"_jetpack_newsletter_access":"","_jetpack_dont_email_post_to_subs":false,"_jetpack_newsletter_tier_id":0,"_jetpack_memberships_contains_paywalled_content":false,"_jetpack_memberships_contains_paid_content":false,"footnotes":"","jetpack_publicize_message":"","jetpack_publicize_feature_enabled":true,"jetpack_social_post_already_shared":true,"jetpack_social_options":{"image_generator_settings":{"template":"highway","default_image_id":0,"font":"","enabled":false},"version":2}},"categories":[8,3],"tags":[],"class_list":["post-10707","post","type-post","status-publish","format-standard","has-post-thumbnail","hentry","category-knjige","category-novosti"],"acf":{"facebook_opis":""},"jetpack_publicize_connections":[],"jetpack_featured_media_url":"https:\/\/i0.wp.com\/historiografija.hr\/wp-content\/uploads\/2018\/07\/voting.jpg?fit=282%2C425&ssl=1","jetpack_sharing_enabled":true,"jetpack-related-posts":[{"id":52520,"url":"https:\/\/historiografija.hr\/?p=52520","url_meta":{"origin":10707,"position":0},"title":"Predstavljanje knjige &#8220;Socialist Economics in Yugoslavia: A Critical History&#8221; u Zagrebu","author":"Branimir Jankovi\u0107","date":"17. travnja 2026.","format":false,"excerpt":"Pozivamo vas na predstavljanje knjige \"Socialist Economics in Yugoslavia: A Critical History\", autora Mislava \u00a0\u017ditka i Marka Grde\u0161i\u0107a (Routledge, 2026). Na predstavljanju \u0107e govoriti Branko Milanovi\u0107 (CUNY), Milica Uvali\u0107 (EUI), Zdravko Petak (FPZG) te autori.\u00a0 Predstavljanje \u0107e se odr\u017eati u srijedu 22. travnja u 16:00 sati na Fakultetu politi\u010dkih znanosti\u2026","rel":"","context":"U &quot;Novosti&quot;","block_context":{"text":"Novosti","link":"https:\/\/historiografija.hr\/?cat=3"},"img":{"alt_text":"","src":"https:\/\/i0.wp.com\/historiografija.hr\/wp-content\/uploads\/2026\/04\/Poziv-na-predstavljanje.png?fit=800%2C652&ssl=1&resize=350%2C200","width":350,"height":200,"srcset":"https:\/\/i0.wp.com\/historiografija.hr\/wp-content\/uploads\/2026\/04\/Poziv-na-predstavljanje.png?fit=800%2C652&ssl=1&resize=350%2C200 1x, https:\/\/i0.wp.com\/historiografija.hr\/wp-content\/uploads\/2026\/04\/Poziv-na-predstavljanje.png?fit=800%2C652&ssl=1&resize=525%2C300 1.5x, https:\/\/i0.wp.com\/historiografija.hr\/wp-content\/uploads\/2026\/04\/Poziv-na-predstavljanje.png?fit=800%2C652&ssl=1&resize=700%2C400 2x"},"classes":[]},{"id":52516,"url":"https:\/\/historiografija.hr\/?p=52516","url_meta":{"origin":10707,"position":1},"title":"Marko Grde\u0161i\u0107, Mislav \u017ditko, \u201eSocialist Economics in Yugoslavia: A Critical History\u201c","author":"Branimir Jankovi\u0107","date":"17. travnja 2026.","format":false,"excerpt":"This book presents a critical history of Yugoslav socialist economics, from its inception in the late 1940s to its dissolution in the late 1980s. After the dramatic break with the Soviet Union in 1948, Yugoslavia found itself in urgent need of a third way: A socialist trajectory which would not\u2026","rel":"","context":"U &quot;Knjige&quot;","block_context":{"text":"Knjige","link":"https:\/\/historiografija.hr\/?cat=8"},"img":{"alt_text":"","src":"https:\/\/i0.wp.com\/historiografija.hr\/wp-content\/uploads\/2026\/04\/Zitko_Grdesic.jpg?fit=350%2C535&ssl=1&resize=350%2C200","width":350,"height":200},"classes":[]},{"id":52622,"url":"https:\/\/historiografija.hr\/?p=52622","url_meta":{"origin":10707,"position":2},"title":"Annual CAPONEU conference: Political Novel in Europe Between Democracy and Authoritarianism","author":"Branimir Jankovi\u0107","date":"23. travnja 2026.","format":false,"excerpt":"Caponeu event 22.04.2026 - 24.04.2026 Location: The Faculty of Polish and Classical Philology AMU (Fredry 10, Pozna\u0144)Organized by: Tomasz Mizerkiewicz, Krystyna Pieni\u0105\u017cek-Markovi\u0107, Anna Gawarecka, Ewa Szperlik, Magda Potok, B\u0142a\u017cej Warkocki, Gerard Ronge (all Adam Mickiewicz University in Pozna\u0144)Contact: gerron@amu.edu.pl The Adam Mickiewicz University team, as part of the international CAPONEU\u2026","rel":"","context":"U &quot;Novosti&quot;","block_context":{"text":"Novosti","link":"https:\/\/historiografija.hr\/?cat=3"},"img":{"alt_text":"","src":"https:\/\/i0.wp.com\/historiografija.hr\/wp-content\/uploads\/2026\/04\/Caponeu-political-novel.jpg?fit=500%2C261&ssl=1&resize=350%2C200","width":350,"height":200},"classes":[]},{"id":52641,"url":"https:\/\/historiografija.hr\/?p=52641","url_meta":{"origin":10707,"position":3},"title":"CfP: WHO OWNS THE PAST? VERNACULAR MEMORY, STATE MEMORY, AND THE POLITICS OF OWNERSHIP","author":"Branimir Jankovi\u0107","date":"24. travnja 2026.","format":false,"excerpt":"VIENNA, 31ST AUGUST\u20133RD SEPTEMBER 2026 (DEADLINE: 24TH APRIL 2026) The Center for Austrian Studies at the European Forum at the Hebrew University and the Austrian Academy of Sciences\/Institute of Culture Studies invite early postdocs, PhD candidates, and advanced Master\u2019s students from the Hebrew University of Jerusalem and universities and academic\u2026","rel":"","context":"U &quot;Novosti&quot;","block_context":{"text":"Novosti","link":"https:\/\/historiografija.hr\/?cat=3"},"img":{"alt_text":"","src":"https:\/\/i0.wp.com\/historiografija.hr\/wp-content\/uploads\/2017\/10\/hsozkult.png?fit=1006%2C241&ssl=1&resize=350%2C200","width":350,"height":200,"srcset":"https:\/\/i0.wp.com\/historiografija.hr\/wp-content\/uploads\/2017\/10\/hsozkult.png?fit=1006%2C241&ssl=1&resize=350%2C200 1x, https:\/\/i0.wp.com\/historiografija.hr\/wp-content\/uploads\/2017\/10\/hsozkult.png?fit=1006%2C241&ssl=1&resize=525%2C300 1.5x, https:\/\/i0.wp.com\/historiografija.hr\/wp-content\/uploads\/2017\/10\/hsozkult.png?fit=1006%2C241&ssl=1&resize=700%2C400 2x"},"classes":[]},{"id":52148,"url":"https:\/\/historiografija.hr\/?p=52148","url_meta":{"origin":10707,"position":4},"title":"Poziv za prijavu na me\u0111unarodnu znanstvenu konferenciju \u201eGranice (ne)slobode: Zadarski krug 1966. Intelektualna opozicija u totalitarnom dru\u0161tvu\u201c","author":"Branimir Jankovi\u0107","date":"27. o\u017eujka 2026.","format":false,"excerpt":"\u00a0\u00a0\u00a0\u00a0 Povodom \u0161ezdesete obljetnice poku\u0161aja osnivanja \u010dasopisa Slobodan glas u Zadru 1966. godine, pozivamo vas na znanstvenu konferenciju posve\u0107enu istra\u017eivanju disidentstva, intelektualne opozicije i granica divergentnog mi\u0161ljenja nasuprot slu\u017ebenoj ideologiji u komunisti\u010dkoj Jugoslaviji. Ideja konferencije je analizirati konkretan fenomen zadarskog slu\u010daja razloge i okolnosti njegove pojave, ali uz otvaranje komparativnih\u2026","rel":"","context":"U &quot;Novosti&quot;","block_context":{"text":"Novosti","link":"https:\/\/historiografija.hr\/?cat=3"},"img":{"alt_text":"","src":"https:\/\/i0.wp.com\/historiografija.hr\/wp-content\/uploads\/2026\/03\/Poziv-konferencija-Zadar.jpg?fit=1200%2C509&ssl=1&resize=350%2C200","width":350,"height":200,"srcset":"https:\/\/i0.wp.com\/historiografija.hr\/wp-content\/uploads\/2026\/03\/Poziv-konferencija-Zadar.jpg?fit=1200%2C509&ssl=1&resize=350%2C200 1x, https:\/\/i0.wp.com\/historiografija.hr\/wp-content\/uploads\/2026\/03\/Poziv-konferencija-Zadar.jpg?fit=1200%2C509&ssl=1&resize=525%2C300 1.5x, https:\/\/i0.wp.com\/historiografija.hr\/wp-content\/uploads\/2026\/03\/Poziv-konferencija-Zadar.jpg?fit=1200%2C509&ssl=1&resize=700%2C400 2x, https:\/\/i0.wp.com\/historiografija.hr\/wp-content\/uploads\/2026\/03\/Poziv-konferencija-Zadar.jpg?fit=1200%2C509&ssl=1&resize=1050%2C600 3x"},"classes":[]},{"id":52643,"url":"https:\/\/historiografija.hr\/?p=52643","url_meta":{"origin":10707,"position":5},"title":"BRACEWELL TRAVELLING SCHOLARSHIP\u202fFOR PHD STUDENTS (DEADLINE: 30TH APRIL 2026)","author":"Branimir Jankovi\u0107","date":"24. travnja 2026.","format":false,"excerpt":"The Bracewell Travelling Scholarship\u202fis funded by a gift from SSEES Emeritus Professor of History Wendy Bracewell, whose research examines South Slav history, and travel writing in eastern Europe. The Scholarship honours the long tradition of mutual curiosity between the UK and eastern, central and southeastern Europe by supporting PhD students\u2026","rel":"","context":"U &quot;Novosti&quot;","block_context":{"text":"Novosti","link":"https:\/\/historiografija.hr\/?cat=3"},"img":{"alt_text":"","src":"https:\/\/i0.wp.com\/historiografija.hr\/wp-content\/uploads\/2026\/04\/Bracewell-Travelling-Scholarship-.webp?fit=980%2C700&ssl=1&resize=350%2C200","width":350,"height":200,"srcset":"https:\/\/i0.wp.com\/historiografija.hr\/wp-content\/uploads\/2026\/04\/Bracewell-Travelling-Scholarship-.webp?fit=980%2C700&ssl=1&resize=350%2C200 1x, https:\/\/i0.wp.com\/historiografija.hr\/wp-content\/uploads\/2026\/04\/Bracewell-Travelling-Scholarship-.webp?fit=980%2C700&ssl=1&resize=525%2C300 1.5x, https:\/\/i0.wp.com\/historiografija.hr\/wp-content\/uploads\/2026\/04\/Bracewell-Travelling-Scholarship-.webp?fit=980%2C700&ssl=1&resize=700%2C400 2x"},"classes":[]}],"_links":{"self":[{"href":"https:\/\/historiografija.hr\/index.php?rest_route=\/wp\/v2\/posts\/10707","targetHints":{"allow":["GET"]}}],"collection":[{"href":"https:\/\/historiografija.hr\/index.php?rest_route=\/wp\/v2\/posts"}],"about":[{"href":"https:\/\/historiografija.hr\/index.php?rest_route=\/wp\/v2\/types\/post"}],"author":[{"embeddable":true,"href":"https:\/\/historiografija.hr\/index.php?rest_route=\/wp\/v2\/users\/2"}],"replies":[{"embeddable":true,"href":"https:\/\/historiografija.hr\/index.php?rest_route=%2Fwp%2Fv2%2Fcomments&post=10707"}],"version-history":[{"count":1,"href":"https:\/\/historiografija.hr\/index.php?rest_route=\/wp\/v2\/posts\/10707\/revisions"}],"predecessor-version":[{"id":10709,"href":"https:\/\/historiografija.hr\/index.php?rest_route=\/wp\/v2\/posts\/10707\/revisions\/10709"}],"wp:featuredmedia":[{"embeddable":true,"href":"https:\/\/historiografija.hr\/index.php?rest_route=\/wp\/v2\/media\/10708"}],"wp:attachment":[{"href":"https:\/\/historiografija.hr\/index.php?rest_route=%2Fwp%2Fv2%2Fmedia&parent=10707"}],"wp:term":[{"taxonomy":"category","embeddable":true,"href":"https:\/\/historiografija.hr\/index.php?rest_route=%2Fwp%2Fv2%2Fcategories&post=10707"},{"taxonomy":"post_tag","embeddable":true,"href":"https:\/\/historiografija.hr\/index.php?rest_route=%2Fwp%2Fv2%2Ftags&post=10707"}],"curies":[{"name":"wp","href":"https:\/\/api.w.org\/{rel}","templated":true}]}}