{"id":10637,"date":"2018-07-06T16:55:18","date_gmt":"2018-07-06T16:55:18","guid":{"rendered":"http:\/\/historiografija.hr\/?p=10637"},"modified":"2018-07-06T16:55:18","modified_gmt":"2018-07-06T16:55:18","slug":"stijn-vervaet-holocaust-war-and-transnational-memory-testimony-from-yugoslav-and-post-yugoslav-literature","status":"publish","type":"post","link":"https:\/\/historiografija.hr\/?p=10637","title":{"rendered":"Stijn Vervaet, \u201cHolocaust, War and Transnational Memory: Testimony from Yugoslav and Post-Yugoslav Literature\u201d"},"content":{"rendered":"<p>Izdava\u010d Routledge objavio je 2018. godine knjigu Stijna Vervaeta o Holokaustu, ratu i transnacionalnom sje\u0107anju na temelju jugoslavenskih i poslijejugoslavenskih knji\u017eevnih svjedo\u010danstava.<\/p>\n<p>&nbsp;<\/p>\n<p>&#8212;<\/p>\n<p>&nbsp;<\/p>\n<p>&nbsp;<\/p>\n<p><em><strong>Holocaust, War and Transnational Memory<\/strong><\/em><\/p>\n<p>&nbsp;<\/p>\n<p><em><strong>Testimony from Yugoslav and Post-Yugoslav Literature<\/strong><\/em><\/p>\n<p>&nbsp;<\/p>\n<p>By Stijn Vervaet<\/p>\n<p>&nbsp;<\/p>\n<p>2018 \u2013 Routledge<\/p>\n<p>&nbsp;<\/p>\n<p>176 pages<\/p>\n<p>&nbsp;<\/p>\n<p><a href=\"https:\/\/www.routledge.com\/Holocaust-War-and-Transnational-Memory-Testimony-from-Yugoslav-and-Post-Yugoslav\/Vervaet\/p\/book\/9781472478757\">https:\/\/www.routledge.com\/Holocaust-War-and-Transnational-Memory-Testimony-from-Yugoslav-and-Post-Yugoslav\/Vervaet\/p\/book\/9781472478757<\/a><\/p>\n<p>&nbsp;<\/p>\n<p>&nbsp;<\/p>\n<p><strong>Description<\/strong><\/p>\n<p>&nbsp;<\/p>\n<p>&nbsp;<\/p>\n<p>Until now, there has been little scholarly attention given to the ways in which Eastern European Holocaust fiction can contribute to current debates about transnational and transgenerational memory. Yugoslav and post-Yugoslav literary narratives about the Holocaust offer a particularly interesting case because time and again Holocaust memory is represented as intersecting with other stories of extreme violence: with the suffering of the non-Jewish South-Slav population during the Second World War, with the fate of victims of Stalinist terror, and with the victims of ethnic cleansing in the Yugoslav wars of the 1990s.<\/p>\n<p>&nbsp;<\/p>\n<p>This book examines the emergence and transformations of Holocaust memory in the socialist Yugoslav and post-Yugoslav eras. It discusses literary texts about the Holocaust by Yugoslav and post-Yugoslav writers, situating their oeuvre in the historical and discursive context in which it emerged and paying attention to its reception at the time. The book shows how in the writing of different generational groups (the survivor generation, the 1.5, and the second and third generations), the Holocaust is a motif for understanding the nature of extreme violence, locally and globally. The book offers comparative studies of several authors as well as readings of the work of individual writers. It uncovers forgotten authors and discusses internationally well-known and translated authors such as Danilo Ki\u0161 and David Albahari. By focusing on work by Jewish and non-Jewish authors of three generations, it sheds light on the ethical and aesthetical aspects of the transgenerational transmission of Holocaust memory in the Yugoslav context. As such, this book will appeal to both students and scholars of Holocaust studies, cultural memory studies, literary studies, cultural history, cultural sociology, Balkan studies, and Eastern European politics.<\/p>\n<p>&nbsp;<\/p>\n<p>&nbsp;<\/p>\n<p><strong>Reviews<\/strong><\/p>\n<p>&nbsp;<\/p>\n<p>&#8220;Stijn Vervaet\u2019s ground-breaking study not only fills the gaps in the existing literature on the topic, but also opens up new vistas and asks pertinent questions which will serve as signposts for many researchers in years to come. This valuable book deserves a wide readership and a careful reading.&#8221;<\/p>\n<p>&nbsp;<\/p>\n<p><strong><em>Zoran Milutinovic<\/em><\/strong>, University College London, UK<\/p>\n<p>&nbsp;<\/p>\n<p>&nbsp;<\/p>\n<p>&#8220;In Holocaust, War and Transnational Memory, Vervaet creates an archive of Yugoslav literary works in order to trace the complexities, ambiguities and unexpected turns of Holocaust memory. While the argument is about the Yugoslav context, Vervaet\u2019s masterful reading contributes to wider debates about testimony, witnessing and legacies of historical trauma.&#8221;<\/p>\n<p>&nbsp;<\/p>\n<p><strong><em>Emil Kerenji<\/em><\/strong>, Applied Research Scholar at The Jack, Joseph and Morton Mandel Center for Advanced Holocaust Studies of the United States Holocaust Memorial Museum, USA<\/p>\n<p>&nbsp;<\/p>\n<p>&nbsp;<\/p>\n<p><strong>Table of Contents<\/strong><\/p>\n<p>&nbsp;<\/p>\n<p>List of Figures<\/p>\n<p>&nbsp;<\/p>\n<p>Acknowledgements<\/p>\n<p>&nbsp;<\/p>\n<p>Introduction<\/p>\n<p>&nbsp;<\/p>\n<p>Part I The Generation of Survivors<\/p>\n<p>&nbsp;<\/p>\n<ol>\n<li>Holocaust Testimony in Socialist Yugoslavia<\/li>\n<\/ol>\n<p>&nbsp;<\/p>\n<ol start=\"2\">\n<li>Staging the Holocaust in the Land of Brotherhood and Unity: \u0110or\u0111e Lebovi\u0107\u2019s Holocaust Dramas<\/li>\n<\/ol>\n<p>&nbsp;<\/p>\n<ol start=\"3\">\n<li>Ilija Jakovljevi\u0107\u2019s Poetry of Testimony<\/li>\n<\/ol>\n<p>&nbsp;<\/p>\n<p>Part II The 1.5 Generation<\/p>\n<p>&nbsp;<\/p>\n<ol start=\"4\">\n<li>Writing the Subject after the Holocaust: Konstantinovi\u0107\u2019s Ahasver, or Treatise about a Beer Bottle<\/li>\n<\/ol>\n<p>&nbsp;<\/p>\n<ol start=\"5\">\n<li>The Gulag and The Holocaust in Danilo Ki\u0161\u2019s A Tomb for Boris Davidovich<\/li>\n<\/ol>\n<p>&nbsp;<\/p>\n<p>Part III The Second and Third Generations<\/p>\n<p>&nbsp;<\/p>\n<ol start=\"6\">\n<li>Entangled Histories: Family Memories and the\u3000Representation of the Holocaust in the Work of David Albahari<\/li>\n<\/ol>\n<p>&nbsp;<\/p>\n<ol start=\"7\">\n<li>Berlin Encounters: The Yugoslav Wars of the 1990s through the Lens of the Holocaust<\/li>\n<\/ol>\n<p>&nbsp;<\/p>\n<ol start=\"8\">\n<li>Between Local and Global Politics of Memory: Holocaust Remembrance in Contemporary Serbian Prose Fiction and Film<\/li>\n<\/ol>\n<p>&nbsp;<\/p>\n<p>Concluding Remarks<\/p>\n<p>&nbsp;<\/p>\n<p>&nbsp;<\/p>\n<p><strong>About the Author<\/strong><\/p>\n<p>&nbsp;<\/p>\n<p>Stijn Vervaet is an Associate Professor in Bosnian\/Croatian\/Serbian and Balkan Studies in the Department of Literature, Area Studies, and European Languages at the University of Oslo, Norway.<\/p>\n<p>&nbsp;<\/p>\n<p>&nbsp;<\/p>\n<p>&nbsp;<\/p>\n<p>&nbsp;<\/p>\n<p>&nbsp;<\/p>\n<p>&nbsp;<\/p>\n","protected":false},"excerpt":{"rendered":"","protected":false},"author":2,"featured_media":10638,"comment_status":"open","ping_status":"open","sticky":false,"template":"","format":"standard","meta":{"_acf_changed":false,"jetpack_post_was_ever_published":false,"_jetpack_newsletter_access":"","_jetpack_dont_email_post_to_subs":false,"_jetpack_newsletter_tier_id":0,"_jetpack_memberships_contains_paywalled_content":false,"_jetpack_memberships_contains_paid_content":false,"footnotes":"","jetpack_publicize_message":"","jetpack_publicize_feature_enabled":true,"jetpack_social_post_already_shared":true,"jetpack_social_options":{"image_generator_settings":{"template":"highway","default_image_id":0,"font":"","enabled":false},"version":2}},"categories":[8,3],"tags":[],"class_list":["post-10637","post","type-post","status-publish","format-standard","has-post-thumbnail","hentry","category-knjige","category-novosti"],"acf":{"facebook_opis":""},"jetpack_publicize_connections":[],"jetpack_featured_media_url":"https:\/\/i0.wp.com\/historiografija.hr\/wp-content\/uploads\/2018\/07\/Vervaet.jpg?fit=281%2C425&ssl=1","jetpack_sharing_enabled":true,"jetpack-related-posts":[{"id":52580,"url":"https:\/\/historiografija.hr\/?p=52580","url_meta":{"origin":10637,"position":0},"title":"Conference &#8220;Living in the aftermaths: Trauma, politics and survival in Yugoslavia and successor states, 1945 \u2013 present&#8221;","author":"Branimir Jankovi\u0107","date":"21. travnja 2026.","format":false,"excerpt":"The conference aims to explore how war-related psychological distress was experienced, narrated, debated and reframed in Yugoslavia in the second half of the twentieth century. It asks how the theme of wounded psyche and wartime suffering was addressed and acknowledged in political, psychiatric and broader cultural discourses of socialist Yugoslavia,\u2026","rel":"","context":"U &quot;Novosti&quot;","block_context":{"text":"Novosti","link":"https:\/\/historiografija.hr\/?cat=3"},"img":{"alt_text":"","src":"https:\/\/i0.wp.com\/historiografija.hr\/wp-content\/uploads\/2026\/04\/Battle_of_Neretva_Picasso_poster-Conference-Living-in-the-aftermaths.webp?fit=564%2C954&ssl=1&resize=350%2C200","width":350,"height":200,"srcset":"https:\/\/i0.wp.com\/historiografija.hr\/wp-content\/uploads\/2026\/04\/Battle_of_Neretva_Picasso_poster-Conference-Living-in-the-aftermaths.webp?fit=564%2C954&ssl=1&resize=350%2C200 1x, https:\/\/i0.wp.com\/historiografija.hr\/wp-content\/uploads\/2026\/04\/Battle_of_Neretva_Picasso_poster-Conference-Living-in-the-aftermaths.webp?fit=564%2C954&ssl=1&resize=525%2C300 1.5x"},"classes":[]},{"id":52516,"url":"https:\/\/historiografija.hr\/?p=52516","url_meta":{"origin":10637,"position":1},"title":"Marko Grde\u0161i\u0107, Mislav \u017ditko, \u201eSocialist Economics in Yugoslavia: A Critical History\u201c","author":"Branimir Jankovi\u0107","date":"17. travnja 2026.","format":false,"excerpt":"This book presents a critical history of Yugoslav socialist economics, from its inception in the late 1940s to its dissolution in the late 1980s. After the dramatic break with the Soviet Union in 1948, Yugoslavia found itself in urgent need of a third way: A socialist trajectory which would not\u2026","rel":"","context":"U &quot;Knjige&quot;","block_context":{"text":"Knjige","link":"https:\/\/historiografija.hr\/?cat=8"},"img":{"alt_text":"","src":"https:\/\/i0.wp.com\/historiografija.hr\/wp-content\/uploads\/2026\/04\/Zitko_Grdesic.jpg?fit=350%2C535&ssl=1&resize=350%2C200","width":350,"height":200},"classes":[]},{"id":52625,"url":"https:\/\/historiografija.hr\/?p=52625","url_meta":{"origin":10637,"position":2},"title":"Omer Bartov, \u201eIsrael: What Went Wrong?\u201c","author":"Branimir Jankovi\u0107","date":"23. travnja 2026.","format":false,"excerpt":"Professor Omer Bartov was born on a kibbutz, grew up in Tel Aviv and served in the Israel Defence Forces during the Yom Kippur War. He went on to become an expert on the German army and the Holocaust, before turning his attention to his native country.In Israel: What Went\u2026","rel":"","context":"U &quot;Knjige&quot;","block_context":{"text":"Knjige","link":"https:\/\/historiografija.hr\/?cat=8"},"img":{"alt_text":"","src":"https:\/\/i0.wp.com\/historiografija.hr\/wp-content\/uploads\/2026\/04\/Bartov.jpeg?fit=320%2C500&ssl=1&resize=350%2C200","width":350,"height":200},"classes":[]},{"id":52641,"url":"https:\/\/historiografija.hr\/?p=52641","url_meta":{"origin":10637,"position":3},"title":"CfP: WHO OWNS THE PAST? VERNACULAR MEMORY, STATE MEMORY, AND THE POLITICS OF OWNERSHIP","author":"Branimir Jankovi\u0107","date":"24. travnja 2026.","format":false,"excerpt":"VIENNA, 31ST AUGUST\u20133RD SEPTEMBER 2026 (DEADLINE: 24TH APRIL 2026) The Center for Austrian Studies at the European Forum at the Hebrew University and the Austrian Academy of Sciences\/Institute of Culture Studies invite early postdocs, PhD candidates, and advanced Master\u2019s students from the Hebrew University of Jerusalem and universities and academic\u2026","rel":"","context":"U &quot;Novosti&quot;","block_context":{"text":"Novosti","link":"https:\/\/historiografija.hr\/?cat=3"},"img":{"alt_text":"","src":"https:\/\/i0.wp.com\/historiografija.hr\/wp-content\/uploads\/2017\/10\/hsozkult.png?fit=1006%2C241&ssl=1&resize=350%2C200","width":350,"height":200,"srcset":"https:\/\/i0.wp.com\/historiografija.hr\/wp-content\/uploads\/2017\/10\/hsozkult.png?fit=1006%2C241&ssl=1&resize=350%2C200 1x, https:\/\/i0.wp.com\/historiografija.hr\/wp-content\/uploads\/2017\/10\/hsozkult.png?fit=1006%2C241&ssl=1&resize=525%2C300 1.5x, https:\/\/i0.wp.com\/historiografija.hr\/wp-content\/uploads\/2017\/10\/hsozkult.png?fit=1006%2C241&ssl=1&resize=700%2C400 2x"},"classes":[]},{"id":52664,"url":"https:\/\/historiografija.hr\/?p=52664","url_meta":{"origin":10637,"position":4},"title":"CfP: CONFERENCE OF THE HISTORY OF CONCEPTS GROUP, HELSINKI, 19TH\u201321ST AUGUST 2026 (DEADLINE: 30TH APRIL 2026)","author":"Branimir Jankovi\u0107","date":"24. travnja 2026.","format":false,"excerpt":"The annual conference of the History of Concepts Group is held at the University of Helsinki, 19-21 August 2026. Conference of the History of Concepts Group Conceptual history studies the use of concepts and tries to understand how historical actors have linguistically articulated views of the world. Studying concepts from\u2026","rel":"","context":"U &quot;Novosti&quot;","block_context":{"text":"Novosti","link":"https:\/\/historiografija.hr\/?cat=3"},"img":{"alt_text":"","src":"https:\/\/i0.wp.com\/historiografija.hr\/wp-content\/uploads\/2017\/10\/hsozkult.png?fit=1006%2C241&ssl=1&resize=350%2C200","width":350,"height":200,"srcset":"https:\/\/i0.wp.com\/historiografija.hr\/wp-content\/uploads\/2017\/10\/hsozkult.png?fit=1006%2C241&ssl=1&resize=350%2C200 1x, https:\/\/i0.wp.com\/historiografija.hr\/wp-content\/uploads\/2017\/10\/hsozkult.png?fit=1006%2C241&ssl=1&resize=525%2C300 1.5x, https:\/\/i0.wp.com\/historiografija.hr\/wp-content\/uploads\/2017\/10\/hsozkult.png?fit=1006%2C241&ssl=1&resize=700%2C400 2x"},"classes":[]},{"id":52520,"url":"https:\/\/historiografija.hr\/?p=52520","url_meta":{"origin":10637,"position":5},"title":"Predstavljanje knjige &#8220;Socialist Economics in Yugoslavia: A Critical History&#8221; u Zagrebu","author":"Branimir Jankovi\u0107","date":"17. travnja 2026.","format":false,"excerpt":"Pozivamo vas na predstavljanje knjige \"Socialist Economics in Yugoslavia: A Critical History\", autora Mislava \u00a0\u017ditka i Marka Grde\u0161i\u0107a (Routledge, 2026). Na predstavljanju \u0107e govoriti Branko Milanovi\u0107 (CUNY), Milica Uvali\u0107 (EUI), Zdravko Petak (FPZG) te autori.\u00a0 Predstavljanje \u0107e se odr\u017eati u srijedu 22. travnja u 16:00 sati na Fakultetu politi\u010dkih znanosti\u2026","rel":"","context":"U &quot;Novosti&quot;","block_context":{"text":"Novosti","link":"https:\/\/historiografija.hr\/?cat=3"},"img":{"alt_text":"","src":"https:\/\/i0.wp.com\/historiografija.hr\/wp-content\/uploads\/2026\/04\/Poziv-na-predstavljanje.png?fit=800%2C652&ssl=1&resize=350%2C200","width":350,"height":200,"srcset":"https:\/\/i0.wp.com\/historiografija.hr\/wp-content\/uploads\/2026\/04\/Poziv-na-predstavljanje.png?fit=800%2C652&ssl=1&resize=350%2C200 1x, https:\/\/i0.wp.com\/historiografija.hr\/wp-content\/uploads\/2026\/04\/Poziv-na-predstavljanje.png?fit=800%2C652&ssl=1&resize=525%2C300 1.5x, https:\/\/i0.wp.com\/historiografija.hr\/wp-content\/uploads\/2026\/04\/Poziv-na-predstavljanje.png?fit=800%2C652&ssl=1&resize=700%2C400 2x"},"classes":[]}],"_links":{"self":[{"href":"https:\/\/historiografija.hr\/index.php?rest_route=\/wp\/v2\/posts\/10637","targetHints":{"allow":["GET"]}}],"collection":[{"href":"https:\/\/historiografija.hr\/index.php?rest_route=\/wp\/v2\/posts"}],"about":[{"href":"https:\/\/historiografija.hr\/index.php?rest_route=\/wp\/v2\/types\/post"}],"author":[{"embeddable":true,"href":"https:\/\/historiografija.hr\/index.php?rest_route=\/wp\/v2\/users\/2"}],"replies":[{"embeddable":true,"href":"https:\/\/historiografija.hr\/index.php?rest_route=%2Fwp%2Fv2%2Fcomments&post=10637"}],"version-history":[{"count":1,"href":"https:\/\/historiografija.hr\/index.php?rest_route=\/wp\/v2\/posts\/10637\/revisions"}],"predecessor-version":[{"id":10639,"href":"https:\/\/historiografija.hr\/index.php?rest_route=\/wp\/v2\/posts\/10637\/revisions\/10639"}],"wp:featuredmedia":[{"embeddable":true,"href":"https:\/\/historiografija.hr\/index.php?rest_route=\/wp\/v2\/media\/10638"}],"wp:attachment":[{"href":"https:\/\/historiografija.hr\/index.php?rest_route=%2Fwp%2Fv2%2Fmedia&parent=10637"}],"wp:term":[{"taxonomy":"category","embeddable":true,"href":"https:\/\/historiografija.hr\/index.php?rest_route=%2Fwp%2Fv2%2Fcategories&post=10637"},{"taxonomy":"post_tag","embeddable":true,"href":"https:\/\/historiografija.hr\/index.php?rest_route=%2Fwp%2Fv2%2Ftags&post=10637"}],"curies":[{"name":"wp","href":"https:\/\/api.w.org\/{rel}","templated":true}]}}