{"id":10627,"date":"2018-07-05T12:16:25","date_gmt":"2018-07-05T12:16:25","guid":{"rendered":"http:\/\/historiografija.hr\/?p=10627"},"modified":"2018-07-05T12:16:25","modified_gmt":"2018-07-05T12:16:25","slug":"armando-pitasio-marko-dogo-prir-gradovi-balkana-gradovi-evrope-studije-o-urbanom-razvoju-postosmanskih-prestonica-1830-1923","status":"publish","type":"post","link":"https:\/\/historiografija.hr\/?p=10627","title":{"rendered":"Armando Pitasio, Marko Dogo (prir.), \u201cGradovi Balkana, gradovi Evrope. Studije o urbanom razvoju postosmanskih prestonica 1830-1923.\u201d"},"content":{"rendered":"<p>Izdava\u010dka ku\u0107a Clio iz Beograda objavila je 2018. godine (u prijevodu s talijanskog) zbornik koji \u201cispituje sli\u010dnosti i razlike u procesima planiranja, izgradnje, ure\u0111enja, organizacije i ulep\u0161avanja gradova Evrope i Balkana\u201d.<\/p>\n<p>&nbsp;<\/p>\n<p>&#8212;<\/p>\n<p>&nbsp;<\/p>\n<p><strong>GRADOVI BALKANA, GRADOVI EVROPE &#8211; Studije o urbanom razvoju postosmanskih prestonica 1830-1923.<\/strong><\/p>\n<p>&nbsp;<\/p>\n<p>Prevela sa italijanskog Alenka Zde\u0161ar \u2013 \u0106irilovi\u0107<\/p>\n<p>&nbsp;<\/p>\n<p>Priredili Armando Pitasio, Marko Dogo<\/p>\n<p>&nbsp;<\/p>\n<p>&nbsp;<\/p>\n<p><em>Okupljaju\u0107i radove autora razli\u010ditog profila \u2013 istori\u010dara, istori\u010dara umetnosti i istori\u010dara\/teoreti\u010dara arhitekture \u2013 ovaj zbornik ispituje sli\u010dnosti i razlike u procesima planiranja, izgradnje, ure\u0111enja, organizacije i ulep\u0161avanja gradova Evrope i Balkana<\/em><\/p>\n<p>&nbsp;<\/p>\n<p>&nbsp;<\/p>\n<p><strong>O knjizi<\/strong><\/p>\n<p>&nbsp;<\/p>\n<p>Bilo da je re\u010d o ru\u0161enju srednjovekovnih zidina ili uklanjanju starih \u010detvrti iz osmanskog perioda, jasno je da su gradovi Balkana i Evrope, svaki sa svog istorijskog, politi\u010dkog i kulturolo\u0161kog polazi\u0161ta, prolazili kroz sli\u010dne procese radikalnog preosmi\u0161ljavanja. Te transformacije gradova, koje su planski sprovo\u0111ene u XIX veku, bile su klju\u010dni doga\u0111aji urbane istorije. Upravo njima je strukturalno i vizuelno definisana sama ideja grada, koja i danas \u010dini va\u017ean deo kolektivnog identiteta i savremene urbane kulture.<\/p>\n<p>Okupljaju\u0107i radove autora razli\u010ditog profila \u2013 istori\u010dara, istori\u010dara umetnosti i istori\u010dara\/teoreti\u010dara arhitekture \u2013 ovaj zbornik ispituje sli\u010dnosti i razlike u procesima planiranja, izgradnje, ure\u0111enja, organizacije i ulep\u0161avanja gradova Evrope i Balkana. Istra\u017euju\u0107i devetnaestovekovne koncepte pojma \u201emodernizacije\u201c, kao i njegovo razli\u010dito razumevanje u pojedinim dr\u017eavama i regijama, knjiga osvetljava pojedina\u010dne slu\u010dajeve planske urbanizacije i restruktuiranja gradova Zapadne i Srednje Evrope, kao i onih na Balkanu: Atine, Sofije, Rusea, Bukure\u0161ta i Beograda.<\/p>\n<p>&nbsp;<\/p>\n<p><strong>Sadr\u017eaj<\/strong><\/p>\n<p>&nbsp;<\/p>\n<p>Marko Dogo i Armando Pitasio<\/p>\n<p>Uvod<\/p>\n<p>&nbsp;<\/p>\n<p>I Alberto Groman: Od devetnaestog do po\u010detaka dvadesetog veka:<\/p>\n<p>pore\u0111enje modela urbanog preobra\u017eaja u Zapadnoj Evropi<\/p>\n<ol>\n<li>Svet koji se menja<\/li>\n<li>Prestonice: London<\/li>\n<li>Slu\u010daj Pariza<\/li>\n<li>Slu\u010daj Be\u010da<\/li>\n<li>Tri prestonice Kraljevine Italije: Torino, Firenca, Rim<\/li>\n<\/ol>\n<p>&nbsp;<\/p>\n<p>II Kristina Agriantoni: Drevnost kao savremenost: preobra\u017eaj Atine u glavni grad<\/p>\n<ol>\n<li>Prvi urbanisti\u010dki planovi za Atinu<\/li>\n<li>Atinski neoklasi\u010dni stil<\/li>\n<li>Grad i stanovni\u0161tvo<\/li>\n<\/ol>\n<p>&nbsp;<\/p>\n<p>III Bojan Mitrovi\u0107: Nacionalni polis? Uloga Beograda u srpskoj istoriji (1830\u20131914)<\/p>\n<ol>\n<li>Konkurencija Kragujevca i formiranje moderne dr\u017eave<\/li>\n<li>Prestonica dr\u017eave i prestonica nacije: upore\u0111ivanje sa Novim Sadom u oblasti kulture<\/li>\n<li>Politi\u010dko suo\u010davanje sa Novim Sadom<\/li>\n<\/ol>\n<p>&nbsp;<\/p>\n<p>IV Milan Ristovi\u0107: Beograd, glavni grad na granici<\/p>\n<ol>\n<li>Od turske pograni\u010dne tvr\u0111ave do srpske prestonice<\/li>\n<li>Stanovni\u0161tvo, njegov sastav, promene<\/li>\n<li>Od podeljenog grada do prestonice nezavisne Srbije<\/li>\n<li>Dug put od grada trgovaca i zanatlija do modernog privrednog sredi\u0161ta<\/li>\n<li>Rat i njegove posledice; jugoslovenska prestonica<\/li>\n<\/ol>\n<p>&nbsp;<\/p>\n<p>V Katarina Mitrovi\u0107: Evropeizacija i identitet: vizuelna kultura i svakodnevni \u017eivot u Beogradu u XIX veku<\/p>\n<ol>\n<li>Prestonica nove dr\u017eave: nametnuta urbanizacija i otpor dru\u0161tva<\/li>\n<li>\u201ePotro\u0161a\u010dka kultura\u201c i gra\u0111anski ideali<\/li>\n<li>Tradicija i izazovi modernizacije<\/li>\n<\/ol>\n<p>&nbsp;<\/p>\n<p>VI Marko Dogo: Nedovr\u0161eni temelji modernog Beograda: spone zavisnosti<\/p>\n<ol>\n<li>Tvr\u0111ava<\/li>\n<li>Grad<\/li>\n<li>Prestonica<\/li>\n<li>Kraj me\u0161ovite srpsko-turske uprave<\/li>\n<li>Moderna evropska prestonica?<\/li>\n<\/ol>\n<p>&nbsp;<\/p>\n<p>VII Ljiljana Blagojevi\u0107: Urbano ure\u0111enje Beograda 1867: Tragovi umesto brisanja<\/p>\n<ol>\n<li>Uvodna bele\u0161ka<\/li>\n<li>Arhitektura i urbanisti\u010dko planiranje Beograda u oslobo\u0111enoj Srbiji<\/li>\n<\/ol>\n<ol start=\"3\">\n<li>Predlog Emilijana Josimovi\u0107a za urbanisti\u010dko regulisanje Beograda<\/li>\n<\/ol>\n<ol start=\"4\">\n<li>Urbanisti\u010dko planiranje u dvadesetom veku: nove paradigme<\/li>\n<\/ol>\n<p>&nbsp;<\/p>\n<p>VIII Armando Pitasio: Prestonica Sofija i njeni arhitekti<\/p>\n<ol>\n<li>Prestonica Sofija i njena radikalna transformacija<\/li>\n<li>Protagonisti. Strani arhitekti, in\u017eenjeri, urbanisti, projektanti parkova<\/li>\n<li>Protagonisti. Bugarski arhitekti i in\u017eenjeri<\/li>\n<\/ol>\n<p>&nbsp;<\/p>\n<p>IX Martin Ivanov: Neformalne prestonice istoka: Ruse<\/p>\n<ol>\n<li>Uvod<\/li>\n<li>Osmanski glavni gradovi na razme\u0111i<\/li>\n<li>Grad Ru\u0161\u010duk<\/li>\n<li>Stanovnici Ru\u0161\u010duka<\/li>\n<li>Neformalna prestonica<\/li>\n<li>Grad Ruse<\/li>\n<li>Stanovnici Rusea<\/li>\n<\/ol>\n<p>&nbsp;<\/p>\n<p>X Emanuela Kostantini: Razvoj Bukure\u0161ta 1830\u20131859.<\/p>\n<ol>\n<li>Istorijski kontekst<\/li>\n<li>Bukure\u0161t kao politi\u010dki i administrativni centar<\/li>\n<li>Urbanisti\u010dko i arhitektonsko preure\u0111ivanje<\/li>\n<li>Intervencije na infrastrukturi<\/li>\n<li>Ekonomska i dru\u0161tvena dinamika grada<\/li>\n<li>Zaklju\u010dci<\/li>\n<\/ol>\n<p>&nbsp;<\/p>\n<p>XI \u0110uzepe \u010cina: Po\u010detak modernosti: urbanizam i arhitektura u Bukure\u0161tu od XIX do po\u010detka XX veka<\/p>\n<ol>\n<li>Grad pre modernizacije<\/li>\n<li>Gradnja modernog grada<\/li>\n<li>Prostorne i funkcionalne matrice transformacije<\/li>\n<li>Nova moderna, izme\u0111u tradicije i inovacije<\/li>\n<\/ol>\n<p>&nbsp;<\/p>\n<p>XII Katrin Orel: Uvo\u0111enje zapadnih ideja u Budimpe\u0161tu na pragu XX veka: modernizacija i postojanje struktura karakteristi\u010dnih za Centralnu Evropu<\/p>\n<ol>\n<li>Uvo\u0111enje zapadnih ideja u Budimpe\u0161tu u vreme liberalizma<\/li>\n<li>Dvosmisleni trijumf Milenijuma<\/li>\n<\/ol>\n<p>&nbsp;<\/p>\n<p>Indeks imena<\/p>\n<p>&nbsp;<\/p>\n<p><strong>\u00a0<\/strong><\/p>\n<p><strong>O prire\u0111iva\u010dima<\/strong><\/p>\n<p>&nbsp;<\/p>\n<p>Armando Pitasio:<\/p>\n<p>Vi\u0161e od dve decenije je predavao istoriju Isto\u010dne Evrope na Fakultetu politi\u010dkih nauka u Peru\u0111i. U svojim istra\u017eivanjima i brojnim delima najvi\u0161e pa\u017enje posvetio je politi\u010dkoj istoriji balkanskih prostora i naroda Isto\u010dne Evrope.<\/p>\n<p>&nbsp;<\/p>\n<p>&nbsp;<\/p>\n<p>Marko Dogo:<\/p>\n<p>Italijanski istori\u010dar, dugogodi\u0161nji je profesor istorije Isto\u010dne Evrope na Odeljenju za humanisti\u010dke nauke Univerziteta u Trstu. Bavi se istra\u017eivanjima seoba na prostoru Balkanu i procesima osavremenjivanja u nacionalnim dr\u017eavama Jugoisto\u010dne Evrope.<\/p>\n<p>&nbsp;<\/p>\n<p>&nbsp;<\/p>\n<p>Razgovor o knjizi:<\/p>\n<p><a href=\"http:\/\/clio.rs\/GRADOVI-BALKANA-GRADOVI-EVROPE_Dogadjaj_99923\">http:\/\/clio.rs\/GRADOVI-BALKANA-GRADOVI-EVROPE_Dogadjaj_99923<\/a><\/p>\n<p>&nbsp;<\/p>\n<p>Izvor:<\/p>\n<p><a href=\"http:\/\/clio.rs\/GRADOVI-BALKANA-GRADOVI-EVROPE-Studije-o-urbanom-razvoju-postosmanskih-prestonica-1830-1923._Knjiga_99921\">http:\/\/clio.rs\/GRADOVI-BALKANA-GRADOVI-EVROPE-Studije-o-urbanom-razvoju-postosmanskih-prestonica-1830-1923._Knjiga_99921<\/a><\/p>\n<p>&nbsp;<\/p>\n<p>&nbsp;<\/p>\n","protected":false},"excerpt":{"rendered":"","protected":false},"author":2,"featured_media":10628,"comment_status":"open","ping_status":"open","sticky":false,"template":"","format":"standard","meta":{"_acf_changed":false,"jetpack_post_was_ever_published":false,"_jetpack_newsletter_access":"","_jetpack_dont_email_post_to_subs":false,"_jetpack_newsletter_tier_id":0,"_jetpack_memberships_contains_paywalled_content":false,"_jetpack_memberships_contains_paid_content":false,"footnotes":"","jetpack_publicize_message":"","jetpack_publicize_feature_enabled":true,"jetpack_social_post_already_shared":true,"jetpack_social_options":{"image_generator_settings":{"template":"highway","default_image_id":0,"font":"","enabled":false},"version":2}},"categories":[8,3],"tags":[],"class_list":["post-10627","post","type-post","status-publish","format-standard","has-post-thumbnail","hentry","category-knjige","category-novosti"],"acf":{"facebook_opis":""},"jetpack_publicize_connections":[],"jetpack_featured_media_url":"https:\/\/i0.wp.com\/historiografija.hr\/wp-content\/uploads\/2018\/07\/GRADOVI-BALKANA-GRADOVI-EVROPE.jpg?fit=1901%2C2611&ssl=1","jetpack_sharing_enabled":true,"jetpack-related-posts":[{"id":52657,"url":"https:\/\/historiografija.hr\/?p=52657","url_meta":{"origin":10627,"position":0},"title":"[Predavanje] Jezik i drugost u (post)socijalisti\u010dkoj Srbiji: diskurzivne politike identiteta (YugoLab)","author":"Branimir Jankovi\u0107","date":"24. travnja 2026.","format":false,"excerpt":"U sklopu projekta Prizma \/ IMAGINATION (\u201eZami\u0161ljanje nacije: srpski nacionalni narativi u sporu (XX\u2013XXI vek)\u201c), koji se realizuje na Institutu za filozofiju i dru\u0161tvenu teoriju Univerziteta u Beogradu (2024\u20132027) uz finansijsku podr\u0161ku Fonda za nauku Republike Srbije, organizuje se serija predavanja na kojoj istra\u017eiva\u010di i istra\u017eiva\u010dice projekta predstavljaju rezultate svojih\u2026","rel":"","context":"U &quot;Novosti&quot;","block_context":{"text":"Novosti","link":"https:\/\/historiografija.hr\/?cat=3"},"img":{"alt_text":"","src":"https:\/\/i0.wp.com\/historiografija.hr\/wp-content\/uploads\/2026\/04\/IFDT_28_IV.png?fit=1200%2C675&ssl=1&resize=350%2C200","width":350,"height":200,"srcset":"https:\/\/i0.wp.com\/historiografija.hr\/wp-content\/uploads\/2026\/04\/IFDT_28_IV.png?fit=1200%2C675&ssl=1&resize=350%2C200 1x, https:\/\/i0.wp.com\/historiografija.hr\/wp-content\/uploads\/2026\/04\/IFDT_28_IV.png?fit=1200%2C675&ssl=1&resize=525%2C300 1.5x, https:\/\/i0.wp.com\/historiografija.hr\/wp-content\/uploads\/2026\/04\/IFDT_28_IV.png?fit=1200%2C675&ssl=1&resize=700%2C400 2x, https:\/\/i0.wp.com\/historiografija.hr\/wp-content\/uploads\/2026\/04\/IFDT_28_IV.png?fit=1200%2C675&ssl=1&resize=1050%2C600 3x"},"classes":[]},{"id":52528,"url":"https:\/\/historiografija.hr\/?p=52528","url_meta":{"origin":10627,"position":1},"title":"[Promocija knjige] Banja Luka u ratu: Etnopolitika i svakodnevica (1990\u20131995) (ActiveLab, YugoLab)","author":"Branimir Jankovi\u0107","date":"17. travnja 2026.","format":false,"excerpt":"Institut za filozofiju i dru\u0161tvenu teoriju i O\u0161tra Nula organizuju promociju knjige Banja Luka u ratu: Etnopolitika i svakodnevica (1990\u20131995) autorke Armine Galija\u0161, koja \u0107e se odr\u017eati 20. aprila 2026. u 12.00 sati u prostorijama Instituta (Kraljice Natalije 45, Beograd). Re\u010d je o prvom nau\u010dno utemeljenom i sistematskom radu koji\u2026","rel":"","context":"U &quot;Novosti&quot;","block_context":{"text":"Novosti","link":"https:\/\/historiografija.hr\/?cat=3"},"img":{"alt_text":"","src":"https:\/\/i0.wp.com\/historiografija.hr\/wp-content\/uploads\/2026\/04\/20-april-RS.jpg?fit=1200%2C675&ssl=1&resize=350%2C200","width":350,"height":200,"srcset":"https:\/\/i0.wp.com\/historiografija.hr\/wp-content\/uploads\/2026\/04\/20-april-RS.jpg?fit=1200%2C675&ssl=1&resize=350%2C200 1x, https:\/\/i0.wp.com\/historiografija.hr\/wp-content\/uploads\/2026\/04\/20-april-RS.jpg?fit=1200%2C675&ssl=1&resize=525%2C300 1.5x, https:\/\/i0.wp.com\/historiografija.hr\/wp-content\/uploads\/2026\/04\/20-april-RS.jpg?fit=1200%2C675&ssl=1&resize=700%2C400 2x, https:\/\/i0.wp.com\/historiografija.hr\/wp-content\/uploads\/2026\/04\/20-april-RS.jpg?fit=1200%2C675&ssl=1&resize=1050%2C600 3x"},"classes":[]},{"id":52502,"url":"https:\/\/historiografija.hr\/?p=52502","url_meta":{"origin":10627,"position":2},"title":"Novi znanstveni projekt Hrvatskog instituta za povijest: \u201c\u017drtve ratova i dr\u017eavnog\/politi\u010dkog nasilja u hrvatskoj povijesti 20. stolje\u0107a\u201d","author":"Branimir Jankovi\u0107","date":"17. travnja 2026.","format":false,"excerpt":"Na redovitoj sjednici Vlade RH, 16. travnja 2026., donijet je Zaklju\u010dak kojim se pokre\u0107e znanstveni projekt \u201c\u017drtve ratova i dr\u017eavnog\/politi\u010dkog nasilja u hrvatskoj povijesti 20. stolje\u0107a\u201d. Projekt \u0107e provoditi i koordinirati Hrvatski institut za povijest u razdoblju trajanja projekta od pet godina. Zakljucak Vlade RH Iz teksta projektnog prijedloga: Problematika\u2026","rel":"","context":"U &quot;Novosti&quot;","block_context":{"text":"Novosti","link":"https:\/\/historiografija.hr\/?cat=3"},"img":{"alt_text":"","src":"https:\/\/i0.wp.com\/historiografija.hr\/wp-content\/uploads\/2026\/04\/Vlada-RH.jpg?fit=1200%2C557&ssl=1&resize=350%2C200","width":350,"height":200,"srcset":"https:\/\/i0.wp.com\/historiografija.hr\/wp-content\/uploads\/2026\/04\/Vlada-RH.jpg?fit=1200%2C557&ssl=1&resize=350%2C200 1x, https:\/\/i0.wp.com\/historiografija.hr\/wp-content\/uploads\/2026\/04\/Vlada-RH.jpg?fit=1200%2C557&ssl=1&resize=525%2C300 1.5x, https:\/\/i0.wp.com\/historiografija.hr\/wp-content\/uploads\/2026\/04\/Vlada-RH.jpg?fit=1200%2C557&ssl=1&resize=700%2C400 2x, https:\/\/i0.wp.com\/historiografija.hr\/wp-content\/uploads\/2026\/04\/Vlada-RH.jpg?fit=1200%2C557&ssl=1&resize=1050%2C600 3x"},"classes":[]},{"id":52592,"url":"https:\/\/historiografija.hr\/?p=52592","url_meta":{"origin":10627,"position":3},"title":"Predstavljanje knjige &#8220;Turska ku\u0107a u Rijeci&#8221; u Zagrebu","author":"Branimir Jankovi\u0107","date":"22. travnja 2026.","format":false,"excerpt":"U prostorijama Turskog kulturnog centra Yunus Emre u Zagrebu, u utorak 21. travnja 2026. godine, odr\u017eano je sve\u010dano predstavljanje dopunjenog izdanja knjige Turska ku\u0107a u Rijeci, u organizaciji Hrvatsko-turskog dru\u0161tva Rijeka i partnerstvu sa Skupinom prijateljstva Hrvatska-Turska Hrvatskog sabora, Veleposlanstvom Republike Turske u Republici Hrvatskoj te Turskim kulturnim centrom Yunus\u2026","rel":"","context":"U &quot;Novosti&quot;","block_context":{"text":"Novosti","link":"https:\/\/historiografija.hr\/?cat=3"},"img":{"alt_text":"","src":"https:\/\/i0.wp.com\/historiografija.hr\/wp-content\/uploads\/2026\/04\/Turska-kuca-ZG.jpg?fit=1200%2C800&ssl=1&resize=350%2C200","width":350,"height":200,"srcset":"https:\/\/i0.wp.com\/historiografija.hr\/wp-content\/uploads\/2026\/04\/Turska-kuca-ZG.jpg?fit=1200%2C800&ssl=1&resize=350%2C200 1x, https:\/\/i0.wp.com\/historiografija.hr\/wp-content\/uploads\/2026\/04\/Turska-kuca-ZG.jpg?fit=1200%2C800&ssl=1&resize=525%2C300 1.5x, https:\/\/i0.wp.com\/historiografija.hr\/wp-content\/uploads\/2026\/04\/Turska-kuca-ZG.jpg?fit=1200%2C800&ssl=1&resize=700%2C400 2x, https:\/\/i0.wp.com\/historiografija.hr\/wp-content\/uploads\/2026\/04\/Turska-kuca-ZG.jpg?fit=1200%2C800&ssl=1&resize=1050%2C600 3x"},"classes":[]},{"id":52569,"url":"https:\/\/historiografija.hr\/?p=52569","url_meta":{"origin":10627,"position":4},"title":"[Predavanje] Ne \u010dekaju\u0107i inspiraciju \u2013 anga\u017eovane intelektualne, kulturalne i umetni\u010dke prakse u me\u0111uratnom periodu: teorija i praksa kriti\u010dke levice u jugoslovenskoj kulturi (YugoLab)","author":"Branimir Jankovi\u0107","date":"21. travnja 2026.","format":false,"excerpt":"U vreme agresivnog ja\u010danja globalne desnice, (pro)fa\u0161isti\u010dkih, rasisti\u010dkih i imperijalisti\u010dkih politika, dok je istovremeno globalna levica izrazito slaba, a progresivni pokreti atomizirani i fragmentisani, va\u017eno je iz savremene perspektive vratiti se revolucionarnim i emancipatorskim zbivanjima u jugoslovenskom (ali i s njima u vezi internacionalnim de\u0161avanjima), kao i dru\u0161tvenoj ulozi kulturalnih\u2026","rel":"","context":"U &quot;Novosti&quot;","block_context":{"text":"Novosti","link":"https:\/\/historiografija.hr\/?cat=3"},"img":{"alt_text":"","src":"","width":0,"height":0},"classes":[]},{"id":52505,"url":"https:\/\/historiografija.hr\/?p=52505","url_meta":{"origin":10627,"position":5},"title":"Izlo\u017eba &#8220;Eschenstock \/ Jasenov prut&#8221;","author":"Branimir Jankovi\u0107","date":"17. travnja 2026.","format":false,"excerpt":"Srpsko narodno vije\u0107e (SNV) i Vizura aperta postavljaju izlo\u017ebu \u0161vicarskog slikara Velimira Ili\u0161evi\u0107a: Eschenstock \/ Jasenov prut. Izlo\u017eba se uz prisustvo autora otvara povodom 81. godi\u0161njice proboja logora\u0161a iz usta\u0161kog logora smrti Jasenovac 22. aprila 2026. u 19 sati u Srpskom kulturnom centru (SKC) u Preradovi\u0107evoj ulici 21 u Zagrebu.\u2026","rel":"","context":"U &quot;Izlo\u017ebe&quot;","block_context":{"text":"Izlo\u017ebe","link":"https:\/\/historiografija.hr\/?cat=10"},"img":{"alt_text":"","src":"https:\/\/i0.wp.com\/historiografija.hr\/wp-content\/uploads\/2026\/04\/Jasenov_prut.jpg?fit=1024%2C640&ssl=1&resize=350%2C200","width":350,"height":200,"srcset":"https:\/\/i0.wp.com\/historiografija.hr\/wp-content\/uploads\/2026\/04\/Jasenov_prut.jpg?fit=1024%2C640&ssl=1&resize=350%2C200 1x, https:\/\/i0.wp.com\/historiografija.hr\/wp-content\/uploads\/2026\/04\/Jasenov_prut.jpg?fit=1024%2C640&ssl=1&resize=525%2C300 1.5x, https:\/\/i0.wp.com\/historiografija.hr\/wp-content\/uploads\/2026\/04\/Jasenov_prut.jpg?fit=1024%2C640&ssl=1&resize=700%2C400 2x"},"classes":[]}],"_links":{"self":[{"href":"https:\/\/historiografija.hr\/index.php?rest_route=\/wp\/v2\/posts\/10627","targetHints":{"allow":["GET"]}}],"collection":[{"href":"https:\/\/historiografija.hr\/index.php?rest_route=\/wp\/v2\/posts"}],"about":[{"href":"https:\/\/historiografija.hr\/index.php?rest_route=\/wp\/v2\/types\/post"}],"author":[{"embeddable":true,"href":"https:\/\/historiografija.hr\/index.php?rest_route=\/wp\/v2\/users\/2"}],"replies":[{"embeddable":true,"href":"https:\/\/historiografija.hr\/index.php?rest_route=%2Fwp%2Fv2%2Fcomments&post=10627"}],"version-history":[{"count":1,"href":"https:\/\/historiografija.hr\/index.php?rest_route=\/wp\/v2\/posts\/10627\/revisions"}],"predecessor-version":[{"id":10629,"href":"https:\/\/historiografija.hr\/index.php?rest_route=\/wp\/v2\/posts\/10627\/revisions\/10629"}],"wp:featuredmedia":[{"embeddable":true,"href":"https:\/\/historiografija.hr\/index.php?rest_route=\/wp\/v2\/media\/10628"}],"wp:attachment":[{"href":"https:\/\/historiografija.hr\/index.php?rest_route=%2Fwp%2Fv2%2Fmedia&parent=10627"}],"wp:term":[{"taxonomy":"category","embeddable":true,"href":"https:\/\/historiografija.hr\/index.php?rest_route=%2Fwp%2Fv2%2Fcategories&post=10627"},{"taxonomy":"post_tag","embeddable":true,"href":"https:\/\/historiografija.hr\/index.php?rest_route=%2Fwp%2Fv2%2Ftags&post=10627"}],"curies":[{"name":"wp","href":"https:\/\/api.w.org\/{rel}","templated":true}]}}