{"id":10608,"date":"2018-07-04T14:07:33","date_gmt":"2018-07-04T14:07:33","guid":{"rendered":"http:\/\/historiografija.hr\/?p=10608"},"modified":"2018-07-04T14:07:33","modified_gmt":"2018-07-04T14:07:33","slug":"izlozba-nastanak-drzave-i-kraljevstva-shs-reakcije-iz-zagreba","status":"publish","type":"post","link":"https:\/\/historiografija.hr\/?p=10608","title":{"rendered":"Izlo\u017eba &#8216;Nastanak Dr\u017eave i Kraljevstva SHS &#8211; Reakcije iz Zagreba&#8217;"},"content":{"rendered":"<p>Izlo\u017eba Katarine Horvat, vi\u0161e arhivistice i voditeljice I. odjela za sre\u0111ivanje i obradu arhivskog gradiva Dr\u017eavnog arhiva u Zagrebu, posve\u0107ena je obilje\u017eavanju obljetnice \u2013 stogodi\u0161njice nastanka Dr\u017eave i Kraljevstva SHS, a otvara se 5. srpnja, s po\u010detkom u 13 sati. Izlo\u017eba je otvorena javnosti do 27. 1. 2019.<\/p>\n<p>&nbsp;<\/p>\n<p>&nbsp;<\/p>\n<p>Izlo\u017eba prikazuje snimke relevantnih dokumenata kao \u0161to su zapisnici sjednica Gradskog zastupstva Zagreba na kojima je ono dalo povjerenje Narodnom vije\u0107u SHS, oglasa kojim je Zastupstvo tra\u017eilo od gra\u0111ana prinose za Narodnu stra\u017eu za grad Zagreb, fotografija okupljenih gra\u0111ana prilikom proklamacije Dr\u017eave SHS, telegrama bana Mihalovicha kojim obavje\u0161tava Poglavarstvo da u Dr\u017eavi SHS i dalje stoje na snazi zakoni iz ranije dr\u017eave, okru\u017enice Poglavarstva kojom je tijekom listopada 1918. zatvorilo osnovne i srednje \u0161kole u gradu radi \u0161panjolske gripe i dr. Na izlo\u017ebi su prikazani i citati pojedinih Zagrep\u010dana koji su i sami bili sudionici povijesnih doga\u0111aja, kao \u0161to su zagreba\u010dki gradona\u010delnik Stjepan Srkulj i kroni\u010dar Zagreba Dragutin Hirc. Izlo\u017eba zavr\u0161ava prikazom dojmova i reakcija na novostvorenu dr\u017eavu nekolicine Zagrep\u010dana: Stjepana Srkulja, Stjepana Deli\u0107a i Ivana Per\u0161i\u0107a. Osim obilje\u017eiti obljetnicu, cilj izlo\u017ebe je usmjeriti pozornost javnosti na zanimljivo neobjavljeno arhivsko gradivo, vrijedan izvor za nova povijesna i druga istra\u017eivanja.<\/p>\n<p>&nbsp;<\/p>\n<p>O izlo\u017ebi \u0107e govoriti autorica Katarina Horvat i prof. dr. sc. Damir Agi\u010di\u0107 (r. 1963., redoviti profesor na Filozofskom fakultetu u Zagrebu gdje predaje kolegije iz hrvatske i svjetske povijesti 19. i 20. stolje\u0107a. Autor je velikog broja radova iz podru\u010dja hrvatske i povijesti srednje i jugoisto\u010dne Europe 19. i 20. stolje\u0107a. Znanstveni interes usmjeren mu je na prou\u010davanje hrvatske te povijesti srednje i jugoisto\u010dne Europe u 19. i po\u010detkom 20. st.; istra\u017eivanje problematike nastave povijesti i ud\u017ebenika; prou\u010davanje povijesti hrvatske historiografije, bibliografije i tekstovi o povjesni\u010darima.)<\/p>\n<p>&nbsp;<\/p>\n<p>Dr\u017eavni arhiv u Zagrebu Me\u0111unarodni dan arhiva obilje\u017eava i malom izlo\u017ebom u\u010deni\u010dkih radova. Arhiv je uspostavio suradnju sa zagreba\u010dkom \u0160kolom primijenjene umjetnosti i dizajna. U\u010denici \u0161kole su nakon posjeta Arhivu, inspirirani vi\u0111enim dokumentima, napravili svoje vesele i razigrane dizajne diploma. O izlo\u017eenim \u0107e radovima vi\u0161e re\u0107i Sanja Kostanj\u010dar (nastavnica povijesti u \u0160koli primijenjene umjetnosti i dizajna u Zagrebu. U \u0160koli zaposlena od 2010. godine kao nastavnica povijesti, a od 2011. predaje etiku. Uz to obavlja poslove ispitnog koordinatora, \u0161kolskog koordinatora istra\u017eivanja u ciklusu PISA, administratora imenika i administratora resursa. Kao nastavnica povijesti sudjelovala u organizaciji i provedbi brojnih terenskih nastava te na \u017eupanijskom natjecanju iz povijesti. Odr\u017eala nekoliko predavanja na \u017eupanijskim vije\u0107ima nastavnika povijesti. S obzirom na profil u\u010denika \u0160kole primijenjene umjetnosti i dizajna, u nastavi \u010desto primjenjuje metodu crtanja kao na\u010dina povezivanja teorijskog znanja i prakti\u010dnog rada, \u010dime je motivirana i ova izlo\u017eba.)<\/p>\n<p>&nbsp;<\/p>\n<p>&nbsp;<\/p>\n<p>Na manifestaciji \u0107e Lovro Mato\u0161evi\u0107, mag.mus violine i Tomislav Parma\u0107, mag.mus pianist izvesti tri muzi\u010dke to\u010dke.<\/p>\n<p>&nbsp;<\/p>\n<p>&nbsp;<\/p>\n<p>Na po\u010detku skupa uvodnu rije\u010d dat \u0107e ravnateljica Dr\u017eavnog arhiva u Zagrebu, dr. sc. \u017divana He\u0111beli.<\/p>\n<p>&nbsp;<\/p>\n<p>&nbsp;<\/p>\n<p>Izvori:<\/p>\n<blockquote class=\"wp-embedded-content\" data-secret=\"IbfDtt1XU0\"><p><a href=\"http:\/\/daz.hr\/\">Dr\u017eavni arhiv u Zagrebu<\/a><\/p><\/blockquote>\n<p><iframe loading=\"lazy\" class=\"wp-embedded-content\" sandbox=\"allow-scripts\" security=\"restricted\" style=\"position: absolute; clip: rect(1px, 1px, 1px, 1px);\" src=\"http:\/\/daz.hr\/embed\/#?secret=IbfDtt1XU0\" data-secret=\"IbfDtt1XU0\" width=\"600\" height=\"338\" title=\"&#8220;Dr\u017eavni arhiv u Zagrebu&#8221; &#8212; Dr\u017eavni arhiv u Zagrebu\" frameborder=\"0\" marginwidth=\"0\" marginheight=\"0\" scrolling=\"no\"><\/iframe><\/p>\n<p><a href=\"https:\/\/www.culturenet.hr\/\">https:\/\/www.culturenet.hr\/<\/a><\/p>\n<p>&nbsp;<\/p>\n<p>&nbsp;<\/p>\n<p>&nbsp;<\/p>\n","protected":false},"excerpt":{"rendered":"","protected":false},"author":2,"featured_media":10609,"comment_status":"open","ping_status":"open","sticky":false,"template":"","format":"standard","meta":{"_acf_changed":false,"jetpack_post_was_ever_published":false,"_jetpack_newsletter_access":"","_jetpack_dont_email_post_to_subs":false,"_jetpack_newsletter_tier_id":0,"_jetpack_memberships_contains_paywalled_content":false,"_jetpack_memberships_contains_paid_content":false,"footnotes":"","jetpack_publicize_message":"","jetpack_publicize_feature_enabled":true,"jetpack_social_post_already_shared":true,"jetpack_social_options":{"image_generator_settings":{"template":"highway","default_image_id":0,"font":"","enabled":false},"version":2}},"categories":[10,3],"tags":[],"class_list":["post-10608","post","type-post","status-publish","format-standard","has-post-thumbnail","hentry","category-izlozbe","category-novosti"],"acf":{"facebook_opis":""},"jetpack_publicize_connections":[],"jetpack_featured_media_url":"https:\/\/i0.wp.com\/historiografija.hr\/wp-content\/uploads\/2018\/07\/pozivnica-1.jpg?fit=1000%2C586&ssl=1","jetpack_sharing_enabled":true,"jetpack-related-posts":[{"id":52511,"url":"https:\/\/historiografija.hr\/?p=52511","url_meta":{"origin":10608,"position":0},"title":"Izlo\u017eba &#8220;Lica Sljemena&#8221;","author":"Branimir Jankovi\u0107","date":"17. travnja 2026.","format":false,"excerpt":"Srda\u010dno vas pozivamo na otvorenje izlo\u017ebe Lica Sljemena koje \u0107e se odr\u017eati u srijedu 22. travnja 2026. u 18 h ispred Muzeja Prigorja (Trg Dragutina Domjani\u0107a 5, Sesvete). Izlo\u017eba proizlazi iz istra\u017eivanja Nevene \u0160krbi\u0107 Alempijevi\u0107, Petre Kelemen i Sanje Potkonjak te intervjua sa Sljemena\u0161icama i Sljemena\u0161ima, koji su provedeni u\u2026","rel":"","context":"U &quot;Izlo\u017ebe&quot;","block_context":{"text":"Izlo\u017ebe","link":"https:\/\/historiografija.hr\/?cat=10"},"img":{"alt_text":"","src":"https:\/\/i0.wp.com\/historiografija.hr\/wp-content\/uploads\/2026\/04\/Izlozba-Lica-Sljemena.png?fit=1080%2C686&ssl=1&resize=350%2C200","width":350,"height":200,"srcset":"https:\/\/i0.wp.com\/historiografija.hr\/wp-content\/uploads\/2026\/04\/Izlozba-Lica-Sljemena.png?fit=1080%2C686&ssl=1&resize=350%2C200 1x, https:\/\/i0.wp.com\/historiografija.hr\/wp-content\/uploads\/2026\/04\/Izlozba-Lica-Sljemena.png?fit=1080%2C686&ssl=1&resize=525%2C300 1.5x, https:\/\/i0.wp.com\/historiografija.hr\/wp-content\/uploads\/2026\/04\/Izlozba-Lica-Sljemena.png?fit=1080%2C686&ssl=1&resize=700%2C400 2x, https:\/\/i0.wp.com\/historiografija.hr\/wp-content\/uploads\/2026\/04\/Izlozba-Lica-Sljemena.png?fit=1080%2C686&ssl=1&resize=1050%2C600 3x"},"classes":[]},{"id":52575,"url":"https:\/\/historiografija.hr\/?p=52575","url_meta":{"origin":10608,"position":1},"title":"Izlo\u017eba dje\u010djih radova \u201cU po\u010detku bija\u0161e crte\u017e\u2026\u201d","author":"Branimir Jankovi\u0107","date":"21. travnja 2026.","format":false,"excerpt":"U subotu, 25. travnja 2026. u 11 sati u Galeriji Klovi\u0107evi dvori sve\u010dano otvaramo izlo\u017ebu dje\u010djih radova pod nazivom U po\u010detku bija\u0161e crte\u017e\u2026 Radovi su nastali u sklopu likovnih radionica uz izlo\u017ebu U po\u010detku bija\u0161e kraljevstvo \u2013 izlo\u017eba povodom 1100 godina Hrvatskoga Kraljevstva. Na brojnim likovnim radionicama, uz \u0161kolsku djecu,\u2026","rel":"","context":"U &quot;Izlo\u017ebe&quot;","block_context":{"text":"Izlo\u017ebe","link":"https:\/\/historiografija.hr\/?cat=10"},"img":{"alt_text":"","src":"https:\/\/i0.wp.com\/historiografija.hr\/wp-content\/uploads\/2025\/10\/Klovicevi_sluzbeni-plakat.png?fit=840%2C1200&ssl=1&resize=350%2C200","width":350,"height":200,"srcset":"https:\/\/i0.wp.com\/historiografija.hr\/wp-content\/uploads\/2025\/10\/Klovicevi_sluzbeni-plakat.png?fit=840%2C1200&ssl=1&resize=350%2C200 1x, https:\/\/i0.wp.com\/historiografija.hr\/wp-content\/uploads\/2025\/10\/Klovicevi_sluzbeni-plakat.png?fit=840%2C1200&ssl=1&resize=525%2C300 1.5x, https:\/\/i0.wp.com\/historiografija.hr\/wp-content\/uploads\/2025\/10\/Klovicevi_sluzbeni-plakat.png?fit=840%2C1200&ssl=1&resize=700%2C400 2x"},"classes":[]},{"id":52666,"url":"https:\/\/historiografija.hr\/?p=52666","url_meta":{"origin":10608,"position":2},"title":"Najava programa Festivala povijesti Kliofest (5-8. V. 2026)","author":"Branimir Jankovi\u0107","date":"24. travnja 2026.","format":false,"excerpt":"Po trinaesti put odr\u017eava se Festival povijesti Kliofest! Do petka \u0107emo odr\u017eati osam okruglih stolova i dva kolokvija te niz predstavljanja knjiga i projekata razli\u010dite tematike, od antike do suvremenosti. Bit \u0107e predstavljeno i nekoliko izlo\u017ebi te odr\u017ean jedan povijesni kviz. Prikazat \u0107emo i jedan film \u2013 o generalu Boroevi\u0107u.\u2026","rel":"","context":"U &quot;Novosti&quot;","block_context":{"text":"Novosti","link":"https:\/\/historiografija.hr\/?cat=3"},"img":{"alt_text":"","src":"https:\/\/i0.wp.com\/historiografija.hr\/wp-content\/uploads\/2026\/04\/Kliofest-2026.jpg?fit=526%2C526&ssl=1&resize=350%2C200","width":350,"height":200,"srcset":"https:\/\/i0.wp.com\/historiografija.hr\/wp-content\/uploads\/2026\/04\/Kliofest-2026.jpg?fit=526%2C526&ssl=1&resize=350%2C200 1x, https:\/\/i0.wp.com\/historiografija.hr\/wp-content\/uploads\/2026\/04\/Kliofest-2026.jpg?fit=526%2C526&ssl=1&resize=525%2C300 1.5x"},"classes":[]},{"id":52505,"url":"https:\/\/historiografija.hr\/?p=52505","url_meta":{"origin":10608,"position":3},"title":"Izlo\u017eba &#8220;Eschenstock \/ Jasenov prut&#8221;","author":"Branimir Jankovi\u0107","date":"17. travnja 2026.","format":false,"excerpt":"Srpsko narodno vije\u0107e (SNV) i Vizura aperta postavljaju izlo\u017ebu \u0161vicarskog slikara Velimira Ili\u0161evi\u0107a: Eschenstock \/ Jasenov prut. Izlo\u017eba se uz prisustvo autora otvara povodom 81. godi\u0161njice proboja logora\u0161a iz usta\u0161kog logora smrti Jasenovac 22. aprila 2026. u 19 sati u Srpskom kulturnom centru (SKC) u Preradovi\u0107evoj ulici 21 u Zagrebu.\u2026","rel":"","context":"U &quot;Izlo\u017ebe&quot;","block_context":{"text":"Izlo\u017ebe","link":"https:\/\/historiografija.hr\/?cat=10"},"img":{"alt_text":"","src":"https:\/\/i0.wp.com\/historiografija.hr\/wp-content\/uploads\/2026\/04\/Jasenov_prut.jpg?fit=1024%2C640&ssl=1&resize=350%2C200","width":350,"height":200,"srcset":"https:\/\/i0.wp.com\/historiografija.hr\/wp-content\/uploads\/2026\/04\/Jasenov_prut.jpg?fit=1024%2C640&ssl=1&resize=350%2C200 1x, https:\/\/i0.wp.com\/historiografija.hr\/wp-content\/uploads\/2026\/04\/Jasenov_prut.jpg?fit=1024%2C640&ssl=1&resize=525%2C300 1.5x, https:\/\/i0.wp.com\/historiografija.hr\/wp-content\/uploads\/2026\/04\/Jasenov_prut.jpg?fit=1024%2C640&ssl=1&resize=700%2C400 2x"},"classes":[]},{"id":52502,"url":"https:\/\/historiografija.hr\/?p=52502","url_meta":{"origin":10608,"position":4},"title":"Novi znanstveni projekt Hrvatskog instituta za povijest: \u201c\u017drtve ratova i dr\u017eavnog\/politi\u010dkog nasilja u hrvatskoj povijesti 20. stolje\u0107a\u201d","author":"Branimir Jankovi\u0107","date":"17. travnja 2026.","format":false,"excerpt":"Na redovitoj sjednici Vlade RH, 16. travnja 2026., donijet je Zaklju\u010dak kojim se pokre\u0107e znanstveni projekt \u201c\u017drtve ratova i dr\u017eavnog\/politi\u010dkog nasilja u hrvatskoj povijesti 20. stolje\u0107a\u201d. Projekt \u0107e provoditi i koordinirati Hrvatski institut za povijest u razdoblju trajanja projekta od pet godina. Zakljucak Vlade RH Iz teksta projektnog prijedloga: Problematika\u2026","rel":"","context":"U &quot;Novosti&quot;","block_context":{"text":"Novosti","link":"https:\/\/historiografija.hr\/?cat=3"},"img":{"alt_text":"","src":"https:\/\/i0.wp.com\/historiografija.hr\/wp-content\/uploads\/2026\/04\/Vlada-RH.jpg?fit=1200%2C557&ssl=1&resize=350%2C200","width":350,"height":200,"srcset":"https:\/\/i0.wp.com\/historiografija.hr\/wp-content\/uploads\/2026\/04\/Vlada-RH.jpg?fit=1200%2C557&ssl=1&resize=350%2C200 1x, https:\/\/i0.wp.com\/historiografija.hr\/wp-content\/uploads\/2026\/04\/Vlada-RH.jpg?fit=1200%2C557&ssl=1&resize=525%2C300 1.5x, https:\/\/i0.wp.com\/historiografija.hr\/wp-content\/uploads\/2026\/04\/Vlada-RH.jpg?fit=1200%2C557&ssl=1&resize=700%2C400 2x, https:\/\/i0.wp.com\/historiografija.hr\/wp-content\/uploads\/2026\/04\/Vlada-RH.jpg?fit=1200%2C557&ssl=1&resize=1050%2C600 3x"},"classes":[]},{"id":52508,"url":"https:\/\/historiografija.hr\/?p=52508","url_meta":{"origin":10608,"position":5},"title":"Glazbena radionica \u201eDUGMETARA REVISITED\u201c","author":"Branimir Jankovi\u0107","date":"17. travnja 2026.","format":false,"excerpt":"DUGMETARA REVISITED glazbena radionica vodi: Ana Horvat 13., 20. i 27. travnja, od 18 do 20 sati Radiona, Nova cesta 186 Na tri radioni\u010dka susreta uranjamo u naslje\u0111e Dugmetare, biv\u0161e tvornice dugmadi na Savskoj cesti koja je po\u010detkom 2000-ih igrom slu\u010daja postala \u017eivo, jedinstveno mjesto glazbene proizvodnje. Svoje su probe\u2026","rel":"","context":"U &quot;Novosti&quot;","block_context":{"text":"Novosti","link":"https:\/\/historiografija.hr\/?cat=3"},"img":{"alt_text":"","src":"https:\/\/i0.wp.com\/historiografija.hr\/wp-content\/uploads\/2026\/04\/TRESNJA_TRESTI.jpg?fit=380%2C475&ssl=1&resize=350%2C200","width":350,"height":200},"classes":[]}],"_links":{"self":[{"href":"https:\/\/historiografija.hr\/index.php?rest_route=\/wp\/v2\/posts\/10608","targetHints":{"allow":["GET"]}}],"collection":[{"href":"https:\/\/historiografija.hr\/index.php?rest_route=\/wp\/v2\/posts"}],"about":[{"href":"https:\/\/historiografija.hr\/index.php?rest_route=\/wp\/v2\/types\/post"}],"author":[{"embeddable":true,"href":"https:\/\/historiografija.hr\/index.php?rest_route=\/wp\/v2\/users\/2"}],"replies":[{"embeddable":true,"href":"https:\/\/historiografija.hr\/index.php?rest_route=%2Fwp%2Fv2%2Fcomments&post=10608"}],"version-history":[{"count":1,"href":"https:\/\/historiografija.hr\/index.php?rest_route=\/wp\/v2\/posts\/10608\/revisions"}],"predecessor-version":[{"id":10610,"href":"https:\/\/historiografija.hr\/index.php?rest_route=\/wp\/v2\/posts\/10608\/revisions\/10610"}],"wp:featuredmedia":[{"embeddable":true,"href":"https:\/\/historiografija.hr\/index.php?rest_route=\/wp\/v2\/media\/10609"}],"wp:attachment":[{"href":"https:\/\/historiografija.hr\/index.php?rest_route=%2Fwp%2Fv2%2Fmedia&parent=10608"}],"wp:term":[{"taxonomy":"category","embeddable":true,"href":"https:\/\/historiografija.hr\/index.php?rest_route=%2Fwp%2Fv2%2Fcategories&post=10608"},{"taxonomy":"post_tag","embeddable":true,"href":"https:\/\/historiografija.hr\/index.php?rest_route=%2Fwp%2Fv2%2Ftags&post=10608"}],"curies":[{"name":"wp","href":"https:\/\/api.w.org\/{rel}","templated":true}]}}