{"id":10569,"date":"2018-06-30T22:46:59","date_gmt":"2018-06-30T22:46:59","guid":{"rendered":"http:\/\/historiografija.hr\/?p=10569"},"modified":"2018-06-30T22:58:19","modified_gmt":"2018-06-30T22:58:19","slug":"povijest-nogometa-i-povijest-sporta-u-hrvatskoj-historiografiji","status":"publish","type":"post","link":"https:\/\/historiografija.hr\/?p=10569","title":{"rendered":"Povijest nogometa i povijest sporta u hrvatskoj historiografiji"},"content":{"rendered":"<p>Osim niza sociologa, povije\u0161\u0107u nogometa i povije\u0161\u0107u sporta po\u010deli su se u Hrvatskoj u zadnje vrijeme sve vi\u0161e baviti i povjesni\u010dari. Mo\u017eemo stoga govoriti o postupnom afirmiranju novog tematskog podru\u010dja u hrvatskoj historiografiji \u2013 povijesti sporta.<\/p>\n<p>&nbsp;<\/p>\n<p>&#8212;<\/p>\n<p>&nbsp;<\/p>\n<p><strong>Izbor radova o povijesti nogometa\u00a0i povijesti sporta:<\/strong><\/p>\n<p>&nbsp;<\/p>\n<p>&nbsp;<\/p>\n<p>Goran Miljan<\/p>\n<p>Fascism, Sport, and Youth \u2013 Idea and Role of Physical Education and Sport in Educating and Organizing the Ustasha Youth, 1941-1945<\/p>\n<p><a href=\"https:\/\/hrcak.srce.hr\/135164\">https:\/\/hrcak.srce.hr\/135164<\/a><\/p>\n<p>&nbsp;<\/p>\n<p>&#8212;<\/p>\n<p>&nbsp;<\/p>\n<p>Davor Kova\u010di\u0107<\/p>\n<p>Jugoslavenski nogomet od zavr\u0161etka Drugog svjetskog rata do kraja 1950-ih \u2013 romanti\u010dan po\u010detak dekadencije<\/p>\n<p><a href=\"https:\/\/hrcak.srce.hr\/176649\">https:\/\/hrcak.srce.hr\/176649<\/a><\/p>\n<p>&nbsp;<\/p>\n<p>&#8212;<\/p>\n<p>&nbsp;<\/p>\n<p>Davor Kova\u010di\u0107<\/p>\n<p>Nogometni profesionalci u udru\u017eenom radu<\/p>\n<p><a href=\"https:\/\/hrcak.srce.hr\/160757\">https:\/\/hrcak.srce.hr\/160757<\/a><\/p>\n<p>&nbsp;<\/p>\n<p>&#8212;<\/p>\n<p>&nbsp;<\/p>\n<p>Igor Stani\u0107<\/p>\n<p>Sport za svakoga. Sportske aktivnosti radni\u010dke klase u Hrvatskoj od 1945. do po\u010detka 1960-ih<\/p>\n<p><a href=\"https:\/\/hrcak.srce.hr\/176648\">https:\/\/hrcak.srce.hr\/176648<\/a><\/p>\n<p>&nbsp;<\/p>\n<p>&#8212;<\/p>\n<p>&nbsp;<\/p>\n<p>Hrvoje Klasi\u0107<\/p>\n<p>The Tito-Stalin Football War<\/p>\n<p><a href=\"https:\/\/hrcak.srce.hr\/175365\">https:\/\/hrcak.srce.hr\/175365<\/a><\/p>\n<p>&nbsp;<\/p>\n<p>&#8212;<\/p>\n<p>&nbsp;<\/p>\n<p>Hrvoje Klasi\u0107<\/p>\n<p>Fiskultura u slu\u017ebi naroda. Uloga tjelesnog odgoja u stvaranju jugoslavenskog socijalisti\u010dkog dru\u0161tva 1945. \u2013 1952., u: <em>Stvaranje socijalisti\u010dkog \u010dovjeka. Hrvatsko dru\u0161tvo i ideologija jugoslavenskog socijalizma<\/em>, 2017.<\/p>\n<p>&nbsp;<\/p>\n<p>&#8212;<\/p>\n<p>&nbsp;<\/p>\n<p>Anita Buhin<\/p>\n<p>&#8220;Ofsajd-zamka&#8221; za televiziju. Sukob nogometne i medijske politike u socijalisti\u010dkoj Hrvatskoj 1960-ih i 1970-ih, u: Radionica za suvremenu povijest. Istra\u017eivanja diplomanata pulskog Sveu\u010dili\u0161ta 2011-2013.<\/p>\n<p>&nbsp;<\/p>\n<p>&#8212;<\/p>\n<p>&nbsp;<\/p>\n<p>Tvrtko Jakovina<\/p>\n<p>Against the Betrayal of Tito\u2019s Gang. Tour of Hajduk Soccer Team in Australia and their Fight against the Cominform Supporters in 1949<\/p>\n<p>International Conference \u201cThe Tito-Stalin Split 70 Years After\u201d (Zagreb and Goli otok, 28-30 June 2018)<\/p>\n<p><a href=\"https:\/\/historiografija.hr\/?p=10430\">https:\/\/historiografija.hr\/?p=10430<\/a><\/p>\n<p>&nbsp;<\/p>\n<p>&#8212;<\/p>\n<p>&nbsp;<\/p>\n<p>Ivica \u0160ute<\/p>\n<p>Fenomen \u201eGra\u0111anski\u201c i njegovi kibici: nogomet izme\u0111u masovne zabave, strasti i svjetonazora u me\u0111uratnome Zagrebu<\/p>\n<p>Desni\u010dini susreti 2018. Zagreb 1924. \u2013 1930. i 1945. \u2013 1967.: dru\u0161tvo, kultura, svakodnevica (Zagreb, 14. \u2013 16. rujna 2018.)<\/p>\n<p>&nbsp;<\/p>\n<p>&#8212;<\/p>\n<p>&nbsp;<\/p>\n<p>Ivan Ba\u010dmaga<\/p>\n<p>Bojkot Olimpijskih igara u Moskvi 1980. godine<\/p>\n<p><a href=\"https:\/\/hrcak.srce.hr\/161490\">https:\/\/hrcak.srce.hr\/161490<\/a><\/p>\n<p>&nbsp;<\/p>\n<p>&#8212;<\/p>\n<p>&nbsp;<\/p>\n<p>Ivan Ba\u010dmaga<\/p>\n<p>Okrugli stol Povijest sporta u Hrvatskoj \u2013 razvoj i perspektive<\/p>\n<p><a href=\"https:\/\/historiografija.hr\/prikazi.php?id=236030\">https:\/\/historiografija.hr\/prikazi.php?id=236030<\/a><\/p>\n<p>&nbsp;<\/p>\n<p>&nbsp;<\/p>\n<p>&#8212;<\/p>\n<p>&nbsp;<\/p>\n<p>Jasenko Zeki\u0107<\/p>\n<p>Mediteranske igre u Splitu \u2013 odrazi politi\u010dke dimenzije u tiskanim medijima<\/p>\n<p><a href=\"https:\/\/hrcak.srce.hr\/160758\">https:\/\/hrcak.srce.hr\/160758<\/a><\/p>\n<p>&nbsp;<\/p>\n<p>&#8212;<\/p>\n<p>&nbsp;<\/p>\n<p><strong>Usporediti tako\u0111er sljede\u0107e me\u0111unarodne publikacije:<\/strong><\/p>\n<p>&nbsp;<\/p>\n<p>Football in Southeastern Europe: From Ethnic Homogenization to Reconciliation<\/p>\n<p>Edited by John Hughson, Fiona Skillen. 2014 \u2013 Routledge<\/p>\n<p>&nbsp;<\/p>\n<p><a href=\"https:\/\/www.routledge.com\/Football-in-Southeastern-Europe-From-Ethnic-Homogenization-to-Reconciliation\/Hughson-Skillen\/p\/book\/9780415749503\">https:\/\/www.routledge.com\/Football-in-Southeastern-Europe-From-Ethnic-Homogenization-to-Reconciliation\/Hughson-Skillen\/p\/book\/9780415749503<\/a><\/p>\n<p>&nbsp;<\/p>\n<p><a href=\"https:\/\/historiografija.hr\/news.php?id=2845\">https:\/\/historiografija.hr\/news.php?id=2845<\/a><\/p>\n<p>&nbsp;<\/p>\n<p>&#8212;<\/p>\n<p>&nbsp;<\/p>\n<p>S\u00fcdosteuropa. Journal of Politics and Society 62 (2014), 2.<\/p>\n<p>Thematic issue \u201cFootball and Society\u201d<\/p>\n<p><a href=\"https:\/\/www.hsozkult.de\/journal\/id\/zeitschriftenausgaben-8528\">https:\/\/www.hsozkult.de\/journal\/id\/zeitschriftenausgaben-8528<\/a><\/p>\n<p>&nbsp;<\/p>\n<p>&#8212;<\/p>\n<p>&nbsp;<\/p>\n<p>The International Journal of the History of Sport<\/p>\n<p>Special issue: The History and Social Role of Sport in Socialist Yugoslavia<\/p>\n<p><a href=\"https:\/\/www.tandfonline.com\/toc\/fhsp20\/34\/9\">https:\/\/www.tandfonline.com\/toc\/fhsp20\/34\/9<\/a><\/p>\n<blockquote class=\"wp-embedded-content\" data-secret=\"QpYiq2dzRt\"><p><a href=\"https:\/\/historiografija.hr\/?p=10558\">Special issue: The History and Social Role of Sport in Socialist Yugoslavia<\/a><\/p><\/blockquote>\n<p><iframe loading=\"lazy\" class=\"wp-embedded-content\" sandbox=\"allow-scripts\" security=\"restricted\" style=\"position: absolute; clip: rect(1px, 1px, 1px, 1px);\" title=\"&#8220;Special issue: The History and Social Role of Sport in Socialist Yugoslavia&#8221; &#8212; Historiografija.hr\" src=\"https:\/\/historiografija.hr\/?p=10558&#038;embed=true#?secret=QpYiq2dzRt\" data-secret=\"QpYiq2dzRt\" width=\"600\" height=\"338\" frameborder=\"0\" marginwidth=\"0\" marginheight=\"0\" scrolling=\"no\"><\/iframe><\/p>\n<p>&nbsp;<\/p>\n<p>&#8212;<\/p>\n<p>&nbsp;<\/p>\n<p>MOGERSDORF : Geschichte der K\u00f6rperkultur und des Sports im pannonischen Raum im 19. und 20. Jahrhundert \/ 43. Internationales kulturhistorisches Symposion = 43th International Historico \u2013 Cultural Symposium, Koprivnica 2013 ; [Herausgeber, editor \u017deljko Holjevac]. Zagreb : FF press [i. e.] Filozofski fakultet : Dru\u0161tvo za hrvatsku povjesnicu ; Koprivnica : Povijesno dru\u0161tvo Koprivnica, 2017.<\/p>\n<p>&nbsp;<\/p>\n<p><a href=\"https:\/\/historiografija.hr\/news.php?id=511\">https:\/\/historiografija.hr\/news.php?id=511<\/a><\/p>\n<p>&nbsp;<\/p>\n<p>&#8212;<\/p>\n<p>&nbsp;<\/p>\n<p>Richard Mills<\/p>\n<p>The Politics of Football in Yugoslavia: Sport, Nationalism and the State<\/p>\n<p><a href=\"http:\/\/www.ibtauris.com\/Books\/Humanities\/History\/History-specific-events--topics\/Social--cultural-history\/Sport-and-the-State-in-Socialist-Yugoslavia-Football-Politics-and-Nationalism\">http:\/\/www.ibtauris.com\/Books\/Humanities\/History\/History-specific-events&#8211;topics\/Social&#8211;cultural-history\/Sport-and-the-State-in-Socialist-Yugoslavia-Football-Politics-and-Nationalism<\/a><\/p>\n<p>&nbsp;<\/p>\n<blockquote class=\"wp-embedded-content\" data-secret=\"rb233PAHez\"><p><a href=\"https:\/\/historiografija.hr\/?p=10566\">Richard Mills, \u201cThe Politics of Football in Yugoslavia: Sport, Nationalism and the State\u201d<\/a><\/p><\/blockquote>\n<p><iframe loading=\"lazy\" class=\"wp-embedded-content\" sandbox=\"allow-scripts\" security=\"restricted\" style=\"position: absolute; clip: rect(1px, 1px, 1px, 1px);\" title=\"&#8220;Richard Mills, \u201cThe Politics of Football in Yugoslavia: Sport, Nationalism and the State\u201d&#8221; &#8212; Historiografija.hr\" src=\"https:\/\/historiografija.hr\/?p=10566&#038;embed=true#?secret=rb233PAHez\" data-secret=\"rb233PAHez\" width=\"600\" height=\"338\" frameborder=\"0\" marginwidth=\"0\" marginheight=\"0\" scrolling=\"no\"><\/iframe><\/p>\n<p>&nbsp;<\/p>\n<p>&nbsp;<\/p>\n<p>&nbsp;<\/p>\n<p>&nbsp;<\/p>\n","protected":false},"excerpt":{"rendered":"","protected":false},"author":2,"featured_media":10570,"comment_status":"open","ping_status":"open","sticky":false,"template":"","format":"standard","meta":{"_acf_changed":false,"jetpack_post_was_ever_published":false,"_jetpack_newsletter_access":"","_jetpack_dont_email_post_to_subs":false,"_jetpack_newsletter_tier_id":0,"_jetpack_memberships_contains_paywalled_content":false,"_jetpack_memberships_contains_paid_content":false,"footnotes":"","jetpack_publicize_message":"","jetpack_publicize_feature_enabled":true,"jetpack_social_post_already_shared":true,"jetpack_social_options":{"image_generator_settings":{"template":"highway","default_image_id":0,"font":"","enabled":false},"version":2}},"categories":[3],"tags":[],"class_list":["post-10569","post","type-post","status-publish","format-standard","has-post-thumbnail","hentry","category-novosti"],"acf":{"facebook_opis":""},"jetpack_publicize_connections":[],"jetpack_featured_media_url":"https:\/\/i0.wp.com\/historiografija.hr\/wp-content\/uploads\/2018\/06\/Football.png?fit=299%2C425&ssl=1","jetpack_sharing_enabled":true,"jetpack-related-posts":[{"id":52502,"url":"https:\/\/historiografija.hr\/?p=52502","url_meta":{"origin":10569,"position":0},"title":"Novi znanstveni projekt Hrvatskog instituta za povijest: \u201c\u017drtve ratova i dr\u017eavnog\/politi\u010dkog nasilja u hrvatskoj povijesti 20. stolje\u0107a\u201d","author":"Branimir Jankovi\u0107","date":"17. travnja 2026.","format":false,"excerpt":"Na redovitoj sjednici Vlade RH, 16. travnja 2026., donijet je Zaklju\u010dak kojim se pokre\u0107e znanstveni projekt \u201c\u017drtve ratova i dr\u017eavnog\/politi\u010dkog nasilja u hrvatskoj povijesti 20. stolje\u0107a\u201d. Projekt \u0107e provoditi i koordinirati Hrvatski institut za povijest u razdoblju trajanja projekta od pet godina. Zakljucak Vlade RH Iz teksta projektnog prijedloga: Problematika\u2026","rel":"","context":"U &quot;Novosti&quot;","block_context":{"text":"Novosti","link":"https:\/\/historiografija.hr\/?cat=3"},"img":{"alt_text":"","src":"https:\/\/i0.wp.com\/historiografija.hr\/wp-content\/uploads\/2026\/04\/Vlada-RH.jpg?fit=1200%2C557&ssl=1&resize=350%2C200","width":350,"height":200,"srcset":"https:\/\/i0.wp.com\/historiografija.hr\/wp-content\/uploads\/2026\/04\/Vlada-RH.jpg?fit=1200%2C557&ssl=1&resize=350%2C200 1x, https:\/\/i0.wp.com\/historiografija.hr\/wp-content\/uploads\/2026\/04\/Vlada-RH.jpg?fit=1200%2C557&ssl=1&resize=525%2C300 1.5x, https:\/\/i0.wp.com\/historiografija.hr\/wp-content\/uploads\/2026\/04\/Vlada-RH.jpg?fit=1200%2C557&ssl=1&resize=700%2C400 2x, https:\/\/i0.wp.com\/historiografija.hr\/wp-content\/uploads\/2026\/04\/Vlada-RH.jpg?fit=1200%2C557&ssl=1&resize=1050%2C600 3x"},"classes":[]},{"id":52660,"url":"https:\/\/historiografija.hr\/?p=52660","url_meta":{"origin":10569,"position":1},"title":"Medijski odjeci \u010dlanka Steve \u0110ura\u0161kovi\u0107a \u201e\u017dupanovljeva ne\u017eeljena djeca: ideolo\u0161ko pribli\u017eavanje neoliberala i kr\u0161\u0107anske radikalne desnice u Hrvatskoj\u201c","author":"Branimir Jankovi\u0107","date":"24. travnja 2026.","format":false,"excerpt":"U sklopu projekta \u201eIzazovi intelektualne povijesti: recepcije, preobrazbe i upotrebe politi\u010dkih ideja\u201c objavljen je polemi\u010dki \u010dlanak Steve \u0110ura\u0161kovi\u0107a \u201e\u017dupanovljeva ne\u017eeljena djeca: ideolo\u0161ko pribli\u017eavanje neoliberala i kr\u0161\u0107anske radikalne desnice u Hrvatskoj\u201c, koji je izazvao odre\u0111ene medijske reakcije. Stevo \u0110ura\u0161kovi\u0107 \u017dupanovljeva ne\u017eeljena djeca: ideolo\u0161ko pribli\u017eavanje neoliberala i kr\u0161\u0107anske radikalne desnice u Hrvatskoj\u2026","rel":"","context":"U &quot;Novosti&quot;","block_context":{"text":"Novosti","link":"https:\/\/historiografija.hr\/?cat=3"},"img":{"alt_text":"","src":"https:\/\/i0.wp.com\/historiografija.hr\/wp-content\/uploads\/2026\/04\/SD.png?fit=809%2C821&ssl=1&resize=350%2C200","width":350,"height":200,"srcset":"https:\/\/i0.wp.com\/historiografija.hr\/wp-content\/uploads\/2026\/04\/SD.png?fit=809%2C821&ssl=1&resize=350%2C200 1x, https:\/\/i0.wp.com\/historiografija.hr\/wp-content\/uploads\/2026\/04\/SD.png?fit=809%2C821&ssl=1&resize=525%2C300 1.5x, https:\/\/i0.wp.com\/historiografija.hr\/wp-content\/uploads\/2026\/04\/SD.png?fit=809%2C821&ssl=1&resize=700%2C400 2x"},"classes":[]},{"id":52505,"url":"https:\/\/historiografija.hr\/?p=52505","url_meta":{"origin":10569,"position":2},"title":"Izlo\u017eba &#8220;Eschenstock \/ Jasenov prut&#8221;","author":"Branimir Jankovi\u0107","date":"17. travnja 2026.","format":false,"excerpt":"Srpsko narodno vije\u0107e (SNV) i Vizura aperta postavljaju izlo\u017ebu \u0161vicarskog slikara Velimira Ili\u0161evi\u0107a: Eschenstock \/ Jasenov prut. Izlo\u017eba se uz prisustvo autora otvara povodom 81. godi\u0161njice proboja logora\u0161a iz usta\u0161kog logora smrti Jasenovac 22. aprila 2026. u 19 sati u Srpskom kulturnom centru (SKC) u Preradovi\u0107evoj ulici 21 u Zagrebu.\u2026","rel":"","context":"U &quot;Izlo\u017ebe&quot;","block_context":{"text":"Izlo\u017ebe","link":"https:\/\/historiografija.hr\/?cat=10"},"img":{"alt_text":"","src":"https:\/\/i0.wp.com\/historiografija.hr\/wp-content\/uploads\/2026\/04\/Jasenov_prut.jpg?fit=1024%2C640&ssl=1&resize=350%2C200","width":350,"height":200,"srcset":"https:\/\/i0.wp.com\/historiografija.hr\/wp-content\/uploads\/2026\/04\/Jasenov_prut.jpg?fit=1024%2C640&ssl=1&resize=350%2C200 1x, https:\/\/i0.wp.com\/historiografija.hr\/wp-content\/uploads\/2026\/04\/Jasenov_prut.jpg?fit=1024%2C640&ssl=1&resize=525%2C300 1.5x, https:\/\/i0.wp.com\/historiografija.hr\/wp-content\/uploads\/2026\/04\/Jasenov_prut.jpg?fit=1024%2C640&ssl=1&resize=700%2C400 2x"},"classes":[]},{"id":52666,"url":"https:\/\/historiografija.hr\/?p=52666","url_meta":{"origin":10569,"position":3},"title":"Najava programa Festivala povijesti Kliofest (5-8. V. 2026)","author":"Branimir Jankovi\u0107","date":"24. travnja 2026.","format":false,"excerpt":"Po trinaesti put odr\u017eava se Festival povijesti Kliofest! Do petka \u0107emo odr\u017eati osam okruglih stolova i dva kolokvija te niz predstavljanja knjiga i projekata razli\u010dite tematike, od antike do suvremenosti. Bit \u0107e predstavljeno i nekoliko izlo\u017ebi te odr\u017ean jedan povijesni kviz. Prikazat \u0107emo i jedan film \u2013 o generalu Boroevi\u0107u.\u2026","rel":"","context":"U &quot;Novosti&quot;","block_context":{"text":"Novosti","link":"https:\/\/historiografija.hr\/?cat=3"},"img":{"alt_text":"","src":"https:\/\/i0.wp.com\/historiografija.hr\/wp-content\/uploads\/2026\/04\/Kliofest-2026.jpg?fit=526%2C526&ssl=1&resize=350%2C200","width":350,"height":200,"srcset":"https:\/\/i0.wp.com\/historiografija.hr\/wp-content\/uploads\/2026\/04\/Kliofest-2026.jpg?fit=526%2C526&ssl=1&resize=350%2C200 1x, https:\/\/i0.wp.com\/historiografija.hr\/wp-content\/uploads\/2026\/04\/Kliofest-2026.jpg?fit=526%2C526&ssl=1&resize=525%2C300 1.5x"},"classes":[]},{"id":52573,"url":"https:\/\/historiografija.hr\/?p=52573","url_meta":{"origin":10569,"position":4},"title":"Znanstvena konferencija &#8220;Filozofija odgoja: povijest, praksa, perspektive&#8221;","author":"Branimir Jankovi\u0107","date":"21. travnja 2026.","format":false,"excerpt":"Znanstvena konferencija \"Filozofija odgoja: povijest, praksa, perspektive\" odr\u017eat \u0107e se 23. i 24. travnja 2026. u Konferencijskoj dvorani Knji\u017enice Filozofskog fakulteta u Zagrebu (2. kat).\u00a0Konferencija je organizirana u okviru projekta\u00a0SUMKOS (voditeljica prof. dr. sc. Ivana Zagorac, financiran\u00a0sredstvima NextGenerationEU), uz potporu Odsjeka za filozofiju.\u00a0 Uz izlaga\u010dki dio, konferencija obuhva\u0107a i izlo\u017ebu\u2026","rel":"","context":"U &quot;Novosti&quot;","block_context":{"text":"Novosti","link":"https:\/\/historiografija.hr\/?cat=3"},"img":{"alt_text":"","src":"","width":0,"height":0},"classes":[]},{"id":52508,"url":"https:\/\/historiografija.hr\/?p=52508","url_meta":{"origin":10569,"position":5},"title":"Glazbena radionica \u201eDUGMETARA REVISITED\u201c","author":"Branimir Jankovi\u0107","date":"17. travnja 2026.","format":false,"excerpt":"DUGMETARA REVISITED glazbena radionica vodi: Ana Horvat 13., 20. i 27. travnja, od 18 do 20 sati Radiona, Nova cesta 186 Na tri radioni\u010dka susreta uranjamo u naslje\u0111e Dugmetare, biv\u0161e tvornice dugmadi na Savskoj cesti koja je po\u010detkom 2000-ih igrom slu\u010daja postala \u017eivo, jedinstveno mjesto glazbene proizvodnje. Svoje su probe\u2026","rel":"","context":"U &quot;Novosti&quot;","block_context":{"text":"Novosti","link":"https:\/\/historiografija.hr\/?cat=3"},"img":{"alt_text":"","src":"https:\/\/i0.wp.com\/historiografija.hr\/wp-content\/uploads\/2026\/04\/TRESNJA_TRESTI.jpg?fit=380%2C475&ssl=1&resize=350%2C200","width":350,"height":200},"classes":[]}],"_links":{"self":[{"href":"https:\/\/historiografija.hr\/index.php?rest_route=\/wp\/v2\/posts\/10569","targetHints":{"allow":["GET"]}}],"collection":[{"href":"https:\/\/historiografija.hr\/index.php?rest_route=\/wp\/v2\/posts"}],"about":[{"href":"https:\/\/historiografija.hr\/index.php?rest_route=\/wp\/v2\/types\/post"}],"author":[{"embeddable":true,"href":"https:\/\/historiografija.hr\/index.php?rest_route=\/wp\/v2\/users\/2"}],"replies":[{"embeddable":true,"href":"https:\/\/historiografija.hr\/index.php?rest_route=%2Fwp%2Fv2%2Fcomments&post=10569"}],"version-history":[{"count":2,"href":"https:\/\/historiografija.hr\/index.php?rest_route=\/wp\/v2\/posts\/10569\/revisions"}],"predecessor-version":[{"id":10573,"href":"https:\/\/historiografija.hr\/index.php?rest_route=\/wp\/v2\/posts\/10569\/revisions\/10573"}],"wp:featuredmedia":[{"embeddable":true,"href":"https:\/\/historiografija.hr\/index.php?rest_route=\/wp\/v2\/media\/10570"}],"wp:attachment":[{"href":"https:\/\/historiografija.hr\/index.php?rest_route=%2Fwp%2Fv2%2Fmedia&parent=10569"}],"wp:term":[{"taxonomy":"category","embeddable":true,"href":"https:\/\/historiografija.hr\/index.php?rest_route=%2Fwp%2Fv2%2Fcategories&post=10569"},{"taxonomy":"post_tag","embeddable":true,"href":"https:\/\/historiografija.hr\/index.php?rest_route=%2Fwp%2Fv2%2Ftags&post=10569"}],"curies":[{"name":"wp","href":"https:\/\/api.w.org\/{rel}","templated":true}]}}