{"id":10542,"date":"2018-06-29T17:31:09","date_gmt":"2018-06-29T17:31:09","guid":{"rendered":"http:\/\/historiografija.hr\/?p=10542"},"modified":"2018-06-29T17:54:41","modified_gmt":"2018-06-29T17:54:41","slug":"izlozba-gradove-smo-vam-podigli","status":"publish","type":"post","link":"https:\/\/historiografija.hr\/?p=10542","title":{"rendered":"Izlo\u017eba \u201eGradove smo vam podigli\u201c"},"content":{"rendered":"<p>\u201eGradove smo vam podigli. Izlo\u017eba o protivre\u010dnostima jugoslovenskog socijalizma\u201c otvorena je u Umjetni\u010dkom paviljonu Cvijeta Zuzori\u0107 u Beogradu od 13. lipnja do 2. srpnja 2018. godine.<\/p>\n<p>&nbsp;<\/p>\n<p>&#8212;<\/p>\n<p>&nbsp;<\/p>\n<p>::::::: English below<\/p>\n<p>&nbsp;<\/p>\n<p>\u201eGradove smo vam podigli\u201c<\/p>\n<p>Izlo\u017eba o protivre\u010dnostima jugoslovenskog socijalizma<\/p>\n<p>&nbsp;<\/p>\n<p>Paviljon Cvijeta Zuzori\u0107, Kalemegdan<\/p>\n<p>Otvaranje izlo\u017ebe: sreda, 13. jun 2018. u 19h<\/p>\n<p>&nbsp;<\/p>\n<p>Izlo\u017eba \u0107e biti otvorena do 02. jula 2018.<\/p>\n<p>&nbsp;<\/p>\n<p>&nbsp;<\/p>\n<p><a href=\"https:\/\/www.facebook.com\/events\/177207152940654\/\">https:\/\/www.facebook.com\/events\/177207152940654\/<\/a><\/p>\n<p>&nbsp;<\/p>\n<p>&nbsp;<\/p>\n<p>Kada je sredinom \u0161ezdesetih godina, govore\u0107i o polo\u017eaju radnika, tada\u0161nji predsednik Saveza sindikata Jugoslavije izjavio da \u201eako radnicima nije dobro, neka \u0161trajkuju!\u201c, nije ni slutio da \u0107e uskoro to postati jugoslovenska realnost. Tokom osamdesetih \u0161trajkovi su postali redovna pojava u gradovima \u0161irom zemlje. Od \u201eTrep\u010de\u201c do \u201eTAM-a\u201c, od \u201eLabina\u201c do \u201eZmaja\u201c \u2013 radnici i radnice su \u0161trajkovali zahtevaju\u0107i bolje radne i \u017eivotne uslove, a protiv mera \u0161tednje i neoliberalnog restrukturiranja Jugoslavije, koje je podr\u017eavalo i guralo pre svega politi\u010dko i ekonomsko rukovodstvo.<\/p>\n<p>&nbsp;<\/p>\n<p>Izlo\u017eba \u201eGradove smo vam podigli\u201c govori upravo o tome. O kontradikcijama jugoslovenskog socijalizma koje su naro\u010dito bile izra\u017eene tokom osamdesetih godina pro\u0161log veka i koje su vodile restauraciji kapitalisti\u010dkog sistema. Me\u0111utim, pomenuti dru\u0161tveni procesi nisu se odvijali pravolinijski, ni bez otpora. Radilo se o kompleksnim klasnim logikama koje su se me\u0111usobno sudarale i sukobljavale, proizvode\u0107i tako protivre\u010dne politi\u010dko-ekonomske pojave koje je nu\u017eno ponovo prou\u010diti i sagledati.<\/p>\n<p>&nbsp;<\/p>\n<p>Danas su sve dr\u017eave nastale nakon razbijanja Jugoslavije nacionalisti\u010dko-kapitalisti\u010dke, a neoliberalne \u201etranzicijske\u201c agende koje sprovode lokalni re\u017eimi pogoduju isklju\u010divo logici kapitala. Vi\u0161edecenijski u\u010dinak procesa dru\u0161tvene transformacije najo\u010digledniji je i najmerljiviji u sferi rada \u2013 potpuno uni\u0161tavanje radni\u010dkih struktura i institucija demokratskog upravljanja ekonomijom, mase nezaposlenih ili slabo pla\u0107enih radnica i radnika koje strepe za sopstvenu egzistenciju na periferiji globalnog kapitalisti\u010dkog sistema. Od Vardara do Triglava veza i dalje postoji, ali ona je transformisana u putanju trgovine proma\u0161enim investicijama i jeftinom radnom snagom. U ovakvoj dru\u0161tveno-politi\u010dkoj konstelaciji interese radni\u010dke klase malo ko zastupa. Stoga je nu\u017eno odr\u017eavati perspektivu radni\u0161tva vidljivom, sagledati iskustva i gre\u0161ke iz pro\u0161losti i otvarati prostor za stvaranje druga\u010dijeg dru\u0161tva.<\/p>\n<p>&nbsp;<\/p>\n<p>U okviru izlo\u017ebe \u201eGradove smo vam podigli\u201c vra\u0107amo se na period socijalizma i njegovih protivre\u010dnosti, a kroz niz istra\u017eivanja otvaramo pitanja koja su u kompleksnom me\u0111uodnosu: od ekonomije, politike, radni\u010dkog organizovanja do slobodnog vremena, medija, kulture i umetnosti.<\/p>\n<p>&nbsp;<\/p>\n<p>Na izlo\u017ebi u\u010destvuju: Bojan Mr\u0111enovi\u0107 (Zagreb), Boris Postnikov (Zagreb), Centar savremene umjetnosti Crne Gore (Podgorica), Crvena Association for Culture and Art (Sarajevo), Doplgenger (Beograd), Filip Jovanovski i Ivana Vaseva (Skoplje), grupa Borovo (Zagreb), Irena Peji\u0107 (Beograd), Iskra Krstic (Beograd), KURS (Beograd), Lidija K. Radojevi\u0107 i Ana Podvr\u0161i\u010d (Grac\/Ljubljana), Majlinda Hoxha (Pri\u0161tina), Mario Reljanovi\u0107 (Beograd), Milica Lupsor (Zrenjanin), Kulturni centar PUNKT (Nik\u0161i\u0107), Radni\u010dki video klub (Zrenjanin), Sr\u0111an Kova\u010devi\u0107 (Zagreb), Vigan Nimani (Pri\u0161tina).<\/p>\n<p>&nbsp;<\/p>\n<p>Kustosi: Vida Knezevic i Marko Mileti\u0107 (Kontekst kolektiv)<\/p>\n<p>Vizuelni identitet i arhitektura izlo\u017ebe: Andreja Miric<\/p>\n<p>Dizajn postavke i vizuelizacija istra\u017eivanja: Milos Miletic i Mirjana Radovanovic (KURS)<\/p>\n<p>&nbsp;<\/p>\n<p>Produkcija Centar za kulturnu dekontaminaciju.<\/p>\n<p>&nbsp;<\/p>\n<p>Izlo\u017eba je rezultat projekta projekta \u201ePertej\/Beyond\/Preko 20 godina\u201c.<\/p>\n<p>&nbsp;<\/p>\n<p>Projekat su podr\u017eali:<\/p>\n<p>Delegacija Evropske Unije \u2212 EU\/IPA (Podr\u0161ka civilnom dru\u0161tvu)<\/p>\n<p>Ministarstvo kulture i informisanja Republike Srbije<\/p>\n<p>Kosovska fondacija za otvoreno dru\u0161tvo (KFOS)<\/p>\n<p>&nbsp;<\/p>\n<p>Programi Centra za kulturnu dekontaminaciju realizuju se uz podr\u0161ku Fondacije za otvoreno dru\u0161tvo.<\/p>\n<p>&nbsp;<\/p>\n<p>:::::::::::::::::::::::::::::::<\/p>\n<p>&nbsp;<\/p>\n<p>\u201cWe Have Built Cities for You\u201d<\/p>\n<p>An Exhibition on the Contradictions of Yugoslav Socialism<\/p>\n<p>&nbsp;<\/p>\n<p>The Cvijeta Zuzori\u0107 Pavilion, Kalemegdan Park<\/p>\n<p>Opening ceremony: Wednesday, 13 June 2018 at 19 o\/c<\/p>\n<p>&nbsp;<\/p>\n<p>The exhibition will be open until 02 July 2018<\/p>\n<p>&nbsp;<\/p>\n<p>&nbsp;<\/p>\n<p>When, in the mid-1960\u2019s, speaking of the position of workers, the then Chairman of the Association of the Trade Unions of Yugoslavia stated that \u201cIf our workers\u2019 situation is not good, let them go on strike!\u201d, he had no inkling of the fact that, soon enough, that would become the reality of Yugoslavia. During the 1980\u2019s, strikes became a regular occurrence in cities throughout the country. From \u201cTrep\u010da\u201d to \u201cTAM\u201d, from \u201cLabin\u201d to \u201cZmaj\u201d \u2013 working men and women went on strike demanding better working and living conditions, protesting against the austerity measures and the neoliberal restructuring of Yugoslavia, which was primarily supported and pushed forward by the political and economic leadership.<\/p>\n<p>&nbsp;<\/p>\n<p>That is precisely what the exhibition \u201cWe Have Built Cities for You\u201d is about. It is about the contradictions of Yugoslav socialism, which were particularly manifest during the course of the 1980\u2019s, and which led to the restoration of the capitalist system. However, the above-mentioned social processes did not unfold in a linear fashion or without resistance. Complex class-related forms of logic were involved, which collided and were engaged in conflicts, thus producing contradictory political-economic phenomena that it is necessary to investigate and overview anew.<\/p>\n<p>&nbsp;<\/p>\n<p>Today, all the states established after the destruction of Yugoslavia are nationalist-capitalist in character, and neoliberal \u201ctransition\u201d agendas carried out by the local regimes favour solely the logic of capital. The results of a decades-long process of transformation are most evident and measurable in the sphere of work \u2013 a total destruction of the labour structures and institutions of democratic management of the economy, masses of unemployed or poorly paid working men and women who fret over their existence on the periphery of the global capitalist system. From the Vardar River to Mt Triglav, a connection still exists, but it has been transformed into the trajectory of trading in misguided investments and a cheap labour force. In such a socio-political constellation, few actors represent the interests of workers. That is why it is necessary to maintain the visibility of workers\u2019 perspective, review the experiences from the past and open up space for creating a different society.<\/p>\n<p>&nbsp;<\/p>\n<p>Within the framework of the exhibition \u201cWe Have Built Cities for You\u201d, we return to the period of socialism and its contradictions, and through a number of researches we raise issues that are inter-related in a complex manner: from the economy, politics and workers\u2019 self-management to leisure-time pursuits, the media, culture and art.<\/p>\n<p>&nbsp;<\/p>\n<p>The exhibition participants include: Bojan Mr\u0111enovi\u0107 (Zagreb), Boris Postnikov (Zagreb), Contemporary Art Center of Montenegro (Podgorica), Crvena (Sarajevo), Doplgenger (Belgrade), Filip Jovanovski and Ivana Vaseva (Skoplje), the group Borovo (Zagreb), Irena Peji\u0107 (Belgrade), Iskra Krsti\u0107 (Belgrade), Kurs (Belgrade), Lidija K. Radojevi\u0107 and Ana Podvr\u0161i\u010d (Graz\/Ljubljana), Majlinda Hoxha (Pri\u0161tina), Mario Reljanovi\u0107 (Belgrade), Milica Lup\u0161or (Zrenjanin), the Cultural Centre Punkt (Nik\u0161i\u0107), the Workers\u2019 Video Club (Zrenjanin), Sr\u0111an Kova\u010devi\u0107 (Zagreb), Vigan Nimani (Pri\u0161tina).<\/p>\n<p>&nbsp;<\/p>\n<p>Curators: Vida Kne\u017eevi\u0107 and Marko Mileti\u0107 (Kontekst kolektiv)<\/p>\n<p>Visual identity and exhibition architecture: Andreja Miri\u0107<\/p>\n<p>Exhibition design and research visualisation: Milo\u0161 Mileti\u0107 and Mirjana Radovanovi\u0107 (KURS)<\/p>\n<p>&nbsp;<\/p>\n<p>Production Centre for Cultural Decontamination.<\/p>\n<p>&nbsp;<\/p>\n<p>The exhibition is the result of the project \u201cPertej\/Beyond\/Preko 20 godina\u201d.<\/p>\n<p>&nbsp;<\/p>\n<p>The project has been supported by:<\/p>\n<p>The EU Delegation &#8211; EU\/IPA (Support for civil society)<\/p>\n<p>The Ministry of Culture and Information of the Republic of Serbia<\/p>\n<p>The Kosovo Foundation for Open Society (KFOS)<\/p>\n<p>&nbsp;<\/p>\n<p>The programmes of the Centre for Cultural Decontamination are realised with the support of the Open Society Foundation.<\/p>\n<p>&nbsp;<\/p>\n<p>&nbsp;<\/p>\n","protected":false},"excerpt":{"rendered":"","protected":false},"author":2,"featured_media":10543,"comment_status":"open","ping_status":"open","sticky":false,"template":"","format":"standard","meta":{"_acf_changed":false,"jetpack_post_was_ever_published":false,"_jetpack_newsletter_access":"","_jetpack_dont_email_post_to_subs":false,"_jetpack_newsletter_tier_id":0,"_jetpack_memberships_contains_paywalled_content":false,"_jetpack_memberships_contains_paid_content":false,"footnotes":"","jetpack_publicize_message":"","jetpack_publicize_feature_enabled":true,"jetpack_social_post_already_shared":true,"jetpack_social_options":{"image_generator_settings":{"template":"highway","default_image_id":0,"font":"","enabled":false},"version":2}},"categories":[10,3],"tags":[],"class_list":["post-10542","post","type-post","status-publish","format-standard","has-post-thumbnail","hentry","category-izlozbe","category-novosti"],"acf":{"facebook_opis":""},"jetpack_publicize_connections":[],"jetpack_featured_media_url":"https:\/\/i0.wp.com\/historiografija.hr\/wp-content\/uploads\/2018\/06\/Gradove.jpg?fit=960%2C540&ssl=1","jetpack_sharing_enabled":true,"jetpack-related-posts":[{"id":52575,"url":"https:\/\/historiografija.hr\/?p=52575","url_meta":{"origin":10542,"position":0},"title":"Izlo\u017eba dje\u010djih radova \u201cU po\u010detku bija\u0161e crte\u017e\u2026\u201d","author":"Branimir Jankovi\u0107","date":"21. travnja 2026.","format":false,"excerpt":"U subotu, 25. travnja 2026. u 11 sati u Galeriji Klovi\u0107evi dvori sve\u010dano otvaramo izlo\u017ebu dje\u010djih radova pod nazivom U po\u010detku bija\u0161e crte\u017e\u2026 Radovi su nastali u sklopu likovnih radionica uz izlo\u017ebu U po\u010detku bija\u0161e kraljevstvo \u2013 izlo\u017eba povodom 1100 godina Hrvatskoga Kraljevstva. Na brojnim likovnim radionicama, uz \u0161kolsku djecu,\u2026","rel":"","context":"U &quot;Izlo\u017ebe&quot;","block_context":{"text":"Izlo\u017ebe","link":"https:\/\/historiografija.hr\/?cat=10"},"img":{"alt_text":"","src":"https:\/\/i0.wp.com\/historiografija.hr\/wp-content\/uploads\/2025\/10\/Klovicevi_sluzbeni-plakat.png?fit=840%2C1200&ssl=1&resize=350%2C200","width":350,"height":200,"srcset":"https:\/\/i0.wp.com\/historiografija.hr\/wp-content\/uploads\/2025\/10\/Klovicevi_sluzbeni-plakat.png?fit=840%2C1200&ssl=1&resize=350%2C200 1x, https:\/\/i0.wp.com\/historiografija.hr\/wp-content\/uploads\/2025\/10\/Klovicevi_sluzbeni-plakat.png?fit=840%2C1200&ssl=1&resize=525%2C300 1.5x, https:\/\/i0.wp.com\/historiografija.hr\/wp-content\/uploads\/2025\/10\/Klovicevi_sluzbeni-plakat.png?fit=840%2C1200&ssl=1&resize=700%2C400 2x"},"classes":[]},{"id":52511,"url":"https:\/\/historiografija.hr\/?p=52511","url_meta":{"origin":10542,"position":1},"title":"Izlo\u017eba &#8220;Lica Sljemena&#8221;","author":"Branimir Jankovi\u0107","date":"17. travnja 2026.","format":false,"excerpt":"Srda\u010dno vas pozivamo na otvorenje izlo\u017ebe Lica Sljemena koje \u0107e se odr\u017eati u srijedu 22. travnja 2026. u 18 h ispred Muzeja Prigorja (Trg Dragutina Domjani\u0107a 5, Sesvete). Izlo\u017eba proizlazi iz istra\u017eivanja Nevene \u0160krbi\u0107 Alempijevi\u0107, Petre Kelemen i Sanje Potkonjak te intervjua sa Sljemena\u0161icama i Sljemena\u0161ima, koji su provedeni u\u2026","rel":"","context":"U &quot;Izlo\u017ebe&quot;","block_context":{"text":"Izlo\u017ebe","link":"https:\/\/historiografija.hr\/?cat=10"},"img":{"alt_text":"","src":"https:\/\/i0.wp.com\/historiografija.hr\/wp-content\/uploads\/2026\/04\/Izlozba-Lica-Sljemena.png?fit=1080%2C686&ssl=1&resize=350%2C200","width":350,"height":200,"srcset":"https:\/\/i0.wp.com\/historiografija.hr\/wp-content\/uploads\/2026\/04\/Izlozba-Lica-Sljemena.png?fit=1080%2C686&ssl=1&resize=350%2C200 1x, https:\/\/i0.wp.com\/historiografija.hr\/wp-content\/uploads\/2026\/04\/Izlozba-Lica-Sljemena.png?fit=1080%2C686&ssl=1&resize=525%2C300 1.5x, https:\/\/i0.wp.com\/historiografija.hr\/wp-content\/uploads\/2026\/04\/Izlozba-Lica-Sljemena.png?fit=1080%2C686&ssl=1&resize=700%2C400 2x, https:\/\/i0.wp.com\/historiografija.hr\/wp-content\/uploads\/2026\/04\/Izlozba-Lica-Sljemena.png?fit=1080%2C686&ssl=1&resize=1050%2C600 3x"},"classes":[]},{"id":52505,"url":"https:\/\/historiografija.hr\/?p=52505","url_meta":{"origin":10542,"position":2},"title":"Izlo\u017eba &#8220;Eschenstock \/ Jasenov prut&#8221;","author":"Branimir Jankovi\u0107","date":"17. travnja 2026.","format":false,"excerpt":"Srpsko narodno vije\u0107e (SNV) i Vizura aperta postavljaju izlo\u017ebu \u0161vicarskog slikara Velimira Ili\u0161evi\u0107a: Eschenstock \/ Jasenov prut. Izlo\u017eba se uz prisustvo autora otvara povodom 81. godi\u0161njice proboja logora\u0161a iz usta\u0161kog logora smrti Jasenovac 22. aprila 2026. u 19 sati u Srpskom kulturnom centru (SKC) u Preradovi\u0107evoj ulici 21 u Zagrebu.\u2026","rel":"","context":"U &quot;Izlo\u017ebe&quot;","block_context":{"text":"Izlo\u017ebe","link":"https:\/\/historiografija.hr\/?cat=10"},"img":{"alt_text":"","src":"https:\/\/i0.wp.com\/historiografija.hr\/wp-content\/uploads\/2026\/04\/Jasenov_prut.jpg?fit=1024%2C640&ssl=1&resize=350%2C200","width":350,"height":200,"srcset":"https:\/\/i0.wp.com\/historiografija.hr\/wp-content\/uploads\/2026\/04\/Jasenov_prut.jpg?fit=1024%2C640&ssl=1&resize=350%2C200 1x, https:\/\/i0.wp.com\/historiografija.hr\/wp-content\/uploads\/2026\/04\/Jasenov_prut.jpg?fit=1024%2C640&ssl=1&resize=525%2C300 1.5x, https:\/\/i0.wp.com\/historiografija.hr\/wp-content\/uploads\/2026\/04\/Jasenov_prut.jpg?fit=1024%2C640&ssl=1&resize=700%2C400 2x"},"classes":[]},{"id":52569,"url":"https:\/\/historiografija.hr\/?p=52569","url_meta":{"origin":10542,"position":3},"title":"[Predavanje] Ne \u010dekaju\u0107i inspiraciju \u2013 anga\u017eovane intelektualne, kulturalne i umetni\u010dke prakse u me\u0111uratnom periodu: teorija i praksa kriti\u010dke levice u jugoslovenskoj kulturi (YugoLab)","author":"Branimir Jankovi\u0107","date":"21. travnja 2026.","format":false,"excerpt":"U vreme agresivnog ja\u010danja globalne desnice, (pro)fa\u0161isti\u010dkih, rasisti\u010dkih i imperijalisti\u010dkih politika, dok je istovremeno globalna levica izrazito slaba, a progresivni pokreti atomizirani i fragmentisani, va\u017eno je iz savremene perspektive vratiti se revolucionarnim i emancipatorskim zbivanjima u jugoslovenskom (ali i s njima u vezi internacionalnim de\u0161avanjima), kao i dru\u0161tvenoj ulozi kulturalnih\u2026","rel":"","context":"U &quot;Novosti&quot;","block_context":{"text":"Novosti","link":"https:\/\/historiografija.hr\/?cat=3"},"img":{"alt_text":"","src":"","width":0,"height":0},"classes":[]},{"id":52666,"url":"https:\/\/historiografija.hr\/?p=52666","url_meta":{"origin":10542,"position":4},"title":"Najava programa Festivala povijesti Kliofest (5-8. V. 2026)","author":"Branimir Jankovi\u0107","date":"24. travnja 2026.","format":false,"excerpt":"Po trinaesti put odr\u017eava se Festival povijesti Kliofest! Do petka \u0107emo odr\u017eati osam okruglih stolova i dva kolokvija te niz predstavljanja knjiga i projekata razli\u010dite tematike, od antike do suvremenosti. Bit \u0107e predstavljeno i nekoliko izlo\u017ebi te odr\u017ean jedan povijesni kviz. Prikazat \u0107emo i jedan film \u2013 o generalu Boroevi\u0107u.\u2026","rel":"","context":"U &quot;Novosti&quot;","block_context":{"text":"Novosti","link":"https:\/\/historiografija.hr\/?cat=3"},"img":{"alt_text":"","src":"https:\/\/i0.wp.com\/historiografija.hr\/wp-content\/uploads\/2026\/04\/Kliofest-2026.jpg?fit=526%2C526&ssl=1&resize=350%2C200","width":350,"height":200,"srcset":"https:\/\/i0.wp.com\/historiografija.hr\/wp-content\/uploads\/2026\/04\/Kliofest-2026.jpg?fit=526%2C526&ssl=1&resize=350%2C200 1x, https:\/\/i0.wp.com\/historiografija.hr\/wp-content\/uploads\/2026\/04\/Kliofest-2026.jpg?fit=526%2C526&ssl=1&resize=525%2C300 1.5x"},"classes":[]},{"id":52573,"url":"https:\/\/historiografija.hr\/?p=52573","url_meta":{"origin":10542,"position":5},"title":"Znanstvena konferencija &#8220;Filozofija odgoja: povijest, praksa, perspektive&#8221;","author":"Branimir Jankovi\u0107","date":"21. travnja 2026.","format":false,"excerpt":"Znanstvena konferencija \"Filozofija odgoja: povijest, praksa, perspektive\" odr\u017eat \u0107e se 23. i 24. travnja 2026. u Konferencijskoj dvorani Knji\u017enice Filozofskog fakulteta u Zagrebu (2. kat).\u00a0Konferencija je organizirana u okviru projekta\u00a0SUMKOS (voditeljica prof. dr. sc. Ivana Zagorac, financiran\u00a0sredstvima NextGenerationEU), uz potporu Odsjeka za filozofiju.\u00a0 Uz izlaga\u010dki dio, konferencija obuhva\u0107a i izlo\u017ebu\u2026","rel":"","context":"U &quot;Novosti&quot;","block_context":{"text":"Novosti","link":"https:\/\/historiografija.hr\/?cat=3"},"img":{"alt_text":"","src":"","width":0,"height":0},"classes":[]}],"_links":{"self":[{"href":"https:\/\/historiografija.hr\/index.php?rest_route=\/wp\/v2\/posts\/10542","targetHints":{"allow":["GET"]}}],"collection":[{"href":"https:\/\/historiografija.hr\/index.php?rest_route=\/wp\/v2\/posts"}],"about":[{"href":"https:\/\/historiografija.hr\/index.php?rest_route=\/wp\/v2\/types\/post"}],"author":[{"embeddable":true,"href":"https:\/\/historiografija.hr\/index.php?rest_route=\/wp\/v2\/users\/2"}],"replies":[{"embeddable":true,"href":"https:\/\/historiografija.hr\/index.php?rest_route=%2Fwp%2Fv2%2Fcomments&post=10542"}],"version-history":[{"count":3,"href":"https:\/\/historiografija.hr\/index.php?rest_route=\/wp\/v2\/posts\/10542\/revisions"}],"predecessor-version":[{"id":10547,"href":"https:\/\/historiografija.hr\/index.php?rest_route=\/wp\/v2\/posts\/10542\/revisions\/10547"}],"wp:featuredmedia":[{"embeddable":true,"href":"https:\/\/historiografija.hr\/index.php?rest_route=\/wp\/v2\/media\/10543"}],"wp:attachment":[{"href":"https:\/\/historiografija.hr\/index.php?rest_route=%2Fwp%2Fv2%2Fmedia&parent=10542"}],"wp:term":[{"taxonomy":"category","embeddable":true,"href":"https:\/\/historiografija.hr\/index.php?rest_route=%2Fwp%2Fv2%2Fcategories&post=10542"},{"taxonomy":"post_tag","embeddable":true,"href":"https:\/\/historiografija.hr\/index.php?rest_route=%2Fwp%2Fv2%2Ftags&post=10542"}],"curies":[{"name":"wp","href":"https:\/\/api.w.org\/{rel}","templated":true}]}}