{"id":10526,"date":"2018-06-28T17:43:13","date_gmt":"2018-06-28T17:43:13","guid":{"rendered":"http:\/\/historiografija.hr\/?p=10526"},"modified":"2018-07-07T09:02:27","modified_gmt":"2018-07-07T09:02:27","slug":"o-sukobu-tita-i-staljina-1948-godine","status":"publish","type":"post","link":"https:\/\/historiografija.hr\/?p=10526","title":{"rendered":"O sukobu Tita i Staljina 1948. godine"},"content":{"rendered":"<p>Povodom me\u0111unarodne znanstvene konferencije o sukobu Tita i Staljina 1948. \u201eThe Tito-Stalin Split 70 Years After\u201c (Zagreb, 28. i 29. lipnja, Goli otok, 30. lipnja 2018) upu\u0107ujemo u nastavku na dio medijskih priloga iz 2018. godine o toj prijelomnici.<\/p>\n<p>&nbsp;<\/p>\n<p>&nbsp;<\/p>\n<p><strong>Iz medija<\/strong> (2018)<\/p>\n<p>&nbsp;<\/p>\n<p>&nbsp;<\/p>\n<p>Tvrtko Jakovina o rezoluciji Informbiroa<\/p>\n<p><a href=\"http:\/\/hr.n1info.com\/a313021\/Video\/Tvrtko-Jakovina-o-rezoluciji-Informbiroa.html\">http:\/\/hr.n1info.com\/a313021\/Video\/Tvrtko-Jakovina-o-rezoluciji-Informbiroa.html<\/a><\/p>\n<p>&nbsp;<\/p>\n<p>&nbsp;<\/p>\n<p>Sukob koji je stvorio prvog komunisti\u010dkog protestanta<\/p>\n<p><a href=\"https:\/\/www.jutarnji.hr\/vijesti\/svijet\/sukob-koji-je-stvorio-prvog-komunistickog-protestanta\/7513080\/\">https:\/\/www.jutarnji.hr\/vijesti\/svijet\/sukob-koji-je-stvorio-prvog-komunistickog-protestanta\/7513080\/<\/a><\/p>\n<p>&nbsp;<\/p>\n<p>&nbsp;<\/p>\n<p>ZAPAD JE BIO U \u0160OKU Kako je do\u0161lo do najva\u017enijeg doga\u0111aja za Jugoslaviju u eri hladnog rata i za\u0161to dana\u0161nja Hrvatska taj raskol gura u zaborav&#8230;<\/p>\n<p><a href=\"https:\/\/www.jutarnji.hr\/globus\/Globus-politika\/zapad-je-bio-u-soku-kako-je-doslo-do-najvaznijeg-dogadaja-za-jugoslaviju-u-eri-hladnog-rata-i-zasto-danasnja-hrvatska-taj-raskol-gura-u-zaborav\/7195509\/\">https:\/\/www.jutarnji.hr\/globus\/Globus-politika\/zapad-je-bio-u-soku-kako-je-doslo-do-najvaznijeg-dogadaja-za-jugoslaviju-u-eri-hladnog-rata-i-zasto-danasnja-hrvatska-taj-raskol-gura-u-zaborav\/7195509\/<\/a><\/p>\n<p>&nbsp;<\/p>\n<p>&nbsp;<\/p>\n<p>&nbsp;<\/p>\n<p>Povjesni\u010dar Martin Previ\u0161i\u0107 nakon 70 godina analizirao dono\u0161enje rezolucije Informbiroa: Tito je u strahu od Staljina u logorima zato\u010dio i mu\u010dio 17.000 suboraca<\/p>\n<p><a href=\"https:\/\/slobodnadalmacija.hr\/novosti\/hrvatska\/clanak\/id\/532551\/povjesnicar-martin-previsic-nakon-70-godina-analizirao-donosenje-rezolucije-informbiroa-tito-je-u-strahu-od-staljina-u-logorima-zatocio-i-mucio-17000-suboraca\">https:\/\/slobodnadalmacija.hr\/novosti\/hrvatska\/clanak\/id\/532551\/povjesnicar-martin-previsic-nakon-70-godina-analizirao-donosenje-rezolucije-informbiroa-tito-je-u-strahu-od-staljina-u-logorima-zatocio-i-mucio-17000-suboraca<\/a><\/p>\n<p>&nbsp;<\/p>\n<p>&nbsp;<\/p>\n<p>Sve o razlazu Tita i Staljina prije 70 godina (1-8)<\/p>\n<p><a href=\"https:\/\/blog.vecernji.hr\/zvonimir-despot\/sve-o-razlazu-tita-i-staljina-prije-70-godina-1-10072\">https:\/\/blog.vecernji.hr\/zvonimir-despot\/sve-o-razlazu-tita-i-staljina-prije-70-godina-1-10072<\/a><\/p>\n<p>&nbsp;<\/p>\n<p><a href=\"https:\/\/blog.vecernji.hr\/zvonimir-despot\">https:\/\/blog.vecernji.hr\/zvonimir-despot<\/a><\/p>\n<p>&nbsp;<\/p>\n<p>&nbsp;<\/p>\n<p>&nbsp;<\/p>\n<p>Sukob Tita i Staljina proizveo je &#8216;Goli otok&#8217;<\/p>\n<p><a href=\"http:\/\/balkans.aljazeera.net\/vijesti\/sukob-tita-i-staljina-proizveo-je-goli-otok\">http:\/\/balkans.aljazeera.net\/vijesti\/sukob-tita-i-staljina-proizveo-je-goli-otok<\/a><\/p>\n<p>&nbsp;<\/p>\n<p>&nbsp;<\/p>\n<p>Povjesni\u010dar: &#8220;Tito je lagao o svom ratovanju&#8221;<\/p>\n<p><a href=\"https:\/\/www.express.hr\/top-news\/povjesnicar-tito-je-lagao-o-svom-ratovanju-13823\">https:\/\/www.express.hr\/top-news\/povjesnicar-tito-je-lagao-o-svom-ratovanju-13823<\/a><\/p>\n<p>&nbsp;<\/p>\n<p>&nbsp;<\/p>\n<p>2018. vs 1948.<\/p>\n<p><a href=\"https:\/\/pescanik.net\/2018-vs-1948\/\">https:\/\/pescanik.net\/2018-vs-1948\/<\/a><\/p>\n<p>&nbsp;<\/p>\n<p>&nbsp;<\/p>\n<p>Sukob Tito-Staljin i period Informbiroa \u2013 I deo<\/p>\n<p><a href=\"http:\/\/www.masina.rs\/?p=6894\">http:\/\/www.masina.rs\/?p=6894<\/a><\/p>\n<p>&nbsp;<\/p>\n<p>&nbsp;<\/p>\n<p>Istorijsko ne<\/p>\n<p><a href=\"http:\/\/www.politika.rs\/sr\/rubrika\/424\/Istorijsko-ne\">http:\/\/www.politika.rs\/sr\/rubrika\/424\/Istorijsko-ne<\/a><\/p>\n<p>&nbsp;<\/p>\n<p>&nbsp;<\/p>\n<p>70 godina od rezolucije Informbiroa i Titovog NE Staljinu<\/p>\n<p><a href=\"https:\/\/www.klix.ba\/vijesti\/bih\/70-godina-od-rezolucije-informbiroa-i-titovog-ne-staljinu\/180628004\">https:\/\/www.klix.ba\/vijesti\/bih\/70-godina-od-rezolucije-informbiroa-i-titovog-ne-staljinu\/180628004<\/a><\/p>\n<p>&nbsp;<\/p>\n<p>&nbsp;<\/p>\n<p>Raif Dizdarevi\u0107 objavio knjigu o historijskom &#8220;ne&#8221; Staljinu<\/p>\n<p><a href=\"https:\/\/www.klix.ba\/vijesti\/bih\/raif-dizdarevic-objavio-knjigu-o-historijskom-ne-staljinu\/180617012\">https:\/\/www.klix.ba\/vijesti\/bih\/raif-dizdarevic-objavio-knjigu-o-historijskom-ne-staljinu\/180617012<\/a><\/p>\n<p>&nbsp;<\/p>\n<p>Jugoslavenski diplomat: Goli otok je nastao jer smo se morali braniti<\/p>\n<p><a href=\"https:\/\/direktno.hr\/domovina\/jugoslavenski-diplomat-goli-otok-je-nastao-jer-smo-se-morali-braniti-126025\/\">https:\/\/direktno.hr\/domovina\/jugoslavenski-diplomat-goli-otok-je-nastao-jer-smo-se-morali-braniti-126025\/<\/a><\/p>\n<p>&nbsp;<\/p>\n<p>&nbsp;<\/p>\n<p>Sedam decenija od Titovog \u010duvenog \u201cNe\u201d Staljinu<\/p>\n<p><a href=\"https:\/\/www.fokus.ba\/magazin\/zivot-zdravlje\/sedam-decenija-od-titovog-cuvenog-ne-staljinu\/1063302\/\">https:\/\/www.fokus.ba\/magazin\/zivot-zdravlje\/sedam-decenija-od-titovog-cuvenog-ne-staljinu\/1063302\/<\/a><\/p>\n<p>&nbsp;<\/p>\n<p>&nbsp;<\/p>\n<p>Feljton Tito<\/p>\n<p><a href=\"http:\/\/demostat.rs\/sr\/vesti\/feljton\/0\">http:\/\/demostat.rs\/sr\/vesti\/feljton\/0<\/a><\/p>\n<p>&nbsp;<\/p>\n<p>&#8212;<\/p>\n<p>&nbsp;<\/p>\n<p>Tribina: Goli otok \u2013 Tito i Staljin 1948.-2018. uz goste Zlatka Hasanbegovi\u0107a i p. Petra Nodila<\/p>\n<p><a href=\"https:\/\/narod.hr\/kultura\/tribina-goli-otok-tito-staljin-1948-2018-goste-zlatka-hasanbegovica-p-petra-nodila\">https:\/\/narod.hr\/kultura\/tribina-goli-otok-tito-staljin-1948-2018-goste-zlatka-hasanbegovica-p-petra-nodila<\/a><\/p>\n<p>&nbsp;<\/p>\n<p>&nbsp;<\/p>\n<p>70. godi\u0161njica Rezolucije Informbiroa \/ Documenta \/ Konferencija za novinare<\/p>\n<p>&nbsp;<\/p>\n<p><a href=\"https:\/\/www.documenta.hr\/hr\/70.-godi\u0161njica-rezolucije-informbiroa-konferencija-za-novinare.html\">https:\/\/www.documenta.hr\/hr\/70.-godi\u0161njica-rezolucije-informbiroa-konferencija-za-novinare.html<\/a><\/p>\n<p>&nbsp;<\/p>\n<p><a href=\"https:\/\/www.documenta.hr\/hr\/udruge-pozvale-ministarstvo-kulture-da-za\u0161titi-kompleks-na-golom-otoku.html\">https:\/\/www.documenta.hr\/hr\/udruge-pozvale-ministarstvo-kulture-da-za\u0161titi-kompleks-na-golom-otoku.html<\/a><\/p>\n<p>&nbsp;<\/p>\n<p>&nbsp;<\/p>\n<p>Kliofest 2018: Okrugli stol \u201cTitovo \u201ene\u201c Staljinu ili Staljinovo \u201ene\u201c Titu?\u201d<\/p>\n<p><a href=\"https:\/\/historiografija.hr\/?p=9589\">https:\/\/historiografija.hr\/?p=9589<\/a><\/p>\n<p>&nbsp;<\/p>\n<p>&nbsp;<\/p>\n<p>Hrvatsko-slovenska doktorska radionica \u201cTe\u0161ke prijelomnice: 1918. i 1948.\u201d<\/p>\n<p><a href=\"https:\/\/historiografija.hr\/?p=10426\">https:\/\/historiografija.hr\/?p=10426<\/a><\/p>\n<p>&nbsp;<\/p>\n<p>&nbsp;<\/p>\n<p>International Conference \u201cThe Tito-Stalin Split 70 Years After\u201d (Zagreb and Goli otok, 28-30 June 2018)<\/p>\n<p><a href=\"https:\/\/historiografija.hr\/?p=10430\">https:\/\/historiografija.hr\/?p=10430<\/a><\/p>\n<p>&nbsp;<\/p>\n<p>&nbsp;<\/p>\n<p>&nbsp;<\/p>\n","protected":false},"excerpt":{"rendered":"","protected":false},"author":2,"featured_media":7971,"comment_status":"open","ping_status":"open","sticky":false,"template":"","format":"standard","meta":{"_acf_changed":false,"jetpack_post_was_ever_published":false,"_jetpack_newsletter_access":"","_jetpack_dont_email_post_to_subs":false,"_jetpack_newsletter_tier_id":0,"_jetpack_memberships_contains_paywalled_content":false,"_jetpack_memberships_contains_paid_content":false,"footnotes":"","jetpack_publicize_message":"","jetpack_publicize_feature_enabled":true,"jetpack_social_post_already_shared":true,"jetpack_social_options":{"image_generator_settings":{"template":"highway","default_image_id":0,"font":"","enabled":false},"version":2}},"categories":[3,17],"tags":[],"class_list":["post-10526","post","type-post","status-publish","format-standard","has-post-thumbnail","hentry","category-novosti","category-rasprave"],"acf":{"facebook_opis":""},"jetpack_publicize_connections":[],"jetpack_featured_media_url":"https:\/\/i0.wp.com\/historiografija.hr\/wp-content\/uploads\/2018\/01\/Poziv.jpg?fit=781%2C606&ssl=1","jetpack_sharing_enabled":true,"jetpack-related-posts":[{"id":52592,"url":"https:\/\/historiografija.hr\/?p=52592","url_meta":{"origin":10526,"position":0},"title":"Predstavljanje knjige &#8220;Turska ku\u0107a u Rijeci&#8221; u Zagrebu","author":"Branimir Jankovi\u0107","date":"22. travnja 2026.","format":false,"excerpt":"U prostorijama Turskog kulturnog centra Yunus Emre u Zagrebu, u utorak 21. travnja 2026. godine, odr\u017eano je sve\u010dano predstavljanje dopunjenog izdanja knjige Turska ku\u0107a u Rijeci, u organizaciji Hrvatsko-turskog dru\u0161tva Rijeka i partnerstvu sa Skupinom prijateljstva Hrvatska-Turska Hrvatskog sabora, Veleposlanstvom Republike Turske u Republici Hrvatskoj te Turskim kulturnim centrom Yunus\u2026","rel":"","context":"U &quot;Novosti&quot;","block_context":{"text":"Novosti","link":"https:\/\/historiografija.hr\/?cat=3"},"img":{"alt_text":"","src":"https:\/\/i0.wp.com\/historiografija.hr\/wp-content\/uploads\/2026\/04\/Turska-kuca-ZG.jpg?fit=1200%2C800&ssl=1&resize=350%2C200","width":350,"height":200,"srcset":"https:\/\/i0.wp.com\/historiografija.hr\/wp-content\/uploads\/2026\/04\/Turska-kuca-ZG.jpg?fit=1200%2C800&ssl=1&resize=350%2C200 1x, https:\/\/i0.wp.com\/historiografija.hr\/wp-content\/uploads\/2026\/04\/Turska-kuca-ZG.jpg?fit=1200%2C800&ssl=1&resize=525%2C300 1.5x, https:\/\/i0.wp.com\/historiografija.hr\/wp-content\/uploads\/2026\/04\/Turska-kuca-ZG.jpg?fit=1200%2C800&ssl=1&resize=700%2C400 2x, https:\/\/i0.wp.com\/historiografija.hr\/wp-content\/uploads\/2026\/04\/Turska-kuca-ZG.jpg?fit=1200%2C800&ssl=1&resize=1050%2C600 3x"},"classes":[]},{"id":52633,"url":"https:\/\/historiografija.hr\/?p=52633","url_meta":{"origin":10526,"position":1},"title":"POVIJEST TRE\u0160NJEVA\u010cKE GLAZBE: prikupljanje virtualnog fundusa Muzeja susjedstva Tre\u0161njevka","author":"Branimir Jankovi\u0107","date":"23. travnja 2026.","format":false,"excerpt":"utorak 28. 4. 2026. 14 - 18 h Nova BAZA, Nova cesta 66, Zagreb Prvi su dani ljeta 1957. godine. Bo\u017eica Kalafati\u0107 poha\u0111a drugi razred Osnovne \u0161kole Bratstvo i jedinstvo, danas kralja Tomislava, a ide i na muzi\u010dke satove u Mo\u0161\u0107eni\u010dkoj ulici. Na fotografiji s harmonikom u rukama stoji u\u2026","rel":"","context":"U &quot;Novosti&quot;","block_context":{"text":"Novosti","link":"https:\/\/historiografija.hr\/?cat=3"},"img":{"alt_text":"","src":"https:\/\/i0.wp.com\/historiografija.hr\/wp-content\/uploads\/2026\/04\/MST_prikupljanje.jpg?fit=380%2C475&ssl=1&resize=350%2C200","width":350,"height":200},"classes":[]},{"id":52578,"url":"https:\/\/historiografija.hr\/?p=52578","url_meta":{"origin":10526,"position":2},"title":"Poziv za sudjelovanje: XXII. Dani Julija Bene\u0161i\u0107a u Iloku","author":"Branimir Jankovi\u0107","date":"21. travnja 2026.","format":false,"excerpt":"Zavod za lingvisti\u010dka istra\u017eivanja Hrvatske akademije znanosti i umjetnosti, zajedno s Muzejom grada Iloka, organizira XXII. Dane Julija Bene\u0161i\u0107a, koji \u0107e se odr\u017eati od 28. do 30. listopada 2026. u Iloku.\u00a0Teme ovogodi\u0161njih Dana podijeljene su u dvije cjeline: Knji\u017eevno-jezikoslovni d\u00ecv\u0101n s Bene\u0161i\u0107em te Ilok i Srijem u povijesnim stalnicama i\u2026","rel":"","context":"U &quot;Novosti&quot;","block_context":{"text":"Novosti","link":"https:\/\/historiografija.hr\/?cat=3"},"img":{"alt_text":"","src":"https:\/\/i0.wp.com\/historiografija.hr\/wp-content\/uploads\/2019\/10\/HE2_Benesic.jpg?fit=413%2C591&ssl=1&resize=350%2C200","width":350,"height":200},"classes":[]},{"id":52536,"url":"https:\/\/historiografija.hr\/?p=52536","url_meta":{"origin":10526,"position":3},"title":"Kader Abdolah, \u201ePrije nego \u0161to bude kasno\u201c","author":"Branimir Jankovi\u0107","date":"20. travnja 2026.","format":false,"excerpt":"Kader Abdolah \u017eeli se vratiti ku\u0107i. Ali povratak je nemogu\u0107: u Iranu bi bio uhap\u0161en. Pod la\u017enim imenom i s krivotvorenim paso\u0161em ipak uspijeva u\u0107i u domovinu i sti\u017ee do roditeljske ku\u0107e, visoko u planinama. Majka ga ne prepoznaje, otac je mrtav, a sve \u0161to je tra\u017eio izmi\u010de mu pred\u2026","rel":"","context":"U &quot;Novosti&quot;","block_context":{"text":"Novosti","link":"https:\/\/historiografija.hr\/?cat=3"},"img":{"alt_text":"","src":"https:\/\/i0.wp.com\/historiografija.hr\/wp-content\/uploads\/2026\/04\/Prije-nego-sto-bude-kasno.webp?fit=566%2C872&ssl=1&resize=350%2C200","width":350,"height":200,"srcset":"https:\/\/i0.wp.com\/historiografija.hr\/wp-content\/uploads\/2026\/04\/Prije-nego-sto-bude-kasno.webp?fit=566%2C872&ssl=1&resize=350%2C200 1x, https:\/\/i0.wp.com\/historiografija.hr\/wp-content\/uploads\/2026\/04\/Prije-nego-sto-bude-kasno.webp?fit=566%2C872&ssl=1&resize=525%2C300 1.5x"},"classes":[]},{"id":52547,"url":"https:\/\/historiografija.hr\/?p=52547","url_meta":{"origin":10526,"position":4},"title":"ISHA Zagreb \u2013 Filmska ve\u010der: Povratak Martina Guerrea","author":"Branimir Jankovi\u0107","date":"20. travnja 2026.","format":false,"excerpt":"Klub studenata povijesti \u2013 ISHA Zagreb poziva Vas na filmsku ve\u010der na kojoj \u0107e se prikazivati \u201ePovratak Martina Guerrea\u201c, povijesna drama iz 1982. godine s radnjom smje\u0161tenom u 16. stolje\u0107u. Radnja je utemeljena na stvarnoj povijesnoj li\u010dnosti Martina Guerrea koji se nakon mnogo godina izbivanja vra\u0107a u svoje rodno mjesto\u2026","rel":"","context":"U &quot;Filmovi i serije&quot;","block_context":{"text":"Filmovi i serije","link":"https:\/\/historiografija.hr\/?cat=13"},"img":{"alt_text":"","src":"https:\/\/i0.wp.com\/historiografija.hr\/wp-content\/uploads\/2026\/04\/M-Guerre.png?fit=702%2C1006&ssl=1&resize=350%2C200","width":350,"height":200,"srcset":"https:\/\/i0.wp.com\/historiografija.hr\/wp-content\/uploads\/2026\/04\/M-Guerre.png?fit=702%2C1006&ssl=1&resize=350%2C200 1x, https:\/\/i0.wp.com\/historiografija.hr\/wp-content\/uploads\/2026\/04\/M-Guerre.png?fit=702%2C1006&ssl=1&resize=525%2C300 1.5x, https:\/\/i0.wp.com\/historiografija.hr\/wp-content\/uploads\/2026\/04\/M-Guerre.png?fit=702%2C1006&ssl=1&resize=700%2C400 2x"},"classes":[]},{"id":52505,"url":"https:\/\/historiografija.hr\/?p=52505","url_meta":{"origin":10526,"position":5},"title":"Izlo\u017eba &#8220;Eschenstock \/ Jasenov prut&#8221;","author":"Branimir Jankovi\u0107","date":"17. travnja 2026.","format":false,"excerpt":"Srpsko narodno vije\u0107e (SNV) i Vizura aperta postavljaju izlo\u017ebu \u0161vicarskog slikara Velimira Ili\u0161evi\u0107a: Eschenstock \/ Jasenov prut. Izlo\u017eba se uz prisustvo autora otvara povodom 81. godi\u0161njice proboja logora\u0161a iz usta\u0161kog logora smrti Jasenovac 22. aprila 2026. u 19 sati u Srpskom kulturnom centru (SKC) u Preradovi\u0107evoj ulici 21 u Zagrebu.\u2026","rel":"","context":"U &quot;Izlo\u017ebe&quot;","block_context":{"text":"Izlo\u017ebe","link":"https:\/\/historiografija.hr\/?cat=10"},"img":{"alt_text":"","src":"https:\/\/i0.wp.com\/historiografija.hr\/wp-content\/uploads\/2026\/04\/Jasenov_prut.jpg?fit=1024%2C640&ssl=1&resize=350%2C200","width":350,"height":200,"srcset":"https:\/\/i0.wp.com\/historiografija.hr\/wp-content\/uploads\/2026\/04\/Jasenov_prut.jpg?fit=1024%2C640&ssl=1&resize=350%2C200 1x, https:\/\/i0.wp.com\/historiografija.hr\/wp-content\/uploads\/2026\/04\/Jasenov_prut.jpg?fit=1024%2C640&ssl=1&resize=525%2C300 1.5x, https:\/\/i0.wp.com\/historiografija.hr\/wp-content\/uploads\/2026\/04\/Jasenov_prut.jpg?fit=1024%2C640&ssl=1&resize=700%2C400 2x"},"classes":[]}],"_links":{"self":[{"href":"https:\/\/historiografija.hr\/index.php?rest_route=\/wp\/v2\/posts\/10526","targetHints":{"allow":["GET"]}}],"collection":[{"href":"https:\/\/historiografija.hr\/index.php?rest_route=\/wp\/v2\/posts"}],"about":[{"href":"https:\/\/historiografija.hr\/index.php?rest_route=\/wp\/v2\/types\/post"}],"author":[{"embeddable":true,"href":"https:\/\/historiografija.hr\/index.php?rest_route=\/wp\/v2\/users\/2"}],"replies":[{"embeddable":true,"href":"https:\/\/historiografija.hr\/index.php?rest_route=%2Fwp%2Fv2%2Fcomments&post=10526"}],"version-history":[{"count":7,"href":"https:\/\/historiografija.hr\/index.php?rest_route=\/wp\/v2\/posts\/10526\/revisions"}],"predecessor-version":[{"id":10613,"href":"https:\/\/historiografija.hr\/index.php?rest_route=\/wp\/v2\/posts\/10526\/revisions\/10613"}],"wp:featuredmedia":[{"embeddable":true,"href":"https:\/\/historiografija.hr\/index.php?rest_route=\/wp\/v2\/media\/7971"}],"wp:attachment":[{"href":"https:\/\/historiografija.hr\/index.php?rest_route=%2Fwp%2Fv2%2Fmedia&parent=10526"}],"wp:term":[{"taxonomy":"category","embeddable":true,"href":"https:\/\/historiografija.hr\/index.php?rest_route=%2Fwp%2Fv2%2Fcategories&post=10526"},{"taxonomy":"post_tag","embeddable":true,"href":"https:\/\/historiografija.hr\/index.php?rest_route=%2Fwp%2Fv2%2Ftags&post=10526"}],"curies":[{"name":"wp","href":"https:\/\/api.w.org\/{rel}","templated":true}]}}