{"id":10454,"date":"2018-06-22T10:18:14","date_gmt":"2018-06-22T10:18:14","guid":{"rendered":"http:\/\/historiografija.hr\/?p=10454"},"modified":"2022-09-19T13:34:54","modified_gmt":"2022-09-19T13:34:54","slug":"dokumentarna-predstava-o-sjecanju-na-iva-lolu-i-porodicu-ribar","status":"publish","type":"post","link":"https:\/\/historiografija.hr\/?p=10454","title":{"rendered":"Dokumentarna predstava o sje\u0107anju na Iva Lolu i porodicu Ribar"},"content":{"rendered":"<p>U Srbiji je u svibnju 2018. premijerno izvedena predstava \u201eSmrt fa\u0161izmu! O Ribarima i Slobodi\u201c u produkciji nezavisnog omladinskog Reflektor teatra, na kojoj su stru\u010dno sura\u0111ivali i povjesni\u010dari.<\/p>\n<p>&nbsp;<\/p>\n<p>&nbsp;<\/p>\n<p>&#8212;<\/p>\n<p>&nbsp;<\/p>\n<p>&nbsp;<\/p>\n<p>\u201cSMRT FA\u0160IZMU! O Ribarima i Slobodi\u201d dokumentarna predstava o se\u0107anju na Iva Lolu i porodicu Ribar je nova produkcija nezavisne, omladinske trupe Reflektor teatar.<\/p>\n<p>&nbsp;<\/p>\n<p>&nbsp;<\/p>\n<p>Ovo je dokumentarna predstava, ali ne i biografska drama.<\/p>\n<p>&nbsp;<\/p>\n<p>&nbsp;<\/p>\n<p>Istra\u017euju\u0107i pri\u010du o Ivu Loli Ribaru, njegovoj porodici, verenici Slobodi Trajkovi\u0107, ali i \u010ditavoj generaciji mladih ljudi koji su dali svoje \u017eivote u borbi protiv fa\u0161izma, autori predstave \u017eele da, pre svega, ka\u017eu ne\u0161to o svojoj generaciji, sebi, dana\u0161njim herojima i idealima u koje veruju. O tome kako oni razumeju borbu protiv fa\u0161izma danas i tome \u0161ta pri\u010da o porodici Ribar zna\u010di njima li\u010dno, u savremenom politi\u010dkom trenutku obele\u017eenom istorijskim revizonizmom i ja\u010danjem nacionalisti\u010dkih struja u regionu, ali i u \u010ditavoj Evropi.<\/p>\n<p>&nbsp;<\/p>\n<p>&nbsp;<\/p>\n<p>Koncept, re\u017eija i dramaturgija: Milena Bogavac<\/p>\n<p>Ko-autori i izvo\u0111a\u010di: \u0110or\u0111e \u017divadinovi\u0107 Grgur, Nina Ne\u0161kovi\u0107, Strahinja Bla\u017ei\u0107, Sun\u010dica Milanovi\u0107, Nikola \u017divanovi\u0107<\/p>\n<p>Producenti: Vlatko Sekulovi\u0107, Branimir Brklja\u010d<br \/>\nIzvr\u0161na producentkinja: Aneta Goranovi\u0107<\/p>\n<p>Originalna muzika: Dragoljub \u0110uri\u010di\u0107<br \/>\nScenski pokret i koreografija: Andreja Kule\u0161evi\u0107<br \/>\nKostim: Ivana Nestorovi\u0107<br \/>\nVideo: Ivan Stojiljkovi\u0107<br \/>\nVizuelni identitet i dizajn: Slavimir Stojanovi\u0107<br \/>\nFotografija: Jelena Jankovi\u0107<\/p>\n<p>Stru\u010dni saradnik: Sr\u0111an Milo\u0161evi\u0107<\/p>\n<p>Stru\u010dni konsultanti: Olga Manojlovi\u0107 Pintar, Milovan Pissari, Maja Maksimovi\u0107, Aleksandar Sekulovi\u0107, Mila Turajli\u0107, Milo\u0161 Bakovi\u0107 Jad\u017ei\u0107, Matija Jovanovi\u0107, Jelena Velji\u0107, Jana \u0160ari\u0107, Ivan Mandi\u0107, Muharem Bazdulj, Branislav Gruba\u010dki, Vojislav Arsi\u0107, Vladan \u010celebonovi\u0107, Dunja Badnjevi\u0107 i Ru\u017ea Ristanovi\u0107<\/p>\n<p>Dizajn svetla: Arijan Igi\u0107<br \/>\nDizajn zvuka: Jovan Bulat<\/p>\n<p>Organizatorke: Dunja \u0110oki\u0107, Marina Umihani\u0107<\/p>\n<p>Produkcija: Reflektor teatar<\/p>\n<p>Ko-producenti: UK Parobrod, Beograd; FIAT, Podgorica; Firchie Think Thank Studio, Novi Sad, AKUD Ivo Lola Ribar, Beograd i Mokrin House, Mokrin<\/p>\n<p>&nbsp;<\/p>\n<p>&nbsp;<\/p>\n<p>Izvor:<\/p>\n<blockquote class=\"wp-embedded-content\" data-secret=\"JbgmvP2HBW\"><p><a href=\"http:\/\/reflektorteatar.rs\/\">Home<\/a><\/p><\/blockquote>\n<p><iframe loading=\"lazy\" class=\"wp-embedded-content\" sandbox=\"allow-scripts\" security=\"restricted\" style=\"position: absolute; clip: rect(1px, 1px, 1px, 1px);\" src=\"http:\/\/reflektorteatar.rs\/embed\/#?secret=JbgmvP2HBW\" data-secret=\"JbgmvP2HBW\" width=\"600\" height=\"338\" title=\"&#8220;Home&#8221; &#8212; Reflektor Teatar\" frameborder=\"0\" marginwidth=\"0\" marginheight=\"0\" scrolling=\"no\"><\/iframe><\/p>\n<p><a href=\"https:\/\/www.facebook.com\/reflektorteatar\/\">https:\/\/www.facebook.com\/reflektorteatar\/<\/a><\/p>\n<p>&nbsp;<\/p>\n<p>&nbsp;<\/p>\n<p>Dodatne informacije:<\/p>\n<blockquote class=\"wp-embedded-content\" data-secret=\"NAmkpbk7dX\"><p><a href=\"https:\/\/www.danas.rs\/kultura\/o-ribarima-i-slobodi-u-ateljeu-212\/\">Premijera predstave &#8222;Smrt fa\u0161izmu! O Ribarima i Slobodi\u201d u Ateljeu 212<\/a><\/p><\/blockquote>\n<p><iframe loading=\"lazy\" class=\"wp-embedded-content\" sandbox=\"allow-scripts\" security=\"restricted\" style=\"position: absolute; clip: rect(1px, 1px, 1px, 1px);\" src=\"https:\/\/www.danas.rs\/kultura\/o-ribarima-i-slobodi-u-ateljeu-212\/embed\/#?secret=NAmkpbk7dX\" data-secret=\"NAmkpbk7dX\" width=\"600\" height=\"338\" title=\"&#132;Premijera predstave &#8222;Smrt fa\u0161izmu! O Ribarima i Slobodi\u201d u Ateljeu 212&#147; &#8212; Dnevni list Danas\" frameborder=\"0\" marginwidth=\"0\" marginheight=\"0\" scrolling=\"no\"><\/iframe><\/p>\n<blockquote class=\"wp-embedded-content\" data-secret=\"MNoQZ3gC8p\"><p><a href=\"https:\/\/www.danas.rs\/kultura\/ivo-lola-ribar-ljubav-i-pozoriste\/\">Ivo Lola Ribar, ljubav i pozori\u0161te<\/a><\/p><\/blockquote>\n<p><iframe loading=\"lazy\" class=\"wp-embedded-content\" sandbox=\"allow-scripts\" security=\"restricted\" style=\"position: absolute; clip: rect(1px, 1px, 1px, 1px);\" src=\"https:\/\/www.danas.rs\/kultura\/ivo-lola-ribar-ljubav-i-pozoriste\/embed\/#?secret=MNoQZ3gC8p\" data-secret=\"MNoQZ3gC8p\" width=\"600\" height=\"338\" title=\"&#132;Ivo Lola Ribar, ljubav i pozori\u0161te&#147; &#8212; Dnevni list Danas\" frameborder=\"0\" marginwidth=\"0\" marginheight=\"0\" scrolling=\"no\"><\/iframe><\/p>\n<p>&nbsp;<\/p>\n","protected":false},"excerpt":{"rendered":"","protected":false},"author":2,"featured_media":10455,"comment_status":"open","ping_status":"open","sticky":false,"template":"","format":"standard","meta":{"_acf_changed":false,"jetpack_post_was_ever_published":false,"_jetpack_newsletter_access":"","_jetpack_dont_email_post_to_subs":false,"_jetpack_newsletter_tier_id":0,"_jetpack_memberships_contains_paywalled_content":false,"_jetpack_memberships_contains_paid_content":false,"footnotes":"","jetpack_publicize_message":"","jetpack_publicize_feature_enabled":true,"jetpack_social_post_already_shared":true,"jetpack_social_options":{"image_generator_settings":{"template":"highway","default_image_id":0,"font":"","enabled":false},"version":2}},"categories":[22,3],"tags":[],"class_list":["post-10454","post","type-post","status-publish","format-standard","has-post-thumbnail","hentry","category-kazalisne-predstave","category-novosti"],"acf":{"facebook_opis":""},"jetpack_publicize_connections":[],"jetpack_featured_media_url":"https:\/\/i0.wp.com\/historiografija.hr\/wp-content\/uploads\/2018\/06\/oribarima.jpg?fit=600%2C400&ssl=1","jetpack_sharing_enabled":true,"jetpack-related-posts":[{"id":52508,"url":"https:\/\/historiografija.hr\/?p=52508","url_meta":{"origin":10454,"position":0},"title":"Glazbena radionica \u201eDUGMETARA REVISITED\u201c","author":"Branimir Jankovi\u0107","date":"17. travnja 2026.","format":false,"excerpt":"DUGMETARA REVISITED glazbena radionica vodi: Ana Horvat 13., 20. i 27. travnja, od 18 do 20 sati Radiona, Nova cesta 186 Na tri radioni\u010dka susreta uranjamo u naslje\u0111e Dugmetare, biv\u0161e tvornice dugmadi na Savskoj cesti koja je po\u010detkom 2000-ih igrom slu\u010daja postala \u017eivo, jedinstveno mjesto glazbene proizvodnje. Svoje su probe\u2026","rel":"","context":"U &quot;Novosti&quot;","block_context":{"text":"Novosti","link":"https:\/\/historiografija.hr\/?cat=3"},"img":{"alt_text":"","src":"https:\/\/i0.wp.com\/historiografija.hr\/wp-content\/uploads\/2026\/04\/TRESNJA_TRESTI.jpg?fit=380%2C475&ssl=1&resize=350%2C200","width":350,"height":200},"classes":[]},{"id":52536,"url":"https:\/\/historiografija.hr\/?p=52536","url_meta":{"origin":10454,"position":1},"title":"Kader Abdolah, \u201ePrije nego \u0161to bude kasno\u201c","author":"Branimir Jankovi\u0107","date":"20. travnja 2026.","format":false,"excerpt":"Kader Abdolah \u017eeli se vratiti ku\u0107i. Ali povratak je nemogu\u0107: u Iranu bi bio uhap\u0161en. Pod la\u017enim imenom i s krivotvorenim paso\u0161em ipak uspijeva u\u0107i u domovinu i sti\u017ee do roditeljske ku\u0107e, visoko u planinama. Majka ga ne prepoznaje, otac je mrtav, a sve \u0161to je tra\u017eio izmi\u010de mu pred\u2026","rel":"","context":"U &quot;Novosti&quot;","block_context":{"text":"Novosti","link":"https:\/\/historiografija.hr\/?cat=3"},"img":{"alt_text":"","src":"https:\/\/i0.wp.com\/historiografija.hr\/wp-content\/uploads\/2026\/04\/Prije-nego-sto-bude-kasno.webp?fit=566%2C872&ssl=1&resize=350%2C200","width":350,"height":200,"srcset":"https:\/\/i0.wp.com\/historiografija.hr\/wp-content\/uploads\/2026\/04\/Prije-nego-sto-bude-kasno.webp?fit=566%2C872&ssl=1&resize=350%2C200 1x, https:\/\/i0.wp.com\/historiografija.hr\/wp-content\/uploads\/2026\/04\/Prije-nego-sto-bude-kasno.webp?fit=566%2C872&ssl=1&resize=525%2C300 1.5x"},"classes":[]},{"id":52657,"url":"https:\/\/historiografija.hr\/?p=52657","url_meta":{"origin":10454,"position":2},"title":"[Predavanje] Jezik i drugost u (post)socijalisti\u010dkoj Srbiji: diskurzivne politike identiteta (YugoLab)","author":"Branimir Jankovi\u0107","date":"24. travnja 2026.","format":false,"excerpt":"U sklopu projekta Prizma \/ IMAGINATION (\u201eZami\u0161ljanje nacije: srpski nacionalni narativi u sporu (XX\u2013XXI vek)\u201c), koji se realizuje na Institutu za filozofiju i dru\u0161tvenu teoriju Univerziteta u Beogradu (2024\u20132027) uz finansijsku podr\u0161ku Fonda za nauku Republike Srbije, organizuje se serija predavanja na kojoj istra\u017eiva\u010di i istra\u017eiva\u010dice projekta predstavljaju rezultate svojih\u2026","rel":"","context":"U &quot;Novosti&quot;","block_context":{"text":"Novosti","link":"https:\/\/historiografija.hr\/?cat=3"},"img":{"alt_text":"","src":"https:\/\/i0.wp.com\/historiografija.hr\/wp-content\/uploads\/2026\/04\/IFDT_28_IV.png?fit=1200%2C675&ssl=1&resize=350%2C200","width":350,"height":200,"srcset":"https:\/\/i0.wp.com\/historiografija.hr\/wp-content\/uploads\/2026\/04\/IFDT_28_IV.png?fit=1200%2C675&ssl=1&resize=350%2C200 1x, https:\/\/i0.wp.com\/historiografija.hr\/wp-content\/uploads\/2026\/04\/IFDT_28_IV.png?fit=1200%2C675&ssl=1&resize=525%2C300 1.5x, https:\/\/i0.wp.com\/historiografija.hr\/wp-content\/uploads\/2026\/04\/IFDT_28_IV.png?fit=1200%2C675&ssl=1&resize=700%2C400 2x, https:\/\/i0.wp.com\/historiografija.hr\/wp-content\/uploads\/2026\/04\/IFDT_28_IV.png?fit=1200%2C675&ssl=1&resize=1050%2C600 3x"},"classes":[]},{"id":52502,"url":"https:\/\/historiografija.hr\/?p=52502","url_meta":{"origin":10454,"position":3},"title":"Novi znanstveni projekt Hrvatskog instituta za povijest: \u201c\u017drtve ratova i dr\u017eavnog\/politi\u010dkog nasilja u hrvatskoj povijesti 20. stolje\u0107a\u201d","author":"Branimir Jankovi\u0107","date":"17. travnja 2026.","format":false,"excerpt":"Na redovitoj sjednici Vlade RH, 16. travnja 2026., donijet je Zaklju\u010dak kojim se pokre\u0107e znanstveni projekt \u201c\u017drtve ratova i dr\u017eavnog\/politi\u010dkog nasilja u hrvatskoj povijesti 20. stolje\u0107a\u201d. Projekt \u0107e provoditi i koordinirati Hrvatski institut za povijest u razdoblju trajanja projekta od pet godina. Zakljucak Vlade RH Iz teksta projektnog prijedloga: Problematika\u2026","rel":"","context":"U &quot;Novosti&quot;","block_context":{"text":"Novosti","link":"https:\/\/historiografija.hr\/?cat=3"},"img":{"alt_text":"","src":"https:\/\/i0.wp.com\/historiografija.hr\/wp-content\/uploads\/2026\/04\/Vlada-RH.jpg?fit=1200%2C557&ssl=1&resize=350%2C200","width":350,"height":200,"srcset":"https:\/\/i0.wp.com\/historiografija.hr\/wp-content\/uploads\/2026\/04\/Vlada-RH.jpg?fit=1200%2C557&ssl=1&resize=350%2C200 1x, https:\/\/i0.wp.com\/historiografija.hr\/wp-content\/uploads\/2026\/04\/Vlada-RH.jpg?fit=1200%2C557&ssl=1&resize=525%2C300 1.5x, https:\/\/i0.wp.com\/historiografija.hr\/wp-content\/uploads\/2026\/04\/Vlada-RH.jpg?fit=1200%2C557&ssl=1&resize=700%2C400 2x, https:\/\/i0.wp.com\/historiografija.hr\/wp-content\/uploads\/2026\/04\/Vlada-RH.jpg?fit=1200%2C557&ssl=1&resize=1050%2C600 3x"},"classes":[]},{"id":52717,"url":"https:\/\/historiografija.hr\/?p=52717","url_meta":{"origin":10454,"position":4},"title":"Okrugli stol &#8220;Dvjestapedeset godina Sjedinjenih Ameri\u010dkih Dr\u017eava \u2013 od kolonije do prve zemlje svijeta i dalje&#8221;","author":"Filip \u0160imunjak","date":"29. travnja 2026.","format":false,"excerpt":"Ove godine obilje\u017eava se 250. obljetnica osnutka Sjedinjenih Ameri\u010dkih Dr\u017eava, povodom koje je pokrenut niz rasprava o ameri\u010dkoj povijesti, njezinoj globalnoj ulozi i naslje\u0111u koje se prote\u017ee od 1776. do danas. Obljetnica je ujedno prilika za promi\u0161ljanje o tome kako danas tuma\u010dimo ameri\u010dku pro\u0161lost, ali i (aktualnu) ulogu SAD-a u\u2026","rel":"","context":"U &quot;Novosti&quot;","block_context":{"text":"Novosti","link":"https:\/\/historiografija.hr\/?cat=3"},"img":{"alt_text":"","src":"https:\/\/i0.wp.com\/historiografija.hr\/wp-content\/uploads\/2026\/04\/Kliofest-01-utorak-I-02-OS-250-godina-SAD.jpg?fit=1200%2C566&ssl=1&resize=350%2C200","width":350,"height":200,"srcset":"https:\/\/i0.wp.com\/historiografija.hr\/wp-content\/uploads\/2026\/04\/Kliofest-01-utorak-I-02-OS-250-godina-SAD.jpg?fit=1200%2C566&ssl=1&resize=350%2C200 1x, https:\/\/i0.wp.com\/historiografija.hr\/wp-content\/uploads\/2026\/04\/Kliofest-01-utorak-I-02-OS-250-godina-SAD.jpg?fit=1200%2C566&ssl=1&resize=525%2C300 1.5x, https:\/\/i0.wp.com\/historiografija.hr\/wp-content\/uploads\/2026\/04\/Kliofest-01-utorak-I-02-OS-250-godina-SAD.jpg?fit=1200%2C566&ssl=1&resize=700%2C400 2x, https:\/\/i0.wp.com\/historiografija.hr\/wp-content\/uploads\/2026\/04\/Kliofest-01-utorak-I-02-OS-250-godina-SAD.jpg?fit=1200%2C566&ssl=1&resize=1050%2C600 3x"},"classes":[]},{"id":52505,"url":"https:\/\/historiografija.hr\/?p=52505","url_meta":{"origin":10454,"position":5},"title":"Izlo\u017eba &#8220;Eschenstock \/ Jasenov prut&#8221;","author":"Branimir Jankovi\u0107","date":"17. travnja 2026.","format":false,"excerpt":"Srpsko narodno vije\u0107e (SNV) i Vizura aperta postavljaju izlo\u017ebu \u0161vicarskog slikara Velimira Ili\u0161evi\u0107a: Eschenstock \/ Jasenov prut. Izlo\u017eba se uz prisustvo autora otvara povodom 81. godi\u0161njice proboja logora\u0161a iz usta\u0161kog logora smrti Jasenovac 22. aprila 2026. u 19 sati u Srpskom kulturnom centru (SKC) u Preradovi\u0107evoj ulici 21 u Zagrebu.\u2026","rel":"","context":"U &quot;Izlo\u017ebe&quot;","block_context":{"text":"Izlo\u017ebe","link":"https:\/\/historiografija.hr\/?cat=10"},"img":{"alt_text":"","src":"https:\/\/i0.wp.com\/historiografija.hr\/wp-content\/uploads\/2026\/04\/Jasenov_prut.jpg?fit=1024%2C640&ssl=1&resize=350%2C200","width":350,"height":200,"srcset":"https:\/\/i0.wp.com\/historiografija.hr\/wp-content\/uploads\/2026\/04\/Jasenov_prut.jpg?fit=1024%2C640&ssl=1&resize=350%2C200 1x, https:\/\/i0.wp.com\/historiografija.hr\/wp-content\/uploads\/2026\/04\/Jasenov_prut.jpg?fit=1024%2C640&ssl=1&resize=525%2C300 1.5x, https:\/\/i0.wp.com\/historiografija.hr\/wp-content\/uploads\/2026\/04\/Jasenov_prut.jpg?fit=1024%2C640&ssl=1&resize=700%2C400 2x"},"classes":[]}],"_links":{"self":[{"href":"https:\/\/historiografija.hr\/index.php?rest_route=\/wp\/v2\/posts\/10454","targetHints":{"allow":["GET"]}}],"collection":[{"href":"https:\/\/historiografija.hr\/index.php?rest_route=\/wp\/v2\/posts"}],"about":[{"href":"https:\/\/historiografija.hr\/index.php?rest_route=\/wp\/v2\/types\/post"}],"author":[{"embeddable":true,"href":"https:\/\/historiografija.hr\/index.php?rest_route=\/wp\/v2\/users\/2"}],"replies":[{"embeddable":true,"href":"https:\/\/historiografija.hr\/index.php?rest_route=%2Fwp%2Fv2%2Fcomments&post=10454"}],"version-history":[{"count":1,"href":"https:\/\/historiografija.hr\/index.php?rest_route=\/wp\/v2\/posts\/10454\/revisions"}],"predecessor-version":[{"id":10456,"href":"https:\/\/historiografija.hr\/index.php?rest_route=\/wp\/v2\/posts\/10454\/revisions\/10456"}],"wp:featuredmedia":[{"embeddable":true,"href":"https:\/\/historiografija.hr\/index.php?rest_route=\/wp\/v2\/media\/10455"}],"wp:attachment":[{"href":"https:\/\/historiografija.hr\/index.php?rest_route=%2Fwp%2Fv2%2Fmedia&parent=10454"}],"wp:term":[{"taxonomy":"category","embeddable":true,"href":"https:\/\/historiografija.hr\/index.php?rest_route=%2Fwp%2Fv2%2Fcategories&post=10454"},{"taxonomy":"post_tag","embeddable":true,"href":"https:\/\/historiografija.hr\/index.php?rest_route=%2Fwp%2Fv2%2Ftags&post=10454"}],"curies":[{"name":"wp","href":"https:\/\/api.w.org\/{rel}","templated":true}]}}