{"id":10390,"date":"2018-06-18T16:40:23","date_gmt":"2018-06-18T16:40:23","guid":{"rendered":"http:\/\/historiografija.hr\/?p=10390"},"modified":"2018-06-18T16:54:20","modified_gmt":"2018-06-18T16:54:20","slug":"obiljezavanje-1968-u-domu-kulture-studentski-grad","status":"publish","type":"post","link":"https:\/\/historiografija.hr\/?p=10390","title":{"rendered":"Obilje\u017eavanje 1968. u Domu kulture &#8220;Studentski grad&#8221;"},"content":{"rendered":"<p>Dom kulture \u201eStudentski grad&#8221; u Beogradu obilje\u017eava 50 godina od 1968. programom koji \u0107e se odr\u017eati od 18. do 20. lipnja 2018.<\/p>\n<p>&nbsp;<\/p>\n<p>&#8212;<\/p>\n<p>&nbsp;<\/p>\n<p><strong>Obele\u017eavanje 1968. u DKSG<\/strong><\/p>\n<p>&nbsp;<\/p>\n<p>Dom kulture \u201eStudentski grad&#8221; obele\u017ei\u0107e 50 godina od 1968. programom pod nazivom \u201eObele\u017eavanje 1968. u DKSG&#8221; koji \u0107e se odr\u017eati od ponedeljaka 18. do srede 20. juna.<\/p>\n<p>&nbsp;<\/p>\n<p>Godina 1968. bila je godina studentskih pobuna protiv rata u Vijetnamu, kapitalizma, imperijalizma&#8230; Istra\u017eiva\u010di, studenti i mladi i dal\u0458e postavl\u0458aju pitanja o stvarnim dometima studentskog pokreta, o pravim uticajima &#8217;68. i njenim tekovinama. Da li je 1968. pala u zaborav? Jedno je sigurno: velike ideje sada\u0161njeg poimanja sveta (feminizam, ekolo\u0161ka i svest o Tre\u0107em svetu) ne bi postojale bez 1968. Neki tabui su pali, kultura i umetnost su se promenili, stvorilo se <em>carstvo slobode<\/em>.<\/p>\n<p>&nbsp;<\/p>\n<p>Iako su se studentski protesti u Jugoslaviji de\u0161avali i pre 1968, ova godina je postala i ostala istorijski najzna\u010dajnija, a veliki broj u\u010desnika junskih doga\u0111aja bili su stanari Studentskog grada.<\/p>\n<p>&nbsp;<\/p>\n<p><strong>U ponedeljak 18. juna<\/strong> u 19 \u010dasova u Velikoj galeriji bi\u0107e otvorena izlo\u017eba naslovnih strana studentskih \u010dasopisa <em>Student<\/em>, <em>Vidici<\/em> i <em>Susret<\/em> pod nazivom \u201eStudentski \u010dasopisi 1968.\u201c. Nakon otvaranja izlo\u017ebe u Maloj sali DKSG sa po\u010detkom u 20 \u010dasova bi\u0107e odr\u017eano predavanje \u201eLica 1968\u201c filmskog reditelja i producenta Vladimira \u0160ojata. Kroz inserte iz dokumentarnih filmova proizvedenih 1968, kao i filma Gi Debora <em>Dru\u0161tvo spektakla <\/em>realizovanog par godina kasnije, Vladimir \u0160ojat \u0107e analizirati \u0161ta se de\u0161avalo na protestima pre ta\u010dno pola veka.<\/p>\n<p>&nbsp;<\/p>\n<p><strong>U utorak 19. juna<\/strong> u 20 \u010dasova na Letnjoj pozornici bi\u0107e odr\u017ean razgovor \u201e\u0160ta ste radili \u201967?\u201c a nakon toga bi\u0107e odr\u017ean koncert VLADA D\u017eET BEND. Najavljeni u\u010desnici razgovora su Sonja Liht, Milan Nikoli\u0107, Ljubi\u0161a Risti\u0107, Milisav Savi\u0107, Simon Simonovi\u0107, Slobodan \u0160ijan, Mihajlo Panti\u0107 i Vladimir Jankovi\u0107 D\u017eet. Moderatorka razgovora bi\u0107e Tamara Mitrovi\u0107, urednica knji\u017eevnog programa u DKSG, sa studentima sociologije sa Filozofskog fakulteta u Beogradu.<\/p>\n<p>&nbsp;<\/p>\n<p><strong>U sredu 20. juna<\/strong> u 19 \u010dasova u Maloj sali DKSG bi\u0107e odr\u017eano predavanje Mi\u0107una Risti\u0107a \u201ePopularna muzika 1968. godine: Evropa\u201c, kao i program \u201eJugo-Trip:Psihodelija u jugoslovenskom eksperimentalnom filmu 1969-1976.\u201c (21h). U okviru ovog programa bi\u0107e predstavljen izbor eksperimentalnih filmova napravl\u0458enih u duhu psihodeli\u010dnih iskustava.Nemirna 1968. donela je socijalne pobune, ali i vrhunac kreativne energije kontrakulture, rokenrola, umetni\u010dkih eksperimenata&#8230; Psihodeli\u010dna umetnost pojavl\u0458ivala se u muzici, omotima plo\u010da, slikarstvu, ali i na\u010dinu \u017eivota hipi i supkulturnih pokreta. Sve to ostavilo je traga na jugoslovensku umetni\u010dku scenu nakon studentske pobune 1968. godine.<\/p>\n<p>&nbsp;<\/p>\n<p>U holu Biblioteke DKSG bi\u0107e odr\u017eana izlo\u017eba knjiga pod nazivom \u201eKad je mladost rekla ne\u201c. Mnogi na\u0161i pisci u svojim delima pominju ovaj posebno uzbudl\u0458iv period. Dragan Laki\u0107evi\u0107, Grozdana Oluji\u0107, Moma Dimi\u0107, \u017divojin Pavlovi\u0107, David Albahari i Vladislava Vojnovi\u0107, samo su neki od onih u \u010dijim delima upoznajemo \u017eivot studenata pre pola veka.<\/p>\n<p>&nbsp;<\/p>\n<p>&nbsp;<\/p>\n<p><strong>Program obele\u017eavanja:<\/strong><\/p>\n<p>&nbsp;<\/p>\n<p><strong>Ponedel\u0458ak, 18. jun<\/strong><\/p>\n<p><strong>19.00, Velika galerija<\/strong><\/p>\n<p><strong>Izlo\u017eba<\/strong><\/p>\n<p><strong>STUDENTSKI \u010cASOPISI 1968.<\/strong><\/p>\n<p><strong>20.00, Mala sala\u00a0<\/strong><\/p>\n<p><strong>Predavanje sa projekcijom <\/strong><\/p>\n<p><strong>LICA 1968. <\/strong><\/p>\n<p><strong>\u00a0<\/strong><\/p>\n<p><strong>Utorak, 19. jun<\/strong><\/p>\n<p><strong>20.00, Letnja pozornica<\/strong><\/p>\n<p><strong>Razgovor o studentskoj revoluciji 1968.<\/strong><\/p>\n<p><strong><em>\u0160TA STE RADILI \u201967?<\/em><\/strong><\/p>\n<p><strong>21.00, Letnja pozornica &#8211; Klupice<\/strong><\/p>\n<p><strong><em>VLADA D\u017eET BEND<\/em><\/strong><\/p>\n<p><strong><em>\u00a0<\/em><\/strong><\/p>\n<p><strong>Sreda, 20. jun<\/strong><\/p>\n<p><strong>19.00,\u00a0Mala sala<\/strong><\/p>\n<p><strong>Predavanje<\/strong><\/p>\n<p><strong>POPULARNA MUZIKA 1968. GODINE: EVROPA<\/strong><\/p>\n<p><strong>21.00, Mala sala\u00a0<\/strong><\/p>\n<p><strong>JUGO-TRIP:<\/strong><\/p>\n<p><strong>PSIHODELIJA U JUGOSLOVENSKOM EKSPERIMENTALNOM FILMU 1969-1976.<\/strong><\/p>\n<p><strong>\u00a0<\/strong><\/p>\n<p><strong>Hol Biblioteke<\/strong><\/p>\n<p><strong>Izlo\u017eba knjiga<\/strong><\/p>\n<p><strong>KAD JE MLADOST REKLA NE<\/strong><\/p>\n<p><strong>Pri\u010de o studentima i studentskim demonstracijama<\/strong> <strong>1968.<\/strong><\/p>\n<p><strong>\u00a0<\/strong><\/p>\n<p>&nbsp;<\/p>\n<p>Izvor:<\/p>\n<p>&nbsp;<\/p>\n<p><a href=\"http:\/\/www.dksg.rs\/displayNews.php?id=839\">http:\/\/www.dksg.rs\/displayNews.php?id=839<\/a><\/p>\n<p>&nbsp;<\/p>\n<p><a href=\"https:\/\/www.facebook.com\/events\/1825588317746170\/\">https:\/\/www.facebook.com\/events\/1825588317746170\/<\/a><\/p>\n<p>&nbsp;<\/p>\n<p>&nbsp;<\/p>\n<p>&nbsp;<\/p>\n","protected":false},"excerpt":{"rendered":"","protected":false},"author":2,"featured_media":10391,"comment_status":"open","ping_status":"open","sticky":false,"template":"","format":"standard","meta":{"_acf_changed":false,"jetpack_post_was_ever_published":false,"_jetpack_newsletter_access":"","_jetpack_dont_email_post_to_subs":false,"_jetpack_newsletter_tier_id":0,"_jetpack_memberships_contains_paywalled_content":false,"_jetpack_memberships_contains_paid_content":false,"footnotes":"","jetpack_publicize_message":"","jetpack_publicize_feature_enabled":true,"jetpack_social_post_already_shared":true,"jetpack_social_options":{"image_generator_settings":{"template":"highway","default_image_id":0,"font":"","enabled":false},"version":2}},"categories":[3],"tags":[],"class_list":["post-10390","post","type-post","status-publish","format-standard","has-post-thumbnail","hentry","category-novosti"],"acf":{"facebook_opis":""},"jetpack_publicize_connections":[],"jetpack_featured_media_url":"https:\/\/i0.wp.com\/historiografija.hr\/wp-content\/uploads\/2018\/06\/1968-bg.png?fit=1200%2C1200&ssl=1","jetpack_sharing_enabled":true,"jetpack-related-posts":[{"id":52717,"url":"https:\/\/historiografija.hr\/?p=52717","url_meta":{"origin":10390,"position":0},"title":"Okrugli stol &#8220;Dvjestapedeset godina Sjedinjenih Ameri\u010dkih Dr\u017eava \u2013 od kolonije do prve zemlje svijeta i dalje&#8221;","author":"Filip \u0160imunjak","date":"29. travnja 2026.","format":false,"excerpt":"Ove godine obilje\u017eava se 250. obljetnica osnutka Sjedinjenih Ameri\u010dkih Dr\u017eava, povodom koje je pokrenut niz rasprava o ameri\u010dkoj povijesti, njezinoj globalnoj ulozi i naslje\u0111u koje se prote\u017ee od 1776. do danas. Obljetnica je ujedno prilika za promi\u0161ljanje o tome kako danas tuma\u010dimo ameri\u010dku pro\u0161lost, ali i (aktualnu) ulogu SAD-a u\u2026","rel":"","context":"U &quot;Novosti&quot;","block_context":{"text":"Novosti","link":"https:\/\/historiografija.hr\/?cat=3"},"img":{"alt_text":"","src":"https:\/\/i0.wp.com\/historiografija.hr\/wp-content\/uploads\/2026\/04\/Kliofest-01-utorak-I-02-OS-250-godina-SAD.jpg?fit=1200%2C566&ssl=1&resize=350%2C200","width":350,"height":200,"srcset":"https:\/\/i0.wp.com\/historiografija.hr\/wp-content\/uploads\/2026\/04\/Kliofest-01-utorak-I-02-OS-250-godina-SAD.jpg?fit=1200%2C566&ssl=1&resize=350%2C200 1x, https:\/\/i0.wp.com\/historiografija.hr\/wp-content\/uploads\/2026\/04\/Kliofest-01-utorak-I-02-OS-250-godina-SAD.jpg?fit=1200%2C566&ssl=1&resize=525%2C300 1.5x, https:\/\/i0.wp.com\/historiografija.hr\/wp-content\/uploads\/2026\/04\/Kliofest-01-utorak-I-02-OS-250-godina-SAD.jpg?fit=1200%2C566&ssl=1&resize=700%2C400 2x, https:\/\/i0.wp.com\/historiografija.hr\/wp-content\/uploads\/2026\/04\/Kliofest-01-utorak-I-02-OS-250-godina-SAD.jpg?fit=1200%2C566&ssl=1&resize=1050%2C600 3x"},"classes":[]},{"id":52496,"url":"https:\/\/historiografija.hr\/?p=52496","url_meta":{"origin":10390,"position":1},"title":"30 godina Podru\u017enice \u2013 Javno predavanje Matea \u010calu\u0161i\u0107a \u201eSlavonski Brod u Domovinskom ratu\u201c","author":"Branimir Jankovi\u0107","date":"17. travnja 2026.","format":false,"excerpt":"U 2026. navr\u0161ava se trideset godina od osnutka Podru\u017enice za povijest Slavonije, Srijema i Baranje Hrvatskoga instituta za povijest. Obilje\u017eavanje ove zna\u010dajne obljetnice zapo\u010dinje ciklusom javnih povijesnih predavanja znanstvenika Instituta. Tre\u0107e po redu je predavanje Matea \u010calu\u0161i\u0107a \u2013 \u201eSLAVONSKI BROD U DOMOVINSKOM RATU\u201c. Predavanje \u0107e se odr\u017eati 21. travnja 2026.\u2026","rel":"","context":"U &quot;Novosti&quot;","block_context":{"text":"Novosti","link":"https:\/\/historiografija.hr\/?cat=3"},"img":{"alt_text":"","src":"https:\/\/i0.wp.com\/historiografija.hr\/wp-content\/uploads\/2026\/04\/Predavanje-Calusic.png?fit=860%2C1200&ssl=1&resize=350%2C200","width":350,"height":200,"srcset":"https:\/\/i0.wp.com\/historiografija.hr\/wp-content\/uploads\/2026\/04\/Predavanje-Calusic.png?fit=860%2C1200&ssl=1&resize=350%2C200 1x, https:\/\/i0.wp.com\/historiografija.hr\/wp-content\/uploads\/2026\/04\/Predavanje-Calusic.png?fit=860%2C1200&ssl=1&resize=525%2C300 1.5x, https:\/\/i0.wp.com\/historiografija.hr\/wp-content\/uploads\/2026\/04\/Predavanje-Calusic.png?fit=860%2C1200&ssl=1&resize=700%2C400 2x"},"classes":[]},{"id":52536,"url":"https:\/\/historiografija.hr\/?p=52536","url_meta":{"origin":10390,"position":2},"title":"Kader Abdolah, \u201ePrije nego \u0161to bude kasno\u201c","author":"Branimir Jankovi\u0107","date":"20. travnja 2026.","format":false,"excerpt":"Kader Abdolah \u017eeli se vratiti ku\u0107i. Ali povratak je nemogu\u0107: u Iranu bi bio uhap\u0161en. Pod la\u017enim imenom i s krivotvorenim paso\u0161em ipak uspijeva u\u0107i u domovinu i sti\u017ee do roditeljske ku\u0107e, visoko u planinama. Majka ga ne prepoznaje, otac je mrtav, a sve \u0161to je tra\u017eio izmi\u010de mu pred\u2026","rel":"","context":"U &quot;Novosti&quot;","block_context":{"text":"Novosti","link":"https:\/\/historiografija.hr\/?cat=3"},"img":{"alt_text":"","src":"https:\/\/i0.wp.com\/historiografija.hr\/wp-content\/uploads\/2026\/04\/Prije-nego-sto-bude-kasno.webp?fit=566%2C872&ssl=1&resize=350%2C200","width":350,"height":200,"srcset":"https:\/\/i0.wp.com\/historiografija.hr\/wp-content\/uploads\/2026\/04\/Prije-nego-sto-bude-kasno.webp?fit=566%2C872&ssl=1&resize=350%2C200 1x, https:\/\/i0.wp.com\/historiografija.hr\/wp-content\/uploads\/2026\/04\/Prije-nego-sto-bude-kasno.webp?fit=566%2C872&ssl=1&resize=525%2C300 1.5x"},"classes":[]},{"id":52628,"url":"https:\/\/historiografija.hr\/?p=52628","url_meta":{"origin":10390,"position":3},"title":"Predavanje dopisnog \u010dlana HAZU Alaina Finkielkrauta Izrael, Europa, antisemitizam","author":"Branimir Jankovi\u0107","date":"23. travnja 2026.","format":false,"excerpt":"Francuski filozof Alain Finkielkraut, redoviti \u010dlan Francuske akademije i dopisni \u010dlan HAZU, odr\u017eat \u0107e predavanje\u00a0Izrael, Europa, antisemitizam u utorak 28. travnja 2026. u 13 sati u Knji\u017enici HAZU,\u00a0Strossmayerov trg 14 u Zagrebu. Uvodne rije\u010di odr\u017eat \u0107e\u00a0akademkinja \u017deljka \u010corak i\u00a0akademik Dra\u017een Katunari\u0107. Predavanje \u0107e se odr\u017eati na francuskom jeziku uz konsekutivno\u2026","rel":"","context":"U &quot;Novosti&quot;","block_context":{"text":"Novosti","link":"https:\/\/historiografija.hr\/?cat=3"},"img":{"alt_text":"","src":"https:\/\/i0.wp.com\/historiografija.hr\/wp-content\/uploads\/2026\/04\/Alain_Finkielkraut.jpg?fit=350%2C407&ssl=1&resize=350%2C200","width":350,"height":200},"classes":[]},{"id":52704,"url":"https:\/\/historiografija.hr\/?p=52704","url_meta":{"origin":10390,"position":4},"title":"Predstavljanje knjige &#8220;Vladimir Vasiljevi\u0107: Moji do\u017eivljaji. Dnevni\u010dki zapisi iz Prvoga svjetskog rata i poratnoga vremena&#8221;","author":"Filip \u0160imunjak","date":"29. travnja 2026.","format":false,"excerpt":"Doga\u0111anja ovogodi\u0161njega Festivala povijesti Kliofest zapo\u010dinjemo ve\u0107 i prije samoga slu\u017ebenog otvaranja, predstavljanjem knjige \u201eMoji do\u017eivljaji. Dnevni\u010dki zapisi iz Prvoga svjetskog rata i poratnoga vremena\u201d Vladimira Vasiljevi\u0107a, koju su priredili Karlo Rukavina i Damir Agi\u010di\u0107. Pozivamo Vas na predstavljanje koje \u0107e se odr\u017eati u ponedjeljak 4. svibnja, s po\u010detkom u\u2026","rel":"","context":"U &quot;Knjige&quot;","block_context":{"text":"Knjige","link":"https:\/\/historiografija.hr\/?cat=8"},"img":{"alt_text":"","src":"https:\/\/i0.wp.com\/historiografija.hr\/wp-content\/uploads\/2026\/04\/Naslovna-V.-Vasiljevic.webp?fit=1200%2C600&ssl=1&resize=350%2C200","width":350,"height":200,"srcset":"https:\/\/i0.wp.com\/historiografija.hr\/wp-content\/uploads\/2026\/04\/Naslovna-V.-Vasiljevic.webp?fit=1200%2C600&ssl=1&resize=350%2C200 1x, https:\/\/i0.wp.com\/historiografija.hr\/wp-content\/uploads\/2026\/04\/Naslovna-V.-Vasiljevic.webp?fit=1200%2C600&ssl=1&resize=525%2C300 1.5x, https:\/\/i0.wp.com\/historiografija.hr\/wp-content\/uploads\/2026\/04\/Naslovna-V.-Vasiljevic.webp?fit=1200%2C600&ssl=1&resize=700%2C400 2x, https:\/\/i0.wp.com\/historiografija.hr\/wp-content\/uploads\/2026\/04\/Naslovna-V.-Vasiljevic.webp?fit=1200%2C600&ssl=1&resize=1050%2C600 3x"},"classes":[]},{"id":52547,"url":"https:\/\/historiografija.hr\/?p=52547","url_meta":{"origin":10390,"position":5},"title":"ISHA Zagreb \u2013 Filmska ve\u010der: Povratak Martina Guerrea","author":"Branimir Jankovi\u0107","date":"20. travnja 2026.","format":false,"excerpt":"Klub studenata povijesti \u2013 ISHA Zagreb poziva Vas na filmsku ve\u010der na kojoj \u0107e se prikazivati \u201ePovratak Martina Guerrea\u201c, povijesna drama iz 1982. godine s radnjom smje\u0161tenom u 16. stolje\u0107u. Radnja je utemeljena na stvarnoj povijesnoj li\u010dnosti Martina Guerrea koji se nakon mnogo godina izbivanja vra\u0107a u svoje rodno mjesto\u2026","rel":"","context":"U &quot;Filmovi i serije&quot;","block_context":{"text":"Filmovi i serije","link":"https:\/\/historiografija.hr\/?cat=13"},"img":{"alt_text":"","src":"https:\/\/i0.wp.com\/historiografija.hr\/wp-content\/uploads\/2026\/04\/M-Guerre.png?fit=702%2C1006&ssl=1&resize=350%2C200","width":350,"height":200,"srcset":"https:\/\/i0.wp.com\/historiografija.hr\/wp-content\/uploads\/2026\/04\/M-Guerre.png?fit=702%2C1006&ssl=1&resize=350%2C200 1x, https:\/\/i0.wp.com\/historiografija.hr\/wp-content\/uploads\/2026\/04\/M-Guerre.png?fit=702%2C1006&ssl=1&resize=525%2C300 1.5x, https:\/\/i0.wp.com\/historiografija.hr\/wp-content\/uploads\/2026\/04\/M-Guerre.png?fit=702%2C1006&ssl=1&resize=700%2C400 2x"},"classes":[]}],"_links":{"self":[{"href":"https:\/\/historiografija.hr\/index.php?rest_route=\/wp\/v2\/posts\/10390","targetHints":{"allow":["GET"]}}],"collection":[{"href":"https:\/\/historiografija.hr\/index.php?rest_route=\/wp\/v2\/posts"}],"about":[{"href":"https:\/\/historiografija.hr\/index.php?rest_route=\/wp\/v2\/types\/post"}],"author":[{"embeddable":true,"href":"https:\/\/historiografija.hr\/index.php?rest_route=\/wp\/v2\/users\/2"}],"replies":[{"embeddable":true,"href":"https:\/\/historiografija.hr\/index.php?rest_route=%2Fwp%2Fv2%2Fcomments&post=10390"}],"version-history":[{"count":2,"href":"https:\/\/historiografija.hr\/index.php?rest_route=\/wp\/v2\/posts\/10390\/revisions"}],"predecessor-version":[{"id":10400,"href":"https:\/\/historiografija.hr\/index.php?rest_route=\/wp\/v2\/posts\/10390\/revisions\/10400"}],"wp:featuredmedia":[{"embeddable":true,"href":"https:\/\/historiografija.hr\/index.php?rest_route=\/wp\/v2\/media\/10391"}],"wp:attachment":[{"href":"https:\/\/historiografija.hr\/index.php?rest_route=%2Fwp%2Fv2%2Fmedia&parent=10390"}],"wp:term":[{"taxonomy":"category","embeddable":true,"href":"https:\/\/historiografija.hr\/index.php?rest_route=%2Fwp%2Fv2%2Fcategories&post=10390"},{"taxonomy":"post_tag","embeddable":true,"href":"https:\/\/historiografija.hr\/index.php?rest_route=%2Fwp%2Fv2%2Ftags&post=10390"}],"curies":[{"name":"wp","href":"https:\/\/api.w.org\/{rel}","templated":true}]}}