{"id":10386,"date":"2018-06-18T16:20:04","date_gmt":"2018-06-18T16:20:04","guid":{"rendered":"http:\/\/historiografija.hr\/?p=10386"},"modified":"2018-06-18T16:25:32","modified_gmt":"2018-06-18T16:25:32","slug":"public-lecture-by-judith-butler-interpreting-non-violence","status":"publish","type":"post","link":"https:\/\/historiografija.hr\/?p=10386","title":{"rendered":"Public Lecture by Judith Butler: \u201cInterpreting Non-Violence\u201d"},"content":{"rendered":"<p>Utjecajna autorica Judith Butler (na hrvatski su prevedene njezine knjige &#8220;Nevolje s rodom: feminizam i subverzija identiteta&#8221; i &#8220;Neizvjesni \u017eivot: mo\u0107 \u017ealovanja i nasilja&#8221;) odr\u017eat \u0107e 18. lipnja 2018. javno predavanje u Rijeci te sudjelovati na konferenciji \u201cThe Critique of Violence Now\u201d i na drugim doga\u0111anjima tim povodom.<\/p>\n<p>&nbsp;<\/p>\n<p>&nbsp;<\/p>\n<hr \/>\n<p>&nbsp;<\/p>\n<p><strong>Public Lecture by Judith Butler: \u201cInterpreting Non-Violence\u201d<\/strong><\/p>\n<p>Venue: Croatian National Theatre Ivan pl. Zajc in Rijeka<\/p>\n<p>Date and time: June 18th 2018 at 6 p.m.<\/p>\n<p>This year\u2019s Summer School opens with a public lecture by Judith Butler (University of California, Berkeley), entitled \u201cInterpreting Non-Violence.\u201d The lecture will be held on Monday, June 18th 2018, at 6.00 p.m. at the Croatian National Theatre \u2018Ivan pl. Zajc\u2019, and will be moderated by Sanja Bojanic (UNIRI CAS SEE; Academy of Applied Arts; Center for Women\u2019s Studies, Faculty of Humanities and Social Sciences).<\/p>\n<p>&nbsp;<\/p>\n<p>\u201cInterpreting Non-Violence\u201d<\/p>\n<p>&nbsp;<\/p>\n<p>\u201cIf non-violence is to make sense as an ethical and political position, it cannot simply repress aggression or do away with its reality; rather, non-violence should emerge as a meaningful concept precisely when destruction is most likely or seems most certain.<\/p>\n<p>We need to think first about an ethics of non-violence that presupposes forms of dependency, and interdependency that are unmanageable or become the source of conflict and aggression. Second, it proposes that we consider how our understanding of equality relates to the ethics and politics of non-violence. For that connection to make sense, we would have to admit into our idea of political equality the equal grievability of lives. Only a disorientation from a presumptive individualism will let us understand the possibility of an aggressive non-violence, one that emerges in the midst of conflict, one that takes hold in the force field of violence itself.\u201d<\/p>\n<p>Judith Butler is Maxine Elliot Professor in the Department of Comparative Literature and the Program in Critical Theory at the University of California, Berkeley. She served as Founding Director of the Program in Critical Theory. A prolific author, she is perhaps best known for \u201cSubjects of Desire: Hegelian Reflections in Twentieth-Century France\u201d (1987); \u201cGender Trouble: Feminism and the Subversion of Identity\u201d (1990); \u201cBodies That Matter: On the Discursive Limits of \u2018Sex\u2019\u201d (1993); \u201cFrames of War: When Is Life Grievable?\u201d (2009); and \u201cIs Critique Secular?\u201d (co-written with Talal Asad, Wendy Brown, and Saba Mahmood, 2009). Her most recent books include: \u201cNotes Toward a Performative Theory of Assembly\u201d (2015); \u201cVulnerability in Resistance,\u201d (2016), edited with Zeynep Gambetti and Leticia Sabsay.<\/p>\n<p>Butler is the recipient of numerous awards, including the Andrew W. Mellon Award for Distinguished Academic Achievement in the Humanities (2009-13). She is currently the principal investigator in a four-year grant from the Andrew W. Mellon Foundation to develop the International Consortium of Critical Theory Programs. Her visit to Rijeka is part of this endeavor, since the Center for Advanced Studies Southeast Europe and the Center for Women\u2019s Studies (both of the University of Rijeka) and the Institute for Philosophy and Social Theory (University of Belgrade) are Consortium members.<\/p>\n<p>&nbsp;<\/p>\n<p>&nbsp;<\/p>\n<p>&#8212;<\/p>\n<p>&nbsp;<\/p>\n<p><strong>Panel discussion: \u201cPolitical Violence: Is Counterstrike Possible?\u201d<\/strong><\/p>\n<p>Rijeka | June 19th at 5 p.m. | City of Rijeka Town Hall<\/p>\n<p>\u201cSoutheastern Europe has seen more than its share of violence. It has also seen loud proclamations of anti-violent ideology from states and governments, from organizations of civil society, down to sundry public voices. The region has seen the adoption and implementation of various EU laws and policies to a far greater and more drastic extent than even in their countries of origin. This trend is partly a symptom of identity crises and identity insecurity, for which policies are designed to curtail all kinds of societal violence, shifting power towards ever-increasing prerogatives of wanton administrations. Instances of violence tend to be interpreted as systemic social degeneration that needs to be uprooted by draconian control and repressive policies. The results are a police force and state institutions with sweeping authority over individuals on the one hand, and widespread apathy and defeatism among ordinary people, on the other. Thus, the study of violence as well as anti-violence policy addresses a core quality of life issue in Southeastern Europe.\u201d<\/p>\n<p>The panel discussion \u201cPolitical Violence: Is Counterstrike Possible?,\u201d in addition to Judith Butler and the mayor of the city of Rijeka, Vojko Obersnel, will include by Donatella della Porta (Scuola Normale Superiore di Firenze), Astrid Deuber-Mankowsky (Ruhr University Bochum), Peter Fenves (Northwestern University) and Marc Crepon (Ecole Normale Superieure, Paris), and will be moderated by Vedran Dzihic (oiip\/UNIRI CAS SEE). The discussion will be held in English.<\/p>\n<p>&nbsp;<\/p>\n<p>&#8212;<\/p>\n<p>&nbsp;<\/p>\n<p><strong>Round Table with Judith Butler \u201cIn Tribute to Saba Mahmood\u201d<\/strong><\/p>\n<p>Rijeka | June 20th 2018, 5:30 p.m. | Art-kino Croatia<\/p>\n<p>The round table discussion, entitled In Tribute to Saba Mahmood, is dedicated to the recently deceased anthropologist from the University of California, Berkeley who dedicated her scientific research career to studying the relationship of different religious forms and sexual practices, in particular as regards women. At the conversation in Art-kino Croatia, guests from the region will join Judith Butler in evoking Saba Mahmood\u2019s book Religious Difference in a Secular Age. A Minority Report, focusing specifically on aspects directly relevant to the regional context. Participating in the conversation are Rebeka Anic (Institute of Social Sciences Ivo Pilar \u2013 Split), Zilka Spahic Siljak (University of Stanford, TPO Foundation Sarajevo), Sanja Potkonjak (University of Zagreb), Adriana Zaharijevic (IFDT, University of Belgrade), Senka Bozic (University of Zadar), and will be moderated by Sanja Bojanic (CAS SEE, APURI). The discussion will be held in Croatian and English. The round table will be followed by the projection of Martha Rosler\u2019s film Semiotics of the Kitchen (USA, 1975).<\/p>\n<p>&nbsp;<\/p>\n<p><a href=\"http:\/\/cas.uniri.hr\/public-lecture-by-judith-butler-interpreting-non-violence\/\">http:\/\/cas.uniri.hr\/public-lecture-by-judith-butler-interpreting-non-violence\/<\/a><\/p>\n<p>&nbsp;<\/p>\n<p>&#8212;<\/p>\n<p>&nbsp;<\/p>\n<p><strong>The fourth ICCTP Conference<\/strong><\/p>\n<p>&nbsp;<\/p>\n<p>We are pleased to announce the fourth conference of the International Consortium of Critical Theory Programs (ICCTP) to be held at Rijeka, Croatia on June 16-19, 2018 on the topic of \u201cThe Critique of Violence Now\u201d. The conference will take place at the Center for Advanced Studies \u2013 South East Europe, University of Rijeka, and will be sponsored in conjunction with the Institute for Philosophy and Social Theory, University of Belgrade, Serbia.<\/p>\n<p>The Consortium is jointly housed at the University of California, Berkeley and Northwestern University with support from the Andrew W. Mellon Foundation. The task of the Consortium is to establish an active network of programs, projects, centers and institutes that will expand the global reach and form of critical theory for our time. The Consortium seeks to document, connect, and further the new and varied forms that critical theory has assumed in light of contemporary global challenges, including economic and political challenges to the university as an institution charged with the task of safeguarding and promoting critical thought.<\/p>\n<p>The Consortium is meant to open new institutional links, overcome forms of hemispheric disconnection, and to pursue collaborative forms of interdisciplinary knowledge, guided by questions such as these: What are the current historical and global conditions in which the value of critical thought is challenged? How do we best describe and evaluate the prevailing forms of global power in their regional specificity that shape and constrain our intellectual life as it crosses academic and popular spheres, and how can critical thought rise to the challenge of these new global challenges through effective and thoughtful political engagement? By now, three conferences have been held, in Bologna, S\u00e3o Paulo and Johannesburg, on the topics of the critical tasks of university, the ends of democracy and reflections on memory and political time.<\/p>\n<p>The issue of violence will be the focus of the fourth ICCTP conference, framed by the question, \u201cwhat is a critique of violence for the present?\u201d Can we have develop a global notion of \u201ccritique\u201d without a \u201ccritique of violence\u201d? Walter Benjamin asked this question in the early 1920s and he offered his own account of legal violence. Many of the traditional debates about violence and non-violence presumed a common understanding of both terms: we were assumed to know how best to identify violence and how to go about justifying or opposing its use. What challenge does the idea of \u201clegal violence\u201d pose to those traditional debates? And what forms does \u201clegal violence\u201d take now? What is the relation between spectacles of massacre, for instance, and those forms of legal violence, including administrative violence: how are they related, and how are they identified?\u00a0 Does it matter how we understand regional violence (and how we designate regions) when we seek to answer this question? In addressing the topic \u201cthe critique of violence now,\u201d we will be focusing in this meeting on the question of how we might re-appropriate Walter Benjamin\u2019s influential and controversial essay \u201cCritique of Violence\u201d (Zur Kritik der Gewalt) in the context of our present political terrain.<\/p>\n<p>The participants of the fourth conference of the ICCTP, The Critique of Violence Now, are: Petar Bojani\u0107 (IFDT\/CAS), Judith Butler (UC Berkeley), Marc Cr\u00e9pon (ENS), Astrid Deuber-Mankowsky (Ruhr-Universit\u00e4t Bochum), Ba\u015fak Ert\u00fcr (Birkbeck College London), Peter Fenves (Northwestern University), Anne-Lise Fran\u00e7ois (UC Berkeley), Dario Gentili (Roma Tre), Julia Ng (Goldsmiths), Pablo Oyarz\u00fan (Universidad de Chile), Massimo Palma (Suor Orsola Napoli), Michelle Ty (Clemson University).<\/p>\n<p>The ICCTP conference will take place in tandem with the Summer School Critique of Violence Now: From Thinking to Acting against Violence (June 18-22).<\/p>\n<p>&nbsp;<\/p>\n<p>&nbsp;<\/p>\n<p>Conveners<\/p>\n<p>&nbsp;<\/p>\n<p>&nbsp;<\/p>\n<p>Judith Butler<\/p>\n<p>Principal Investigator, Andrew W. Mellon Foundation Grant for an International Consortium of Critical Theory Programs<\/p>\n<p>University of California, Berkeley<\/p>\n<p>&nbsp;<\/p>\n<p>&nbsp;<\/p>\n<p>Petar Bojani\u0107<\/p>\n<p>Institute for Philosophy and Social Theory, University of Belgrade<\/p>\n<p>Center for Advanced Studies Southeast Europe, University of Rijeka<\/p>\n<p>&nbsp;<\/p>\n<p>&nbsp;<\/p>\n<p>Sanja Milutinovi\u0107 Bojani\u0107<\/p>\n<p>Academy of Applied Arts<\/p>\n<p>Center for Advanced Studies Southeast Europe, University of Rijeka<\/p>\n<p>&nbsp;<\/p>\n<p>&nbsp;<\/p>\n<p>Gazela Pudar Dra\u0161ko<\/p>\n<p>Institute for Philosophy and Social Theory, University of Belgrade<\/p>\n<p>&nbsp;<\/p>\n<p>&nbsp;<\/p>\n<p>Adriana Zaharijevi\u0107<\/p>\n<p>Institute for Philosophy and Social Theory, University of Belgrade<\/p>\n<p>&nbsp;<\/p>\n<p>&nbsp;<\/p>\n<p><strong>THE CRITIQUE OF VIOLENCE NOW<\/strong><\/p>\n<p>June 16-19, 2018<\/p>\n<p>&nbsp;<\/p>\n<p>&nbsp;<\/p>\n<p>June 16th<\/p>\n<p>5-7 PM<\/p>\n<p>Planning meeting, discussion of existing and future projects.<\/p>\n<p>(Judith Butler, Petar Bojani\u0107)<\/p>\n<p>&nbsp;<\/p>\n<p>&nbsp;<\/p>\n<p>June 17th<\/p>\n<p>9.30 AM-12.30 PM<\/p>\n<p>Opening paragraph on law and justice, focusing on the means\/ends distinction, explicating the meaning of critique for this essay (Peter Fenves)<\/p>\n<p>Paragraphs 2-3: The problem of natural law (Massimo Palma)<\/p>\n<p>Paragraphs 4-6:\u00a0 \u201cThe question of the justification of certain means that constitute violence\u201d: the distinction between legitimate and illegitimate violence; the introduction of legal violence as a problem; violence of the law and violence outside the law (Julia Ng)<\/p>\n<p>2-5 PM<\/p>\n<p>Paragraphs 7-8: Introduction of class struggle and the general strike, its relation to \u201cpure means\u201d and to non-violence; its relation to military law; the introduction to law-making in relation to Sorel\u2019s Reflections on Violence (Marc Cr\u00e9pon)<\/p>\n<p>Paragraphs 9-11: The police, its ghostly presence; transition to the non-contractual character of non-violent resolution, its relation to language and understanding; the relation between parliamentary power and violence; the non-violence as \u201cunalloyed means\u201d or \u201cpure means\u201d (Dario Gentili, Ba\u015fak Ert\u00fcr)<\/p>\n<p>&nbsp;<\/p>\n<p>&nbsp;<\/p>\n<p>June 18th<\/p>\n<p>9.30 AM-12.30 PM<\/p>\n<p>Paragraphs 12-13: Non-violent resolution of conflict; techniques of civil agreement; the prohibition of fraud, \u201ca policy of pure means,\u201d the general strike (Anne-Lise Fran\u00e7ois)<\/p>\n<p>Paragraphs 14-17: Violence imposed by fate, the nonmediate function of violence, transition to mythic violence and the unwritten law and its relation to retribution; fate and the introduction of the mythical; the distinction between mythical and divine violence, the examples of Niobe and Korah (Astrid Deuber-Mankowsky, Michelle Ty)<\/p>\n<p>2-5 PM<\/p>\n<p>Paragraph 18: Divine power and \u201ceducative power\u201d; Judaism and the commandment against killing; the doctrine of self-defense; the condition of \u201cman\u201d; the question of sacred life (Judith Butler, Petar Bojani\u0107)<\/p>\n<p>Paragraph 19: The formulation of the critique of violence as the philosophy of its history; breaking the cycle of the dialectical rising and falling of law-making and law-preserving violence. How to name that break, that \u201cattack on law\u201d? The expiatory power of violence; its invisibility; the final speculations on \u201ctrue war\u201d and \u201cdivine violence\u201d (Pablo Oyarz\u00fan)<\/p>\n<p>&nbsp;<\/p>\n<p>&nbsp;<\/p>\n<p>June 19th<\/p>\n<p>10.00 AM -12.00 PM<\/p>\n<p>Informal discussion of ICCTP and future plans for collaboration.<\/p>\n<p>&nbsp;<\/p>\n<p>&nbsp;<\/p>\n<p><a href=\"http:\/\/cas.uniri.hr\/icctp-conference-the-critique-of-violence-now\/\">http:\/\/cas.uniri.hr\/icctp-conference-the-critique-of-violence-now\/<\/a><\/p>\n<p>&nbsp;<\/p>\n","protected":false},"excerpt":{"rendered":"","protected":false},"author":2,"featured_media":10387,"comment_status":"open","ping_status":"open","sticky":false,"template":"","format":"standard","meta":{"_acf_changed":false,"jetpack_post_was_ever_published":false,"_jetpack_newsletter_access":"","_jetpack_dont_email_post_to_subs":false,"_jetpack_newsletter_tier_id":0,"_jetpack_memberships_contains_paywalled_content":false,"_jetpack_memberships_contains_paid_content":false,"footnotes":"","jetpack_publicize_message":"","jetpack_publicize_feature_enabled":true,"jetpack_social_post_already_shared":true,"jetpack_social_options":{"image_generator_settings":{"template":"highway","default_image_id":0,"font":"","enabled":false},"version":2}},"categories":[3],"tags":[],"class_list":["post-10386","post","type-post","status-publish","format-standard","has-post-thumbnail","hentry","category-novosti"],"acf":{"facebook_opis":""},"jetpack_publicize_connections":[],"jetpack_featured_media_url":"https:\/\/i0.wp.com\/historiografija.hr\/wp-content\/uploads\/2018\/06\/13.-INV.jpg?fit=695%2C438&ssl=1","jetpack_sharing_enabled":true,"jetpack-related-posts":[{"id":52677,"url":"https:\/\/historiografija.hr\/?p=52677","url_meta":{"origin":10386,"position":0},"title":"CfP: NAVIGATING THE PAST, FACING THE PRESENT: CHALLENGES AND OPPORTUNITIES IN RE-PRESENTING CONFLICTS AND VIOLENCE IN MEMORY AND EDUCATION INSTITUTIONS, WARSAW, 22ND\u201324TH OCTOBER 2026 (DEADLINE: 30TH APRIL 2026)","author":"Branimir Jankovi\u0107","date":"27. travnja 2026.","format":false,"excerpt":"The conference and graduate workshop (October 22-24, 2026, Warsaw) addresses the representation of history in public and institutional contexts, with a focus beyond the often-studied field of \u201cmemory culture\u201d. Rather than emphasizing the politicization of memory and cultural institutions, the discussion shifts toward new methods, media, and challenges in historical\u2026","rel":"","context":"U &quot;Novosti&quot;","block_context":{"text":"Novosti","link":"https:\/\/historiografija.hr\/?cat=3"},"img":{"alt_text":"","src":"https:\/\/i0.wp.com\/historiografija.hr\/wp-content\/uploads\/2017\/10\/hsozkult.png?fit=1006%2C241&ssl=1&resize=350%2C200","width":350,"height":200,"srcset":"https:\/\/i0.wp.com\/historiografija.hr\/wp-content\/uploads\/2017\/10\/hsozkult.png?fit=1006%2C241&ssl=1&resize=350%2C200 1x, https:\/\/i0.wp.com\/historiografija.hr\/wp-content\/uploads\/2017\/10\/hsozkult.png?fit=1006%2C241&ssl=1&resize=525%2C300 1.5x, https:\/\/i0.wp.com\/historiografija.hr\/wp-content\/uploads\/2017\/10\/hsozkult.png?fit=1006%2C241&ssl=1&resize=700%2C400 2x"},"classes":[]},{"id":52580,"url":"https:\/\/historiografija.hr\/?p=52580","url_meta":{"origin":10386,"position":1},"title":"Conference &#8220;Living in the aftermaths: Trauma, politics and survival in Yugoslavia and successor states, 1945 \u2013 present&#8221;","author":"Branimir Jankovi\u0107","date":"21. travnja 2026.","format":false,"excerpt":"The conference aims to explore how war-related psychological distress was experienced, narrated, debated and reframed in Yugoslavia in the second half of the twentieth century. It asks how the theme of wounded psyche and wartime suffering was addressed and acknowledged in political, psychiatric and broader cultural discourses of socialist Yugoslavia,\u2026","rel":"","context":"U &quot;Novosti&quot;","block_context":{"text":"Novosti","link":"https:\/\/historiografija.hr\/?cat=3"},"img":{"alt_text":"","src":"https:\/\/i0.wp.com\/historiografija.hr\/wp-content\/uploads\/2026\/04\/Battle_of_Neretva_Picasso_poster-Conference-Living-in-the-aftermaths.webp?fit=564%2C954&ssl=1&resize=350%2C200","width":350,"height":200,"srcset":"https:\/\/i0.wp.com\/historiografija.hr\/wp-content\/uploads\/2026\/04\/Battle_of_Neretva_Picasso_poster-Conference-Living-in-the-aftermaths.webp?fit=564%2C954&ssl=1&resize=350%2C200 1x, https:\/\/i0.wp.com\/historiografija.hr\/wp-content\/uploads\/2026\/04\/Battle_of_Neretva_Picasso_poster-Conference-Living-in-the-aftermaths.webp?fit=564%2C954&ssl=1&resize=525%2C300 1.5x"},"classes":[]},{"id":52679,"url":"https:\/\/historiografija.hr\/?p=52679","url_meta":{"origin":10386,"position":2},"title":"CfP: CHOSEN NATION(S): HISTORICAL AND CULTURAL INTERPRETATIONS OF EXCEPTIONALISM, BUDAPEST, 10TH\u201311TH JUNE 2026 (DEADLINE: 1ST MAY 2026)","author":"Branimir Jankovi\u0107","date":"27. travnja 2026.","format":false,"excerpt":"The Ludovika University of Public Service (NKE) and the Jewish Theological Seminary \u2013 University of Jewish Studies (OR-ZSE) are pleased to announce a joint academic conference on \u201cChosen Nation(s): Historical and Cultural Interpretations of Exceptionalism\u201d, to be held in Budapest, Hungary. Chosen Nation(s): Historical and Cultural Interpretations of Exceptionalism Keynote\u2026","rel":"","context":"U &quot;Novosti&quot;","block_context":{"text":"Novosti","link":"https:\/\/historiografija.hr\/?cat=3"},"img":{"alt_text":"","src":"https:\/\/i0.wp.com\/historiografija.hr\/wp-content\/uploads\/2017\/10\/hsozkult.png?fit=1006%2C241&ssl=1&resize=350%2C200","width":350,"height":200,"srcset":"https:\/\/i0.wp.com\/historiografija.hr\/wp-content\/uploads\/2017\/10\/hsozkult.png?fit=1006%2C241&ssl=1&resize=350%2C200 1x, https:\/\/i0.wp.com\/historiografija.hr\/wp-content\/uploads\/2017\/10\/hsozkult.png?fit=1006%2C241&ssl=1&resize=525%2C300 1.5x, https:\/\/i0.wp.com\/historiografija.hr\/wp-content\/uploads\/2017\/10\/hsozkult.png?fit=1006%2C241&ssl=1&resize=700%2C400 2x"},"classes":[]},{"id":52622,"url":"https:\/\/historiografija.hr\/?p=52622","url_meta":{"origin":10386,"position":3},"title":"Annual CAPONEU conference: Political Novel in Europe Between Democracy and Authoritarianism","author":"Branimir Jankovi\u0107","date":"23. travnja 2026.","format":false,"excerpt":"Caponeu event 22.04.2026 - 24.04.2026 Location: The Faculty of Polish and Classical Philology AMU (Fredry 10, Pozna\u0144)Organized by: Tomasz Mizerkiewicz, Krystyna Pieni\u0105\u017cek-Markovi\u0107, Anna Gawarecka, Ewa Szperlik, Magda Potok, B\u0142a\u017cej Warkocki, Gerard Ronge (all Adam Mickiewicz University in Pozna\u0144)Contact: gerron@amu.edu.pl The Adam Mickiewicz University team, as part of the international CAPONEU\u2026","rel":"","context":"U &quot;Novosti&quot;","block_context":{"text":"Novosti","link":"https:\/\/historiografija.hr\/?cat=3"},"img":{"alt_text":"","src":"https:\/\/i0.wp.com\/historiografija.hr\/wp-content\/uploads\/2026\/04\/Caponeu-political-novel.jpg?fit=500%2C261&ssl=1&resize=350%2C200","width":350,"height":200},"classes":[]},{"id":52688,"url":"https:\/\/historiografija.hr\/?p=52688","url_meta":{"origin":10386,"position":4},"title":"Eleonora Naxidou and Yura Konstantinova \u201eBalkan Perspectives of Europe: Between East and West\u201c","author":"Filip \u0160imunjak","date":"28. travnja 2026.","format":false,"excerpt":"Through the lens of the Balkan nations, this volume makes a valuable and significant contribution to the fields of European and Southeast European studies by reconsidering the East\/West dichotomy \u2013 both in terms of the Orient\u2013Occident divide and the Eastern\u2013Western Europe binary. Balkan Perspectives of Europe focuses on concepts of\u2026","rel":"","context":"U &quot;Knjige&quot;","block_context":{"text":"Knjige","link":"https:\/\/historiografija.hr\/?cat=8"},"img":{"alt_text":"","src":"https:\/\/i0.wp.com\/historiografija.hr\/wp-content\/uploads\/2026\/04\/Balkan-Perspectives-of-Europe-Between-East-and-West.jpg?fit=350%2C525&ssl=1&resize=350%2C200","width":350,"height":200},"classes":[]},{"id":52641,"url":"https:\/\/historiografija.hr\/?p=52641","url_meta":{"origin":10386,"position":5},"title":"CfP: WHO OWNS THE PAST? VERNACULAR MEMORY, STATE MEMORY, AND THE POLITICS OF OWNERSHIP","author":"Branimir Jankovi\u0107","date":"24. travnja 2026.","format":false,"excerpt":"VIENNA, 31ST AUGUST\u20133RD SEPTEMBER 2026 (DEADLINE: 24TH APRIL 2026) The Center for Austrian Studies at the European Forum at the Hebrew University and the Austrian Academy of Sciences\/Institute of Culture Studies invite early postdocs, PhD candidates, and advanced Master\u2019s students from the Hebrew University of Jerusalem and universities and academic\u2026","rel":"","context":"U &quot;Novosti&quot;","block_context":{"text":"Novosti","link":"https:\/\/historiografija.hr\/?cat=3"},"img":{"alt_text":"","src":"https:\/\/i0.wp.com\/historiografija.hr\/wp-content\/uploads\/2017\/10\/hsozkult.png?fit=1006%2C241&ssl=1&resize=350%2C200","width":350,"height":200,"srcset":"https:\/\/i0.wp.com\/historiografija.hr\/wp-content\/uploads\/2017\/10\/hsozkult.png?fit=1006%2C241&ssl=1&resize=350%2C200 1x, https:\/\/i0.wp.com\/historiografija.hr\/wp-content\/uploads\/2017\/10\/hsozkult.png?fit=1006%2C241&ssl=1&resize=525%2C300 1.5x, https:\/\/i0.wp.com\/historiografija.hr\/wp-content\/uploads\/2017\/10\/hsozkult.png?fit=1006%2C241&ssl=1&resize=700%2C400 2x"},"classes":[]}],"_links":{"self":[{"href":"https:\/\/historiografija.hr\/index.php?rest_route=\/wp\/v2\/posts\/10386","targetHints":{"allow":["GET"]}}],"collection":[{"href":"https:\/\/historiografija.hr\/index.php?rest_route=\/wp\/v2\/posts"}],"about":[{"href":"https:\/\/historiografija.hr\/index.php?rest_route=\/wp\/v2\/types\/post"}],"author":[{"embeddable":true,"href":"https:\/\/historiografija.hr\/index.php?rest_route=\/wp\/v2\/users\/2"}],"replies":[{"embeddable":true,"href":"https:\/\/historiografija.hr\/index.php?rest_route=%2Fwp%2Fv2%2Fcomments&post=10386"}],"version-history":[{"count":2,"href":"https:\/\/historiografija.hr\/index.php?rest_route=\/wp\/v2\/posts\/10386\/revisions"}],"predecessor-version":[{"id":10389,"href":"https:\/\/historiografija.hr\/index.php?rest_route=\/wp\/v2\/posts\/10386\/revisions\/10389"}],"wp:featuredmedia":[{"embeddable":true,"href":"https:\/\/historiografija.hr\/index.php?rest_route=\/wp\/v2\/media\/10387"}],"wp:attachment":[{"href":"https:\/\/historiografija.hr\/index.php?rest_route=%2Fwp%2Fv2%2Fmedia&parent=10386"}],"wp:term":[{"taxonomy":"category","embeddable":true,"href":"https:\/\/historiografija.hr\/index.php?rest_route=%2Fwp%2Fv2%2Fcategories&post=10386"},{"taxonomy":"post_tag","embeddable":true,"href":"https:\/\/historiografija.hr\/index.php?rest_route=%2Fwp%2Fv2%2Ftags&post=10386"}],"curies":[{"name":"wp","href":"https:\/\/api.w.org\/{rel}","templated":true}]}}