{"id":10340,"date":"2018-06-14T10:34:38","date_gmt":"2018-06-14T10:34:38","guid":{"rendered":"http:\/\/historiografija.hr\/?p=10340"},"modified":"2018-06-14T10:34:38","modified_gmt":"2018-06-14T10:34:38","slug":"zbornik-radova-slavonski-brod-i-brodsko-posavska-zupanija-u-domovinskom-ratu","status":"publish","type":"post","link":"https:\/\/historiografija.hr\/?p=10340","title":{"rendered":"Zbornik radova \u201eSlavonski Brod i Brodsko-posavska \u017eupanija u Domovinskom ratu\u201c"},"content":{"rendered":"<p>Podru\u017enica za povijest Slavonije, Srijema i Baranje Hrvatskog instituta za povijest objavila je 2018. godine knjigu \u201eSlavonski Brod i Brodsko-posavska \u017eupanija u Domovinskom ratu\u201c \u2013 zbornik radova sa znanstvenog skupa odr\u017eanog 2016. godine koji je uredio Miroslav Akmad\u017ea.<\/p>\n<p>&nbsp;<\/p>\n<p>&#8212;<\/p>\n<p>&nbsp;<\/p>\n<p><strong>Slavonski Brod i Brodsko-posavska \u017eupanija u Domovinskom ratu. Zbornik radova znanstvenog skupa<\/strong><\/p>\n<p>&nbsp;<\/p>\n<p>&nbsp;<\/p>\n<p>Autor: Miroslav Akmad\u017ea (ur.)<\/p>\n<p>&nbsp;<\/p>\n<p>&nbsp;<\/p>\n<p>Broj stranica: 624<\/p>\n<p>&nbsp;<\/p>\n<p>&nbsp;<\/p>\n<p>Godina izdanja: 2018.<\/p>\n<p>&nbsp;<\/p>\n<p>Tematika Domovinskog rata u Hrvatskoj devedesetih godina 20. stolje\u0107a od iznimnog je interesa za hrvatsku suvremenu historiografiju, kao i za druge dru\u0161tveno-humanisti\u010dke, ali i pojedine prirodne znanosti. No, osim znanstvenika ta tematika, zbog svoje aktualnosti i \u010dinjenice da se Domovinski rat dogodio u nedavnoj pro\u0161losti pa ga se sje\u0107aju svi ro\u0111eni prije 1995., izaziva pozornost i \u0161ire hrvatske javnosti, kao i one u susjednim zemljama, sudionicama ratnih zbivanja. To se posebice odnosi na Srbiju, koja je izvr\u0161ila agresiju na Hrvatsku i Bosnu i Hercegovinu, kao i na Bosnu i Hercegovinu, koja je tako\u0111er bila meta srpsko-crnogorske agresije, ali i s \u010dijeg su podru\u010dja ti agresori napadali Hrvatsku. Potonje se posebice odnosi na Slavonski Brod i Brodsko-posavsku \u017eupaniju, koji se geografski nalaze uz same granice tih dr\u017eava i koji su glavne vojne udare trpjeli upravo s tih podru\u010dja.<\/p>\n<p>U takvom spletu okolnosti Slavonski Brod i Brodsko-posavska \u017eupanija postali su iznimno va\u017ean vojno-strate\u0161ki \u010dimbenik u obrani Hrvatske od velikosrpske agresije. To je podru\u010dje postalo bojno polje od iznimnog zna\u010daja, na kojem su se odvijali ratni sukobi velikih razmjera. To je rezultiralo uklju\u010divanjem velikog broja stanovnika tog podru\u010dja u obrambene ratne aktivnosti, bilo u sklopu hrvatskih vojno-redarstvenih snaga, bilo u sklopu civilne za\u0161tite, vatrogasnih postrojbi, zdravstvenih i socijalnih ustanova, kao i mnogih drugih logisti\u010dkih i humanitarnih aktivnosti. Osim domicilnog stanovni\u0161tva u obrani navedenog podru\u010dja sudjelovale su i mnoge vojno-redarstvene postrojbe, kao i razne humanitarne i druge organizacije i pojedinci iz drugih dijelova Hrvatske.<\/p>\n<p>Ratne aktivnosti rezultirale su velikim ljudskim i materijalnim stradanjima. Mnogi su branitelji i civili, me\u0111u kojima i djeca, smrtno stradali ili postali invalidi. Brojni su civili morali pred agresorskom najezdom napustiti svoje domove i potra\u017eiti privremeni smje\u0161taj u dijelovima Hrvatske koji nisu bili izravno ugro\u017eeni ratnim zbivanjima. Uslijed agresorskih aktivnosti poru\u0161ene su mnoge zgrade i gospodarski objekti, \u0161to je znatno ote\u017ealo svakodnevni \u017eivot stanovni\u0161tva na navedenom podru\u010dju. Sve te okolnosti dovele su do bitnih promjena \u017eivotnih prilika na tom podru\u010dju, ne samo tijekom, nego i nakon rata, posebice na podru\u010dju gospodarskih i demografskih prilika.<\/p>\n<p>Kako bismo dobili \u0161to jasniju sliku o svim navedenim problemima tijekom ratnih zbivanja, kao i njihovim posljedicama, smatrali smo nu\u017enim organizirati znanstveni skup na tu temu, na kojem bi se iznijeli rezultati dosada\u0161njih historiografskih i drugih znanstvenih istra\u017eivanja. Kako je 2016. godine Hrvatski institut za povijest, Podru\u017enica za povijest Slavonije, Srijema i Baranje u Slavonskom Brodu, obilje\u017eavala 20. godi\u0161njicu svoga osnivanja, smatrali smo da je to najbolja prigoda za organizaciju znanstvenog skupa na temu Slavonski Brod i Brodsko-posavska \u017eupanija u Domovinskom ratu.<\/p>\n<p>Znanstveni skup odr\u017ean je u Slavonskom Brodu 22. i 23. rujna 2016. godine.<\/p>\n<p>Na skupu su sudjelovala 23 izlaga\u010da iz raznih znanstvenih i drugih ustanova iz cijele Hrvatske, a teme njihovih izlaganja obuhva\u0107ale su razna podru\u010dja, kao \u0161to su vojna problematika, politika, gospodarstvo, socijalna slu\u017eba i zdravstvo, demografija, \u0161kolstvo, Crkva, tisak i razna druga podru\u010dja.<\/p>\n<p>Navedena izlaganja autori su realizirali i u pisanom obliku, rezultat \u010dega je ovaj Zbornik radova, koji objavljujemo kako bi bio dostupan znanstvenoj, ali i svekolikoj zainteresiranoj javnosti i bio pomo\u0107 u daljnjim istra\u017eivanjima povijesti Domovinskog rata.<\/p>\n<p>&nbsp;<\/p>\n<p>PDF izvadak: <a href=\"http:\/\/hipsb.hr\/wp-content\/uploads\/2018\/06\/Sadr%C5%BEaj-1.pdf\">http:\/\/hipsb.hr\/wp-content\/uploads\/2018\/06\/Sadr%C5%BEaj-1.pdf<\/a><\/p>\n<p>&nbsp;<\/p>\n<p>Izvor: <a href=\"http:\/\/hipsb.hr\/proizvod\/slavonski-brod-brodsko-posavska-zupanija-domovinskom-ratu-zbornik-radova-znanstvenog-skupa\/\">http:\/\/hipsb.hr\/proizvod\/slavonski-brod-brodsko-posavska-zupanija-domovinskom-ratu-zbornik-radova-znanstvenog-skupa\/<\/a><\/p>\n<p>&nbsp;<\/p>\n","protected":false},"excerpt":{"rendered":"","protected":false},"author":2,"featured_media":10341,"comment_status":"open","ping_status":"open","sticky":false,"template":"","format":"standard","meta":{"_acf_changed":false,"jetpack_post_was_ever_published":false,"_jetpack_newsletter_access":"","_jetpack_dont_email_post_to_subs":false,"_jetpack_newsletter_tier_id":0,"_jetpack_memberships_contains_paywalled_content":false,"_jetpack_memberships_contains_paid_content":false,"footnotes":"","jetpack_publicize_message":"","jetpack_publicize_feature_enabled":true,"jetpack_social_post_already_shared":true,"jetpack_social_options":{"image_generator_settings":{"template":"highway","default_image_id":0,"font":"","enabled":false},"version":2}},"categories":[8,3],"tags":[],"class_list":["post-10340","post","type-post","status-publish","format-standard","has-post-thumbnail","hentry","category-knjige","category-novosti"],"acf":{"facebook_opis":""},"jetpack_publicize_connections":[],"jetpack_featured_media_url":"https:\/\/i0.wp.com\/historiografija.hr\/wp-content\/uploads\/2018\/06\/naslovnica-zbornik.jpg?fit=300%2C425&ssl=1","jetpack_sharing_enabled":true,"jetpack-related-posts":[{"id":52496,"url":"https:\/\/historiografija.hr\/?p=52496","url_meta":{"origin":10340,"position":0},"title":"30 godina Podru\u017enice \u2013 Javno predavanje Matea \u010calu\u0161i\u0107a \u201eSlavonski Brod u Domovinskom ratu\u201c","author":"Branimir Jankovi\u0107","date":"17. travnja 2026.","format":false,"excerpt":"U 2026. navr\u0161ava se trideset godina od osnutka Podru\u017enice za povijest Slavonije, Srijema i Baranje Hrvatskoga instituta za povijest. Obilje\u017eavanje ove zna\u010dajne obljetnice zapo\u010dinje ciklusom javnih povijesnih predavanja znanstvenika Instituta. Tre\u0107e po redu je predavanje Matea \u010calu\u0161i\u0107a \u2013 \u201eSLAVONSKI BROD U DOMOVINSKOM RATU\u201c. Predavanje \u0107e se odr\u017eati 21. travnja 2026.\u2026","rel":"","context":"U &quot;Novosti&quot;","block_context":{"text":"Novosti","link":"https:\/\/historiografija.hr\/?cat=3"},"img":{"alt_text":"","src":"https:\/\/i0.wp.com\/historiografija.hr\/wp-content\/uploads\/2026\/04\/Predavanje-Calusic.png?fit=860%2C1200&ssl=1&resize=350%2C200","width":350,"height":200,"srcset":"https:\/\/i0.wp.com\/historiografija.hr\/wp-content\/uploads\/2026\/04\/Predavanje-Calusic.png?fit=860%2C1200&ssl=1&resize=350%2C200 1x, https:\/\/i0.wp.com\/historiografija.hr\/wp-content\/uploads\/2026\/04\/Predavanje-Calusic.png?fit=860%2C1200&ssl=1&resize=525%2C300 1.5x, https:\/\/i0.wp.com\/historiografija.hr\/wp-content\/uploads\/2026\/04\/Predavanje-Calusic.png?fit=860%2C1200&ssl=1&resize=700%2C400 2x"},"classes":[]},{"id":52502,"url":"https:\/\/historiografija.hr\/?p=52502","url_meta":{"origin":10340,"position":1},"title":"Novi znanstveni projekt Hrvatskog instituta za povijest: \u201c\u017drtve ratova i dr\u017eavnog\/politi\u010dkog nasilja u hrvatskoj povijesti 20. stolje\u0107a\u201d","author":"Branimir Jankovi\u0107","date":"17. travnja 2026.","format":false,"excerpt":"Na redovitoj sjednici Vlade RH, 16. travnja 2026., donijet je Zaklju\u010dak kojim se pokre\u0107e znanstveni projekt \u201c\u017drtve ratova i dr\u017eavnog\/politi\u010dkog nasilja u hrvatskoj povijesti 20. stolje\u0107a\u201d. Projekt \u0107e provoditi i koordinirati Hrvatski institut za povijest u razdoblju trajanja projekta od pet godina. Zakljucak Vlade RH Iz teksta projektnog prijedloga: Problematika\u2026","rel":"","context":"U &quot;Novosti&quot;","block_context":{"text":"Novosti","link":"https:\/\/historiografija.hr\/?cat=3"},"img":{"alt_text":"","src":"https:\/\/i0.wp.com\/historiografija.hr\/wp-content\/uploads\/2026\/04\/Vlada-RH.jpg?fit=1200%2C557&ssl=1&resize=350%2C200","width":350,"height":200,"srcset":"https:\/\/i0.wp.com\/historiografija.hr\/wp-content\/uploads\/2026\/04\/Vlada-RH.jpg?fit=1200%2C557&ssl=1&resize=350%2C200 1x, https:\/\/i0.wp.com\/historiografija.hr\/wp-content\/uploads\/2026\/04\/Vlada-RH.jpg?fit=1200%2C557&ssl=1&resize=525%2C300 1.5x, https:\/\/i0.wp.com\/historiografija.hr\/wp-content\/uploads\/2026\/04\/Vlada-RH.jpg?fit=1200%2C557&ssl=1&resize=700%2C400 2x, https:\/\/i0.wp.com\/historiografija.hr\/wp-content\/uploads\/2026\/04\/Vlada-RH.jpg?fit=1200%2C557&ssl=1&resize=1050%2C600 3x"},"classes":[]},{"id":52578,"url":"https:\/\/historiografija.hr\/?p=52578","url_meta":{"origin":10340,"position":2},"title":"Poziv za sudjelovanje: XXII. Dani Julija Bene\u0161i\u0107a u Iloku","author":"Branimir Jankovi\u0107","date":"21. travnja 2026.","format":false,"excerpt":"Zavod za lingvisti\u010dka istra\u017eivanja Hrvatske akademije znanosti i umjetnosti, zajedno s Muzejom grada Iloka, organizira XXII. Dane Julija Bene\u0161i\u0107a, koji \u0107e se odr\u017eati od 28. do 30. listopada 2026. u Iloku.\u00a0Teme ovogodi\u0161njih Dana podijeljene su u dvije cjeline: Knji\u017eevno-jezikoslovni d\u00ecv\u0101n s Bene\u0161i\u0107em te Ilok i Srijem u povijesnim stalnicama i\u2026","rel":"","context":"U &quot;Novosti&quot;","block_context":{"text":"Novosti","link":"https:\/\/historiografija.hr\/?cat=3"},"img":{"alt_text":"","src":"https:\/\/i0.wp.com\/historiografija.hr\/wp-content\/uploads\/2019\/10\/HE2_Benesic.jpg?fit=413%2C591&ssl=1&resize=350%2C200","width":350,"height":200},"classes":[]},{"id":52528,"url":"https:\/\/historiografija.hr\/?p=52528","url_meta":{"origin":10340,"position":3},"title":"[Promocija knjige] Banja Luka u ratu: Etnopolitika i svakodnevica (1990\u20131995) (ActiveLab, YugoLab)","author":"Branimir Jankovi\u0107","date":"17. travnja 2026.","format":false,"excerpt":"Institut za filozofiju i dru\u0161tvenu teoriju i O\u0161tra Nula organizuju promociju knjige Banja Luka u ratu: Etnopolitika i svakodnevica (1990\u20131995) autorke Armine Galija\u0161, koja \u0107e se odr\u017eati 20. aprila 2026. u 12.00 sati u prostorijama Instituta (Kraljice Natalije 45, Beograd). Re\u010d je o prvom nau\u010dno utemeljenom i sistematskom radu koji\u2026","rel":"","context":"U &quot;Novosti&quot;","block_context":{"text":"Novosti","link":"https:\/\/historiografija.hr\/?cat=3"},"img":{"alt_text":"","src":"https:\/\/i0.wp.com\/historiografija.hr\/wp-content\/uploads\/2026\/04\/20-april-RS.jpg?fit=1200%2C675&ssl=1&resize=350%2C200","width":350,"height":200,"srcset":"https:\/\/i0.wp.com\/historiografija.hr\/wp-content\/uploads\/2026\/04\/20-april-RS.jpg?fit=1200%2C675&ssl=1&resize=350%2C200 1x, https:\/\/i0.wp.com\/historiografija.hr\/wp-content\/uploads\/2026\/04\/20-april-RS.jpg?fit=1200%2C675&ssl=1&resize=525%2C300 1.5x, https:\/\/i0.wp.com\/historiografija.hr\/wp-content\/uploads\/2026\/04\/20-april-RS.jpg?fit=1200%2C675&ssl=1&resize=700%2C400 2x, https:\/\/i0.wp.com\/historiografija.hr\/wp-content\/uploads\/2026\/04\/20-april-RS.jpg?fit=1200%2C675&ssl=1&resize=1050%2C600 3x"},"classes":[]},{"id":52633,"url":"https:\/\/historiografija.hr\/?p=52633","url_meta":{"origin":10340,"position":4},"title":"POVIJEST TRE\u0160NJEVA\u010cKE GLAZBE: prikupljanje virtualnog fundusa Muzeja susjedstva Tre\u0161njevka","author":"Branimir Jankovi\u0107","date":"23. travnja 2026.","format":false,"excerpt":"utorak 28. 4. 2026. 14 - 18 h Nova BAZA, Nova cesta 66, Zagreb Prvi su dani ljeta 1957. godine. Bo\u017eica Kalafati\u0107 poha\u0111a drugi razred Osnovne \u0161kole Bratstvo i jedinstvo, danas kralja Tomislava, a ide i na muzi\u010dke satove u Mo\u0161\u0107eni\u010dkoj ulici. Na fotografiji s harmonikom u rukama stoji u\u2026","rel":"","context":"U &quot;Novosti&quot;","block_context":{"text":"Novosti","link":"https:\/\/historiografija.hr\/?cat=3"},"img":{"alt_text":"","src":"https:\/\/i0.wp.com\/historiografija.hr\/wp-content\/uploads\/2026\/04\/MST_prikupljanje.jpg?fit=380%2C475&ssl=1&resize=350%2C200","width":350,"height":200},"classes":[]},{"id":52575,"url":"https:\/\/historiografija.hr\/?p=52575","url_meta":{"origin":10340,"position":5},"title":"Izlo\u017eba dje\u010djih radova \u201cU po\u010detku bija\u0161e crte\u017e\u2026\u201d","author":"Branimir Jankovi\u0107","date":"21. travnja 2026.","format":false,"excerpt":"U subotu, 25. travnja 2026. u 11 sati u Galeriji Klovi\u0107evi dvori sve\u010dano otvaramo izlo\u017ebu dje\u010djih radova pod nazivom U po\u010detku bija\u0161e crte\u017e\u2026 Radovi su nastali u sklopu likovnih radionica uz izlo\u017ebu U po\u010detku bija\u0161e kraljevstvo \u2013 izlo\u017eba povodom 1100 godina Hrvatskoga Kraljevstva. Na brojnim likovnim radionicama, uz \u0161kolsku djecu,\u2026","rel":"","context":"U &quot;Izlo\u017ebe&quot;","block_context":{"text":"Izlo\u017ebe","link":"https:\/\/historiografija.hr\/?cat=10"},"img":{"alt_text":"","src":"https:\/\/i0.wp.com\/historiografija.hr\/wp-content\/uploads\/2025\/10\/Klovicevi_sluzbeni-plakat.png?fit=840%2C1200&ssl=1&resize=350%2C200","width":350,"height":200,"srcset":"https:\/\/i0.wp.com\/historiografija.hr\/wp-content\/uploads\/2025\/10\/Klovicevi_sluzbeni-plakat.png?fit=840%2C1200&ssl=1&resize=350%2C200 1x, https:\/\/i0.wp.com\/historiografija.hr\/wp-content\/uploads\/2025\/10\/Klovicevi_sluzbeni-plakat.png?fit=840%2C1200&ssl=1&resize=525%2C300 1.5x, https:\/\/i0.wp.com\/historiografija.hr\/wp-content\/uploads\/2025\/10\/Klovicevi_sluzbeni-plakat.png?fit=840%2C1200&ssl=1&resize=700%2C400 2x"},"classes":[]}],"_links":{"self":[{"href":"https:\/\/historiografija.hr\/index.php?rest_route=\/wp\/v2\/posts\/10340","targetHints":{"allow":["GET"]}}],"collection":[{"href":"https:\/\/historiografija.hr\/index.php?rest_route=\/wp\/v2\/posts"}],"about":[{"href":"https:\/\/historiografija.hr\/index.php?rest_route=\/wp\/v2\/types\/post"}],"author":[{"embeddable":true,"href":"https:\/\/historiografija.hr\/index.php?rest_route=\/wp\/v2\/users\/2"}],"replies":[{"embeddable":true,"href":"https:\/\/historiografija.hr\/index.php?rest_route=%2Fwp%2Fv2%2Fcomments&post=10340"}],"version-history":[{"count":1,"href":"https:\/\/historiografija.hr\/index.php?rest_route=\/wp\/v2\/posts\/10340\/revisions"}],"predecessor-version":[{"id":10342,"href":"https:\/\/historiografija.hr\/index.php?rest_route=\/wp\/v2\/posts\/10340\/revisions\/10342"}],"wp:featuredmedia":[{"embeddable":true,"href":"https:\/\/historiografija.hr\/index.php?rest_route=\/wp\/v2\/media\/10341"}],"wp:attachment":[{"href":"https:\/\/historiografija.hr\/index.php?rest_route=%2Fwp%2Fv2%2Fmedia&parent=10340"}],"wp:term":[{"taxonomy":"category","embeddable":true,"href":"https:\/\/historiografija.hr\/index.php?rest_route=%2Fwp%2Fv2%2Fcategories&post=10340"},{"taxonomy":"post_tag","embeddable":true,"href":"https:\/\/historiografija.hr\/index.php?rest_route=%2Fwp%2Fv2%2Ftags&post=10340"}],"curies":[{"name":"wp","href":"https:\/\/api.w.org\/{rel}","templated":true}]}}