{"id":10279,"date":"2018-06-11T09:35:45","date_gmt":"2018-06-11T09:35:45","guid":{"rendered":"http:\/\/historiografija.hr\/?p=10279"},"modified":"2018-06-11T09:35:45","modified_gmt":"2018-06-11T09:35:45","slug":"predstavljanje-knjiga-zarka-dadica-povijest-znanosti-i-prirodne-filozofije-u-hrvata-s-osobitim-obzirom-na-egzaktne-znanosti-knj-ii-i-iii","status":"publish","type":"post","link":"https:\/\/historiografija.hr\/?p=10279","title":{"rendered":"Predstavljanje knjiga \u017darka Dadi\u0107a \u201ePovijest znanosti i prirodne filozofije u Hrvata (s osobitim obzirom na egzaktne znanosti)\u201c, knj. II. i III."},"content":{"rendered":"<p>Predstavljanje \u0107e se odr\u017eati u utorak, 12. lipnja 2018. godine s po\u010detkom u 12 sati u dvorani Knji\u017enice Hrvatske akademije znanosti i umjetnosti, Zagreb, Strossmayerov trg 14.<\/p>\n<p>U utorak 12. lipnja 2018. s po\u010detkom u 12 sati u dvorani Knji\u017enice Hrvatske akademije znanosti i umjetnosti na Strossmayerovom trgu 14 u Zagrebu odr\u017eat \u0107e se predstavljanje knjiga akademika \u017darka Dadi\u0107a POVIJEST ZNANOSTI I PRIRODNE FILOZOFIJE U HRVATA (s osobitim obzirom na egzaktne znanosti), KNJIGA II. (Renesansa) i KNJIGA III. (Rani novi vijek).<\/p>\n<p>&nbsp;<\/p>\n<p>&#8212;<\/p>\n<p>&nbsp;<\/p>\n<p><strong>AKADEMIK \u017dARKO DADI\u0106 <\/strong>(autor)<\/p>\n<p>i<\/p>\n<p><strong>IZVORI <\/strong>(nakladnik)<\/p>\n<p>imaju \u010dast pozvati Vas na predstavljanje knjiga<\/p>\n<p>&nbsp;<\/p>\n<p>&nbsp;<\/p>\n<p><strong>POVIJEST ZNANOSTI I PRIRODNE FILOZOFIJE U<\/strong><\/p>\n<p><strong>HRVATA <em>(s osobitim obzirom na egzaktne znanosti)<\/em><\/strong><\/p>\n<p><strong><em>\u00a0<\/em><\/strong><\/p>\n<p><strong><em>KNJIGA II. &#8211; RENESANSA <\/em><\/strong><\/p>\n<p><strong><em>KNJIGA III. &#8211; RANI NOVI VIJEK<\/em><\/strong><\/p>\n<p><em>\u00a0<\/em><\/p>\n<p><em> (Izdava\u010d: Izvori, Zagreb, 2016. i 2017.)<\/em><\/p>\n<p><strong><em>\u00a0<\/em><\/strong><\/p>\n<p>&nbsp;<\/p>\n<p><strong><em>O knjigama \u0107e govoriti:<\/em><\/strong><\/p>\n<p><strong><em>\u00a0<\/em><\/strong><\/p>\n<p>Dr. sc. <strong>Marijana Bori\u0107<\/strong><\/p>\n<p>Dr. sc. <strong>Ivana Skuhala Karasman<\/strong><\/p>\n<p>Prof. dr. sc. <strong>\u017deljko Dugac<\/strong><\/p>\n<p>&nbsp;<\/p>\n<p>Akademik <strong>\u017darko Dadi\u0107<\/strong>, autor knjige<\/p>\n<p><strong>Damir Mikuli\u010di\u0107<\/strong>, u ime nakladnika<\/p>\n<p>&nbsp;<\/p>\n<p>&nbsp;<\/p>\n<p>&nbsp;<\/p>\n<p>Predstavljanje \u0107e se odr\u017eati<\/p>\n<p><strong>u utorak, 12. lipnja 2018. godine s po\u010detkom u 12 sati<\/strong><\/p>\n<p>u dvorani Knji\u017enice Hrvatske akademije znanosti i umjetnosti, Zagreb,<\/p>\n<p>Strossmayerov trg 14.<\/p>\n<p>&nbsp;<\/p>\n<p>&nbsp;<\/p>\n<p>&nbsp;<\/p>\n<p>Veselimo se Va\u0161em dolasku!<\/p>\n<p>&nbsp;<\/p>\n<p><strong>\u00a0<\/strong><\/p>\n<p><strong>\u017darko Dadi\u0107: Povijest znanosti i prirodne filozofije u Hrvata (s osobitim obzirom na egzaktne znanosti)<\/strong><\/p>\n<p><strong>\u00a0<\/strong><\/p>\n<p><strong>\u00a0\u00a0\u00a0\u00a0\u00a0\u00a0\u00a0\u00a0\u00a0\u00a0\u00a0 <\/strong>Djelo pod naslovom <em>Povijest znanosti i prirodne filozofije u Hrvata <\/em>autora akademika \u017darka Dadi\u0107a zami\u0161ljeno je u osam knjiga, svaka u opsegu od 500 tiskanih stranica. Prva od njih, <em>Srednji vijek, <\/em>objavljena je 2015. i predstavljena u Hrvatskoj akademiji znanosti i umjetnosti kao po\u010detak objavljivanja tog djela. Druga knjiga, <em>Renesansa, <\/em>objavljena je 2016., a tre\u0107a, <em>Rani novi vijek, <\/em>2017., Obje se sada predstavljaju u HAZU. \u010cetvrta knjiga, <em>Prosvjetiteljstvo, <\/em>izlazi iz tiska tijekom lipnja 2018., a rukopis pete knjige, <em>Pretpreporodno doba, <\/em>predan je izdava\u010du.<\/p>\n<p>Ovaj niz knjiga pod naslovom <em>Povijest znanosti i prirodne filozofije u Hrvata <\/em>zami\u0161ljen je u \u0161irokom smislu pa sadr\u017ei povijest prirodnih i matemati\u010dkih znanosti s tehnikom i medicinom. Kako su sve te znanosti u ranijem razdoblju bile povezane s filozofijom, a osobito s prirodnom filozofijom, u njima se razmatra i filozofija, posebno filozofska djela. Svaka knjiga ima uvodno poglavlje u kojem se prikazuje op\u0107i svjetski razvitak znanosti, da bi se u taj sklop moglo uvrstiti ulogu Hrvata. U djelu se razmatraju dva aspekta znanosti i prirodne filozofije u Hrvata, i to doprinos Hrvata razvitku, posebno u tiskanim i rukopisnim djelima, i zastupljenost znanosti i filozofije u hrvatskom dru\u0161tvu.<\/p>\n<p>U svakoj od knjiga ovog djela autor \u017darko Dadi\u0107 koristi svoja vlastita istra\u017eivanja koja je provodio tijekom cijelog svog radnog vijeka. Gotovo sva djela, znanstvena i filozofska, autor je osobno pro\u010ditao, analizirao i istaknuo im vrijednost. Kako je mnoga od tih djela istra\u017eivao u ranijim godinama svog rada, sada ih je ve\u0107inom ponovno pregledao i dopunio ako je bilo potrebno za svrhu pisanja ovog opse\u017enog djela. Za neka istra\u017eivanja pojedinih knjiga i problema autor je koristio i dosada\u0161nja istra\u017eivanja drugih istra\u017eiva\u010da, ali ih je kriti\u010dki razmotrio. U djelu se stalno ukazuje na jo\u0161 otvorena pitanja i nerije\u0161ene probleme iz povijesti znanosti u Hrvata pa se to djelo mo\u017ee koristiti i kao putokaz daljnjih istra\u017eivanja.<\/p>\n<p>Rukopis \u0161este knjige, koja obuhva\u0107a razdoblje kulturnog i znanstvenog preporoda u Hrvata do kraja 19. stolje\u0107a, bit \u0107e predan izdava\u010du na jesen 2018. Sedma knjiga, koja obuhva\u0107a razdoblje do godine 1941. i osma koja obuhva\u0107a razdoblje do otprilike 1970. predvi\u0111a se da \u0107e biti dovr\u0161ene do po\u010detka 2020. Posljednjih 50 godina do danas ne\u0107e biti uklju\u010dene u ovo djelo jer bi se za to razdoblje moglo samo registrirati \u010dinjenice bez valorizacije, a to je u protivnosti s autorovom koncepcijom cijelog djela.<\/p>\n<p>&nbsp;<\/p>\n<p>Ured za odnose s javno\u0161\u0107u i medije HAZU<\/p>\n<p>Marijan Lipovac<\/p>\n<p>&nbsp;<\/p>\n<p><a href=\"http:\/\/info.hazu.hr\/\">http:\/\/info.hazu.hr\/<\/a><\/p>\n<p>&nbsp;<\/p>\n<p>&nbsp;<\/p>\n<p>&nbsp;<\/p>\n<p>&nbsp;<\/p>\n<p>&nbsp;<\/p>\n","protected":false},"excerpt":{"rendered":"","protected":false},"author":2,"featured_media":10280,"comment_status":"open","ping_status":"open","sticky":false,"template":"","format":"standard","meta":{"_acf_changed":false,"jetpack_post_was_ever_published":false,"_jetpack_newsletter_access":"","_jetpack_dont_email_post_to_subs":false,"_jetpack_newsletter_tier_id":0,"_jetpack_memberships_contains_paywalled_content":false,"_jetpack_memberships_contains_paid_content":false,"footnotes":"","jetpack_publicize_message":"","jetpack_publicize_feature_enabled":true,"jetpack_social_post_already_shared":true,"jetpack_social_options":{"image_generator_settings":{"template":"highway","default_image_id":0,"font":"","enabled":false},"version":2}},"categories":[3],"tags":[],"class_list":["post-10279","post","type-post","status-publish","format-standard","has-post-thumbnail","hentry","category-novosti"],"acf":{"facebook_opis":""},"jetpack_publicize_connections":[],"jetpack_featured_media_url":"https:\/\/i0.wp.com\/historiografija.hr\/wp-content\/uploads\/2018\/06\/renesansa.jpg?fit=159%2C238&ssl=1","jetpack_sharing_enabled":true,"jetpack-related-posts":[{"id":52520,"url":"https:\/\/historiografija.hr\/?p=52520","url_meta":{"origin":10279,"position":0},"title":"Predstavljanje knjige &#8220;Socialist Economics in Yugoslavia: A Critical History&#8221; u Zagrebu","author":"Branimir Jankovi\u0107","date":"17. travnja 2026.","format":false,"excerpt":"Pozivamo vas na predstavljanje knjige \"Socialist Economics in Yugoslavia: A Critical History\", autora Mislava \u00a0\u017ditka i Marka Grde\u0161i\u0107a (Routledge, 2026). Na predstavljanju \u0107e govoriti Branko Milanovi\u0107 (CUNY), Milica Uvali\u0107 (EUI), Zdravko Petak (FPZG) te autori.\u00a0 Predstavljanje \u0107e se odr\u017eati u srijedu 22. travnja u 16:00 sati na Fakultetu politi\u010dkih znanosti\u2026","rel":"","context":"U &quot;Novosti&quot;","block_context":{"text":"Novosti","link":"https:\/\/historiografija.hr\/?cat=3"},"img":{"alt_text":"","src":"https:\/\/i0.wp.com\/historiografija.hr\/wp-content\/uploads\/2026\/04\/Poziv-na-predstavljanje.png?fit=800%2C652&ssl=1&resize=350%2C200","width":350,"height":200,"srcset":"https:\/\/i0.wp.com\/historiografija.hr\/wp-content\/uploads\/2026\/04\/Poziv-na-predstavljanje.png?fit=800%2C652&ssl=1&resize=350%2C200 1x, https:\/\/i0.wp.com\/historiografija.hr\/wp-content\/uploads\/2026\/04\/Poziv-na-predstavljanje.png?fit=800%2C652&ssl=1&resize=525%2C300 1.5x, https:\/\/i0.wp.com\/historiografija.hr\/wp-content\/uploads\/2026\/04\/Poziv-na-predstavljanje.png?fit=800%2C652&ssl=1&resize=700%2C400 2x"},"classes":[]},{"id":52578,"url":"https:\/\/historiografija.hr\/?p=52578","url_meta":{"origin":10279,"position":1},"title":"Poziv za sudjelovanje: XXII. Dani Julija Bene\u0161i\u0107a u Iloku","author":"Branimir Jankovi\u0107","date":"21. travnja 2026.","format":false,"excerpt":"Zavod za lingvisti\u010dka istra\u017eivanja Hrvatske akademije znanosti i umjetnosti, zajedno s Muzejom grada Iloka, organizira XXII. Dane Julija Bene\u0161i\u0107a, koji \u0107e se odr\u017eati od 28. do 30. listopada 2026. u Iloku.\u00a0Teme ovogodi\u0161njih Dana podijeljene su u dvije cjeline: Knji\u017eevno-jezikoslovni d\u00ecv\u0101n s Bene\u0161i\u0107em te Ilok i Srijem u povijesnim stalnicama i\u2026","rel":"","context":"U &quot;Novosti&quot;","block_context":{"text":"Novosti","link":"https:\/\/historiografija.hr\/?cat=3"},"img":{"alt_text":"","src":"https:\/\/i0.wp.com\/historiografija.hr\/wp-content\/uploads\/2019\/10\/HE2_Benesic.jpg?fit=413%2C591&ssl=1&resize=350%2C200","width":350,"height":200},"classes":[]},{"id":52563,"url":"https:\/\/historiografija.hr\/?p=52563","url_meta":{"origin":10279,"position":2},"title":"Predavanje Nenada Fabijani\u0107a o stadionu Poljud u Splitu","author":"Branimir Jankovi\u0107","date":"21. travnja 2026.","format":false,"excerpt":"Znanstveno vije\u0107e za arhitekturu, urbanizam i ure\u0111enje prostora Hrvatske akademije znanosti i umjetnosti organizira predavanje \u201cPo Poljudu\u201d koje \u0107e u srijedu 22. travnja 2026. s po\u010detkom u 14 sati u Knji\u017enici HAZU, Strossmayerov trg 14 u Zagrebu, odr\u017eati\u00a0prof. emerit. dr. art. Nenad Fabijani\u0107,\u00a0\u010dlan suradnik HAZU. Predavanje \u201ePo Poljudu\u201c (Projekt obnove)\u2026","rel":"","context":"U &quot;Novosti&quot;","block_context":{"text":"Novosti","link":"https:\/\/historiografija.hr\/?cat=3"},"img":{"alt_text":"","src":"https:\/\/i0.wp.com\/historiografija.hr\/wp-content\/uploads\/2026\/04\/Poljud-scaled.jpeg?fit=1200%2C800&ssl=1&resize=350%2C200","width":350,"height":200,"srcset":"https:\/\/i0.wp.com\/historiografija.hr\/wp-content\/uploads\/2026\/04\/Poljud-scaled.jpeg?fit=1200%2C800&ssl=1&resize=350%2C200 1x, https:\/\/i0.wp.com\/historiografija.hr\/wp-content\/uploads\/2026\/04\/Poljud-scaled.jpeg?fit=1200%2C800&ssl=1&resize=525%2C300 1.5x, https:\/\/i0.wp.com\/historiografija.hr\/wp-content\/uploads\/2026\/04\/Poljud-scaled.jpeg?fit=1200%2C800&ssl=1&resize=700%2C400 2x, https:\/\/i0.wp.com\/historiografija.hr\/wp-content\/uploads\/2026\/04\/Poljud-scaled.jpeg?fit=1200%2C800&ssl=1&resize=1050%2C600 3x"},"classes":[]},{"id":52666,"url":"https:\/\/historiografija.hr\/?p=52666","url_meta":{"origin":10279,"position":3},"title":"Najava programa Festivala povijesti Kliofest (5-8. V. 2026)","author":"Branimir Jankovi\u0107","date":"24. travnja 2026.","format":false,"excerpt":"Po trinaesti put odr\u017eava se Festival povijesti Kliofest! Do petka \u0107emo odr\u017eati osam okruglih stolova i dva kolokvija te niz predstavljanja knjiga i projekata razli\u010dite tematike, od antike do suvremenosti. Bit \u0107e predstavljeno i nekoliko izlo\u017ebi te odr\u017ean jedan povijesni kviz. Prikazat \u0107emo i jedan film \u2013 o generalu Boroevi\u0107u.\u2026","rel":"","context":"U &quot;Novosti&quot;","block_context":{"text":"Novosti","link":"https:\/\/historiografija.hr\/?cat=3"},"img":{"alt_text":"","src":"https:\/\/i0.wp.com\/historiografija.hr\/wp-content\/uploads\/2026\/04\/Kliofest-2026.jpg?fit=526%2C526&ssl=1&resize=350%2C200","width":350,"height":200,"srcset":"https:\/\/i0.wp.com\/historiografija.hr\/wp-content\/uploads\/2026\/04\/Kliofest-2026.jpg?fit=526%2C526&ssl=1&resize=350%2C200 1x, https:\/\/i0.wp.com\/historiografija.hr\/wp-content\/uploads\/2026\/04\/Kliofest-2026.jpg?fit=526%2C526&ssl=1&resize=525%2C300 1.5x"},"classes":[]},{"id":52559,"url":"https:\/\/historiografija.hr\/?p=52559","url_meta":{"origin":10279,"position":4},"title":"Dobitnici dr\u017eavne nagrade za znanost za 2024. godinu","author":"Branimir Jankovi\u0107","date":"20. travnja 2026.","format":false,"excerpt":"Na sjednici Odbora za podjelu dr\u017eavnih nagrada za znanost odr\u017eanoj 16. travnja 2026. godine donesena je Odluka o dodjeli dr\u017eavnih nagrada za znanost za 2024. godinu. Godi\u0161njom nagradom za popularizaciju i promid\u017ebu znanosti nagra\u0111eni su u podru\u010dju humanisti\u010dkih znanosti znanstveni suradnici dr. sc. Josip Mihaljevi\u0107 i dr. sc. Gordan Ravan\u010di\u0107,\u2026","rel":"","context":"U &quot;Novosti&quot;","block_context":{"text":"Novosti","link":"https:\/\/historiografija.hr\/?cat=3"},"img":{"alt_text":"","src":"https:\/\/i0.wp.com\/historiografija.hr\/wp-content\/uploads\/2021\/12\/povijesne-kontroverze.jpg?fit=1200%2C675&ssl=1&resize=350%2C200","width":350,"height":200,"srcset":"https:\/\/i0.wp.com\/historiografija.hr\/wp-content\/uploads\/2021\/12\/povijesne-kontroverze.jpg?fit=1200%2C675&ssl=1&resize=350%2C200 1x, https:\/\/i0.wp.com\/historiografija.hr\/wp-content\/uploads\/2021\/12\/povijesne-kontroverze.jpg?fit=1200%2C675&ssl=1&resize=525%2C300 1.5x, https:\/\/i0.wp.com\/historiografija.hr\/wp-content\/uploads\/2021\/12\/povijesne-kontroverze.jpg?fit=1200%2C675&ssl=1&resize=700%2C400 2x, https:\/\/i0.wp.com\/historiografija.hr\/wp-content\/uploads\/2021\/12\/povijesne-kontroverze.jpg?fit=1200%2C675&ssl=1&resize=1050%2C600 3x"},"classes":[]},{"id":52573,"url":"https:\/\/historiografija.hr\/?p=52573","url_meta":{"origin":10279,"position":5},"title":"Znanstvena konferencija &#8220;Filozofija odgoja: povijest, praksa, perspektive&#8221;","author":"Branimir Jankovi\u0107","date":"21. travnja 2026.","format":false,"excerpt":"Znanstvena konferencija \"Filozofija odgoja: povijest, praksa, perspektive\" odr\u017eat \u0107e se 23. i 24. travnja 2026. u Konferencijskoj dvorani Knji\u017enice Filozofskog fakulteta u Zagrebu (2. kat).\u00a0Konferencija je organizirana u okviru projekta\u00a0SUMKOS (voditeljica prof. dr. sc. Ivana Zagorac, financiran\u00a0sredstvima NextGenerationEU), uz potporu Odsjeka za filozofiju.\u00a0 Uz izlaga\u010dki dio, konferencija obuhva\u0107a i izlo\u017ebu\u2026","rel":"","context":"U &quot;Novosti&quot;","block_context":{"text":"Novosti","link":"https:\/\/historiografija.hr\/?cat=3"},"img":{"alt_text":"","src":"","width":0,"height":0},"classes":[]}],"_links":{"self":[{"href":"https:\/\/historiografija.hr\/index.php?rest_route=\/wp\/v2\/posts\/10279","targetHints":{"allow":["GET"]}}],"collection":[{"href":"https:\/\/historiografija.hr\/index.php?rest_route=\/wp\/v2\/posts"}],"about":[{"href":"https:\/\/historiografija.hr\/index.php?rest_route=\/wp\/v2\/types\/post"}],"author":[{"embeddable":true,"href":"https:\/\/historiografija.hr\/index.php?rest_route=\/wp\/v2\/users\/2"}],"replies":[{"embeddable":true,"href":"https:\/\/historiografija.hr\/index.php?rest_route=%2Fwp%2Fv2%2Fcomments&post=10279"}],"version-history":[{"count":1,"href":"https:\/\/historiografija.hr\/index.php?rest_route=\/wp\/v2\/posts\/10279\/revisions"}],"predecessor-version":[{"id":10281,"href":"https:\/\/historiografija.hr\/index.php?rest_route=\/wp\/v2\/posts\/10279\/revisions\/10281"}],"wp:featuredmedia":[{"embeddable":true,"href":"https:\/\/historiografija.hr\/index.php?rest_route=\/wp\/v2\/media\/10280"}],"wp:attachment":[{"href":"https:\/\/historiografija.hr\/index.php?rest_route=%2Fwp%2Fv2%2Fmedia&parent=10279"}],"wp:term":[{"taxonomy":"category","embeddable":true,"href":"https:\/\/historiografija.hr\/index.php?rest_route=%2Fwp%2Fv2%2Fcategories&post=10279"},{"taxonomy":"post_tag","embeddable":true,"href":"https:\/\/historiografija.hr\/index.php?rest_route=%2Fwp%2Fv2%2Ftags&post=10279"}],"curies":[{"name":"wp","href":"https:\/\/api.w.org\/{rel}","templated":true}]}}